{"id":6560,"date":"2024-09-29T23:22:29","date_gmt":"2024-09-29T22:22:29","guid":{"rendered":"https:\/\/universnews224.com\/?p=6560"},"modified":"2024-09-29T23:22:29","modified_gmt":"2024-09-29T22:22:29","slug":"bah-a-la-tribune-des-nations-uniesaujourdhui-la-republique-de-guinee-est-engagee-dans-un-ambitieux-processus-de-profonde-refondation-de-letat","status":"publish","type":"post","link":"https:\/\/universnews224.com\/index.php\/bah-a-la-tribune-des-nations-uniesaujourdhui-la-republique-de-guinee-est-engagee-dans-un-ambitieux-processus-de-profonde-refondation-de-letat\/","title":{"rendered":"Bah \u00e0 la tribune des Nations Unies:\u201dAujourd\u2019hui, la R\u00e9publique de Guin\u00e9e est engag\u00e9e dans un ambitieux processus de profonde refondation de l\u2019\u00c9tat\u201d  \u00a0"},"content":{"rendered":"<p id=\"docs-internal-guid-7ab3abee-7fff-6f1a-b723-bf3b3d71587f\" dir=\"ltr\" style=\"line-height: 1.38;margin-top: 0.0pt;margin-bottom: 0.0pt\">\n<p dir=\"ltr\" style=\"line-height: 1.38;margin-top: 0.0pt;margin-bottom: 0.0pt\"><span style=\"font-size: 11pt;font-family: Arial, sans-serif;color: #000000;background-color: transparent;vertical-align: baseline\">Le Premier ministre guin\u00e9en a pris la parole ce samedi 28 septembre 2024, \u00e0 la tribune des Nations Unies, \u00e0 New York.\u00a0<\/span><\/p>\n<p dir=\"ltr\">\n<p dir=\"ltr\" style=\"line-height: 1.38;margin-top: 0.0pt;margin-bottom: 0.0pt\"><span style=\"font-size: 11pt;font-family: Arial, sans-serif;color: #000000;background-color: transparent;vertical-align: baseline\">Bah Oury qui repr\u00e9sentait la Guin\u00e9e \u00e0 la 79\u00e8me session de l&rsquo;Assembl\u00e9e g\u00e9n\u00e9rale des Nations Unies a d\u00e9clar\u00e9 devant les dirigeants du monde que la R\u00e9publique de Guin\u00e9e est engag\u00e9e dans un ambitieux processus de profonde refondation de l\u2019\u00c9tat Sous l\u2019impulsion du Comit\u00e9 National du Rassemblement pour le D\u00e9veloppement (CNRD) et du Pr\u00e9sident de la R\u00e9publique, Son Excellence le G\u00e9n\u00e9ral de Corps d\u2019Arm\u00e9e Mamadi Doumbouya.<\/span><\/p>\n<p>&nbsp;<\/p>\n<p dir=\"ltr\" style=\"line-height: 1.38;margin-top: 0.0pt;margin-bottom: 0.0pt\"><span style=\"font-size: 11pt;font-family: Arial, sans-serif;color: #000000;background-color: transparent;vertical-align: baseline\">\u201cNous avons choisi de tourner la page de l\u2019instabilit\u00e9 pour \u00e9crire une nouvelle histoire. Celle d\u2019une nation r\u00e9siliente qui se r\u00e9invente pour offrir \u00e0 son peuple une vie digne, libre et prosp\u00e8re\u201d<\/span><\/p>\n<p>&nbsp;<\/p>\n<p dir=\"ltr\" style=\"line-height: 1.38;margin-top: 0.0pt;margin-bottom: 0.0pt\"><span style=\"font-size: 11pt;font-family: Arial, sans-serif;color: #000000;background-color: transparent;vertical-align: baseline\">\u00a0<\/span><\/p>\n<p>&nbsp;<\/p>\n<p dir=\"ltr\" style=\"line-height: 1.38;margin-top: 0.0pt;margin-bottom: 0.0pt\"><span style=\"font-size: 11pt;font-family: Arial, sans-serif;color: #000000;background-color: transparent;vertical-align: baseline\">Pour le locataire du palais de la colombe, la Guin\u00e9e aspire \u00e0 devenir un mod\u00e8le de r\u00e9silience et de renouveau en Afrique, prouvant que m\u00eame face \u00e0 l\u2019adversit\u00e9, une transformation positive est possible.\u00a0<\/span><\/p>\n<p>&nbsp;<\/p>\n<p dir=\"ltr\" style=\"line-height: 1.38;margin-top: 0.0pt;margin-bottom: 0.0pt\"><span style=\"font-size: 11pt;font-family: Arial, sans-serif;color: #000000;background-color: transparent;vertical-align: baseline\">L\u2019exemple le plus \u00e9loquent de notre engagement envers la justice et la lutte contre l\u2019impunit\u00e9 poursuit le chef du gouvernement guin\u00e9en\u00abest le proc\u00e8s historique des \u00e9v\u00e9nements tragiques du 28 septembre 2009\u00bb.\u00a0<\/span><\/p>\n<p>&nbsp;<\/p>\n<p dir=\"ltr\" style=\"line-height: 1.38;margin-top: 0.0pt;margin-bottom: 0.0pt\"><span style=\"font-size: 11pt;font-family: Arial, sans-serif;color: #000000;background-color: transparent;vertical-align: baseline\">\u201cPour la premi\u00e8re fois dans l\u2019histoire de notre nation, les responsables de cette trag\u00e9die ont \u00e9t\u00e9 traduits en justice devant un tribunal national, marquant ainsi un tournant d\u00e9cisif dans notre combat contre l\u2019impunit\u00e9. Ce proc\u00e8s, devenu une r\u00e9f\u00e9rence mondiale, est un exemple pour l\u2019Afrique. Il t\u00e9moigne de notre volont\u00e9 de refonder notre soci\u00e9t\u00e9 sur des bases solides de justice, de v\u00e9rit\u00e9 et de r\u00e9conciliation, tout en inspirant d\u2019autres nations \u00e0 suivre la m\u00eame voie de responsabilit\u00e9 et de transparence\u201d, a d\u00e9clar\u00e9.<\/span><\/p>\n<p>&nbsp;<\/p>\n","protected":false},"excerpt":{"rendered":"<p>Le Premier ministre guin\u00e9en a pris la parole ce samedi 28 septembre 2024, \u00e0 la<\/p>\n","protected":false},"author":2,"featured_media":6561,"comment_status":"closed","ping_status":"open","sticky":false,"template":"","format":"standard","meta":[],"categories":[3,5],"tags":[237],"yoast_head":"<!-- This site is optimized with the Yoast SEO plugin v19.13 - https:\/\/yoast.com\/wordpress\/plugins\/seo\/ -->\n<title>Bah \u00e0 la tribune des Nations Unies:\u201dAujourd\u2019hui, la R\u00e9publique de Guin\u00e9e est engag\u00e9e dans un ambitieux processus de profonde refondation de l\u2019\u00c9tat\u201d \u00a0 - UNIVERSNEWS224<\/title>\n<meta name=\"robots\" content=\"index, follow, max-snippet:-1, max-image-preview:large, max-video-preview:-1\" \/>\n<link rel=\"canonical\" href=\"https:\/\/universnews224.com\/index.php\/bah-a-la-tribune-des-nations-uniesaujourdhui-la-republique-de-guinee-est-engagee-dans-un-ambitieux-processus-de-profonde-refondation-de-letat\/\" \/>\n<meta property=\"og:locale\" content=\"fr_FR\" \/>\n<meta property=\"og:type\" content=\"article\" \/>\n<meta property=\"og:title\" content=\"Bah \u00e0 la tribune des Nations Unies:\u201dAujourd\u2019hui, la R\u00e9publique de Guin\u00e9e est engag\u00e9e dans un ambitieux processus de profonde refondation de l\u2019\u00c9tat\u201d \u00a0 - UNIVERSNEWS224\" \/>\n<meta property=\"og:description\" content=\"Le Premier ministre guin\u00e9en a pris la parole ce samedi 28 septembre 2024, \u00e0 la\" \/>\n<meta property=\"og:url\" content=\"https:\/\/universnews224.com\/index.php\/bah-a-la-tribune-des-nations-uniesaujourdhui-la-republique-de-guinee-est-engagee-dans-un-ambitieux-processus-de-profonde-refondation-de-letat\/\" \/>\n<meta property=\"og:site_name\" content=\"UNIVERSNEWS224\" \/>\n<meta property=\"article:published_time\" content=\"2024-09-29T22:22:29+00:00\" \/>\n<meta property=\"og:image\" content=\"https:\/\/universnews224.com\/wp-content\/uploads\/2024\/09\/Bah-Oury-Premier-ministre-guineen-1.jpg\" \/>\n\t<meta property=\"og:image:width\" content=\"685\" \/>\n\t<meta property=\"og:image:height\" content=\"358\" \/>\n\t<meta property=\"og:image:type\" content=\"image\/jpeg\" \/>\n<meta name=\"author\" content=\"La R\u00e9daction\" \/>\n<meta name=\"twitter:label1\" content=\"\u00c9crit par\" \/>\n\t<meta name=\"twitter:data1\" content=\"La R\u00e9daction\" \/>\n\t<meta name=\"twitter:label2\" content=\"Dur\u00e9e de lecture estim\u00e9e\" \/>\n\t<meta name=\"twitter:data2\" content=\"2 minutes\" \/>\n<script type=\"application\/ld+json\" class=\"yoast-schema-graph\">{\"@context\":\"https:\/\/schema.org\",\"@graph\":[{\"@type\":\"Article\",\"@id\":\"https:\/\/universnews224.com\/index.php\/bah-a-la-tribune-des-nations-uniesaujourdhui-la-republique-de-guinee-est-engagee-dans-un-ambitieux-processus-de-profonde-refondation-de-letat\/#article\",\"isPartOf\":{\"@id\":\"https:\/\/universnews224.com\/index.php\/bah-a-la-tribune-des-nations-uniesaujourdhui-la-republique-de-guinee-est-engagee-dans-un-ambitieux-processus-de-profonde-refondation-de-letat\/\"},\"author\":{\"name\":\"La R\u00e9daction\",\"@id\":\"https:\/\/universnews224.com\/#\/schema\/person\/a4b7d4f94a4716df60456a491260485e\"},\"headline\":\"Bah \u00e0 la tribune des Nations Unies:\u201dAujourd\u2019hui, la R\u00e9publique de Guin\u00e9e est engag\u00e9e dans un ambitieux processus de profonde refondation de l\u2019\u00c9tat\u201d \u00a0\",\"datePublished\":\"2024-09-29T22:22:29+00:00\",\"dateModified\":\"2024-09-29T22:22:29+00:00\",\"mainEntityOfPage\":{\"@id\":\"https:\/\/universnews224.com\/index.php\/bah-a-la-tribune-des-nations-uniesaujourdhui-la-republique-de-guinee-est-engagee-dans-un-ambitieux-processus-de-profonde-refondation-de-letat\/\"},\"wordCount\":337,\"publisher\":{\"@id\":\"https:\/\/universnews224.com\/#organization\"},\"keywords\":[\"A la une\"],\"articleSection\":[\"ACTU\",\"SOCI\u00c9T\u00c9\"],\"inLanguage\":\"fr-FR\"},{\"@type\":\"WebPage\",\"@id\":\"https:\/\/universnews224.com\/index.php\/bah-a-la-tribune-des-nations-uniesaujourdhui-la-republique-de-guinee-est-engagee-dans-un-ambitieux-processus-de-profonde-refondation-de-letat\/\",\"url\":\"https:\/\/universnews224.com\/index.php\/bah-a-la-tribune-des-nations-uniesaujourdhui-la-republique-de-guinee-est-engagee-dans-un-ambitieux-processus-de-profonde-refondation-de-letat\/\",\"name\":\"Bah \u00e0 la tribune des Nations Unies:\u201dAujourd\u2019hui, la R\u00e9publique de Guin\u00e9e est engag\u00e9e dans un ambitieux processus de profonde refondation de l\u2019\u00c9tat\u201d \u00a0 - UNIVERSNEWS224\",\"isPartOf\":{\"@id\":\"https:\/\/universnews224.com\/#website\"},\"datePublished\":\"2024-09-29T22:22:29+00:00\",\"dateModified\":\"2024-09-29T22:22:29+00:00\",\"inLanguage\":\"fr-FR\",\"potentialAction\":[{\"@type\":\"ReadAction\",\"target\":[\"https:\/\/universnews224.com\/index.php\/bah-a-la-tribune-des-nations-uniesaujourdhui-la-republique-de-guinee-est-engagee-dans-un-ambitieux-processus-de-profonde-refondation-de-letat\/\"]}]},{\"@type\":\"WebSite\",\"@id\":\"https:\/\/universnews224.com\/#website\",\"url\":\"https:\/\/universnews224.com\/\",\"name\":\"UNIVERSNEWS224\",\"description\":\"\",\"publisher\":{\"@id\":\"https:\/\/universnews224.com\/#organization\"},\"potentialAction\":[{\"@type\":\"SearchAction\",\"target\":{\"@type\":\"EntryPoint\",\"urlTemplate\":\"https:\/\/universnews224.com\/?s={search_term_string}\"},\"query-input\":\"required name=search_term_string\"}],\"inLanguage\":\"fr-FR\"},{\"@type\":\"Organization\",\"@id\":\"https:\/\/universnews224.com\/#organization\",\"name\":\"UNIVERSNEWS224\",\"url\":\"https:\/\/universnews224.com\/\",\"logo\":{\"@type\":\"ImageObject\",\"inLanguage\":\"fr-FR\",\"@id\":\"https:\/\/universnews224.com\/#\/schema\/logo\/image\/\",\"url\":\"https:\/\/universnews224.com\/wp-content\/uploads\/2022\/08\/cropped-cropped-logoban.jpg\",\"contentUrl\":\"https:\/\/universnews224.com\/wp-content\/uploads\/2022\/08\/cropped-cropped-logoban.jpg\",\"width\":1080,\"height\":138,\"caption\":\"UNIVERSNEWS224\"},\"image\":{\"@id\":\"https:\/\/universnews224.com\/#\/schema\/logo\/image\/\"}},{\"@type\":\"Person\",\"@id\":\"https:\/\/universnews224.com\/#\/schema\/person\/a4b7d4f94a4716df60456a491260485e\",\"name\":\"La R\u00e9daction\",\"image\":{\"@type\":\"ImageObject\",\"inLanguage\":\"fr-FR\",\"@id\":\"https:\/\/universnews224.com\/#\/schema\/person\/image\/\",\"url\":\"https:\/\/secure.gravatar.com\/avatar\/edb90acc7752b23e1b3307ad36c14f0d?s=96&d=mm&r=g\",\"contentUrl\":\"https:\/\/secure.gravatar.com\/avatar\/edb90acc7752b23e1b3307ad36c14f0d?s=96&d=mm&r=g\",\"caption\":\"La R\u00e9daction\"},\"sameAs\":[\"https:\/\/universnews224.com\"],\"url\":\"https:\/\/universnews224.com\/index.php\/author\/m-camara\/\"}]}<\/script>\n<!-- \/ Yoast SEO plugin. -->","yoast_head_json":{"title":"Bah \u00e0 la tribune des Nations Unies:\u201dAujourd\u2019hui, la R\u00e9publique de Guin\u00e9e est engag\u00e9e dans un ambitieux processus de profonde refondation de l\u2019\u00c9tat\u201d \u00a0 - UNIVERSNEWS224","robots":{"index":"index","follow":"follow","max-snippet":"max-snippet:-1","max-image-preview":"max-image-preview:large","max-video-preview":"max-video-preview:-1"},"canonical":"https:\/\/universnews224.com\/index.php\/bah-a-la-tribune-des-nations-uniesaujourdhui-la-republique-de-guinee-est-engagee-dans-un-ambitieux-processus-de-profonde-refondation-de-letat\/","og_locale":"fr_FR","og_type":"article","og_title":"Bah \u00e0 la tribune des Nations Unies:\u201dAujourd\u2019hui, la R\u00e9publique de Guin\u00e9e est engag\u00e9e dans un ambitieux processus de profonde refondation de l\u2019\u00c9tat\u201d \u00a0 - UNIVERSNEWS224","og_description":"Le Premier ministre guin\u00e9en a pris la parole ce samedi 28 septembre 2024, \u00e0 la","og_url":"https:\/\/universnews224.com\/index.php\/bah-a-la-tribune-des-nations-uniesaujourdhui-la-republique-de-guinee-est-engagee-dans-un-ambitieux-processus-de-profonde-refondation-de-letat\/","og_site_name":"UNIVERSNEWS224","article_published_time":"2024-09-29T22:22:29+00:00","og_image":[{"width":685,"height":358,"url":"https:\/\/universnews224.com\/wp-content\/uploads\/2024\/09\/Bah-Oury-Premier-ministre-guineen-1.jpg","type":"image\/jpeg"}],"author":"La R\u00e9daction","twitter_misc":{"\u00c9crit par":"La R\u00e9daction","Dur\u00e9e de lecture estim\u00e9e":"2 minutes"},"schema":{"@context":"https:\/\/schema.org","@graph":[{"@type":"Article","@id":"https:\/\/universnews224.com\/index.php\/bah-a-la-tribune-des-nations-uniesaujourdhui-la-republique-de-guinee-est-engagee-dans-un-ambitieux-processus-de-profonde-refondation-de-letat\/#article","isPartOf":{"@id":"https:\/\/universnews224.com\/index.php\/bah-a-la-tribune-des-nations-uniesaujourdhui-la-republique-de-guinee-est-engagee-dans-un-ambitieux-processus-de-profonde-refondation-de-letat\/"},"author":{"name":"La R\u00e9daction","@id":"https:\/\/universnews224.com\/#\/schema\/person\/a4b7d4f94a4716df60456a491260485e"},"headline":"Bah \u00e0 la tribune des Nations Unies:\u201dAujourd\u2019hui, la R\u00e9publique de Guin\u00e9e est engag\u00e9e dans un ambitieux processus de profonde refondation de l\u2019\u00c9tat\u201d \u00a0","datePublished":"2024-09-29T22:22:29+00:00","dateModified":"2024-09-29T22:22:29+00:00","mainEntityOfPage":{"@id":"https:\/\/universnews224.com\/index.php\/bah-a-la-tribune-des-nations-uniesaujourdhui-la-republique-de-guinee-est-engagee-dans-un-ambitieux-processus-de-profonde-refondation-de-letat\/"},"wordCount":337,"publisher":{"@id":"https:\/\/universnews224.com\/#organization"},"keywords":["A la une"],"articleSection":["ACTU","SOCI\u00c9T\u00c9"],"inLanguage":"fr-FR"},{"@type":"WebPage","@id":"https:\/\/universnews224.com\/index.php\/bah-a-la-tribune-des-nations-uniesaujourdhui-la-republique-de-guinee-est-engagee-dans-un-ambitieux-processus-de-profonde-refondation-de-letat\/","url":"https:\/\/universnews224.com\/index.php\/bah-a-la-tribune-des-nations-uniesaujourdhui-la-republique-de-guinee-est-engagee-dans-un-ambitieux-processus-de-profonde-refondation-de-letat\/","name":"Bah \u00e0 la tribune des Nations Unies:\u201dAujourd\u2019hui, la R\u00e9publique de Guin\u00e9e est engag\u00e9e dans un ambitieux processus de profonde refondation de l\u2019\u00c9tat\u201d \u00a0 - UNIVERSNEWS224","isPartOf":{"@id":"https:\/\/universnews224.com\/#website"},"datePublished":"2024-09-29T22:22:29+00:00","dateModified":"2024-09-29T22:22:29+00:00","inLanguage":"fr-FR","potentialAction":[{"@type":"ReadAction","target":["https:\/\/universnews224.com\/index.php\/bah-a-la-tribune-des-nations-uniesaujourdhui-la-republique-de-guinee-est-engagee-dans-un-ambitieux-processus-de-profonde-refondation-de-letat\/"]}]},{"@type":"WebSite","@id":"https:\/\/universnews224.com\/#website","url":"https:\/\/universnews224.com\/","name":"UNIVERSNEWS224","description":"","publisher":{"@id":"https:\/\/universnews224.com\/#organization"},"potentialAction":[{"@type":"SearchAction","target":{"@type":"EntryPoint","urlTemplate":"https:\/\/universnews224.com\/?s={search_term_string}"},"query-input":"required name=search_term_string"}],"inLanguage":"fr-FR"},{"@type":"Organization","@id":"https:\/\/universnews224.com\/#organization","name":"UNIVERSNEWS224","url":"https:\/\/universnews224.com\/","logo":{"@type":"ImageObject","inLanguage":"fr-FR","@id":"https:\/\/universnews224.com\/#\/schema\/logo\/image\/","url":"https:\/\/universnews224.com\/wp-content\/uploads\/2022\/08\/cropped-cropped-logoban.jpg","contentUrl":"https:\/\/universnews224.com\/wp-content\/uploads\/2022\/08\/cropped-cropped-logoban.jpg","width":1080,"height":138,"caption":"UNIVERSNEWS224"},"image":{"@id":"https:\/\/universnews224.com\/#\/schema\/logo\/image\/"}},{"@type":"Person","@id":"https:\/\/universnews224.com\/#\/schema\/person\/a4b7d4f94a4716df60456a491260485e","name":"La R\u00e9daction","image":{"@type":"ImageObject","inLanguage":"fr-FR","@id":"https:\/\/universnews224.com\/#\/schema\/person\/image\/","url":"https:\/\/secure.gravatar.com\/avatar\/edb90acc7752b23e1b3307ad36c14f0d?s=96&d=mm&r=g","contentUrl":"https:\/\/secure.gravatar.com\/avatar\/edb90acc7752b23e1b3307ad36c14f0d?s=96&d=mm&r=g","caption":"La R\u00e9daction"},"sameAs":["https:\/\/universnews224.com"],"url":"https:\/\/universnews224.com\/index.php\/author\/m-camara\/"}]}},"_links":{"self":[{"href":"https:\/\/universnews224.com\/index.php\/wp-json\/wp\/v2\/posts\/6560"}],"collection":[{"href":"https:\/\/universnews224.com\/index.php\/wp-json\/wp\/v2\/posts"}],"about":[{"href":"https:\/\/universnews224.com\/index.php\/wp-json\/wp\/v2\/types\/post"}],"author":[{"embeddable":true,"href":"https:\/\/universnews224.com\/index.php\/wp-json\/wp\/v2\/users\/2"}],"replies":[{"embeddable":true,"href":"https:\/\/universnews224.com\/index.php\/wp-json\/wp\/v2\/comments?post=6560"}],"version-history":[{"count":1,"href":"https:\/\/universnews224.com\/index.php\/wp-json\/wp\/v2\/posts\/6560\/revisions"}],"predecessor-version":[{"id":6562,"href":"https:\/\/universnews224.com\/index.php\/wp-json\/wp\/v2\/posts\/6560\/revisions\/6562"}],"wp:featuredmedia":[{"embeddable":true,"href":"https:\/\/universnews224.com\/index.php\/wp-json\/wp\/v2\/media\/6561"}],"wp:attachment":[{"href":"https:\/\/universnews224.com\/index.php\/wp-json\/wp\/v2\/media?parent=6560"}],"wp:term":[{"taxonomy":"category","embeddable":true,"href":"https:\/\/universnews224.com\/index.php\/wp-json\/wp\/v2\/categories?post=6560"},{"taxonomy":"post_tag","embeddable":true,"href":"https:\/\/universnews224.com\/index.php\/wp-json\/wp\/v2\/tags?post=6560"}],"curies":[{"name":"wp","href":"https:\/\/api.w.org\/{rel}","templated":true}]}}