{"id":6568,"date":"2024-09-30T23:19:16","date_gmt":"2024-09-30T22:19:16","guid":{"rendered":"https:\/\/universnews224.com\/?p=6568"},"modified":"2024-09-30T23:29:50","modified_gmt":"2024-09-30T22:29:50","slug":"entretien-cellou-dalein-et-sidya-toure-une-nouvelle-pleniere-des-fvg-pour-definir-les-actions-et-les-strategies-a-mettre-en-oeuvre-pour-faire-face-a-la-situation","status":"publish","type":"post","link":"https:\/\/universnews224.com\/index.php\/entretien-cellou-dalein-et-sidya-toure-une-nouvelle-pleniere-des-fvg-pour-definir-les-actions-et-les-strategies-a-mettre-en-oeuvre-pour-faire-face-a-la-situation\/","title":{"rendered":"Entretien Cellou Dalein et Sidya Tour\u00e9 : une nouvelle pl\u00e9ni\u00e8re des FVG pour d\u00e9finir les actions et les strat\u00e9gies \u00e0 mettre en \u0153uvre pour faire face \u00e0 la situation."},"content":{"rendered":"<p style=\"margin: 0px 0px 17px;text-align: justify;color: #222222;font-family: 'Open Sans';background-color: #f3f3f3\">Absents de la Guin\u00e9e depuis plus de deux ans, Cellou Dalein Diallo et Sidya Tour\u00e9 se sont retrouv\u00e9s \u00e0 Abidjan, capitale de la C\u00f4te d\u2019Ivoire. Les deux leaders politiques ont \u00e9chang\u00e9 ce lundi au domicile du pr\u00e9sident de l\u2019UFR sur l\u2019actualit\u00e9 sociopolitique du pays.<\/p>\n<p style=\"margin: 0px 0px 17px;text-align: justify;color: #222222;font-family: 'Open Sans';background-color: #f3f3f3\">Le pr\u00e9sident de l\u2019union des forces d\u00e9mocratiques de Guin\u00e9e (UFDG) dit s\u2019\u00eatre entretenu avec Sidya Tour\u00e9 sur les derniers d\u00e9veloppements de l\u2019actualit\u00e9 dans le pays.<\/p>\n<p style=\"margin: 0px 0px 17px;text-align: justify;color: #222222;font-family: 'Open Sans';background-color: #f3f3f3\"><span style=\"font-family: Arial, 'Helvetica Neue', Helvetica, sans-serif\">Cellou Dalein Diallo souligne que : \u00ab Nous avons pass\u00e9 en revue les derniers d\u00e9veloppements survenus r\u00e9cemment en Guin\u00e9e, \u00e0 commencer par la situation pr\u00e9occupante de Fonik\u00e9 Mengu\u00e8 et de Billo Bah dont on est toujours sans nouvelles, la campagne pour la justification et la promotion de la candidature de Mamadi Doumbouya \u00e0 la prochaine pr\u00e9sidentielle, la pr\u00e9sentation du corps du Colonel P\u00e9p\u00e9 C\u00e9lestin Bilivogui \u00e0 son \u00e9pouse, et la mort en d\u00e9tention du Dr. Dioubat\u00e9, p\u00e9diatre \u00e0 l\u2019h\u00f4pital de Kankan, accus\u00e9 d\u2019avoir br\u00fbl\u00e9 l\u2019effigie du Pr\u00e9sident de la Transition \u00bb, a dit le pr\u00e9sident de l\u2019ANAD.<\/span><\/p>\n<p style=\"margin: 0px 0px 17px;text-align: justify;color: #222222;font-family: 'Open Sans';background-color: #f3f3f3\"><span style=\"font-family: Arial, 'Helvetica Neue', Helvetica, sans-serif\">Et Cellou Dalein Diallo d\u2019ajouter : \u00ab nous avons, en outre, d\u00e9plor\u00e9 la r\u00e9int\u00e9gration de la Guin\u00e9e \u00e0 l\u2019OIF dans ce contexte et sommes convenus de faire convoquer une pl\u00e9ni\u00e8re des Forces Vives de Guin\u00e9e (FVG) pour d\u00e9finir les actions et les strat\u00e9gies \u00e0 mettre en \u0153uvre pour faire face \u00e0 la situation \u00bb.<\/span><\/p>\n<p style=\"margin: 0px;text-align: justify;color: #222222;font-family: 'Open Sans';background-color: #f3f3f3\">M\u00e9diaGuinee<\/p>\n","protected":false},"excerpt":{"rendered":"<p>Absents de la Guin\u00e9e depuis plus de deux ans, Cellou Dalein Diallo et Sidya Tour\u00e9<\/p>\n","protected":false},"author":2,"featured_media":6573,"comment_status":"closed","ping_status":"open","sticky":false,"template":"","format":"standard","meta":[],"categories":[3,4],"tags":[237],"yoast_head":"<!-- This site is optimized with the Yoast SEO plugin v19.13 - https:\/\/yoast.com\/wordpress\/plugins\/seo\/ -->\n<title>Entretien Cellou Dalein et Sidya Tour\u00e9 : une nouvelle pl\u00e9ni\u00e8re des FVG pour d\u00e9finir les actions et les strat\u00e9gies \u00e0 mettre en \u0153uvre pour faire face \u00e0 la situation. - UNIVERSNEWS224<\/title>\n<meta name=\"robots\" content=\"index, follow, max-snippet:-1, max-image-preview:large, max-video-preview:-1\" \/>\n<link rel=\"canonical\" href=\"https:\/\/universnews224.com\/index.php\/entretien-cellou-dalein-et-sidya-toure-une-nouvelle-pleniere-des-fvg-pour-definir-les-actions-et-les-strategies-a-mettre-en-oeuvre-pour-faire-face-a-la-situation\/\" \/>\n<meta property=\"og:locale\" content=\"fr_FR\" \/>\n<meta property=\"og:type\" content=\"article\" \/>\n<meta property=\"og:title\" content=\"Entretien Cellou Dalein et Sidya Tour\u00e9 : une nouvelle pl\u00e9ni\u00e8re des FVG pour d\u00e9finir les actions et les strat\u00e9gies \u00e0 mettre en \u0153uvre pour faire face \u00e0 la situation. - UNIVERSNEWS224\" \/>\n<meta property=\"og:description\" content=\"Absents de la Guin\u00e9e depuis plus de deux ans, Cellou Dalein Diallo et Sidya Tour\u00e9\" \/>\n<meta property=\"og:url\" content=\"https:\/\/universnews224.com\/index.php\/entretien-cellou-dalein-et-sidya-toure-une-nouvelle-pleniere-des-fvg-pour-definir-les-actions-et-les-strategies-a-mettre-en-oeuvre-pour-faire-face-a-la-situation\/\" \/>\n<meta property=\"og:site_name\" content=\"UNIVERSNEWS224\" \/>\n<meta property=\"article:published_time\" content=\"2024-09-30T22:19:16+00:00\" \/>\n<meta property=\"article:modified_time\" content=\"2024-09-30T22:29:50+00:00\" \/>\n<meta property=\"og:image\" content=\"https:\/\/universnews224.com\/wp-content\/uploads\/2024\/09\/FB_IMG_1727725776543.jpg\" \/>\n\t<meta property=\"og:image:width\" content=\"720\" \/>\n\t<meta property=\"og:image:height\" content=\"540\" \/>\n\t<meta property=\"og:image:type\" content=\"image\/jpeg\" \/>\n<meta name=\"author\" content=\"La R\u00e9daction\" \/>\n<meta name=\"twitter:label1\" content=\"\u00c9crit par\" \/>\n\t<meta name=\"twitter:data1\" content=\"La R\u00e9daction\" \/>\n\t<meta name=\"twitter:label2\" content=\"Dur\u00e9e de lecture estim\u00e9e\" \/>\n\t<meta name=\"twitter:data2\" content=\"2 minutes\" \/>\n<script type=\"application\/ld+json\" class=\"yoast-schema-graph\">{\"@context\":\"https:\/\/schema.org\",\"@graph\":[{\"@type\":\"Article\",\"@id\":\"https:\/\/universnews224.com\/index.php\/entretien-cellou-dalein-et-sidya-toure-une-nouvelle-pleniere-des-fvg-pour-definir-les-actions-et-les-strategies-a-mettre-en-oeuvre-pour-faire-face-a-la-situation\/#article\",\"isPartOf\":{\"@id\":\"https:\/\/universnews224.com\/index.php\/entretien-cellou-dalein-et-sidya-toure-une-nouvelle-pleniere-des-fvg-pour-definir-les-actions-et-les-strategies-a-mettre-en-oeuvre-pour-faire-face-a-la-situation\/\"},\"author\":{\"name\":\"La R\u00e9daction\",\"@id\":\"https:\/\/universnews224.com\/#\/schema\/person\/a4b7d4f94a4716df60456a491260485e\"},\"headline\":\"Entretien Cellou Dalein et Sidya Tour\u00e9 : une nouvelle pl\u00e9ni\u00e8re des FVG pour d\u00e9finir les actions et les strat\u00e9gies \u00e0 mettre en \u0153uvre pour faire face \u00e0 la situation.\",\"datePublished\":\"2024-09-30T22:19:16+00:00\",\"dateModified\":\"2024-09-30T22:29:50+00:00\",\"mainEntityOfPage\":{\"@id\":\"https:\/\/universnews224.com\/index.php\/entretien-cellou-dalein-et-sidya-toure-une-nouvelle-pleniere-des-fvg-pour-definir-les-actions-et-les-strategies-a-mettre-en-oeuvre-pour-faire-face-a-la-situation\/\"},\"wordCount\":281,\"publisher\":{\"@id\":\"https:\/\/universnews224.com\/#organization\"},\"keywords\":[\"A la une\"],\"articleSection\":[\"ACTU\",\"POLITIQUE\"],\"inLanguage\":\"fr-FR\"},{\"@type\":\"WebPage\",\"@id\":\"https:\/\/universnews224.com\/index.php\/entretien-cellou-dalein-et-sidya-toure-une-nouvelle-pleniere-des-fvg-pour-definir-les-actions-et-les-strategies-a-mettre-en-oeuvre-pour-faire-face-a-la-situation\/\",\"url\":\"https:\/\/universnews224.com\/index.php\/entretien-cellou-dalein-et-sidya-toure-une-nouvelle-pleniere-des-fvg-pour-definir-les-actions-et-les-strategies-a-mettre-en-oeuvre-pour-faire-face-a-la-situation\/\",\"name\":\"Entretien Cellou Dalein et Sidya Tour\u00e9 : une nouvelle pl\u00e9ni\u00e8re des FVG pour d\u00e9finir les actions et les strat\u00e9gies \u00e0 mettre en \u0153uvre pour faire face \u00e0 la situation. - UNIVERSNEWS224\",\"isPartOf\":{\"@id\":\"https:\/\/universnews224.com\/#website\"},\"datePublished\":\"2024-09-30T22:19:16+00:00\",\"dateModified\":\"2024-09-30T22:29:50+00:00\",\"inLanguage\":\"fr-FR\",\"potentialAction\":[{\"@type\":\"ReadAction\",\"target\":[\"https:\/\/universnews224.com\/index.php\/entretien-cellou-dalein-et-sidya-toure-une-nouvelle-pleniere-des-fvg-pour-definir-les-actions-et-les-strategies-a-mettre-en-oeuvre-pour-faire-face-a-la-situation\/\"]}]},{\"@type\":\"WebSite\",\"@id\":\"https:\/\/universnews224.com\/#website\",\"url\":\"https:\/\/universnews224.com\/\",\"name\":\"UNIVERSNEWS224\",\"description\":\"\",\"publisher\":{\"@id\":\"https:\/\/universnews224.com\/#organization\"},\"potentialAction\":[{\"@type\":\"SearchAction\",\"target\":{\"@type\":\"EntryPoint\",\"urlTemplate\":\"https:\/\/universnews224.com\/?s={search_term_string}\"},\"query-input\":\"required name=search_term_string\"}],\"inLanguage\":\"fr-FR\"},{\"@type\":\"Organization\",\"@id\":\"https:\/\/universnews224.com\/#organization\",\"name\":\"UNIVERSNEWS224\",\"url\":\"https:\/\/universnews224.com\/\",\"logo\":{\"@type\":\"ImageObject\",\"inLanguage\":\"fr-FR\",\"@id\":\"https:\/\/universnews224.com\/#\/schema\/logo\/image\/\",\"url\":\"https:\/\/universnews224.com\/wp-content\/uploads\/2022\/08\/cropped-cropped-logoban.jpg\",\"contentUrl\":\"https:\/\/universnews224.com\/wp-content\/uploads\/2022\/08\/cropped-cropped-logoban.jpg\",\"width\":1080,\"height\":138,\"caption\":\"UNIVERSNEWS224\"},\"image\":{\"@id\":\"https:\/\/universnews224.com\/#\/schema\/logo\/image\/\"}},{\"@type\":\"Person\",\"@id\":\"https:\/\/universnews224.com\/#\/schema\/person\/a4b7d4f94a4716df60456a491260485e\",\"name\":\"La R\u00e9daction\",\"image\":{\"@type\":\"ImageObject\",\"inLanguage\":\"fr-FR\",\"@id\":\"https:\/\/universnews224.com\/#\/schema\/person\/image\/\",\"url\":\"https:\/\/secure.gravatar.com\/avatar\/edb90acc7752b23e1b3307ad36c14f0d?s=96&d=mm&r=g\",\"contentUrl\":\"https:\/\/secure.gravatar.com\/avatar\/edb90acc7752b23e1b3307ad36c14f0d?s=96&d=mm&r=g\",\"caption\":\"La R\u00e9daction\"},\"sameAs\":[\"https:\/\/universnews224.com\"],\"url\":\"https:\/\/universnews224.com\/index.php\/author\/m-camara\/\"}]}<\/script>\n<!-- \/ Yoast SEO plugin. -->","yoast_head_json":{"title":"Entretien Cellou Dalein et Sidya Tour\u00e9 : une nouvelle pl\u00e9ni\u00e8re des FVG pour d\u00e9finir les actions et les strat\u00e9gies \u00e0 mettre en \u0153uvre pour faire face \u00e0 la situation. - UNIVERSNEWS224","robots":{"index":"index","follow":"follow","max-snippet":"max-snippet:-1","max-image-preview":"max-image-preview:large","max-video-preview":"max-video-preview:-1"},"canonical":"https:\/\/universnews224.com\/index.php\/entretien-cellou-dalein-et-sidya-toure-une-nouvelle-pleniere-des-fvg-pour-definir-les-actions-et-les-strategies-a-mettre-en-oeuvre-pour-faire-face-a-la-situation\/","og_locale":"fr_FR","og_type":"article","og_title":"Entretien Cellou Dalein et Sidya Tour\u00e9 : une nouvelle pl\u00e9ni\u00e8re des FVG pour d\u00e9finir les actions et les strat\u00e9gies \u00e0 mettre en \u0153uvre pour faire face \u00e0 la situation. - UNIVERSNEWS224","og_description":"Absents de la Guin\u00e9e depuis plus de deux ans, Cellou Dalein Diallo et Sidya Tour\u00e9","og_url":"https:\/\/universnews224.com\/index.php\/entretien-cellou-dalein-et-sidya-toure-une-nouvelle-pleniere-des-fvg-pour-definir-les-actions-et-les-strategies-a-mettre-en-oeuvre-pour-faire-face-a-la-situation\/","og_site_name":"UNIVERSNEWS224","article_published_time":"2024-09-30T22:19:16+00:00","article_modified_time":"2024-09-30T22:29:50+00:00","og_image":[{"width":720,"height":540,"url":"https:\/\/universnews224.com\/wp-content\/uploads\/2024\/09\/FB_IMG_1727725776543.jpg","type":"image\/jpeg"}],"author":"La R\u00e9daction","twitter_misc":{"\u00c9crit par":"La R\u00e9daction","Dur\u00e9e de lecture estim\u00e9e":"2 minutes"},"schema":{"@context":"https:\/\/schema.org","@graph":[{"@type":"Article","@id":"https:\/\/universnews224.com\/index.php\/entretien-cellou-dalein-et-sidya-toure-une-nouvelle-pleniere-des-fvg-pour-definir-les-actions-et-les-strategies-a-mettre-en-oeuvre-pour-faire-face-a-la-situation\/#article","isPartOf":{"@id":"https:\/\/universnews224.com\/index.php\/entretien-cellou-dalein-et-sidya-toure-une-nouvelle-pleniere-des-fvg-pour-definir-les-actions-et-les-strategies-a-mettre-en-oeuvre-pour-faire-face-a-la-situation\/"},"author":{"name":"La R\u00e9daction","@id":"https:\/\/universnews224.com\/#\/schema\/person\/a4b7d4f94a4716df60456a491260485e"},"headline":"Entretien Cellou Dalein et Sidya Tour\u00e9 : une nouvelle pl\u00e9ni\u00e8re des FVG pour d\u00e9finir les actions et les strat\u00e9gies \u00e0 mettre en \u0153uvre pour faire face \u00e0 la situation.","datePublished":"2024-09-30T22:19:16+00:00","dateModified":"2024-09-30T22:29:50+00:00","mainEntityOfPage":{"@id":"https:\/\/universnews224.com\/index.php\/entretien-cellou-dalein-et-sidya-toure-une-nouvelle-pleniere-des-fvg-pour-definir-les-actions-et-les-strategies-a-mettre-en-oeuvre-pour-faire-face-a-la-situation\/"},"wordCount":281,"publisher":{"@id":"https:\/\/universnews224.com\/#organization"},"keywords":["A la une"],"articleSection":["ACTU","POLITIQUE"],"inLanguage":"fr-FR"},{"@type":"WebPage","@id":"https:\/\/universnews224.com\/index.php\/entretien-cellou-dalein-et-sidya-toure-une-nouvelle-pleniere-des-fvg-pour-definir-les-actions-et-les-strategies-a-mettre-en-oeuvre-pour-faire-face-a-la-situation\/","url":"https:\/\/universnews224.com\/index.php\/entretien-cellou-dalein-et-sidya-toure-une-nouvelle-pleniere-des-fvg-pour-definir-les-actions-et-les-strategies-a-mettre-en-oeuvre-pour-faire-face-a-la-situation\/","name":"Entretien Cellou Dalein et Sidya Tour\u00e9 : une nouvelle pl\u00e9ni\u00e8re des FVG pour d\u00e9finir les actions et les strat\u00e9gies \u00e0 mettre en \u0153uvre pour faire face \u00e0 la situation. - UNIVERSNEWS224","isPartOf":{"@id":"https:\/\/universnews224.com\/#website"},"datePublished":"2024-09-30T22:19:16+00:00","dateModified":"2024-09-30T22:29:50+00:00","inLanguage":"fr-FR","potentialAction":[{"@type":"ReadAction","target":["https:\/\/universnews224.com\/index.php\/entretien-cellou-dalein-et-sidya-toure-une-nouvelle-pleniere-des-fvg-pour-definir-les-actions-et-les-strategies-a-mettre-en-oeuvre-pour-faire-face-a-la-situation\/"]}]},{"@type":"WebSite","@id":"https:\/\/universnews224.com\/#website","url":"https:\/\/universnews224.com\/","name":"UNIVERSNEWS224","description":"","publisher":{"@id":"https:\/\/universnews224.com\/#organization"},"potentialAction":[{"@type":"SearchAction","target":{"@type":"EntryPoint","urlTemplate":"https:\/\/universnews224.com\/?s={search_term_string}"},"query-input":"required name=search_term_string"}],"inLanguage":"fr-FR"},{"@type":"Organization","@id":"https:\/\/universnews224.com\/#organization","name":"UNIVERSNEWS224","url":"https:\/\/universnews224.com\/","logo":{"@type":"ImageObject","inLanguage":"fr-FR","@id":"https:\/\/universnews224.com\/#\/schema\/logo\/image\/","url":"https:\/\/universnews224.com\/wp-content\/uploads\/2022\/08\/cropped-cropped-logoban.jpg","contentUrl":"https:\/\/universnews224.com\/wp-content\/uploads\/2022\/08\/cropped-cropped-logoban.jpg","width":1080,"height":138,"caption":"UNIVERSNEWS224"},"image":{"@id":"https:\/\/universnews224.com\/#\/schema\/logo\/image\/"}},{"@type":"Person","@id":"https:\/\/universnews224.com\/#\/schema\/person\/a4b7d4f94a4716df60456a491260485e","name":"La R\u00e9daction","image":{"@type":"ImageObject","inLanguage":"fr-FR","@id":"https:\/\/universnews224.com\/#\/schema\/person\/image\/","url":"https:\/\/secure.gravatar.com\/avatar\/edb90acc7752b23e1b3307ad36c14f0d?s=96&d=mm&r=g","contentUrl":"https:\/\/secure.gravatar.com\/avatar\/edb90acc7752b23e1b3307ad36c14f0d?s=96&d=mm&r=g","caption":"La R\u00e9daction"},"sameAs":["https:\/\/universnews224.com"],"url":"https:\/\/universnews224.com\/index.php\/author\/m-camara\/"}]}},"_links":{"self":[{"href":"https:\/\/universnews224.com\/index.php\/wp-json\/wp\/v2\/posts\/6568"}],"collection":[{"href":"https:\/\/universnews224.com\/index.php\/wp-json\/wp\/v2\/posts"}],"about":[{"href":"https:\/\/universnews224.com\/index.php\/wp-json\/wp\/v2\/types\/post"}],"author":[{"embeddable":true,"href":"https:\/\/universnews224.com\/index.php\/wp-json\/wp\/v2\/users\/2"}],"replies":[{"embeddable":true,"href":"https:\/\/universnews224.com\/index.php\/wp-json\/wp\/v2\/comments?post=6568"}],"version-history":[{"count":2,"href":"https:\/\/universnews224.com\/index.php\/wp-json\/wp\/v2\/posts\/6568\/revisions"}],"predecessor-version":[{"id":6574,"href":"https:\/\/universnews224.com\/index.php\/wp-json\/wp\/v2\/posts\/6568\/revisions\/6574"}],"wp:featuredmedia":[{"embeddable":true,"href":"https:\/\/universnews224.com\/index.php\/wp-json\/wp\/v2\/media\/6573"}],"wp:attachment":[{"href":"https:\/\/universnews224.com\/index.php\/wp-json\/wp\/v2\/media?parent=6568"}],"wp:term":[{"taxonomy":"category","embeddable":true,"href":"https:\/\/universnews224.com\/index.php\/wp-json\/wp\/v2\/categories?post=6568"},{"taxonomy":"post_tag","embeddable":true,"href":"https:\/\/universnews224.com\/index.php\/wp-json\/wp\/v2\/tags?post=6568"}],"curies":[{"name":"wp","href":"https:\/\/api.w.org\/{rel}","templated":true}]}}