{"id":6575,"date":"2024-09-30T23:48:24","date_gmt":"2024-09-30T22:48:24","guid":{"rendered":"https:\/\/universnews224.com\/?p=6575"},"modified":"2024-09-30T23:48:24","modified_gmt":"2024-09-30T22:48:24","slug":"eventuelle-candidature-de-doumbouya-cest-un-projet-qui-est-juridiquement-insoutenable-et-politiquement-rabaissant-pour-ses-promoteurs-abdoul-sacko","status":"publish","type":"post","link":"https:\/\/universnews224.com\/index.php\/eventuelle-candidature-de-doumbouya-cest-un-projet-qui-est-juridiquement-insoutenable-et-politiquement-rabaissant-pour-ses-promoteurs-abdoul-sacko\/","title":{"rendered":"\u00c9ventuelle candidature de Doumbouya : \u2018\u2019C\u2019est un projet qui est juridiquement insoutenable et politiquement rabaissant pour ses promoteurs\u2019\u2019 (Abdoul Sacko)"},"content":{"rendered":"<p style=\"margin: 0px 0px 1em;padding: 0px;border: 0px;line-height: inherit;font-family: 'Helvetica Neue', Helvetica, Roboto, Arial, sans-serif;vertical-align: baseline;text-align: justify\">Cette Tentative en cours de violation des engagements et de l\u2019esprit de la Charte(art.46, 55, 65 entre autres) de la transition, en plus de son caract\u00e8re ill\u00e9gal et amoral au sens africain de la dignit\u00e9, est une autre forme de culture des in\u00e9galit\u00e9s sociales et culturelles contre la stabilit\u00e9 du pays.<\/p>\n<p style=\"margin: 0px 0px 1em;padding: 0px;border: 0px;line-height: inherit;font-family: 'Helvetica Neue', Helvetica, Roboto, Arial, sans-serif;vertical-align: baseline;text-align: justify\">C\u2019est surtout une expression \u00e0 peine voil\u00e9e de l\u2019\u00e9chec lamentable de la transition dans ses promesses et espoirs de d\u00e9part qui ont suscit\u00e9 l\u2019adh\u00e9sion active ou passive des Guin\u00e9ens au Coup d\u2019Etat du 5 septembre 2021.<\/p>\n<p style=\"margin: 0px 0px 1em;padding: 0px;border: 0px;line-height: inherit;font-family: 'Helvetica Neue', Helvetica, Roboto, Arial, sans-serif;vertical-align: baseline;text-align: justify\">Elle (tentative de candidatures) se nourrit de la vuln\u00e9rabilit\u00e9 morale, professionnelle, financi\u00e8re et sociale de deux (2) groupes minoritaires de la population Guin\u00e9enne. En t\u00e9moigne la peur de laisser libre cours aux Guin\u00e9ens de manifester pacifiquement leurs d\u00e9saccords, au moment o\u00f9 l\u2019argent public, le sport et les artistes appauvris par le syst\u00e8me sont utilis\u00e9s avec l\u2019obligation faite aux fonctionnaires, agents temporaires et partenaires priv\u00e9s (entrepreneurs) de l\u2019Etat \u00e0 appuyer la mobilisation dans leurs r\u00e9gions, pr\u00e9fectures, sous pr\u00e9fectures et districts d\u2019origines en faveur dudit projet de candidatures, sans succ\u00e8s v\u00e9ritable.<\/p>\n<div class=\"jeg_ad jeg_ad_article jnews_content_inline_3_ads \" style=\"margin: 0px 0px 1.25em;padding: 0px;border: 0px;line-height: inherit;font-family: 'Helvetica Neue', Helvetica, Roboto, Arial, sans-serif;vertical-align: baseline;text-align: center\">\n<div class=\"ads-wrapper align-center \" style=\"margin: 1em 0px;padding: 0px;border: 0px;font: inherit;vertical-align: baseline\"><\/div>\n<\/div>\n<p style=\"margin: 0px 0px 1em;padding: 0px;border: 0px;line-height: inherit;font-family: 'Helvetica Neue', Helvetica, Roboto, Arial, sans-serif;vertical-align: baseline;text-align: justify\">A rappeler que ces groupes soumis \u00e0 cette malheureuse aventure de violations des engagements et des lois de la R\u00e9publique dont la Charte, sont, soit:<\/p>\n<p style=\"margin: 0px 0px 1em;padding: 0px;border: 0px;line-height: inherit;font-family: 'Helvetica Neue', Helvetica, Roboto, Arial, sans-serif;vertical-align: baseline;text-align: justify\">1. A la recherche d\u2019une protection judiciaire, sociale et politique, face aux d\u00e9g\u00e2ts qu\u2019ils s\u2019estiment avoir caus\u00e9 au terme d\u2019une gestion au rythme des app\u00e9tits et des int\u00e9r\u00eats personnels sans limites morales et sans support intellectuel. Parce qu\u2019ayant \u00e9t\u00e9 parfois port\u00e9s \u00e0 des responsabilit\u00e9s pour lesquelles ils n\u2019\u00e9taient pas qualifi\u00e9s. L\u2019on se rappelle de la fameuse phrase \u00ab \u2026IL N\u2019Y A PAS D\u2019\u00c9COLES D\u2019EXP\u00c9RIENCES\u2026 \u00bb<\/p>\n<p style=\"margin: 0px 0px 1em;padding: 0px;border: 0px;line-height: inherit;font-family: 'Helvetica Neue', Helvetica, Roboto, Arial, sans-serif;vertical-align: baseline;text-align: justify\">2. Qu\u2019ils avaient mis \u00e0 la bouche de l\u2019Officier en t\u00eate de la transition pour couvrir leurs choix subjectifs de partisans ou Hommes de mains aux postes de responsabilit\u00e9. Dans ce groupe, il faut le reconna\u00eetre, il y a aussi des Guin\u00e9ens int\u00e8gres et patriotes qui sont des prises d\u2019otages administratives et institutionnelles par des parvenus qui sont du genre, des poissons qui ne se d\u00e9veloppent que dans les aux troubles;<\/p>\n<p style=\"margin: 0px 0px 1em;padding: 0px;border: 0px;line-height: inherit;font-family: 'Helvetica Neue', Helvetica, Roboto, Arial, sans-serif;vertical-align: baseline;text-align: justify\">3. Les inspir\u00e9s (2\u00e8m groupe) par la rapidit\u00e9 d\u2019enrichissement illicite du premier, qui disent, qu\u2019il n\u2019y a pas meilleure opportunit\u00e9 d\u2019avoir leur part sans efforts, que de profiter de l\u2019instinct de maintien au pouvoir du nouveau syst\u00e8me de gestion par le pillage, malheureusement sans vertu d\u00e9mocratique ou soci\u00e9tale.<\/p>\n<p style=\"margin: 0px 0px 1em;padding: 0px;border: 0px;line-height: inherit;font-family: 'Helvetica Neue', Helvetica, Roboto, Arial, sans-serif;vertical-align: baseline;text-align: justify\">Cependant, tous, sont conscients que c\u2019est un projet qui est juridiquement insoutenable et politiquement rabaissant pour ses promoteurs. Il est humainement et \u00e9conomiquement inopportun pour le pays. Il est surtout, source de division communautaire et une menace r\u00e9elle pour la r\u00e9conciliation avec le pass\u00e9. Et, surtout il aurait \u00e9t\u00e9 le fait de tenter d\u2019accepter, avec plus d\u2019encadrement juridique et moral en terme d\u2019interdiction pour le G\u00e9n\u00e9ral Mamadi Doumbouya, ce qui a \u00e9t\u00e9 refus\u00e9 dans les m\u00eames circonstances pour le Capitaine Moussa Dadis Camara.<\/p>\n<p style=\"margin: 0px 0px 1em;padding: 0px;border: 0px;line-height: inherit;font-family: 'Helvetica Neue', Helvetica, Roboto, Arial, sans-serif;vertical-align: baseline;text-align: justify\">Ainsi, ce serait la solution annonc\u00e9e \u00e0 nos maux de coh\u00e9sion sociale et de libert\u00e9s, qui aurait \u00e9t\u00e9 la pire mani\u00e8re de mettre en \u00e9vidence une certaine mentalit\u00e9 des in\u00e9galit\u00e9s sociales et culturelles dans notre soci\u00e9t\u00e9 au troisi\u00e8me mill\u00e9naire. Alors, nous invitons \u00e0 la raison d\u2019Etat, la logique d\u00e9mocratique et l\u2019esprit patriotique pour la stabilit\u00e9 sociale, \u00e9conomique et politique du pays.<\/p>\n<p>&nbsp;<\/p>\n<p style=\"margin: 0px 0px 1em;padding: 0px;border: 0px;line-height: inherit;font-family: 'Helvetica Neue', Helvetica, Roboto, Arial, sans-serif;vertical-align: baseline;text-align: justify\">Et enfin, il faut rappeler aux lobbies de la place, aux puissances \u00e9trang\u00e8res et aux multinationales qui s\u2019estimeraient avoir trouver au CNRD, donc au G\u00e9n\u00e9ral Mamadi, l\u2019opportunit\u00e9 de d\u00e9velopper leur business ou de mieux s\u2019implanter en Guin\u00e9e, qu\u2019en soutenant ce projet contre l\u2019\u00e9thique, la responsabilit\u00e9 et la l\u2019\u00e9galit\u00e9\/l\u00e9gitimit\u00e9 d\u00e9mocratique, ils auraient commis leur faute du si\u00e8cle. Ils doivent savoir, dans leurs man\u0153uvres dilatoires, que ce pays est ce qu\u2019il est en terme de surprise et de rel\u00e8vement \u00e0 des moments o\u00f9 tout semble \u00eatre perdu.<\/p>\n<p style=\"margin: 0px 0px 1em;padding: 0px;border: 0px;line-height: inherit;font-family: 'Helvetica Neue', Helvetica, Roboto, Arial, sans-serif;vertical-align: baseline;text-align: justify\">Il aura forc\u00e9ment un sursaut national, pourquoi pas venant du G\u00e9n\u00e9ral lui m\u00eame per\u00e7u comme manipulable et ses fr\u00e8res d\u2019armes pour stopper les vell\u00e9it\u00e9s d\u2019enrichissement contre les int\u00e9r\u00eats du pays et de reniement des valeurs africaines fond\u00e9e sur l\u2019honneur et dignit\u00e9 par le respect de la parole donn\u00e9e et la culture de l\u2019int\u00e9r\u00eat g\u00e9n\u00e9ral.<\/p>\n<p style=\"margin: 0px 0px 1em;padding: 0px;border: 0px;line-height: inherit;font-family: 'Helvetica Neue', Helvetica, Roboto, Arial, sans-serif;vertical-align: baseline;text-align: justify\">Vivement un sursaut national par la raison d\u00e9mocratique et la responsabilit\u00e9 patriotique pour le r\u00e9tablissement des droits\/libert\u00e9s et l\u2019Ordre Constitutionnel.<\/p>\n<p style=\"margin: 0px 0px 1em;padding: 0px;border: 0px;line-height: inherit;font-family: 'Helvetica Neue', Helvetica, Roboto, Arial, sans-serif;vertical-align: baseline;text-align: justify\">Bonne f\u00eate d\u2019ind\u00e9pendance par anticipation \u00e0 tous et toutes, avec toute ma compassion aux familles sous le choc de la disparition forc\u00e9e, de la mort tragique ou de la d\u00e9tention politique\/arbitraire des leurs, ainsi qu\u2019aux m\u00e9dia qui souffrent le martyr en plus de la souffrance g\u00e9n\u00e9rale.<\/p>\n<p style=\"margin: 0px 0px 1em;padding: 0px;border: 0px;line-height: inherit;font-family: 'Helvetica Neue', Helvetica, Roboto, Arial, sans-serif;vertical-align: baseline;text-align: justify\">Que ce 02 octobre 2024, soit le d\u00e9part pour la renaissance politique, sociale, \u00e9conomique et culturelle de notre cher pays.<\/p>\n<p style=\"margin: 0px 0px 1em;padding: 0px;border: 0px;line-height: inherit;font-family: 'Helvetica Neue', Helvetica, Roboto, Arial, sans-serif;vertical-align: baseline;text-align: justify\">\n<p style=\"margin: 0px 0px 1em;padding: 0px;border: 0px;line-height: inherit;font-family: 'Helvetica Neue', Helvetica, Roboto, Arial, sans-serif;vertical-align: baseline;text-align: justify\"><span style=\"margin: 0px;padding: 0px;border: 0px;font-style: inherit;font-variant: inherit;font-weight: bold;font-size: inherit;line-height: inherit;font-family: inherit;vertical-align: baseline\">Abdoul Sacko,<\/span><br \/><span style=\"margin: 0px;padding: 0px;border: 0px;font-style: inherit;font-variant: inherit;font-weight: bold;font-size: inherit;line-height: inherit;font-family: inherit;vertical-align: baseline\">Coordonnateur National des Forces Sociales de Guin\u00e9e.<\/span><\/p>\n<p>&nbsp;<\/p>\n<p>&nbsp;<\/p>\n<p>&nbsp;<\/p>\n<p>&nbsp;<\/p>\n<p style=\"text-align: right\">\n","protected":false},"excerpt":{"rendered":"<p>Cette Tentative en cours de violation des engagements et de l\u2019esprit de la Charte(art.46, 55,<\/p>\n","protected":false},"author":2,"featured_media":6577,"comment_status":"closed","ping_status":"open","sticky":false,"template":"","format":"standard","meta":[],"categories":[1],"tags":[237],"yoast_head":"<!-- This site is optimized with the Yoast SEO plugin v19.13 - https:\/\/yoast.com\/wordpress\/plugins\/seo\/ -->\n<title>\u00c9ventuelle candidature de Doumbouya : \u2018\u2019C\u2019est un projet qui est juridiquement insoutenable et politiquement rabaissant pour ses promoteurs\u2019\u2019 (Abdoul Sacko) - UNIVERSNEWS224<\/title>\n<meta name=\"robots\" content=\"index, follow, max-snippet:-1, max-image-preview:large, max-video-preview:-1\" \/>\n<link rel=\"canonical\" href=\"https:\/\/universnews224.com\/index.php\/eventuelle-candidature-de-doumbouya-cest-un-projet-qui-est-juridiquement-insoutenable-et-politiquement-rabaissant-pour-ses-promoteurs-abdoul-sacko\/\" \/>\n<meta property=\"og:locale\" content=\"fr_FR\" \/>\n<meta property=\"og:type\" content=\"article\" \/>\n<meta property=\"og:title\" content=\"\u00c9ventuelle candidature de Doumbouya : \u2018\u2019C\u2019est un projet qui est juridiquement insoutenable et politiquement rabaissant pour ses promoteurs\u2019\u2019 (Abdoul Sacko) - UNIVERSNEWS224\" \/>\n<meta property=\"og:description\" content=\"Cette Tentative en cours de violation des engagements et de l\u2019esprit de la Charte(art.46, 55,\" \/>\n<meta property=\"og:url\" content=\"https:\/\/universnews224.com\/index.php\/eventuelle-candidature-de-doumbouya-cest-un-projet-qui-est-juridiquement-insoutenable-et-politiquement-rabaissant-pour-ses-promoteurs-abdoul-sacko\/\" \/>\n<meta property=\"og:site_name\" content=\"UNIVERSNEWS224\" \/>\n<meta property=\"article:published_time\" content=\"2024-09-30T22:48:24+00:00\" \/>\n<meta property=\"og:image\" content=\"https:\/\/universnews224.com\/wp-content\/uploads\/2024\/09\/IMG-20230820-WA0028.jpg\" \/>\n\t<meta property=\"og:image:width\" content=\"920\" \/>\n\t<meta property=\"og:image:height\" content=\"654\" \/>\n\t<meta property=\"og:image:type\" content=\"image\/jpeg\" \/>\n<meta name=\"author\" content=\"La R\u00e9daction\" \/>\n<meta name=\"twitter:label1\" content=\"\u00c9crit par\" \/>\n\t<meta name=\"twitter:data1\" content=\"La R\u00e9daction\" \/>\n\t<meta name=\"twitter:label2\" content=\"Dur\u00e9e de lecture estim\u00e9e\" \/>\n\t<meta name=\"twitter:data2\" content=\"4 minutes\" \/>\n<script type=\"application\/ld+json\" class=\"yoast-schema-graph\">{\"@context\":\"https:\/\/schema.org\",\"@graph\":[{\"@type\":\"Article\",\"@id\":\"https:\/\/universnews224.com\/index.php\/eventuelle-candidature-de-doumbouya-cest-un-projet-qui-est-juridiquement-insoutenable-et-politiquement-rabaissant-pour-ses-promoteurs-abdoul-sacko\/#article\",\"isPartOf\":{\"@id\":\"https:\/\/universnews224.com\/index.php\/eventuelle-candidature-de-doumbouya-cest-un-projet-qui-est-juridiquement-insoutenable-et-politiquement-rabaissant-pour-ses-promoteurs-abdoul-sacko\/\"},\"author\":{\"name\":\"La R\u00e9daction\",\"@id\":\"https:\/\/universnews224.com\/#\/schema\/person\/a4b7d4f94a4716df60456a491260485e\"},\"headline\":\"\u00c9ventuelle candidature de Doumbouya : \u2018\u2019C\u2019est un projet qui est juridiquement insoutenable et politiquement rabaissant pour ses promoteurs\u2019\u2019 (Abdoul Sacko)\",\"datePublished\":\"2024-09-30T22:48:24+00:00\",\"dateModified\":\"2024-09-30T22:48:24+00:00\",\"mainEntityOfPage\":{\"@id\":\"https:\/\/universnews224.com\/index.php\/eventuelle-candidature-de-doumbouya-cest-un-projet-qui-est-juridiquement-insoutenable-et-politiquement-rabaissant-pour-ses-promoteurs-abdoul-sacko\/\"},\"wordCount\":912,\"publisher\":{\"@id\":\"https:\/\/universnews224.com\/#organization\"},\"keywords\":[\"A la une\"],\"inLanguage\":\"fr-FR\"},{\"@type\":\"WebPage\",\"@id\":\"https:\/\/universnews224.com\/index.php\/eventuelle-candidature-de-doumbouya-cest-un-projet-qui-est-juridiquement-insoutenable-et-politiquement-rabaissant-pour-ses-promoteurs-abdoul-sacko\/\",\"url\":\"https:\/\/universnews224.com\/index.php\/eventuelle-candidature-de-doumbouya-cest-un-projet-qui-est-juridiquement-insoutenable-et-politiquement-rabaissant-pour-ses-promoteurs-abdoul-sacko\/\",\"name\":\"\u00c9ventuelle candidature de Doumbouya : \u2018\u2019C\u2019est un projet qui est juridiquement insoutenable et politiquement rabaissant pour ses promoteurs\u2019\u2019 (Abdoul Sacko) - UNIVERSNEWS224\",\"isPartOf\":{\"@id\":\"https:\/\/universnews224.com\/#website\"},\"datePublished\":\"2024-09-30T22:48:24+00:00\",\"dateModified\":\"2024-09-30T22:48:24+00:00\",\"inLanguage\":\"fr-FR\",\"potentialAction\":[{\"@type\":\"ReadAction\",\"target\":[\"https:\/\/universnews224.com\/index.php\/eventuelle-candidature-de-doumbouya-cest-un-projet-qui-est-juridiquement-insoutenable-et-politiquement-rabaissant-pour-ses-promoteurs-abdoul-sacko\/\"]}]},{\"@type\":\"WebSite\",\"@id\":\"https:\/\/universnews224.com\/#website\",\"url\":\"https:\/\/universnews224.com\/\",\"name\":\"UNIVERSNEWS224\",\"description\":\"\",\"publisher\":{\"@id\":\"https:\/\/universnews224.com\/#organization\"},\"potentialAction\":[{\"@type\":\"SearchAction\",\"target\":{\"@type\":\"EntryPoint\",\"urlTemplate\":\"https:\/\/universnews224.com\/?s={search_term_string}\"},\"query-input\":\"required name=search_term_string\"}],\"inLanguage\":\"fr-FR\"},{\"@type\":\"Organization\",\"@id\":\"https:\/\/universnews224.com\/#organization\",\"name\":\"UNIVERSNEWS224\",\"url\":\"https:\/\/universnews224.com\/\",\"logo\":{\"@type\":\"ImageObject\",\"inLanguage\":\"fr-FR\",\"@id\":\"https:\/\/universnews224.com\/#\/schema\/logo\/image\/\",\"url\":\"https:\/\/universnews224.com\/wp-content\/uploads\/2022\/08\/cropped-cropped-logoban.jpg\",\"contentUrl\":\"https:\/\/universnews224.com\/wp-content\/uploads\/2022\/08\/cropped-cropped-logoban.jpg\",\"width\":1080,\"height\":138,\"caption\":\"UNIVERSNEWS224\"},\"image\":{\"@id\":\"https:\/\/universnews224.com\/#\/schema\/logo\/image\/\"}},{\"@type\":\"Person\",\"@id\":\"https:\/\/universnews224.com\/#\/schema\/person\/a4b7d4f94a4716df60456a491260485e\",\"name\":\"La R\u00e9daction\",\"image\":{\"@type\":\"ImageObject\",\"inLanguage\":\"fr-FR\",\"@id\":\"https:\/\/universnews224.com\/#\/schema\/person\/image\/\",\"url\":\"https:\/\/secure.gravatar.com\/avatar\/edb90acc7752b23e1b3307ad36c14f0d?s=96&d=mm&r=g\",\"contentUrl\":\"https:\/\/secure.gravatar.com\/avatar\/edb90acc7752b23e1b3307ad36c14f0d?s=96&d=mm&r=g\",\"caption\":\"La R\u00e9daction\"},\"sameAs\":[\"https:\/\/universnews224.com\"],\"url\":\"https:\/\/universnews224.com\/index.php\/author\/m-camara\/\"}]}<\/script>\n<!-- \/ Yoast SEO plugin. -->","yoast_head_json":{"title":"\u00c9ventuelle candidature de Doumbouya : \u2018\u2019C\u2019est un projet qui est juridiquement insoutenable et politiquement rabaissant pour ses promoteurs\u2019\u2019 (Abdoul Sacko) - UNIVERSNEWS224","robots":{"index":"index","follow":"follow","max-snippet":"max-snippet:-1","max-image-preview":"max-image-preview:large","max-video-preview":"max-video-preview:-1"},"canonical":"https:\/\/universnews224.com\/index.php\/eventuelle-candidature-de-doumbouya-cest-un-projet-qui-est-juridiquement-insoutenable-et-politiquement-rabaissant-pour-ses-promoteurs-abdoul-sacko\/","og_locale":"fr_FR","og_type":"article","og_title":"\u00c9ventuelle candidature de Doumbouya : \u2018\u2019C\u2019est un projet qui est juridiquement insoutenable et politiquement rabaissant pour ses promoteurs\u2019\u2019 (Abdoul Sacko) - UNIVERSNEWS224","og_description":"Cette Tentative en cours de violation des engagements et de l\u2019esprit de la Charte(art.46, 55,","og_url":"https:\/\/universnews224.com\/index.php\/eventuelle-candidature-de-doumbouya-cest-un-projet-qui-est-juridiquement-insoutenable-et-politiquement-rabaissant-pour-ses-promoteurs-abdoul-sacko\/","og_site_name":"UNIVERSNEWS224","article_published_time":"2024-09-30T22:48:24+00:00","og_image":[{"width":920,"height":654,"url":"https:\/\/universnews224.com\/wp-content\/uploads\/2024\/09\/IMG-20230820-WA0028.jpg","type":"image\/jpeg"}],"author":"La R\u00e9daction","twitter_misc":{"\u00c9crit par":"La R\u00e9daction","Dur\u00e9e de lecture estim\u00e9e":"4 minutes"},"schema":{"@context":"https:\/\/schema.org","@graph":[{"@type":"Article","@id":"https:\/\/universnews224.com\/index.php\/eventuelle-candidature-de-doumbouya-cest-un-projet-qui-est-juridiquement-insoutenable-et-politiquement-rabaissant-pour-ses-promoteurs-abdoul-sacko\/#article","isPartOf":{"@id":"https:\/\/universnews224.com\/index.php\/eventuelle-candidature-de-doumbouya-cest-un-projet-qui-est-juridiquement-insoutenable-et-politiquement-rabaissant-pour-ses-promoteurs-abdoul-sacko\/"},"author":{"name":"La R\u00e9daction","@id":"https:\/\/universnews224.com\/#\/schema\/person\/a4b7d4f94a4716df60456a491260485e"},"headline":"\u00c9ventuelle candidature de Doumbouya : \u2018\u2019C\u2019est un projet qui est juridiquement insoutenable et politiquement rabaissant pour ses promoteurs\u2019\u2019 (Abdoul Sacko)","datePublished":"2024-09-30T22:48:24+00:00","dateModified":"2024-09-30T22:48:24+00:00","mainEntityOfPage":{"@id":"https:\/\/universnews224.com\/index.php\/eventuelle-candidature-de-doumbouya-cest-un-projet-qui-est-juridiquement-insoutenable-et-politiquement-rabaissant-pour-ses-promoteurs-abdoul-sacko\/"},"wordCount":912,"publisher":{"@id":"https:\/\/universnews224.com\/#organization"},"keywords":["A la une"],"inLanguage":"fr-FR"},{"@type":"WebPage","@id":"https:\/\/universnews224.com\/index.php\/eventuelle-candidature-de-doumbouya-cest-un-projet-qui-est-juridiquement-insoutenable-et-politiquement-rabaissant-pour-ses-promoteurs-abdoul-sacko\/","url":"https:\/\/universnews224.com\/index.php\/eventuelle-candidature-de-doumbouya-cest-un-projet-qui-est-juridiquement-insoutenable-et-politiquement-rabaissant-pour-ses-promoteurs-abdoul-sacko\/","name":"\u00c9ventuelle candidature de Doumbouya : \u2018\u2019C\u2019est un projet qui est juridiquement insoutenable et politiquement rabaissant pour ses promoteurs\u2019\u2019 (Abdoul Sacko) - UNIVERSNEWS224","isPartOf":{"@id":"https:\/\/universnews224.com\/#website"},"datePublished":"2024-09-30T22:48:24+00:00","dateModified":"2024-09-30T22:48:24+00:00","inLanguage":"fr-FR","potentialAction":[{"@type":"ReadAction","target":["https:\/\/universnews224.com\/index.php\/eventuelle-candidature-de-doumbouya-cest-un-projet-qui-est-juridiquement-insoutenable-et-politiquement-rabaissant-pour-ses-promoteurs-abdoul-sacko\/"]}]},{"@type":"WebSite","@id":"https:\/\/universnews224.com\/#website","url":"https:\/\/universnews224.com\/","name":"UNIVERSNEWS224","description":"","publisher":{"@id":"https:\/\/universnews224.com\/#organization"},"potentialAction":[{"@type":"SearchAction","target":{"@type":"EntryPoint","urlTemplate":"https:\/\/universnews224.com\/?s={search_term_string}"},"query-input":"required name=search_term_string"}],"inLanguage":"fr-FR"},{"@type":"Organization","@id":"https:\/\/universnews224.com\/#organization","name":"UNIVERSNEWS224","url":"https:\/\/universnews224.com\/","logo":{"@type":"ImageObject","inLanguage":"fr-FR","@id":"https:\/\/universnews224.com\/#\/schema\/logo\/image\/","url":"https:\/\/universnews224.com\/wp-content\/uploads\/2022\/08\/cropped-cropped-logoban.jpg","contentUrl":"https:\/\/universnews224.com\/wp-content\/uploads\/2022\/08\/cropped-cropped-logoban.jpg","width":1080,"height":138,"caption":"UNIVERSNEWS224"},"image":{"@id":"https:\/\/universnews224.com\/#\/schema\/logo\/image\/"}},{"@type":"Person","@id":"https:\/\/universnews224.com\/#\/schema\/person\/a4b7d4f94a4716df60456a491260485e","name":"La R\u00e9daction","image":{"@type":"ImageObject","inLanguage":"fr-FR","@id":"https:\/\/universnews224.com\/#\/schema\/person\/image\/","url":"https:\/\/secure.gravatar.com\/avatar\/edb90acc7752b23e1b3307ad36c14f0d?s=96&d=mm&r=g","contentUrl":"https:\/\/secure.gravatar.com\/avatar\/edb90acc7752b23e1b3307ad36c14f0d?s=96&d=mm&r=g","caption":"La R\u00e9daction"},"sameAs":["https:\/\/universnews224.com"],"url":"https:\/\/universnews224.com\/index.php\/author\/m-camara\/"}]}},"_links":{"self":[{"href":"https:\/\/universnews224.com\/index.php\/wp-json\/wp\/v2\/posts\/6575"}],"collection":[{"href":"https:\/\/universnews224.com\/index.php\/wp-json\/wp\/v2\/posts"}],"about":[{"href":"https:\/\/universnews224.com\/index.php\/wp-json\/wp\/v2\/types\/post"}],"author":[{"embeddable":true,"href":"https:\/\/universnews224.com\/index.php\/wp-json\/wp\/v2\/users\/2"}],"replies":[{"embeddable":true,"href":"https:\/\/universnews224.com\/index.php\/wp-json\/wp\/v2\/comments?post=6575"}],"version-history":[{"count":1,"href":"https:\/\/universnews224.com\/index.php\/wp-json\/wp\/v2\/posts\/6575\/revisions"}],"predecessor-version":[{"id":6578,"href":"https:\/\/universnews224.com\/index.php\/wp-json\/wp\/v2\/posts\/6575\/revisions\/6578"}],"wp:featuredmedia":[{"embeddable":true,"href":"https:\/\/universnews224.com\/index.php\/wp-json\/wp\/v2\/media\/6577"}],"wp:attachment":[{"href":"https:\/\/universnews224.com\/index.php\/wp-json\/wp\/v2\/media?parent=6575"}],"wp:term":[{"taxonomy":"category","embeddable":true,"href":"https:\/\/universnews224.com\/index.php\/wp-json\/wp\/v2\/categories?post=6575"},{"taxonomy":"post_tag","embeddable":true,"href":"https:\/\/universnews224.com\/index.php\/wp-json\/wp\/v2\/tags?post=6575"}],"curies":[{"name":"wp","href":"https:\/\/api.w.org\/{rel}","templated":true}]}}