{"id":6588,"date":"2024-10-02T21:32:44","date_gmt":"2024-10-02T20:32:44","guid":{"rendered":"https:\/\/universnews224.com\/?p=6588"},"modified":"2024-10-02T21:32:44","modified_gmt":"2024-10-02T20:32:44","slug":"elie-kamano-sur-la-celebration-du-2-octobre-je-refuse-de-feter-une-independance-souillee-par-des-esclaves-de-salon","status":"publish","type":"post","link":"https:\/\/universnews224.com\/index.php\/elie-kamano-sur-la-celebration-du-2-octobre-je-refuse-de-feter-une-independance-souillee-par-des-esclaves-de-salon\/","title":{"rendered":"Elie Kamano sur la c\u00e9l\u00e9bration du 2 octobre : \u2018\u2019je refuse de f\u00eater une ind\u00e9pendance souill\u00e9e par des esclaves de salon\u2026\u2019\u2019"},"content":{"rendered":"<p style=\"margin: 0px 0px 1em;padding: 0px;border: 0px;line-height: inherit;font-family: 'Helvetica Neue', Helvetica, Roboto, Arial, sans-serif;vertical-align: baseline;text-align: justify\">L\u2019ind\u00e9pendance ??<\/p>\n<p style=\"margin: 0px 0px 1em;padding: 0px;border: 0px;line-height: inherit;font-family: 'Helvetica Neue', Helvetica, Roboto, Arial, sans-serif;vertical-align: baseline;text-align: justify\">Elle ne se f\u00eate pas avec des gens qui ont des dents moins blanches que les linceuls de guin\u00e9ens fra\u00eechement assassin\u00e9s, kidnapp\u00e9s et oubli\u00e9s par la r\u00e9cente histoire de notre pays.<\/p>\n<p style=\"margin: 0px 0px 1em;padding: 0px;border: 0px;line-height: inherit;font-family: 'Helvetica Neue', Helvetica, Roboto, Arial, sans-serif;vertical-align: baseline;text-align: justify\">L\u2019ind\u00e9pendance ???<\/p>\n<div class=\"jeg_ad jeg_ad_article jnews_content_inline_3_ads  \" style=\"margin: 0px 0px 1.25em;padding: 0px;border: 0px;line-height: inherit;font-family: 'Helvetica Neue', Helvetica, Roboto, Arial, sans-serif;vertical-align: baseline;text-align: center\">\n<div class=\"ads-wrapper align-center \" style=\"margin: 1em 0px;padding: 0px;border: 0px;font: inherit;vertical-align: baseline\"><\/div>\n<\/div>\n<p style=\"margin: 0px 0px 1em;padding: 0px;border: 0px;line-height: inherit;font-family: 'Helvetica Neue', Helvetica, Roboto, Arial, sans-serif;vertical-align: baseline;text-align: justify\">Elle ne se f\u00eate pas avec ceux qui ont choisi d\u2019entacher leurs mains du sang de leurs concitoyens pour une divergence d\u2019id\u00e9e et de vision.<\/p>\n<p style=\"margin: 0px 0px 1em;padding: 0px;border: 0px;line-height: inherit;font-family: 'Helvetica Neue', Helvetica, Roboto, Arial, sans-serif;vertical-align: baseline;text-align: justify\">Pas avec ceux qui font la promotion d\u2019une dictature virulente, du recul de la d\u00e9mocratie et de la libert\u00e9 d\u2019expression.<\/p>\n<p style=\"margin: 0px 0px 1em;padding: 0px;border: 0px;line-height: inherit;font-family: 'Helvetica Neue', Helvetica, Roboto, Arial, sans-serif;vertical-align: baseline;text-align: justify\">Non avec ceux qui ont choisi le champagne pour eux et non l\u2019eau potable pour le peuple.<\/p>\n<p style=\"margin: 0px 0px 1em;padding: 0px;border: 0px;line-height: inherit;font-family: 'Helvetica Neue', Helvetica, Roboto, Arial, sans-serif;vertical-align: baseline;text-align: justify\">Pas avec ceux qui ont choisi le paradis pour eux et l\u2019enfer pour le peuple.<\/p>\n<p style=\"margin: 0px 0px 1em;padding: 0px;border: 0px;line-height: inherit;font-family: 'Helvetica Neue', Helvetica, Roboto, Arial, sans-serif;vertical-align: baseline;text-align: justify\">Ceux qui, avec l\u2019argent du contribuable guin\u00e9en, ont choisi d\u2019envoyer leurs enfants dans les plus grandes \u00e9coles du monde, pendant que les autres v\u00e9g\u00e8tent dans les \u00e9coles d\u00e9labr\u00e9es et pl\u00e9thoriques en Guin\u00e9e.<\/p>\n<p style=\"margin: 0px 0px 1em;padding: 0px;border: 0px;line-height: inherit;font-family: 'Helvetica Neue', Helvetica, Roboto, Arial, sans-serif;vertical-align: baseline;text-align: justify\">Non, pas avec ceux qui ont choisi l\u2019\u00e9lectricit\u00e9 pour eux et l\u2019obscurit\u00e9 pour le peuple.<\/p>\n<p style=\"margin: 0px 0px 1em;padding: 0px;border: 0px;line-height: inherit;font-family: 'Helvetica Neue', Helvetica, Roboto, Arial, sans-serif;vertical-align: baseline;text-align: justify\">L\u2019insolence dans l\u2019opulence pour eux et la pr\u00e9carit\u00e9 pour le peuple.<\/p>\n<p style=\"margin: 0px 0px 1em;padding: 0px;border: 0px;line-height: inherit;font-family: 'Helvetica Neue', Helvetica, Roboto, Arial, sans-serif;vertical-align: baseline;text-align: justify\">Non, je refuse de f\u00eater une ind\u00e9pendance souill\u00e9e par des esclaves de salon, qui salissent la m\u00e9moire du p\u00e8re de notre nation AST, qui avait proclam\u00e9 notre ind\u00e9pendance dans un esprit souverain et d\u00e9complex\u00e9.<\/p>\n<p style=\"margin: 0px 0px 1em;padding: 0px;border: 0px;line-height: inherit;font-family: 'Helvetica Neue', Helvetica, Roboto, Arial, sans-serif;vertical-align: baseline;text-align: justify\">Je refuse de f\u00eater une ind\u00e9pendance ou le sourire du peuple a \u00e9t\u00e9 achet\u00e9 avec les billets de banque dans le seul but de redorer l\u2019image de leur gouvernance, gouvernance p\u00e9trie de pratiques malsaines, dangereuses, machiav\u00e9liques et imp\u00e9rialistes.<\/p>\n<p style=\"margin: 0px 0px 1em;padding: 0px;border: 0px;line-height: inherit;font-family: 'Helvetica Neue', Helvetica, Roboto, Arial, sans-serif;vertical-align: baseline;text-align: justify\">Je refuse de danser et de sauter au nom d\u2019une ind\u00e9pendance avec celui qui \u00e9tait cens\u00e9 \u00eatre notre Mandela, qui est malheureusement devenu notre Bokassa.<\/p>\n<p style=\"margin: 0px 0px 1em;padding: 0px;border: 0px;line-height: inherit;font-family: 'Helvetica Neue', Helvetica, Roboto, Arial, sans-serif;vertical-align: baseline;text-align: justify\">Qui \u00e9tait cens\u00e9 \u00eatre notre Moise, qui est malheureusement devenu notre pharaon aux oreilles bouch\u00e9es et au c\u0153ur endurci par la boulimie du pouvoir.<\/p>\n<p style=\"margin: 0px 0px 1em;padding: 0px;border: 0px;line-height: inherit;font-family: 'Helvetica Neue', Helvetica, Roboto, Arial, sans-serif;vertical-align: baseline;text-align: justify\">Qui \u00e9tait cens\u00e9 \u00eatre notre J\u00e9sus, qui est malheureusement devenu notre Ponce Pilate.<\/p>\n<p style=\"margin: 0px 0px 1em;padding: 0px;border: 0px;line-height: inherit;font-family: 'Helvetica Neue', Helvetica, Roboto, Arial, sans-serif;vertical-align: baseline;text-align: justify\">Qui \u00e9tait cens\u00e9 \u00eatre notre De gaulles, qui est malheureusement devenu notre Hitler.<\/p>\n<p style=\"margin: 0px 0px 1em;padding: 0px;border: 0px;line-height: inherit;font-family: 'Helvetica Neue', Helvetica, Roboto, Arial, sans-serif;vertical-align: baseline;text-align: justify\">Bonne f\u00eate d\u2019ind\u00e9pendance au peuple de Guin\u00e9e.<\/p>\n<p style=\"margin: 0px 0px 1em;padding: 0px;border: 0px;line-height: inherit;font-family: 'Helvetica Neue', Helvetica, Roboto, Arial, sans-serif;vertical-align: baseline;text-align: justify\">\n<p style=\"margin: 0px 0px 1em;padding: 0px;border: 0px;line-height: inherit;font-family: 'Helvetica Neue', Helvetica, Roboto, Arial, sans-serif;vertical-align: baseline;text-align: justify\"><span style=\"margin: 0px;padding: 0px;border: 0px;font-style: inherit;font-variant: inherit;font-weight: bold;font-size: inherit;line-height: inherit;font-family: inherit;vertical-align: baseline\">\u00c9lie Kamano.<\/span><\/p>\n","protected":false},"excerpt":{"rendered":"<p>L\u2019ind\u00e9pendance ?? Elle ne se f\u00eate pas avec des gens qui ont des dents moins<\/p>\n","protected":false},"author":2,"featured_media":6286,"comment_status":"closed","ping_status":"open","sticky":false,"template":"","format":"standard","meta":[],"categories":[3,4],"tags":[237],"yoast_head":"<!-- This site is optimized with the Yoast SEO plugin v19.13 - https:\/\/yoast.com\/wordpress\/plugins\/seo\/ -->\n<title>Elie Kamano sur la c\u00e9l\u00e9bration du 2 octobre : \u2018\u2019je refuse de f\u00eater une ind\u00e9pendance souill\u00e9e par des esclaves de salon\u2026\u2019\u2019 - UNIVERSNEWS224<\/title>\n<meta name=\"robots\" content=\"index, follow, max-snippet:-1, max-image-preview:large, max-video-preview:-1\" \/>\n<link rel=\"canonical\" href=\"https:\/\/universnews224.com\/index.php\/elie-kamano-sur-la-celebration-du-2-octobre-je-refuse-de-feter-une-independance-souillee-par-des-esclaves-de-salon\/\" \/>\n<meta property=\"og:locale\" content=\"fr_FR\" \/>\n<meta property=\"og:type\" content=\"article\" \/>\n<meta property=\"og:title\" content=\"Elie Kamano sur la c\u00e9l\u00e9bration du 2 octobre : \u2018\u2019je refuse de f\u00eater une ind\u00e9pendance souill\u00e9e par des esclaves de salon\u2026\u2019\u2019 - UNIVERSNEWS224\" \/>\n<meta property=\"og:description\" content=\"L\u2019ind\u00e9pendance ?? Elle ne se f\u00eate pas avec des gens qui ont des dents moins\" \/>\n<meta property=\"og:url\" content=\"https:\/\/universnews224.com\/index.php\/elie-kamano-sur-la-celebration-du-2-octobre-je-refuse-de-feter-une-independance-souillee-par-des-esclaves-de-salon\/\" \/>\n<meta property=\"og:site_name\" content=\"UNIVERSNEWS224\" \/>\n<meta property=\"article:published_time\" content=\"2024-10-02T20:32:44+00:00\" \/>\n<meta property=\"og:image\" content=\"https:\/\/universnews224.com\/wp-content\/uploads\/2024\/08\/eli-k-700x375-1.png\" \/>\n\t<meta property=\"og:image:width\" content=\"700\" \/>\n\t<meta property=\"og:image:height\" content=\"375\" \/>\n\t<meta property=\"og:image:type\" content=\"image\/png\" \/>\n<meta name=\"author\" content=\"La R\u00e9daction\" \/>\n<meta name=\"twitter:label1\" content=\"\u00c9crit par\" \/>\n\t<meta name=\"twitter:data1\" content=\"La R\u00e9daction\" \/>\n\t<meta name=\"twitter:label2\" content=\"Dur\u00e9e de lecture estim\u00e9e\" \/>\n\t<meta name=\"twitter:data2\" content=\"2 minutes\" \/>\n<script type=\"application\/ld+json\" class=\"yoast-schema-graph\">{\"@context\":\"https:\/\/schema.org\",\"@graph\":[{\"@type\":\"Article\",\"@id\":\"https:\/\/universnews224.com\/index.php\/elie-kamano-sur-la-celebration-du-2-octobre-je-refuse-de-feter-une-independance-souillee-par-des-esclaves-de-salon\/#article\",\"isPartOf\":{\"@id\":\"https:\/\/universnews224.com\/index.php\/elie-kamano-sur-la-celebration-du-2-octobre-je-refuse-de-feter-une-independance-souillee-par-des-esclaves-de-salon\/\"},\"author\":{\"name\":\"La R\u00e9daction\",\"@id\":\"https:\/\/universnews224.com\/#\/schema\/person\/a4b7d4f94a4716df60456a491260485e\"},\"headline\":\"Elie Kamano sur la c\u00e9l\u00e9bration du 2 octobre : \u2018\u2019je refuse de f\u00eater une ind\u00e9pendance souill\u00e9e par des esclaves de salon\u2026\u2019\u2019\",\"datePublished\":\"2024-10-02T20:32:44+00:00\",\"dateModified\":\"2024-10-02T20:32:44+00:00\",\"mainEntityOfPage\":{\"@id\":\"https:\/\/universnews224.com\/index.php\/elie-kamano-sur-la-celebration-du-2-octobre-je-refuse-de-feter-une-independance-souillee-par-des-esclaves-de-salon\/\"},\"wordCount\":404,\"publisher\":{\"@id\":\"https:\/\/universnews224.com\/#organization\"},\"keywords\":[\"A la une\"],\"articleSection\":[\"ACTU\",\"POLITIQUE\"],\"inLanguage\":\"fr-FR\"},{\"@type\":\"WebPage\",\"@id\":\"https:\/\/universnews224.com\/index.php\/elie-kamano-sur-la-celebration-du-2-octobre-je-refuse-de-feter-une-independance-souillee-par-des-esclaves-de-salon\/\",\"url\":\"https:\/\/universnews224.com\/index.php\/elie-kamano-sur-la-celebration-du-2-octobre-je-refuse-de-feter-une-independance-souillee-par-des-esclaves-de-salon\/\",\"name\":\"Elie Kamano sur la c\u00e9l\u00e9bration du 2 octobre : \u2018\u2019je refuse de f\u00eater une ind\u00e9pendance souill\u00e9e par des esclaves de salon\u2026\u2019\u2019 - UNIVERSNEWS224\",\"isPartOf\":{\"@id\":\"https:\/\/universnews224.com\/#website\"},\"datePublished\":\"2024-10-02T20:32:44+00:00\",\"dateModified\":\"2024-10-02T20:32:44+00:00\",\"inLanguage\":\"fr-FR\",\"potentialAction\":[{\"@type\":\"ReadAction\",\"target\":[\"https:\/\/universnews224.com\/index.php\/elie-kamano-sur-la-celebration-du-2-octobre-je-refuse-de-feter-une-independance-souillee-par-des-esclaves-de-salon\/\"]}]},{\"@type\":\"WebSite\",\"@id\":\"https:\/\/universnews224.com\/#website\",\"url\":\"https:\/\/universnews224.com\/\",\"name\":\"UNIVERSNEWS224\",\"description\":\"\",\"publisher\":{\"@id\":\"https:\/\/universnews224.com\/#organization\"},\"potentialAction\":[{\"@type\":\"SearchAction\",\"target\":{\"@type\":\"EntryPoint\",\"urlTemplate\":\"https:\/\/universnews224.com\/?s={search_term_string}\"},\"query-input\":\"required name=search_term_string\"}],\"inLanguage\":\"fr-FR\"},{\"@type\":\"Organization\",\"@id\":\"https:\/\/universnews224.com\/#organization\",\"name\":\"UNIVERSNEWS224\",\"url\":\"https:\/\/universnews224.com\/\",\"logo\":{\"@type\":\"ImageObject\",\"inLanguage\":\"fr-FR\",\"@id\":\"https:\/\/universnews224.com\/#\/schema\/logo\/image\/\",\"url\":\"https:\/\/universnews224.com\/wp-content\/uploads\/2022\/08\/cropped-cropped-logoban.jpg\",\"contentUrl\":\"https:\/\/universnews224.com\/wp-content\/uploads\/2022\/08\/cropped-cropped-logoban.jpg\",\"width\":1080,\"height\":138,\"caption\":\"UNIVERSNEWS224\"},\"image\":{\"@id\":\"https:\/\/universnews224.com\/#\/schema\/logo\/image\/\"}},{\"@type\":\"Person\",\"@id\":\"https:\/\/universnews224.com\/#\/schema\/person\/a4b7d4f94a4716df60456a491260485e\",\"name\":\"La R\u00e9daction\",\"image\":{\"@type\":\"ImageObject\",\"inLanguage\":\"fr-FR\",\"@id\":\"https:\/\/universnews224.com\/#\/schema\/person\/image\/\",\"url\":\"https:\/\/secure.gravatar.com\/avatar\/edb90acc7752b23e1b3307ad36c14f0d?s=96&d=mm&r=g\",\"contentUrl\":\"https:\/\/secure.gravatar.com\/avatar\/edb90acc7752b23e1b3307ad36c14f0d?s=96&d=mm&r=g\",\"caption\":\"La R\u00e9daction\"},\"sameAs\":[\"https:\/\/universnews224.com\"],\"url\":\"https:\/\/universnews224.com\/index.php\/author\/m-camara\/\"}]}<\/script>\n<!-- \/ Yoast SEO plugin. -->","yoast_head_json":{"title":"Elie Kamano sur la c\u00e9l\u00e9bration du 2 octobre : \u2018\u2019je refuse de f\u00eater une ind\u00e9pendance souill\u00e9e par des esclaves de salon\u2026\u2019\u2019 - UNIVERSNEWS224","robots":{"index":"index","follow":"follow","max-snippet":"max-snippet:-1","max-image-preview":"max-image-preview:large","max-video-preview":"max-video-preview:-1"},"canonical":"https:\/\/universnews224.com\/index.php\/elie-kamano-sur-la-celebration-du-2-octobre-je-refuse-de-feter-une-independance-souillee-par-des-esclaves-de-salon\/","og_locale":"fr_FR","og_type":"article","og_title":"Elie Kamano sur la c\u00e9l\u00e9bration du 2 octobre : \u2018\u2019je refuse de f\u00eater une ind\u00e9pendance souill\u00e9e par des esclaves de salon\u2026\u2019\u2019 - UNIVERSNEWS224","og_description":"L\u2019ind\u00e9pendance ?? Elle ne se f\u00eate pas avec des gens qui ont des dents moins","og_url":"https:\/\/universnews224.com\/index.php\/elie-kamano-sur-la-celebration-du-2-octobre-je-refuse-de-feter-une-independance-souillee-par-des-esclaves-de-salon\/","og_site_name":"UNIVERSNEWS224","article_published_time":"2024-10-02T20:32:44+00:00","og_image":[{"width":700,"height":375,"url":"https:\/\/universnews224.com\/wp-content\/uploads\/2024\/08\/eli-k-700x375-1.png","type":"image\/png"}],"author":"La R\u00e9daction","twitter_misc":{"\u00c9crit par":"La R\u00e9daction","Dur\u00e9e de lecture estim\u00e9e":"2 minutes"},"schema":{"@context":"https:\/\/schema.org","@graph":[{"@type":"Article","@id":"https:\/\/universnews224.com\/index.php\/elie-kamano-sur-la-celebration-du-2-octobre-je-refuse-de-feter-une-independance-souillee-par-des-esclaves-de-salon\/#article","isPartOf":{"@id":"https:\/\/universnews224.com\/index.php\/elie-kamano-sur-la-celebration-du-2-octobre-je-refuse-de-feter-une-independance-souillee-par-des-esclaves-de-salon\/"},"author":{"name":"La R\u00e9daction","@id":"https:\/\/universnews224.com\/#\/schema\/person\/a4b7d4f94a4716df60456a491260485e"},"headline":"Elie Kamano sur la c\u00e9l\u00e9bration du 2 octobre : \u2018\u2019je refuse de f\u00eater une ind\u00e9pendance souill\u00e9e par des esclaves de salon\u2026\u2019\u2019","datePublished":"2024-10-02T20:32:44+00:00","dateModified":"2024-10-02T20:32:44+00:00","mainEntityOfPage":{"@id":"https:\/\/universnews224.com\/index.php\/elie-kamano-sur-la-celebration-du-2-octobre-je-refuse-de-feter-une-independance-souillee-par-des-esclaves-de-salon\/"},"wordCount":404,"publisher":{"@id":"https:\/\/universnews224.com\/#organization"},"keywords":["A la une"],"articleSection":["ACTU","POLITIQUE"],"inLanguage":"fr-FR"},{"@type":"WebPage","@id":"https:\/\/universnews224.com\/index.php\/elie-kamano-sur-la-celebration-du-2-octobre-je-refuse-de-feter-une-independance-souillee-par-des-esclaves-de-salon\/","url":"https:\/\/universnews224.com\/index.php\/elie-kamano-sur-la-celebration-du-2-octobre-je-refuse-de-feter-une-independance-souillee-par-des-esclaves-de-salon\/","name":"Elie Kamano sur la c\u00e9l\u00e9bration du 2 octobre : \u2018\u2019je refuse de f\u00eater une ind\u00e9pendance souill\u00e9e par des esclaves de salon\u2026\u2019\u2019 - UNIVERSNEWS224","isPartOf":{"@id":"https:\/\/universnews224.com\/#website"},"datePublished":"2024-10-02T20:32:44+00:00","dateModified":"2024-10-02T20:32:44+00:00","inLanguage":"fr-FR","potentialAction":[{"@type":"ReadAction","target":["https:\/\/universnews224.com\/index.php\/elie-kamano-sur-la-celebration-du-2-octobre-je-refuse-de-feter-une-independance-souillee-par-des-esclaves-de-salon\/"]}]},{"@type":"WebSite","@id":"https:\/\/universnews224.com\/#website","url":"https:\/\/universnews224.com\/","name":"UNIVERSNEWS224","description":"","publisher":{"@id":"https:\/\/universnews224.com\/#organization"},"potentialAction":[{"@type":"SearchAction","target":{"@type":"EntryPoint","urlTemplate":"https:\/\/universnews224.com\/?s={search_term_string}"},"query-input":"required name=search_term_string"}],"inLanguage":"fr-FR"},{"@type":"Organization","@id":"https:\/\/universnews224.com\/#organization","name":"UNIVERSNEWS224","url":"https:\/\/universnews224.com\/","logo":{"@type":"ImageObject","inLanguage":"fr-FR","@id":"https:\/\/universnews224.com\/#\/schema\/logo\/image\/","url":"https:\/\/universnews224.com\/wp-content\/uploads\/2022\/08\/cropped-cropped-logoban.jpg","contentUrl":"https:\/\/universnews224.com\/wp-content\/uploads\/2022\/08\/cropped-cropped-logoban.jpg","width":1080,"height":138,"caption":"UNIVERSNEWS224"},"image":{"@id":"https:\/\/universnews224.com\/#\/schema\/logo\/image\/"}},{"@type":"Person","@id":"https:\/\/universnews224.com\/#\/schema\/person\/a4b7d4f94a4716df60456a491260485e","name":"La R\u00e9daction","image":{"@type":"ImageObject","inLanguage":"fr-FR","@id":"https:\/\/universnews224.com\/#\/schema\/person\/image\/","url":"https:\/\/secure.gravatar.com\/avatar\/edb90acc7752b23e1b3307ad36c14f0d?s=96&d=mm&r=g","contentUrl":"https:\/\/secure.gravatar.com\/avatar\/edb90acc7752b23e1b3307ad36c14f0d?s=96&d=mm&r=g","caption":"La R\u00e9daction"},"sameAs":["https:\/\/universnews224.com"],"url":"https:\/\/universnews224.com\/index.php\/author\/m-camara\/"}]}},"_links":{"self":[{"href":"https:\/\/universnews224.com\/index.php\/wp-json\/wp\/v2\/posts\/6588"}],"collection":[{"href":"https:\/\/universnews224.com\/index.php\/wp-json\/wp\/v2\/posts"}],"about":[{"href":"https:\/\/universnews224.com\/index.php\/wp-json\/wp\/v2\/types\/post"}],"author":[{"embeddable":true,"href":"https:\/\/universnews224.com\/index.php\/wp-json\/wp\/v2\/users\/2"}],"replies":[{"embeddable":true,"href":"https:\/\/universnews224.com\/index.php\/wp-json\/wp\/v2\/comments?post=6588"}],"version-history":[{"count":1,"href":"https:\/\/universnews224.com\/index.php\/wp-json\/wp\/v2\/posts\/6588\/revisions"}],"predecessor-version":[{"id":6589,"href":"https:\/\/universnews224.com\/index.php\/wp-json\/wp\/v2\/posts\/6588\/revisions\/6589"}],"wp:featuredmedia":[{"embeddable":true,"href":"https:\/\/universnews224.com\/index.php\/wp-json\/wp\/v2\/media\/6286"}],"wp:attachment":[{"href":"https:\/\/universnews224.com\/index.php\/wp-json\/wp\/v2\/media?parent=6588"}],"wp:term":[{"taxonomy":"category","embeddable":true,"href":"https:\/\/universnews224.com\/index.php\/wp-json\/wp\/v2\/categories?post=6588"},{"taxonomy":"post_tag","embeddable":true,"href":"https:\/\/universnews224.com\/index.php\/wp-json\/wp\/v2\/tags?post=6588"}],"curies":[{"name":"wp","href":"https:\/\/api.w.org\/{rel}","templated":true}]}}