{"id":6590,"date":"2024-10-02T21:38:58","date_gmt":"2024-10-02T20:38:58","guid":{"rendered":"https:\/\/universnews224.com\/?p=6590"},"modified":"2024-10-02T21:38:58","modified_gmt":"2024-10-02T20:38:58","slug":"66eme-anniversaire-le-general-mamady-doumbouya-depose-la-gerbe-de-fleur-a-la-place-des-martyrs","status":"publish","type":"post","link":"https:\/\/universnews224.com\/index.php\/66eme-anniversaire-le-general-mamady-doumbouya-depose-la-gerbe-de-fleur-a-la-place-des-martyrs\/","title":{"rendered":"66\u00e8me anniversaire: le G\u00e9n\u00e9ral Mamady Doumbouya d\u00e9pose la gerbe de fleur \u00e0 la place des martyrs"},"content":{"rendered":"<p>La Guin\u00e9e a c\u00e9l\u00e8br\u00e9 ce mardi 02 octobre 2024, le 66\u00e8me anniversaire de son accession \u00e0 l\u2019ind\u00e9pendance. A Conakry, le pr\u00e9sident de la transition G\u00e9n\u00e9ral Mamady Doumbouya accompagn\u00e9 de son \u00e9pouse Mme Lauriane Doumbouya, a d\u00e9pos\u00e9 une gerbe de fleur \u00e0 la place des martyrs, dans la commune de Kaloum.<a href=\"https:\/\/universnews224.com\/wp-content\/uploads\/2024\/10\/IMG-20241002-WA0025.jpg\"><img loading=\"lazy\" class=\"alignnone size-medium wp-image-6592\" src=\"https:\/\/universnews224.com\/wp-content\/uploads\/2024\/10\/IMG-20241002-WA0025-300x169.jpg\" alt=\"\" width=\"300\" height=\"169\" srcset=\"https:\/\/universnews224.com\/wp-content\/uploads\/2024\/10\/IMG-20241002-WA0025-300x169.jpg 300w, https:\/\/universnews224.com\/wp-content\/uploads\/2024\/10\/IMG-20241002-WA0025-1024x576.jpg 1024w, https:\/\/universnews224.com\/wp-content\/uploads\/2024\/10\/IMG-20241002-WA0025-768x432.jpg 768w, https:\/\/universnews224.com\/wp-content\/uploads\/2024\/10\/IMG-20241002-WA0025-800x450.jpg 800w, https:\/\/universnews224.com\/wp-content\/uploads\/2024\/10\/IMG-20241002-WA0025.jpg 1032w\" sizes=\"(max-width: 300px) 100vw, 300px\" \/><\/a><\/p>\n<p>Cette c\u00e9r\u00e9monie a connu la pr\u00e9sence du premier ministre chef du gouvernement, la gouverneur de la ville de Conakry, le conseiller \u00e0 la pr\u00e9sidence, le ministre secr\u00e9taire g\u00e9n\u00e9ral de la pr\u00e9sidence, le chef d&rsquo;\u00e9tat major des arm\u00e9es, et le haut commandant de la gendarmerie nationale.<\/p>\n<p>Apr\u00e8s la pose des gerbes de fleur, le pr\u00e9sident de la transition le G\u00e9n\u00e9ral Mamadi Doumbouya s&rsquo;est retourn\u00e9 au palais pr\u00e9sidentielle avec sa femme afin de se pr\u00e9parer pour les festivit\u00e9s de d\u00e9fil\u00e9 des hommes en uniformes au stade du 28 septembre sise dans la commune de Dixinn.<\/p>\n<p>Sana Sylla.<\/p>\n","protected":false},"excerpt":{"rendered":"<p>La Guin\u00e9e a c\u00e9l\u00e8br\u00e9 ce mardi 02 octobre 2024, le 66\u00e8me anniversaire de son accession<\/p>\n","protected":false},"author":2,"featured_media":6591,"comment_status":"closed","ping_status":"open","sticky":false,"template":"","format":"standard","meta":[],"categories":[3,4],"tags":[237],"yoast_head":"<!-- This site is optimized with the Yoast SEO plugin v19.13 - https:\/\/yoast.com\/wordpress\/plugins\/seo\/ -->\n<title>66\u00e8me anniversaire: le G\u00e9n\u00e9ral Mamady Doumbouya d\u00e9pose la gerbe de fleur \u00e0 la place des martyrs - UNIVERSNEWS224<\/title>\n<meta name=\"robots\" content=\"index, follow, max-snippet:-1, max-image-preview:large, max-video-preview:-1\" \/>\n<link rel=\"canonical\" href=\"https:\/\/universnews224.com\/index.php\/66eme-anniversaire-le-general-mamady-doumbouya-depose-la-gerbe-de-fleur-a-la-place-des-martyrs\/\" \/>\n<meta property=\"og:locale\" content=\"fr_FR\" \/>\n<meta property=\"og:type\" content=\"article\" \/>\n<meta property=\"og:title\" content=\"66\u00e8me anniversaire: le G\u00e9n\u00e9ral Mamady Doumbouya d\u00e9pose la gerbe de fleur \u00e0 la place des martyrs - UNIVERSNEWS224\" \/>\n<meta property=\"og:description\" content=\"La Guin\u00e9e a c\u00e9l\u00e8br\u00e9 ce mardi 02 octobre 2024, le 66\u00e8me anniversaire de son accession\" \/>\n<meta property=\"og:url\" content=\"https:\/\/universnews224.com\/index.php\/66eme-anniversaire-le-general-mamady-doumbouya-depose-la-gerbe-de-fleur-a-la-place-des-martyrs\/\" \/>\n<meta property=\"og:site_name\" content=\"UNIVERSNEWS224\" \/>\n<meta property=\"article:published_time\" content=\"2024-10-02T20:38:58+00:00\" \/>\n<meta property=\"og:image\" content=\"https:\/\/universnews224.com\/wp-content\/uploads\/2024\/10\/IMG-20241002-WA0026.jpg\" \/>\n\t<meta property=\"og:image:width\" content=\"625\" \/>\n\t<meta property=\"og:image:height\" content=\"424\" \/>\n\t<meta property=\"og:image:type\" content=\"image\/jpeg\" \/>\n<meta name=\"author\" content=\"La R\u00e9daction\" \/>\n<meta name=\"twitter:label1\" content=\"\u00c9crit par\" \/>\n\t<meta name=\"twitter:data1\" content=\"La R\u00e9daction\" \/>\n\t<meta name=\"twitter:label2\" content=\"Dur\u00e9e de lecture estim\u00e9e\" \/>\n\t<meta name=\"twitter:data2\" content=\"1 minute\" \/>\n<script type=\"application\/ld+json\" class=\"yoast-schema-graph\">{\"@context\":\"https:\/\/schema.org\",\"@graph\":[{\"@type\":\"Article\",\"@id\":\"https:\/\/universnews224.com\/index.php\/66eme-anniversaire-le-general-mamady-doumbouya-depose-la-gerbe-de-fleur-a-la-place-des-martyrs\/#article\",\"isPartOf\":{\"@id\":\"https:\/\/universnews224.com\/index.php\/66eme-anniversaire-le-general-mamady-doumbouya-depose-la-gerbe-de-fleur-a-la-place-des-martyrs\/\"},\"author\":{\"name\":\"La R\u00e9daction\",\"@id\":\"https:\/\/universnews224.com\/#\/schema\/person\/a4b7d4f94a4716df60456a491260485e\"},\"headline\":\"66\u00e8me anniversaire: le G\u00e9n\u00e9ral Mamady Doumbouya d\u00e9pose la gerbe de fleur \u00e0 la place des martyrs\",\"datePublished\":\"2024-10-02T20:38:58+00:00\",\"dateModified\":\"2024-10-02T20:38:58+00:00\",\"mainEntityOfPage\":{\"@id\":\"https:\/\/universnews224.com\/index.php\/66eme-anniversaire-le-general-mamady-doumbouya-depose-la-gerbe-de-fleur-a-la-place-des-martyrs\/\"},\"wordCount\":184,\"publisher\":{\"@id\":\"https:\/\/universnews224.com\/#organization\"},\"keywords\":[\"A la une\"],\"articleSection\":[\"ACTU\",\"POLITIQUE\"],\"inLanguage\":\"fr-FR\"},{\"@type\":\"WebPage\",\"@id\":\"https:\/\/universnews224.com\/index.php\/66eme-anniversaire-le-general-mamady-doumbouya-depose-la-gerbe-de-fleur-a-la-place-des-martyrs\/\",\"url\":\"https:\/\/universnews224.com\/index.php\/66eme-anniversaire-le-general-mamady-doumbouya-depose-la-gerbe-de-fleur-a-la-place-des-martyrs\/\",\"name\":\"66\u00e8me anniversaire: le G\u00e9n\u00e9ral Mamady Doumbouya d\u00e9pose la gerbe de fleur \u00e0 la place des martyrs - UNIVERSNEWS224\",\"isPartOf\":{\"@id\":\"https:\/\/universnews224.com\/#website\"},\"datePublished\":\"2024-10-02T20:38:58+00:00\",\"dateModified\":\"2024-10-02T20:38:58+00:00\",\"inLanguage\":\"fr-FR\",\"potentialAction\":[{\"@type\":\"ReadAction\",\"target\":[\"https:\/\/universnews224.com\/index.php\/66eme-anniversaire-le-general-mamady-doumbouya-depose-la-gerbe-de-fleur-a-la-place-des-martyrs\/\"]}]},{\"@type\":\"WebSite\",\"@id\":\"https:\/\/universnews224.com\/#website\",\"url\":\"https:\/\/universnews224.com\/\",\"name\":\"UNIVERSNEWS224\",\"description\":\"\",\"publisher\":{\"@id\":\"https:\/\/universnews224.com\/#organization\"},\"potentialAction\":[{\"@type\":\"SearchAction\",\"target\":{\"@type\":\"EntryPoint\",\"urlTemplate\":\"https:\/\/universnews224.com\/?s={search_term_string}\"},\"query-input\":\"required name=search_term_string\"}],\"inLanguage\":\"fr-FR\"},{\"@type\":\"Organization\",\"@id\":\"https:\/\/universnews224.com\/#organization\",\"name\":\"UNIVERSNEWS224\",\"url\":\"https:\/\/universnews224.com\/\",\"logo\":{\"@type\":\"ImageObject\",\"inLanguage\":\"fr-FR\",\"@id\":\"https:\/\/universnews224.com\/#\/schema\/logo\/image\/\",\"url\":\"https:\/\/universnews224.com\/wp-content\/uploads\/2022\/08\/cropped-cropped-logoban.jpg\",\"contentUrl\":\"https:\/\/universnews224.com\/wp-content\/uploads\/2022\/08\/cropped-cropped-logoban.jpg\",\"width\":1080,\"height\":138,\"caption\":\"UNIVERSNEWS224\"},\"image\":{\"@id\":\"https:\/\/universnews224.com\/#\/schema\/logo\/image\/\"}},{\"@type\":\"Person\",\"@id\":\"https:\/\/universnews224.com\/#\/schema\/person\/a4b7d4f94a4716df60456a491260485e\",\"name\":\"La R\u00e9daction\",\"image\":{\"@type\":\"ImageObject\",\"inLanguage\":\"fr-FR\",\"@id\":\"https:\/\/universnews224.com\/#\/schema\/person\/image\/\",\"url\":\"https:\/\/secure.gravatar.com\/avatar\/edb90acc7752b23e1b3307ad36c14f0d?s=96&d=mm&r=g\",\"contentUrl\":\"https:\/\/secure.gravatar.com\/avatar\/edb90acc7752b23e1b3307ad36c14f0d?s=96&d=mm&r=g\",\"caption\":\"La R\u00e9daction\"},\"sameAs\":[\"https:\/\/universnews224.com\"],\"url\":\"https:\/\/universnews224.com\/index.php\/author\/m-camara\/\"}]}<\/script>\n<!-- \/ Yoast SEO plugin. -->","yoast_head_json":{"title":"66\u00e8me anniversaire: le G\u00e9n\u00e9ral Mamady Doumbouya d\u00e9pose la gerbe de fleur \u00e0 la place des martyrs - UNIVERSNEWS224","robots":{"index":"index","follow":"follow","max-snippet":"max-snippet:-1","max-image-preview":"max-image-preview:large","max-video-preview":"max-video-preview:-1"},"canonical":"https:\/\/universnews224.com\/index.php\/66eme-anniversaire-le-general-mamady-doumbouya-depose-la-gerbe-de-fleur-a-la-place-des-martyrs\/","og_locale":"fr_FR","og_type":"article","og_title":"66\u00e8me anniversaire: le G\u00e9n\u00e9ral Mamady Doumbouya d\u00e9pose la gerbe de fleur \u00e0 la place des martyrs - UNIVERSNEWS224","og_description":"La Guin\u00e9e a c\u00e9l\u00e8br\u00e9 ce mardi 02 octobre 2024, le 66\u00e8me anniversaire de son accession","og_url":"https:\/\/universnews224.com\/index.php\/66eme-anniversaire-le-general-mamady-doumbouya-depose-la-gerbe-de-fleur-a-la-place-des-martyrs\/","og_site_name":"UNIVERSNEWS224","article_published_time":"2024-10-02T20:38:58+00:00","og_image":[{"width":625,"height":424,"url":"https:\/\/universnews224.com\/wp-content\/uploads\/2024\/10\/IMG-20241002-WA0026.jpg","type":"image\/jpeg"}],"author":"La R\u00e9daction","twitter_misc":{"\u00c9crit par":"La R\u00e9daction","Dur\u00e9e de lecture estim\u00e9e":"1 minute"},"schema":{"@context":"https:\/\/schema.org","@graph":[{"@type":"Article","@id":"https:\/\/universnews224.com\/index.php\/66eme-anniversaire-le-general-mamady-doumbouya-depose-la-gerbe-de-fleur-a-la-place-des-martyrs\/#article","isPartOf":{"@id":"https:\/\/universnews224.com\/index.php\/66eme-anniversaire-le-general-mamady-doumbouya-depose-la-gerbe-de-fleur-a-la-place-des-martyrs\/"},"author":{"name":"La R\u00e9daction","@id":"https:\/\/universnews224.com\/#\/schema\/person\/a4b7d4f94a4716df60456a491260485e"},"headline":"66\u00e8me anniversaire: le G\u00e9n\u00e9ral Mamady Doumbouya d\u00e9pose la gerbe de fleur \u00e0 la place des martyrs","datePublished":"2024-10-02T20:38:58+00:00","dateModified":"2024-10-02T20:38:58+00:00","mainEntityOfPage":{"@id":"https:\/\/universnews224.com\/index.php\/66eme-anniversaire-le-general-mamady-doumbouya-depose-la-gerbe-de-fleur-a-la-place-des-martyrs\/"},"wordCount":184,"publisher":{"@id":"https:\/\/universnews224.com\/#organization"},"keywords":["A la une"],"articleSection":["ACTU","POLITIQUE"],"inLanguage":"fr-FR"},{"@type":"WebPage","@id":"https:\/\/universnews224.com\/index.php\/66eme-anniversaire-le-general-mamady-doumbouya-depose-la-gerbe-de-fleur-a-la-place-des-martyrs\/","url":"https:\/\/universnews224.com\/index.php\/66eme-anniversaire-le-general-mamady-doumbouya-depose-la-gerbe-de-fleur-a-la-place-des-martyrs\/","name":"66\u00e8me anniversaire: le G\u00e9n\u00e9ral Mamady Doumbouya d\u00e9pose la gerbe de fleur \u00e0 la place des martyrs - UNIVERSNEWS224","isPartOf":{"@id":"https:\/\/universnews224.com\/#website"},"datePublished":"2024-10-02T20:38:58+00:00","dateModified":"2024-10-02T20:38:58+00:00","inLanguage":"fr-FR","potentialAction":[{"@type":"ReadAction","target":["https:\/\/universnews224.com\/index.php\/66eme-anniversaire-le-general-mamady-doumbouya-depose-la-gerbe-de-fleur-a-la-place-des-martyrs\/"]}]},{"@type":"WebSite","@id":"https:\/\/universnews224.com\/#website","url":"https:\/\/universnews224.com\/","name":"UNIVERSNEWS224","description":"","publisher":{"@id":"https:\/\/universnews224.com\/#organization"},"potentialAction":[{"@type":"SearchAction","target":{"@type":"EntryPoint","urlTemplate":"https:\/\/universnews224.com\/?s={search_term_string}"},"query-input":"required name=search_term_string"}],"inLanguage":"fr-FR"},{"@type":"Organization","@id":"https:\/\/universnews224.com\/#organization","name":"UNIVERSNEWS224","url":"https:\/\/universnews224.com\/","logo":{"@type":"ImageObject","inLanguage":"fr-FR","@id":"https:\/\/universnews224.com\/#\/schema\/logo\/image\/","url":"https:\/\/universnews224.com\/wp-content\/uploads\/2022\/08\/cropped-cropped-logoban.jpg","contentUrl":"https:\/\/universnews224.com\/wp-content\/uploads\/2022\/08\/cropped-cropped-logoban.jpg","width":1080,"height":138,"caption":"UNIVERSNEWS224"},"image":{"@id":"https:\/\/universnews224.com\/#\/schema\/logo\/image\/"}},{"@type":"Person","@id":"https:\/\/universnews224.com\/#\/schema\/person\/a4b7d4f94a4716df60456a491260485e","name":"La R\u00e9daction","image":{"@type":"ImageObject","inLanguage":"fr-FR","@id":"https:\/\/universnews224.com\/#\/schema\/person\/image\/","url":"https:\/\/secure.gravatar.com\/avatar\/edb90acc7752b23e1b3307ad36c14f0d?s=96&d=mm&r=g","contentUrl":"https:\/\/secure.gravatar.com\/avatar\/edb90acc7752b23e1b3307ad36c14f0d?s=96&d=mm&r=g","caption":"La R\u00e9daction"},"sameAs":["https:\/\/universnews224.com"],"url":"https:\/\/universnews224.com\/index.php\/author\/m-camara\/"}]}},"_links":{"self":[{"href":"https:\/\/universnews224.com\/index.php\/wp-json\/wp\/v2\/posts\/6590"}],"collection":[{"href":"https:\/\/universnews224.com\/index.php\/wp-json\/wp\/v2\/posts"}],"about":[{"href":"https:\/\/universnews224.com\/index.php\/wp-json\/wp\/v2\/types\/post"}],"author":[{"embeddable":true,"href":"https:\/\/universnews224.com\/index.php\/wp-json\/wp\/v2\/users\/2"}],"replies":[{"embeddable":true,"href":"https:\/\/universnews224.com\/index.php\/wp-json\/wp\/v2\/comments?post=6590"}],"version-history":[{"count":1,"href":"https:\/\/universnews224.com\/index.php\/wp-json\/wp\/v2\/posts\/6590\/revisions"}],"predecessor-version":[{"id":6593,"href":"https:\/\/universnews224.com\/index.php\/wp-json\/wp\/v2\/posts\/6590\/revisions\/6593"}],"wp:featuredmedia":[{"embeddable":true,"href":"https:\/\/universnews224.com\/index.php\/wp-json\/wp\/v2\/media\/6591"}],"wp:attachment":[{"href":"https:\/\/universnews224.com\/index.php\/wp-json\/wp\/v2\/media?parent=6590"}],"wp:term":[{"taxonomy":"category","embeddable":true,"href":"https:\/\/universnews224.com\/index.php\/wp-json\/wp\/v2\/categories?post=6590"},{"taxonomy":"post_tag","embeddable":true,"href":"https:\/\/universnews224.com\/index.php\/wp-json\/wp\/v2\/tags?post=6590"}],"curies":[{"name":"wp","href":"https:\/\/api.w.org\/{rel}","templated":true}]}}