{"id":6594,"date":"2024-10-02T21:44:37","date_gmt":"2024-10-02T20:44:37","guid":{"rendered":"https:\/\/universnews224.com\/?p=6594"},"modified":"2024-10-02T21:44:37","modified_gmt":"2024-10-02T20:44:37","slug":"urgent-aliou-cisse-demis-de-ses-fonctions-de-selectionneur-du-senegal","status":"publish","type":"post","link":"https:\/\/universnews224.com\/index.php\/urgent-aliou-cisse-demis-de-ses-fonctions-de-selectionneur-du-senegal\/","title":{"rendered":"Urgent : Aliou Ciss\u00e9 demis de ses fonctions de s\u00e9lectionneur du S\u00e9n\u00e9gal"},"content":{"rendered":"<p style=\"margin: 0px 0px 17px;color: #222222;font-family: Arial, 'Helvetica Neue', Helvetica, sans-serif\">C\u2019est une bombe dans le milieu du football s\u00e9n\u00e9galais. Aliou Ciss\u00e9 a \u00e9t\u00e9 demis de ses fonctions de s\u00e9lectionneur du S\u00e9n\u00e9gal. La F\u00e9d\u00e9ration S\u00e9n\u00e9galaise de Football (FSF) a d\u00e9voil\u00e9 cette information \u00e0 travers un communiqu\u00e9.<\/p>\n<p style=\"margin: 0px 0px 17px;color: #222222;font-family: Arial, 'Helvetica Neue', Helvetica, sans-serif\">Dans son communiqu\u00e9, la FSF indique avoir re\u00e7u \u00ab une lettre confidentielle de la Ministre de la Jeunesse, des Sports et de la Culture, Khady Di\u00e9ne GAYE portant non approbation de l\u2019avenant de renouvellement pour une ann\u00e9e du contrat de l\u2019entraineur de l\u2019\u00e9quipe nationale A, Aliou CISSE pour les motifs suivants: la non atteinte des objectifs assign\u00e9s dans le cadre de l\u2019avenant du 07 novembre 2022 arriv\u00e9 \u00e0 terme le 31 aout 2024 (victoire \u00e0 la CAN 2023 et qualification en quart de finale \u00e0 la coupe du monde 2022), la r\u00e9gression de notre \u00e9quipe nationale au classement FIFA et le risque de d\u00e9saffection entre notre s\u00e9lection nationale et les s\u00e9n\u00e9galais en g\u00e9n\u00e9ral.<\/p>\n<p style=\"margin: 0px 0px 17px;color: #222222;font-family: Arial, 'Helvetica Neue', Helvetica, sans-serif\">L\u2019autorit\u00e9 a d\u00e9duit comme cons\u00e9quence de sa d\u00e9cision que Monsieur CISSE n\u2019\u00e9tait plus couvert par un contrat d\u00fbment approuv\u00e9 par l\u2019Etat du S\u00e9n\u00e9gal et ne pouvait plus diriger la s\u00e9lection nationale \u00e0 compter de cet instant\u00a0\u00bb.<\/p>\n<div class=\"opfecnw opfecnw-post-inline opfecnw-float-center opfecnw-align-center opfecnw-column-1 opfecnw-hide-on-tablet-portrait opfecnw-hide-on-tablet-landscape opfecnw-hide-on-desktop opfecnw-clearfix no-bg-box-model\" style=\"text-align: center;margin-bottom: 12px;color: #222222;font-family: Arial, 'Helvetica Neue', Helvetica, sans-serif\">\n<div id=\"opfecnw-231298-1639848250\" class=\"opfecnw-container opfecnw-type-custom_code  opfecnw-hide-on-desktop opfecnw-hide-on-tablet-portrait opfecnw-hide-on-tablet-landscape\" style=\"margin-bottom: 0px\" data-adid=\"231298\" data-type=\"custom_code\"><ins class=\"adsbygoogle\" style=\"border: none;padding: 0px;border-spacing: 0px;margin-left: -15px;width: 384px;height: 0px\" data-ad-client=\"ca-pub-1870189416508001\" data-ad-slot=\"4596184177\" data-ad-format=\"auto\" data-full-width-responsive=\"true\" data-adsbygoogle-status=\"done\" data-ad-status=\"unfilled\"><\/p>\n<div id=\"aswift_1_host\" style=\"border: none;height: 0px;width: 384px;margin: 0px;padding: 0px;background-color: transparent;overflow: hidden\"><\/div>\n<p><\/ins><\/div>\n<\/div>\n<p style=\"margin: 0px 0px 17px;color: #222222;font-family: Arial, 'Helvetica Neue', Helvetica, sans-serif\">Khady Di\u00e9ne GAYE a par ailleurs invit\u00e9 la FSF \u00e0 prendre les dispositions utiles pour assurer la participation du S\u00e9n\u00e9gal \u00e0 la phase de qualification \u00e0 la CAN 2025.<\/p>\n<p><span style=\"color: #222222;font-family: Arial, 'Helvetica Neue', Helvetica, sans-serif\">La Ministre de la Jeunesse, des Sports et de la Culture du S\u00e9n\u00e9gal a instruit la FSF et la Direction Technique Nationale de mettre en place un staff int\u00e9rimaire pour assurer la continuit\u00e9 de la participation des Lions de la T\u00e9ranga aux \u00e9liminatoires de la CAN 2025.<\/span><\/p>\n<p>\u00abLa FSF tient \u00e0 remercier Monsieur Aliou CISSE pour sa bonne collaboration et ses brillants r\u00e9sultats \u00e0 la t\u00eate des diff\u00e9rentes s\u00e9lections nationales qu\u2019il a eu \u00e0 diriger depuis son arriv\u00e9e en 2011 et lui souhaite pleins succ\u00e8s pour l\u2019avenir\u00a0\u00bb, conclut le communiqu\u00e9 de la FSF.<\/p>\n<p>&nbsp;<\/p>\n<p>Nomm\u00e9 s\u00e9lectionneur principal de l\u2019\u00e9quipe nationale A du S\u00e9n\u00e9gal, Aliou Ciss\u00e9 a remport\u00e9 la CAN 2022.<\/p>\n<p style=\"margin: 0px 0px 17px;color: #222222;font-family: Arial, 'Helvetica Neue', Helvetica, sans-serif\">Il a conduit le S\u00e9n\u00e9gal \u00e0 la finale de la CAN 2019. Il a qualifi\u00e9 les Lions de la T\u00e9ranga aux coupes du monde 2018 et 2022.<\/p>\n<p style=\"margin: 0px 0px 17px;color: #222222;font-family: Arial, 'Helvetica Neue', Helvetica, sans-serif\">\u00a0Mediaguinee<\/p>\n","protected":false},"excerpt":{"rendered":"<p>C\u2019est une bombe dans le milieu du football s\u00e9n\u00e9galais. Aliou Ciss\u00e9 a \u00e9t\u00e9 demis de<\/p>\n","protected":false},"author":2,"featured_media":6595,"comment_status":"closed","ping_status":"open","sticky":false,"template":"","format":"standard","meta":[],"categories":[3,9],"tags":[237],"yoast_head":"<!-- This site is optimized with the Yoast SEO plugin v19.13 - https:\/\/yoast.com\/wordpress\/plugins\/seo\/ -->\n<title>Urgent : Aliou Ciss\u00e9 demis de ses fonctions de s\u00e9lectionneur du S\u00e9n\u00e9gal - UNIVERSNEWS224<\/title>\n<meta name=\"robots\" content=\"index, follow, max-snippet:-1, max-image-preview:large, max-video-preview:-1\" \/>\n<link rel=\"canonical\" href=\"https:\/\/universnews224.com\/index.php\/urgent-aliou-cisse-demis-de-ses-fonctions-de-selectionneur-du-senegal\/\" \/>\n<meta property=\"og:locale\" content=\"fr_FR\" \/>\n<meta property=\"og:type\" content=\"article\" \/>\n<meta property=\"og:title\" content=\"Urgent : Aliou Ciss\u00e9 demis de ses fonctions de s\u00e9lectionneur du S\u00e9n\u00e9gal - UNIVERSNEWS224\" \/>\n<meta property=\"og:description\" content=\"C\u2019est une bombe dans le milieu du football s\u00e9n\u00e9galais. Aliou Ciss\u00e9 a \u00e9t\u00e9 demis de\" \/>\n<meta property=\"og:url\" content=\"https:\/\/universnews224.com\/index.php\/urgent-aliou-cisse-demis-de-ses-fonctions-de-selectionneur-du-senegal\/\" \/>\n<meta property=\"og:site_name\" content=\"UNIVERSNEWS224\" \/>\n<meta property=\"article:published_time\" content=\"2024-10-02T20:44:37+00:00\" \/>\n<meta property=\"og:image\" content=\"https:\/\/universnews224.com\/wp-content\/uploads\/2024\/10\/f6d16.jpg\" \/>\n\t<meta property=\"og:image:width\" content=\"662\" \/>\n\t<meta property=\"og:image:height\" content=\"441\" \/>\n\t<meta property=\"og:image:type\" content=\"image\/jpeg\" \/>\n<meta name=\"author\" content=\"La R\u00e9daction\" \/>\n<meta name=\"twitter:label1\" content=\"\u00c9crit par\" \/>\n\t<meta name=\"twitter:data1\" content=\"La R\u00e9daction\" \/>\n\t<meta name=\"twitter:label2\" content=\"Dur\u00e9e de lecture estim\u00e9e\" \/>\n\t<meta name=\"twitter:data2\" content=\"2 minutes\" \/>\n<script type=\"application\/ld+json\" class=\"yoast-schema-graph\">{\"@context\":\"https:\/\/schema.org\",\"@graph\":[{\"@type\":\"Article\",\"@id\":\"https:\/\/universnews224.com\/index.php\/urgent-aliou-cisse-demis-de-ses-fonctions-de-selectionneur-du-senegal\/#article\",\"isPartOf\":{\"@id\":\"https:\/\/universnews224.com\/index.php\/urgent-aliou-cisse-demis-de-ses-fonctions-de-selectionneur-du-senegal\/\"},\"author\":{\"name\":\"La R\u00e9daction\",\"@id\":\"https:\/\/universnews224.com\/#\/schema\/person\/a4b7d4f94a4716df60456a491260485e\"},\"headline\":\"Urgent : Aliou Ciss\u00e9 demis de ses fonctions de s\u00e9lectionneur du S\u00e9n\u00e9gal\",\"datePublished\":\"2024-10-02T20:44:37+00:00\",\"dateModified\":\"2024-10-02T20:44:37+00:00\",\"mainEntityOfPage\":{\"@id\":\"https:\/\/universnews224.com\/index.php\/urgent-aliou-cisse-demis-de-ses-fonctions-de-selectionneur-du-senegal\/\"},\"wordCount\":397,\"publisher\":{\"@id\":\"https:\/\/universnews224.com\/#organization\"},\"keywords\":[\"A la une\"],\"articleSection\":[\"ACTU\",\"SPORT\"],\"inLanguage\":\"fr-FR\"},{\"@type\":\"WebPage\",\"@id\":\"https:\/\/universnews224.com\/index.php\/urgent-aliou-cisse-demis-de-ses-fonctions-de-selectionneur-du-senegal\/\",\"url\":\"https:\/\/universnews224.com\/index.php\/urgent-aliou-cisse-demis-de-ses-fonctions-de-selectionneur-du-senegal\/\",\"name\":\"Urgent : Aliou Ciss\u00e9 demis de ses fonctions de s\u00e9lectionneur du S\u00e9n\u00e9gal - UNIVERSNEWS224\",\"isPartOf\":{\"@id\":\"https:\/\/universnews224.com\/#website\"},\"datePublished\":\"2024-10-02T20:44:37+00:00\",\"dateModified\":\"2024-10-02T20:44:37+00:00\",\"inLanguage\":\"fr-FR\",\"potentialAction\":[{\"@type\":\"ReadAction\",\"target\":[\"https:\/\/universnews224.com\/index.php\/urgent-aliou-cisse-demis-de-ses-fonctions-de-selectionneur-du-senegal\/\"]}]},{\"@type\":\"WebSite\",\"@id\":\"https:\/\/universnews224.com\/#website\",\"url\":\"https:\/\/universnews224.com\/\",\"name\":\"UNIVERSNEWS224\",\"description\":\"\",\"publisher\":{\"@id\":\"https:\/\/universnews224.com\/#organization\"},\"potentialAction\":[{\"@type\":\"SearchAction\",\"target\":{\"@type\":\"EntryPoint\",\"urlTemplate\":\"https:\/\/universnews224.com\/?s={search_term_string}\"},\"query-input\":\"required name=search_term_string\"}],\"inLanguage\":\"fr-FR\"},{\"@type\":\"Organization\",\"@id\":\"https:\/\/universnews224.com\/#organization\",\"name\":\"UNIVERSNEWS224\",\"url\":\"https:\/\/universnews224.com\/\",\"logo\":{\"@type\":\"ImageObject\",\"inLanguage\":\"fr-FR\",\"@id\":\"https:\/\/universnews224.com\/#\/schema\/logo\/image\/\",\"url\":\"https:\/\/universnews224.com\/wp-content\/uploads\/2022\/08\/cropped-cropped-logoban.jpg\",\"contentUrl\":\"https:\/\/universnews224.com\/wp-content\/uploads\/2022\/08\/cropped-cropped-logoban.jpg\",\"width\":1080,\"height\":138,\"caption\":\"UNIVERSNEWS224\"},\"image\":{\"@id\":\"https:\/\/universnews224.com\/#\/schema\/logo\/image\/\"}},{\"@type\":\"Person\",\"@id\":\"https:\/\/universnews224.com\/#\/schema\/person\/a4b7d4f94a4716df60456a491260485e\",\"name\":\"La R\u00e9daction\",\"image\":{\"@type\":\"ImageObject\",\"inLanguage\":\"fr-FR\",\"@id\":\"https:\/\/universnews224.com\/#\/schema\/person\/image\/\",\"url\":\"https:\/\/secure.gravatar.com\/avatar\/edb90acc7752b23e1b3307ad36c14f0d?s=96&d=mm&r=g\",\"contentUrl\":\"https:\/\/secure.gravatar.com\/avatar\/edb90acc7752b23e1b3307ad36c14f0d?s=96&d=mm&r=g\",\"caption\":\"La R\u00e9daction\"},\"sameAs\":[\"https:\/\/universnews224.com\"],\"url\":\"https:\/\/universnews224.com\/index.php\/author\/m-camara\/\"}]}<\/script>\n<!-- \/ Yoast SEO plugin. -->","yoast_head_json":{"title":"Urgent : Aliou Ciss\u00e9 demis de ses fonctions de s\u00e9lectionneur du S\u00e9n\u00e9gal - UNIVERSNEWS224","robots":{"index":"index","follow":"follow","max-snippet":"max-snippet:-1","max-image-preview":"max-image-preview:large","max-video-preview":"max-video-preview:-1"},"canonical":"https:\/\/universnews224.com\/index.php\/urgent-aliou-cisse-demis-de-ses-fonctions-de-selectionneur-du-senegal\/","og_locale":"fr_FR","og_type":"article","og_title":"Urgent : Aliou Ciss\u00e9 demis de ses fonctions de s\u00e9lectionneur du S\u00e9n\u00e9gal - UNIVERSNEWS224","og_description":"C\u2019est une bombe dans le milieu du football s\u00e9n\u00e9galais. Aliou Ciss\u00e9 a \u00e9t\u00e9 demis de","og_url":"https:\/\/universnews224.com\/index.php\/urgent-aliou-cisse-demis-de-ses-fonctions-de-selectionneur-du-senegal\/","og_site_name":"UNIVERSNEWS224","article_published_time":"2024-10-02T20:44:37+00:00","og_image":[{"width":662,"height":441,"url":"https:\/\/universnews224.com\/wp-content\/uploads\/2024\/10\/f6d16.jpg","type":"image\/jpeg"}],"author":"La R\u00e9daction","twitter_misc":{"\u00c9crit par":"La R\u00e9daction","Dur\u00e9e de lecture estim\u00e9e":"2 minutes"},"schema":{"@context":"https:\/\/schema.org","@graph":[{"@type":"Article","@id":"https:\/\/universnews224.com\/index.php\/urgent-aliou-cisse-demis-de-ses-fonctions-de-selectionneur-du-senegal\/#article","isPartOf":{"@id":"https:\/\/universnews224.com\/index.php\/urgent-aliou-cisse-demis-de-ses-fonctions-de-selectionneur-du-senegal\/"},"author":{"name":"La R\u00e9daction","@id":"https:\/\/universnews224.com\/#\/schema\/person\/a4b7d4f94a4716df60456a491260485e"},"headline":"Urgent : Aliou Ciss\u00e9 demis de ses fonctions de s\u00e9lectionneur du S\u00e9n\u00e9gal","datePublished":"2024-10-02T20:44:37+00:00","dateModified":"2024-10-02T20:44:37+00:00","mainEntityOfPage":{"@id":"https:\/\/universnews224.com\/index.php\/urgent-aliou-cisse-demis-de-ses-fonctions-de-selectionneur-du-senegal\/"},"wordCount":397,"publisher":{"@id":"https:\/\/universnews224.com\/#organization"},"keywords":["A la une"],"articleSection":["ACTU","SPORT"],"inLanguage":"fr-FR"},{"@type":"WebPage","@id":"https:\/\/universnews224.com\/index.php\/urgent-aliou-cisse-demis-de-ses-fonctions-de-selectionneur-du-senegal\/","url":"https:\/\/universnews224.com\/index.php\/urgent-aliou-cisse-demis-de-ses-fonctions-de-selectionneur-du-senegal\/","name":"Urgent : Aliou Ciss\u00e9 demis de ses fonctions de s\u00e9lectionneur du S\u00e9n\u00e9gal - UNIVERSNEWS224","isPartOf":{"@id":"https:\/\/universnews224.com\/#website"},"datePublished":"2024-10-02T20:44:37+00:00","dateModified":"2024-10-02T20:44:37+00:00","inLanguage":"fr-FR","potentialAction":[{"@type":"ReadAction","target":["https:\/\/universnews224.com\/index.php\/urgent-aliou-cisse-demis-de-ses-fonctions-de-selectionneur-du-senegal\/"]}]},{"@type":"WebSite","@id":"https:\/\/universnews224.com\/#website","url":"https:\/\/universnews224.com\/","name":"UNIVERSNEWS224","description":"","publisher":{"@id":"https:\/\/universnews224.com\/#organization"},"potentialAction":[{"@type":"SearchAction","target":{"@type":"EntryPoint","urlTemplate":"https:\/\/universnews224.com\/?s={search_term_string}"},"query-input":"required name=search_term_string"}],"inLanguage":"fr-FR"},{"@type":"Organization","@id":"https:\/\/universnews224.com\/#organization","name":"UNIVERSNEWS224","url":"https:\/\/universnews224.com\/","logo":{"@type":"ImageObject","inLanguage":"fr-FR","@id":"https:\/\/universnews224.com\/#\/schema\/logo\/image\/","url":"https:\/\/universnews224.com\/wp-content\/uploads\/2022\/08\/cropped-cropped-logoban.jpg","contentUrl":"https:\/\/universnews224.com\/wp-content\/uploads\/2022\/08\/cropped-cropped-logoban.jpg","width":1080,"height":138,"caption":"UNIVERSNEWS224"},"image":{"@id":"https:\/\/universnews224.com\/#\/schema\/logo\/image\/"}},{"@type":"Person","@id":"https:\/\/universnews224.com\/#\/schema\/person\/a4b7d4f94a4716df60456a491260485e","name":"La R\u00e9daction","image":{"@type":"ImageObject","inLanguage":"fr-FR","@id":"https:\/\/universnews224.com\/#\/schema\/person\/image\/","url":"https:\/\/secure.gravatar.com\/avatar\/edb90acc7752b23e1b3307ad36c14f0d?s=96&d=mm&r=g","contentUrl":"https:\/\/secure.gravatar.com\/avatar\/edb90acc7752b23e1b3307ad36c14f0d?s=96&d=mm&r=g","caption":"La R\u00e9daction"},"sameAs":["https:\/\/universnews224.com"],"url":"https:\/\/universnews224.com\/index.php\/author\/m-camara\/"}]}},"_links":{"self":[{"href":"https:\/\/universnews224.com\/index.php\/wp-json\/wp\/v2\/posts\/6594"}],"collection":[{"href":"https:\/\/universnews224.com\/index.php\/wp-json\/wp\/v2\/posts"}],"about":[{"href":"https:\/\/universnews224.com\/index.php\/wp-json\/wp\/v2\/types\/post"}],"author":[{"embeddable":true,"href":"https:\/\/universnews224.com\/index.php\/wp-json\/wp\/v2\/users\/2"}],"replies":[{"embeddable":true,"href":"https:\/\/universnews224.com\/index.php\/wp-json\/wp\/v2\/comments?post=6594"}],"version-history":[{"count":1,"href":"https:\/\/universnews224.com\/index.php\/wp-json\/wp\/v2\/posts\/6594\/revisions"}],"predecessor-version":[{"id":6596,"href":"https:\/\/universnews224.com\/index.php\/wp-json\/wp\/v2\/posts\/6594\/revisions\/6596"}],"wp:featuredmedia":[{"embeddable":true,"href":"https:\/\/universnews224.com\/index.php\/wp-json\/wp\/v2\/media\/6595"}],"wp:attachment":[{"href":"https:\/\/universnews224.com\/index.php\/wp-json\/wp\/v2\/media?parent=6594"}],"wp:term":[{"taxonomy":"category","embeddable":true,"href":"https:\/\/universnews224.com\/index.php\/wp-json\/wp\/v2\/categories?post=6594"},{"taxonomy":"post_tag","embeddable":true,"href":"https:\/\/universnews224.com\/index.php\/wp-json\/wp\/v2\/tags?post=6594"}],"curies":[{"name":"wp","href":"https:\/\/api.w.org\/{rel}","templated":true}]}}