{"id":6622,"date":"2024-10-07T22:53:02","date_gmt":"2024-10-07T21:53:02","guid":{"rendered":"https:\/\/universnews224.com\/?p=6622"},"modified":"2024-10-07T22:53:02","modified_gmt":"2024-10-07T21:53:02","slug":"hamidou-barry-sur-la-reintegration-de-la-guinee-au-sein-de-loif-cest-un-ouf-de-soulagement","status":"publish","type":"post","link":"https:\/\/universnews224.com\/index.php\/hamidou-barry-sur-la-reintegration-de-la-guinee-au-sein-de-loif-cest-un-ouf-de-soulagement\/","title":{"rendered":"Hamidou Barry sur la r\u00e9int\u00e9gration de la Guin\u00e9e au sein de l\u2019OIF: \u201cC&rsquo;est un ouf de soulagement\u201d"},"content":{"rendered":"<p><strong>Le pr\u00e9sident du Parti Citoyen pour la D\u00e9fense des Int\u00e9r\u00eats Collectifs (PCDIC), s&rsquo;est prononc\u00e9 ce lundi 6 octobre 2024, sur la r\u00e9int\u00e9gration de la Guin\u00e9e au sein de l&rsquo;Organisation Internationale de la Francophonie (OIF), 3 ans apr\u00e8s son exclusion.<\/strong><\/p>\n<p>&nbsp;<\/p>\n<p>Hamidou Barry s\u2019est f\u00e9licit\u00e9 du retour de la Guin\u00e9e au sein de cette organisation 3 ans apr\u00e8s son exclusion.<\/p>\n<p>&nbsp;<\/p>\n<p><em>\u201cJe m&rsquo;en r\u00e9jouis en tant que guin\u00e9en de la lev\u00e9e de sanctions contre la Guin\u00e9e et pour notre r\u00e9int\u00e9gration \u00e0 nouveau au sein cette organisation dont on est membre. C&rsquo;est un ouf de soulagement parce que vous n&rsquo;\u00eates pas sans savoir que cette organisation accorde assez de subventions pour le fonctionnement de notre pays. Pour la petite histoire, vous n&rsquo;\u00eates pas sans savoir que c&rsquo;est la francophonie qui avait facilit\u00e9 le nettoyage du fichier avant les \u00e9lections de 2020. Donc, cela voudrait dire qu&rsquo;en tant que guin\u00e9en, nous devons nous en r\u00e9jouir et nous battre pour comment nous devons figurer parmi les bons \u00e9l\u00e8ves de la d\u00e9mocratie et de l&rsquo;\u00c9tat de droit dans notre continent et dans le monde\u201d<\/em>, a t-il indiqu\u00e9.<\/p>\n<p>&nbsp;<\/p>\n<p>En ce qui concerne la r\u00e9action du FNDC qui a affich\u00e9 son \u00e9tonnement, suite \u00e0 la r\u00e9int\u00e9gration de la Guin\u00e9e au sein de l&rsquo;organisation internationale de la francophonie, le pr\u00e9sident de l&rsquo;Alliance nationale pour le changement (ANC) estime que cela n&rsquo;engage que les responsables de cette plateforme.<\/p>\n<p><em>\u00ab\u00a0Nous estimons qu&rsquo;\u00e0 un moment donn\u00e9 en tant que guin\u00e9en, on ne peut pas s&rsquo;en r\u00e9jouir, lorsque notre pays subit des sanctions par endroit. Quelque soit le motif, nous sommes pour une all\u00e9geance pour que notre pays se tienne debout, pour que notre pays puisse amorcer la marche vers un lendemain meilleur. C&rsquo;est cela notre pr\u00e9occupation majeure, lorsqu&rsquo;il y a putsch, de coutume, le pays est sevr\u00e9 de toutes les organisations internationales. Lorsqu&rsquo;ils estiment aujourd&rsquo;hui que notre pays est entrain d&rsquo;avancer par rapport au retour \u00e0 l\u2019ordre constitutionnel, je pense que c&rsquo;est un regard qui engage la francophonie. Nous \u00e0 notre niveau, nous estimons qu&rsquo;il y a des engagements qui peinent \u00e0 avoir lieu par rapport au retour \u00e0 l\u2019ordre constitutionnel. Donc, d&rsquo;une part en tant que patriote, je salue la lev\u00e9e, de l&rsquo;autre c\u00f4t\u00e9, je pense qu&rsquo;il y a un autre mobile ayant pr\u00e9valu \u00e0 la lev\u00e9e des sanctions autre que la c\u00e9l\u00e9rit\u00e9 de retour \u00e0 l\u2019ordre constitutionnel<\/em>\u201d, a t-il indiqu\u00e9 sur les ondes de la radio Nostalgie Guin\u00e9e dans l&rsquo;\u00e9motion Africa2015.<\/p>\n<p>&nbsp;<\/p>\n","protected":false},"excerpt":{"rendered":"<p>Le pr\u00e9sident du Parti Citoyen pour la D\u00e9fense des Int\u00e9r\u00eats Collectifs (PCDIC), s&rsquo;est prononc\u00e9 ce<\/p>\n","protected":false},"author":2,"featured_media":5774,"comment_status":"closed","ping_status":"open","sticky":false,"template":"","format":"standard","meta":[],"categories":[3,4],"tags":[237],"yoast_head":"<!-- This site is optimized with the Yoast SEO plugin v19.13 - https:\/\/yoast.com\/wordpress\/plugins\/seo\/ -->\n<title>Hamidou Barry sur la r\u00e9int\u00e9gration de la Guin\u00e9e au sein de l\u2019OIF: \u201cC&#039;est un ouf de soulagement\u201d - UNIVERSNEWS224<\/title>\n<meta name=\"robots\" content=\"index, follow, max-snippet:-1, max-image-preview:large, max-video-preview:-1\" \/>\n<link rel=\"canonical\" href=\"https:\/\/universnews224.com\/index.php\/hamidou-barry-sur-la-reintegration-de-la-guinee-au-sein-de-loif-cest-un-ouf-de-soulagement\/\" \/>\n<meta property=\"og:locale\" content=\"fr_FR\" \/>\n<meta property=\"og:type\" content=\"article\" \/>\n<meta property=\"og:title\" content=\"Hamidou Barry sur la r\u00e9int\u00e9gration de la Guin\u00e9e au sein de l\u2019OIF: \u201cC&#039;est un ouf de soulagement\u201d - UNIVERSNEWS224\" \/>\n<meta property=\"og:description\" content=\"Le pr\u00e9sident du Parti Citoyen pour la D\u00e9fense des Int\u00e9r\u00eats Collectifs (PCDIC), s&rsquo;est prononc\u00e9 ce\" \/>\n<meta property=\"og:url\" content=\"https:\/\/universnews224.com\/index.php\/hamidou-barry-sur-la-reintegration-de-la-guinee-au-sein-de-loif-cest-un-ouf-de-soulagement\/\" \/>\n<meta property=\"og:site_name\" content=\"UNIVERSNEWS224\" \/>\n<meta property=\"article:published_time\" content=\"2024-10-07T21:53:02+00:00\" \/>\n<meta property=\"og:image\" content=\"https:\/\/universnews224.com\/wp-content\/uploads\/2024\/06\/FAA81855-4EB9-4801-BBB3-D78F3000587F.jpeg\" \/>\n\t<meta property=\"og:image:width\" content=\"735\" \/>\n\t<meta property=\"og:image:height\" content=\"400\" \/>\n\t<meta property=\"og:image:type\" content=\"image\/jpeg\" \/>\n<meta name=\"author\" content=\"La R\u00e9daction\" \/>\n<meta name=\"twitter:label1\" content=\"\u00c9crit par\" \/>\n\t<meta name=\"twitter:data1\" content=\"La R\u00e9daction\" \/>\n\t<meta name=\"twitter:label2\" content=\"Dur\u00e9e de lecture estim\u00e9e\" \/>\n\t<meta name=\"twitter:data2\" content=\"3 minutes\" \/>\n<script type=\"application\/ld+json\" class=\"yoast-schema-graph\">{\"@context\":\"https:\/\/schema.org\",\"@graph\":[{\"@type\":\"Article\",\"@id\":\"https:\/\/universnews224.com\/index.php\/hamidou-barry-sur-la-reintegration-de-la-guinee-au-sein-de-loif-cest-un-ouf-de-soulagement\/#article\",\"isPartOf\":{\"@id\":\"https:\/\/universnews224.com\/index.php\/hamidou-barry-sur-la-reintegration-de-la-guinee-au-sein-de-loif-cest-un-ouf-de-soulagement\/\"},\"author\":{\"name\":\"La R\u00e9daction\",\"@id\":\"https:\/\/universnews224.com\/#\/schema\/person\/a4b7d4f94a4716df60456a491260485e\"},\"headline\":\"Hamidou Barry sur la r\u00e9int\u00e9gration de la Guin\u00e9e au sein de l\u2019OIF: \u201cC&rsquo;est un ouf de soulagement\u201d\",\"datePublished\":\"2024-10-07T21:53:02+00:00\",\"dateModified\":\"2024-10-07T21:53:02+00:00\",\"mainEntityOfPage\":{\"@id\":\"https:\/\/universnews224.com\/index.php\/hamidou-barry-sur-la-reintegration-de-la-guinee-au-sein-de-loif-cest-un-ouf-de-soulagement\/\"},\"wordCount\":457,\"publisher\":{\"@id\":\"https:\/\/universnews224.com\/#organization\"},\"keywords\":[\"A la une\"],\"articleSection\":[\"ACTU\",\"POLITIQUE\"],\"inLanguage\":\"fr-FR\"},{\"@type\":\"WebPage\",\"@id\":\"https:\/\/universnews224.com\/index.php\/hamidou-barry-sur-la-reintegration-de-la-guinee-au-sein-de-loif-cest-un-ouf-de-soulagement\/\",\"url\":\"https:\/\/universnews224.com\/index.php\/hamidou-barry-sur-la-reintegration-de-la-guinee-au-sein-de-loif-cest-un-ouf-de-soulagement\/\",\"name\":\"Hamidou Barry sur la r\u00e9int\u00e9gration de la Guin\u00e9e au sein de l\u2019OIF: \u201cC'est un ouf de soulagement\u201d - UNIVERSNEWS224\",\"isPartOf\":{\"@id\":\"https:\/\/universnews224.com\/#website\"},\"datePublished\":\"2024-10-07T21:53:02+00:00\",\"dateModified\":\"2024-10-07T21:53:02+00:00\",\"inLanguage\":\"fr-FR\",\"potentialAction\":[{\"@type\":\"ReadAction\",\"target\":[\"https:\/\/universnews224.com\/index.php\/hamidou-barry-sur-la-reintegration-de-la-guinee-au-sein-de-loif-cest-un-ouf-de-soulagement\/\"]}]},{\"@type\":\"WebSite\",\"@id\":\"https:\/\/universnews224.com\/#website\",\"url\":\"https:\/\/universnews224.com\/\",\"name\":\"UNIVERSNEWS224\",\"description\":\"\",\"publisher\":{\"@id\":\"https:\/\/universnews224.com\/#organization\"},\"potentialAction\":[{\"@type\":\"SearchAction\",\"target\":{\"@type\":\"EntryPoint\",\"urlTemplate\":\"https:\/\/universnews224.com\/?s={search_term_string}\"},\"query-input\":\"required name=search_term_string\"}],\"inLanguage\":\"fr-FR\"},{\"@type\":\"Organization\",\"@id\":\"https:\/\/universnews224.com\/#organization\",\"name\":\"UNIVERSNEWS224\",\"url\":\"https:\/\/universnews224.com\/\",\"logo\":{\"@type\":\"ImageObject\",\"inLanguage\":\"fr-FR\",\"@id\":\"https:\/\/universnews224.com\/#\/schema\/logo\/image\/\",\"url\":\"https:\/\/universnews224.com\/wp-content\/uploads\/2022\/08\/cropped-cropped-logoban.jpg\",\"contentUrl\":\"https:\/\/universnews224.com\/wp-content\/uploads\/2022\/08\/cropped-cropped-logoban.jpg\",\"width\":1080,\"height\":138,\"caption\":\"UNIVERSNEWS224\"},\"image\":{\"@id\":\"https:\/\/universnews224.com\/#\/schema\/logo\/image\/\"}},{\"@type\":\"Person\",\"@id\":\"https:\/\/universnews224.com\/#\/schema\/person\/a4b7d4f94a4716df60456a491260485e\",\"name\":\"La R\u00e9daction\",\"image\":{\"@type\":\"ImageObject\",\"inLanguage\":\"fr-FR\",\"@id\":\"https:\/\/universnews224.com\/#\/schema\/person\/image\/\",\"url\":\"https:\/\/secure.gravatar.com\/avatar\/edb90acc7752b23e1b3307ad36c14f0d?s=96&d=mm&r=g\",\"contentUrl\":\"https:\/\/secure.gravatar.com\/avatar\/edb90acc7752b23e1b3307ad36c14f0d?s=96&d=mm&r=g\",\"caption\":\"La R\u00e9daction\"},\"sameAs\":[\"https:\/\/universnews224.com\"],\"url\":\"https:\/\/universnews224.com\/index.php\/author\/m-camara\/\"}]}<\/script>\n<!-- \/ Yoast SEO plugin. -->","yoast_head_json":{"title":"Hamidou Barry sur la r\u00e9int\u00e9gration de la Guin\u00e9e au sein de l\u2019OIF: \u201cC'est un ouf de soulagement\u201d - UNIVERSNEWS224","robots":{"index":"index","follow":"follow","max-snippet":"max-snippet:-1","max-image-preview":"max-image-preview:large","max-video-preview":"max-video-preview:-1"},"canonical":"https:\/\/universnews224.com\/index.php\/hamidou-barry-sur-la-reintegration-de-la-guinee-au-sein-de-loif-cest-un-ouf-de-soulagement\/","og_locale":"fr_FR","og_type":"article","og_title":"Hamidou Barry sur la r\u00e9int\u00e9gration de la Guin\u00e9e au sein de l\u2019OIF: \u201cC'est un ouf de soulagement\u201d - UNIVERSNEWS224","og_description":"Le pr\u00e9sident du Parti Citoyen pour la D\u00e9fense des Int\u00e9r\u00eats Collectifs (PCDIC), s&rsquo;est prononc\u00e9 ce","og_url":"https:\/\/universnews224.com\/index.php\/hamidou-barry-sur-la-reintegration-de-la-guinee-au-sein-de-loif-cest-un-ouf-de-soulagement\/","og_site_name":"UNIVERSNEWS224","article_published_time":"2024-10-07T21:53:02+00:00","og_image":[{"width":735,"height":400,"url":"https:\/\/universnews224.com\/wp-content\/uploads\/2024\/06\/FAA81855-4EB9-4801-BBB3-D78F3000587F.jpeg","type":"image\/jpeg"}],"author":"La R\u00e9daction","twitter_misc":{"\u00c9crit par":"La R\u00e9daction","Dur\u00e9e de lecture estim\u00e9e":"3 minutes"},"schema":{"@context":"https:\/\/schema.org","@graph":[{"@type":"Article","@id":"https:\/\/universnews224.com\/index.php\/hamidou-barry-sur-la-reintegration-de-la-guinee-au-sein-de-loif-cest-un-ouf-de-soulagement\/#article","isPartOf":{"@id":"https:\/\/universnews224.com\/index.php\/hamidou-barry-sur-la-reintegration-de-la-guinee-au-sein-de-loif-cest-un-ouf-de-soulagement\/"},"author":{"name":"La R\u00e9daction","@id":"https:\/\/universnews224.com\/#\/schema\/person\/a4b7d4f94a4716df60456a491260485e"},"headline":"Hamidou Barry sur la r\u00e9int\u00e9gration de la Guin\u00e9e au sein de l\u2019OIF: \u201cC&rsquo;est un ouf de soulagement\u201d","datePublished":"2024-10-07T21:53:02+00:00","dateModified":"2024-10-07T21:53:02+00:00","mainEntityOfPage":{"@id":"https:\/\/universnews224.com\/index.php\/hamidou-barry-sur-la-reintegration-de-la-guinee-au-sein-de-loif-cest-un-ouf-de-soulagement\/"},"wordCount":457,"publisher":{"@id":"https:\/\/universnews224.com\/#organization"},"keywords":["A la une"],"articleSection":["ACTU","POLITIQUE"],"inLanguage":"fr-FR"},{"@type":"WebPage","@id":"https:\/\/universnews224.com\/index.php\/hamidou-barry-sur-la-reintegration-de-la-guinee-au-sein-de-loif-cest-un-ouf-de-soulagement\/","url":"https:\/\/universnews224.com\/index.php\/hamidou-barry-sur-la-reintegration-de-la-guinee-au-sein-de-loif-cest-un-ouf-de-soulagement\/","name":"Hamidou Barry sur la r\u00e9int\u00e9gration de la Guin\u00e9e au sein de l\u2019OIF: \u201cC'est un ouf de soulagement\u201d - UNIVERSNEWS224","isPartOf":{"@id":"https:\/\/universnews224.com\/#website"},"datePublished":"2024-10-07T21:53:02+00:00","dateModified":"2024-10-07T21:53:02+00:00","inLanguage":"fr-FR","potentialAction":[{"@type":"ReadAction","target":["https:\/\/universnews224.com\/index.php\/hamidou-barry-sur-la-reintegration-de-la-guinee-au-sein-de-loif-cest-un-ouf-de-soulagement\/"]}]},{"@type":"WebSite","@id":"https:\/\/universnews224.com\/#website","url":"https:\/\/universnews224.com\/","name":"UNIVERSNEWS224","description":"","publisher":{"@id":"https:\/\/universnews224.com\/#organization"},"potentialAction":[{"@type":"SearchAction","target":{"@type":"EntryPoint","urlTemplate":"https:\/\/universnews224.com\/?s={search_term_string}"},"query-input":"required name=search_term_string"}],"inLanguage":"fr-FR"},{"@type":"Organization","@id":"https:\/\/universnews224.com\/#organization","name":"UNIVERSNEWS224","url":"https:\/\/universnews224.com\/","logo":{"@type":"ImageObject","inLanguage":"fr-FR","@id":"https:\/\/universnews224.com\/#\/schema\/logo\/image\/","url":"https:\/\/universnews224.com\/wp-content\/uploads\/2022\/08\/cropped-cropped-logoban.jpg","contentUrl":"https:\/\/universnews224.com\/wp-content\/uploads\/2022\/08\/cropped-cropped-logoban.jpg","width":1080,"height":138,"caption":"UNIVERSNEWS224"},"image":{"@id":"https:\/\/universnews224.com\/#\/schema\/logo\/image\/"}},{"@type":"Person","@id":"https:\/\/universnews224.com\/#\/schema\/person\/a4b7d4f94a4716df60456a491260485e","name":"La R\u00e9daction","image":{"@type":"ImageObject","inLanguage":"fr-FR","@id":"https:\/\/universnews224.com\/#\/schema\/person\/image\/","url":"https:\/\/secure.gravatar.com\/avatar\/edb90acc7752b23e1b3307ad36c14f0d?s=96&d=mm&r=g","contentUrl":"https:\/\/secure.gravatar.com\/avatar\/edb90acc7752b23e1b3307ad36c14f0d?s=96&d=mm&r=g","caption":"La R\u00e9daction"},"sameAs":["https:\/\/universnews224.com"],"url":"https:\/\/universnews224.com\/index.php\/author\/m-camara\/"}]}},"_links":{"self":[{"href":"https:\/\/universnews224.com\/index.php\/wp-json\/wp\/v2\/posts\/6622"}],"collection":[{"href":"https:\/\/universnews224.com\/index.php\/wp-json\/wp\/v2\/posts"}],"about":[{"href":"https:\/\/universnews224.com\/index.php\/wp-json\/wp\/v2\/types\/post"}],"author":[{"embeddable":true,"href":"https:\/\/universnews224.com\/index.php\/wp-json\/wp\/v2\/users\/2"}],"replies":[{"embeddable":true,"href":"https:\/\/universnews224.com\/index.php\/wp-json\/wp\/v2\/comments?post=6622"}],"version-history":[{"count":1,"href":"https:\/\/universnews224.com\/index.php\/wp-json\/wp\/v2\/posts\/6622\/revisions"}],"predecessor-version":[{"id":6623,"href":"https:\/\/universnews224.com\/index.php\/wp-json\/wp\/v2\/posts\/6622\/revisions\/6623"}],"wp:featuredmedia":[{"embeddable":true,"href":"https:\/\/universnews224.com\/index.php\/wp-json\/wp\/v2\/media\/5774"}],"wp:attachment":[{"href":"https:\/\/universnews224.com\/index.php\/wp-json\/wp\/v2\/media?parent=6622"}],"wp:term":[{"taxonomy":"category","embeddable":true,"href":"https:\/\/universnews224.com\/index.php\/wp-json\/wp\/v2\/categories?post=6622"},{"taxonomy":"post_tag","embeddable":true,"href":"https:\/\/universnews224.com\/index.php\/wp-json\/wp\/v2\/tags?post=6622"}],"curies":[{"name":"wp","href":"https:\/\/api.w.org\/{rel}","templated":true}]}}