{"id":6627,"date":"2024-10-09T00:54:32","date_gmt":"2024-10-08T23:54:32","guid":{"rendered":"https:\/\/universnews224.com\/?p=6627"},"modified":"2024-10-09T00:54:32","modified_gmt":"2024-10-08T23:54:32","slug":"lettre-ouverte-au-ministre-des-mines-et-de-la-geologie","status":"publish","type":"post","link":"https:\/\/universnews224.com\/index.php\/lettre-ouverte-au-ministre-des-mines-et-de-la-geologie\/","title":{"rendered":"Lettre ouverte au Ministre des Mines et de la G\u00e9ologie"},"content":{"rendered":"<div class=\"td-pb-row\" style=\"margin: 0px;padding: 0px;color: #010101;font-family: -apple-system, BlinkMacSystemFont, 'Noto Sans', 'system-ui', 'Segoe UI', Roboto, Helvetica, Arial, sans-serif, 'Apple Color Emoji', 'Segoe UI Emoji', 'Segoe UI Symbol'\">\n<div class=\"td-pb-span12\" style=\"margin: 0px;padding: 0px\">\n<div class=\"td-post-header\" style=\"margin: 0px;padding: 0px\">\n<header class=\"td-post-title\" style=\"margin: 0px;padding: 0px\">\n<div class=\"td-module-meta-info\" style=\"margin: 0px;padding: 0px\"><em style=\"margin: 0px;padding: 0px\">Monsieur le Ministre,<\/em><\/div>\n<\/header>\n<\/div>\n<\/div>\n<\/div>\n<div class=\"td-pb-row\" style=\"margin: 0px;padding: 0px;color: #010101;font-family: -apple-system, BlinkMacSystemFont, 'Noto Sans', 'system-ui', 'Segoe UI', Roboto, Helvetica, Arial, sans-serif, 'Apple Color Emoji', 'Segoe UI Emoji', 'Segoe UI Symbol'\">\n<div class=\"td-pb-span8 td-main-content\" style=\"margin: 0px;padding: 0px\" role=\"main\">\n<div class=\"td-ss-main-content\" style=\"margin: 0px;padding: 0px\">\n<div class=\"td-post-content\" style=\"margin: 0px;padding: 0px\">\n<div class=\"td-main-content-wrap td-container-wrap\" style=\"margin: 0px;padding: 0px\">\n<div class=\"td-container td-post-template-default \" style=\"margin: 0px;padding: 0px\">\n<div class=\"td-pb-row\" style=\"margin: 0px;padding: 0px\">\n<div class=\"td-pb-span8 td-main-content\" style=\"margin: 0px;padding: 0px\" role=\"main\">\n<div class=\"td-ss-main-content\" style=\"margin: 0px;padding: 0px\">\n<article id=\"post-34009\" class=\"post-34009 post type-post status-publish format-standard has-post-thumbnail hentry category-news\" style=\"margin: 0px;padding: 0px\">\n<div class=\"td-post-content\" style=\"margin: 0px;padding: 0px\">\n<p style=\"margin: 20px 0px;padding: 0px;line-height: 1.8\"><em style=\"margin: 0px;padding: 0px\">Apr\u00e8s vos cent jours et quelques semaines \u00e0 la t\u00eate du Minist\u00e8re des Mines et de la G\u00e9ologie, je vous \u00e9cris cette lettre pour solliciter des \u00e9claircissements sur votre approche des questions mini\u00e8res. Votre pr\u00e9d\u00e9cesseur n\u2019a jamais d\u00e9livr\u00e9 de permis, donnant souvent des injonctions pour l\u2019arr\u00eat des travaux sur les sites miniers. Je m\u2019interroge donc sur la continuit\u00e9 ou non de cette approche.<\/em><\/p>\n<p style=\"margin: 20px 0px;padding: 0px;line-height: 1.8\"><em style=\"margin: 0px;padding: 0px\">En tant que journaliste d\u2019investigation et analyste des questions mini\u00e8res et environnementales, je constate que le Centre de Promotion et du D\u00e9veloppement Minier (CPDM) reste toujours ferm\u00e9 \u00e0 la d\u00e9livrance des permis de recherche. De nombreuses demandes de permis d\u2019exploitation continuent d\u2019\u00eatre transmises \u00e0 votre cabinet en attente d\u2019obtention de d\u00e9crets. Cela freine l\u2019avancement de nombreux projets et soul\u00e8ve des inqui\u00e9tudes quant \u00e0 la dynamique que vous comptez instaurer au sein du minist\u00e8re.<\/em><\/p>\n<p style=\"margin: 20px 0px;padding: 0px;line-height: 1.8\"><em style=\"margin: 0px;padding: 0px\">De plus, le laboratoire charg\u00e9 des analyses des<\/em><em style=\"margin: 0px;padding: 0px\">produits miniers, tels que l\u2019or et la bauxite, semble encore dysfonctionnel, obligeant les soci\u00e9t\u00e9s \u00e0 envoyer leurs \u00e9chantillons au Mali pour analyses. Malgr\u00e9 cela, des \u00e9tiquettes estampill\u00e9es du d\u00e9partement des mines sont appliqu\u00e9es, laissant penser que le travail est effectu\u00e9 localement. Cette situation pose un probl\u00e8me de transparence et d\u2019efficacit\u00e9 dans la gestion des ressources mini\u00e8res.<\/em><\/p>\n<\/div>\n<p style=\"margin: 20px 0px;padding: 0px;line-height: 1.8\"><em style=\"margin: 0px;padding: 0px\">Je vous encourage \u00e0 recevoir les soci\u00e9t\u00e9s en litige, que ce soit entre elles ou avec d\u2019autres structures de l\u2019\u00c9tat, afin de mieux cerner les diff\u00e9rends et de les r\u00e9soudre de mani\u00e8re \u00e9quitable. Ces conflits miniers sont une r\u00e9alit\u00e9 que vous avez h\u00e9rit\u00e9e, et il est dans l\u2019int\u00e9r\u00eat de tous qu\u2019ils soient r\u00e9solus rapidement.<\/em><\/p>\n<p style=\"margin: 20px 0px;padding: 0px;line-height: 1.8\"><em style=\"margin: 0px;padding: 0px\">Enfin, je me permets d\u2019attirer votre attention sur la situation particuli\u00e8re de la soci\u00e9t\u00e9 AMR, dont les activit\u00e9s sont suspendues depuis plusieurs mois malgr\u00e9 des d\u00e9cisions de justice en sa faveur. \u00c0 Kindia, la soci\u00e9t\u00e9 Fako Resources a remport\u00e9 un proc\u00e8s contre Ashapura, mais une demande d\u2019arr\u00eat des travaux a \u00e9t\u00e9 faite en faveur d\u2019Ashapura, mettant encore une fois en cause la l\u00e9gitimit\u00e9 des d\u00e9cisions judiciaires.<\/em><\/p>\n<p style=\"margin: 20px 0px;padding: 0px;line-height: 1.8\"><em style=\"margin: 0px;padding: 0px\">Monsieur le Ministre, vous avez occup\u00e9 des fonctions cl\u00e9s dans l\u2019administration mini\u00e8re pendant plus de 12 ans sous le r\u00e9gime d\u2019Alpha Cond\u00e9, ce qui laisse supposer que vous \u00eates bien au fait de ces dossiers complexes. Il est urgent de r\u00e9gler ces diff\u00e9rends afin d\u2019\u00e9viter des ch\u00f4mages techniques et la cessation des contrats des employ\u00e9s des soci\u00e9t\u00e9s concern\u00e9es.<\/em><\/p>\n<p style=\"margin: 20px 0px;padding: 0px;line-height: 1.8\"><em style=\"margin: 0px;padding: 0px\">Dans l\u2019attente d\u2019une r\u00e9ponse de votre part, je vous prie de croire, Monsieur le Ministre, en l\u2019assurance de ma consid\u00e9rationdistingu\u00e9e.<\/em><\/p>\n<p style=\"margin: 20px 0px;padding: 0px;line-height: 1.8\"><em style=\"margin: 0px;padding: 0px\"><span style=\"margin: 0px;padding: 0px;font-weight: bold\">Ibrahima NDiaye<\/span><\/em><br style=\"margin: 0px;padding: 0px;height: 1px;line-height: 1\" \/><em style=\"margin: 0px;padding: 0px\"><span style=\"margin: 0px;padding: 0px;font-weight: bold\">Journaliste d\u2019investigation et Analyste des questions mini\u00e8res et environnementales<\/span><\/em><\/p>\n<p style=\"margin: 20px 0px;padding: 0px;line-height: 1.8\"><em style=\"margin: 0px;padding: 0px\"><span style=\"margin: 0px;padding: 0px;font-weight: bold\">Tel: 664239990<\/span><\/em><\/p>\n<div class=\"td-post-content\" style=\"margin: 0px;padding: 0px\">\n<p style=\"margin: 20px 0px;padding: 0px;line-height: 1.8;text-align: right\">\n<\/div>\n<\/article>\n<\/div>\n<\/div>\n<\/div>\n<\/div>\n<\/div>\n<\/div>\n<\/div>\n<\/div>\n<\/div>\n","protected":false},"excerpt":{"rendered":"<p>Monsieur le Ministre, Apr\u00e8s vos cent jours et quelques semaines \u00e0 la t\u00eate du Minist\u00e8re<\/p>\n","protected":false},"author":2,"featured_media":6628,"comment_status":"closed","ping_status":"open","sticky":false,"template":"","format":"standard","meta":[],"categories":[3,5],"tags":[237],"yoast_head":"<!-- This site is optimized with the Yoast SEO plugin v19.13 - https:\/\/yoast.com\/wordpress\/plugins\/seo\/ -->\n<title>Lettre ouverte au Ministre des Mines et de la G\u00e9ologie - UNIVERSNEWS224<\/title>\n<meta name=\"robots\" content=\"index, follow, max-snippet:-1, max-image-preview:large, max-video-preview:-1\" \/>\n<link rel=\"canonical\" href=\"https:\/\/universnews224.com\/index.php\/lettre-ouverte-au-ministre-des-mines-et-de-la-geologie\/\" \/>\n<meta property=\"og:locale\" content=\"fr_FR\" \/>\n<meta property=\"og:type\" content=\"article\" \/>\n<meta property=\"og:title\" content=\"Lettre ouverte au Ministre des Mines et de la G\u00e9ologie - UNIVERSNEWS224\" \/>\n<meta property=\"og:description\" content=\"Monsieur le Ministre, Apr\u00e8s vos cent jours et quelques semaines \u00e0 la t\u00eate du Minist\u00e8re\" \/>\n<meta property=\"og:url\" content=\"https:\/\/universnews224.com\/index.php\/lettre-ouverte-au-ministre-des-mines-et-de-la-geologie\/\" \/>\n<meta property=\"og:site_name\" content=\"UNIVERSNEWS224\" \/>\n<meta property=\"article:published_time\" content=\"2024-10-08T23:54:32+00:00\" \/>\n<meta property=\"og:image\" content=\"https:\/\/universnews224.com\/wp-content\/uploads\/2024\/10\/minets.jpg\" \/>\n\t<meta property=\"og:image:width\" content=\"696\" \/>\n\t<meta property=\"og:image:height\" content=\"348\" \/>\n\t<meta property=\"og:image:type\" content=\"image\/jpeg\" \/>\n<meta name=\"author\" content=\"La R\u00e9daction\" \/>\n<meta name=\"twitter:label1\" content=\"\u00c9crit par\" \/>\n\t<meta name=\"twitter:data1\" content=\"La R\u00e9daction\" \/>\n\t<meta name=\"twitter:label2\" content=\"Dur\u00e9e de lecture estim\u00e9e\" \/>\n\t<meta name=\"twitter:data2\" content=\"3 minutes\" \/>\n<script type=\"application\/ld+json\" class=\"yoast-schema-graph\">{\"@context\":\"https:\/\/schema.org\",\"@graph\":[{\"@type\":\"Article\",\"@id\":\"https:\/\/universnews224.com\/index.php\/lettre-ouverte-au-ministre-des-mines-et-de-la-geologie\/#article\",\"isPartOf\":{\"@id\":\"https:\/\/universnews224.com\/index.php\/lettre-ouverte-au-ministre-des-mines-et-de-la-geologie\/\"},\"author\":{\"name\":\"La R\u00e9daction\",\"@id\":\"https:\/\/universnews224.com\/#\/schema\/person\/a4b7d4f94a4716df60456a491260485e\"},\"headline\":\"Lettre ouverte au Ministre des Mines et de la G\u00e9ologie\",\"datePublished\":\"2024-10-08T23:54:32+00:00\",\"dateModified\":\"2024-10-08T23:54:32+00:00\",\"mainEntityOfPage\":{\"@id\":\"https:\/\/universnews224.com\/index.php\/lettre-ouverte-au-ministre-des-mines-et-de-la-geologie\/\"},\"wordCount\":497,\"publisher\":{\"@id\":\"https:\/\/universnews224.com\/#organization\"},\"keywords\":[\"A la une\"],\"articleSection\":[\"ACTU\",\"SOCI\u00c9T\u00c9\"],\"inLanguage\":\"fr-FR\"},{\"@type\":\"WebPage\",\"@id\":\"https:\/\/universnews224.com\/index.php\/lettre-ouverte-au-ministre-des-mines-et-de-la-geologie\/\",\"url\":\"https:\/\/universnews224.com\/index.php\/lettre-ouverte-au-ministre-des-mines-et-de-la-geologie\/\",\"name\":\"Lettre ouverte au Ministre des Mines et de la G\u00e9ologie - UNIVERSNEWS224\",\"isPartOf\":{\"@id\":\"https:\/\/universnews224.com\/#website\"},\"datePublished\":\"2024-10-08T23:54:32+00:00\",\"dateModified\":\"2024-10-08T23:54:32+00:00\",\"inLanguage\":\"fr-FR\",\"potentialAction\":[{\"@type\":\"ReadAction\",\"target\":[\"https:\/\/universnews224.com\/index.php\/lettre-ouverte-au-ministre-des-mines-et-de-la-geologie\/\"]}]},{\"@type\":\"WebSite\",\"@id\":\"https:\/\/universnews224.com\/#website\",\"url\":\"https:\/\/universnews224.com\/\",\"name\":\"UNIVERSNEWS224\",\"description\":\"\",\"publisher\":{\"@id\":\"https:\/\/universnews224.com\/#organization\"},\"potentialAction\":[{\"@type\":\"SearchAction\",\"target\":{\"@type\":\"EntryPoint\",\"urlTemplate\":\"https:\/\/universnews224.com\/?s={search_term_string}\"},\"query-input\":\"required name=search_term_string\"}],\"inLanguage\":\"fr-FR\"},{\"@type\":\"Organization\",\"@id\":\"https:\/\/universnews224.com\/#organization\",\"name\":\"UNIVERSNEWS224\",\"url\":\"https:\/\/universnews224.com\/\",\"logo\":{\"@type\":\"ImageObject\",\"inLanguage\":\"fr-FR\",\"@id\":\"https:\/\/universnews224.com\/#\/schema\/logo\/image\/\",\"url\":\"https:\/\/universnews224.com\/wp-content\/uploads\/2022\/08\/cropped-cropped-logoban.jpg\",\"contentUrl\":\"https:\/\/universnews224.com\/wp-content\/uploads\/2022\/08\/cropped-cropped-logoban.jpg\",\"width\":1080,\"height\":138,\"caption\":\"UNIVERSNEWS224\"},\"image\":{\"@id\":\"https:\/\/universnews224.com\/#\/schema\/logo\/image\/\"}},{\"@type\":\"Person\",\"@id\":\"https:\/\/universnews224.com\/#\/schema\/person\/a4b7d4f94a4716df60456a491260485e\",\"name\":\"La R\u00e9daction\",\"image\":{\"@type\":\"ImageObject\",\"inLanguage\":\"fr-FR\",\"@id\":\"https:\/\/universnews224.com\/#\/schema\/person\/image\/\",\"url\":\"https:\/\/secure.gravatar.com\/avatar\/edb90acc7752b23e1b3307ad36c14f0d?s=96&d=mm&r=g\",\"contentUrl\":\"https:\/\/secure.gravatar.com\/avatar\/edb90acc7752b23e1b3307ad36c14f0d?s=96&d=mm&r=g\",\"caption\":\"La R\u00e9daction\"},\"sameAs\":[\"https:\/\/universnews224.com\"],\"url\":\"https:\/\/universnews224.com\/index.php\/author\/m-camara\/\"}]}<\/script>\n<!-- \/ Yoast SEO plugin. -->","yoast_head_json":{"title":"Lettre ouverte au Ministre des Mines et de la G\u00e9ologie - UNIVERSNEWS224","robots":{"index":"index","follow":"follow","max-snippet":"max-snippet:-1","max-image-preview":"max-image-preview:large","max-video-preview":"max-video-preview:-1"},"canonical":"https:\/\/universnews224.com\/index.php\/lettre-ouverte-au-ministre-des-mines-et-de-la-geologie\/","og_locale":"fr_FR","og_type":"article","og_title":"Lettre ouverte au Ministre des Mines et de la G\u00e9ologie - UNIVERSNEWS224","og_description":"Monsieur le Ministre, Apr\u00e8s vos cent jours et quelques semaines \u00e0 la t\u00eate du Minist\u00e8re","og_url":"https:\/\/universnews224.com\/index.php\/lettre-ouverte-au-ministre-des-mines-et-de-la-geologie\/","og_site_name":"UNIVERSNEWS224","article_published_time":"2024-10-08T23:54:32+00:00","og_image":[{"width":696,"height":348,"url":"https:\/\/universnews224.com\/wp-content\/uploads\/2024\/10\/minets.jpg","type":"image\/jpeg"}],"author":"La R\u00e9daction","twitter_misc":{"\u00c9crit par":"La R\u00e9daction","Dur\u00e9e de lecture estim\u00e9e":"3 minutes"},"schema":{"@context":"https:\/\/schema.org","@graph":[{"@type":"Article","@id":"https:\/\/universnews224.com\/index.php\/lettre-ouverte-au-ministre-des-mines-et-de-la-geologie\/#article","isPartOf":{"@id":"https:\/\/universnews224.com\/index.php\/lettre-ouverte-au-ministre-des-mines-et-de-la-geologie\/"},"author":{"name":"La R\u00e9daction","@id":"https:\/\/universnews224.com\/#\/schema\/person\/a4b7d4f94a4716df60456a491260485e"},"headline":"Lettre ouverte au Ministre des Mines et de la G\u00e9ologie","datePublished":"2024-10-08T23:54:32+00:00","dateModified":"2024-10-08T23:54:32+00:00","mainEntityOfPage":{"@id":"https:\/\/universnews224.com\/index.php\/lettre-ouverte-au-ministre-des-mines-et-de-la-geologie\/"},"wordCount":497,"publisher":{"@id":"https:\/\/universnews224.com\/#organization"},"keywords":["A la une"],"articleSection":["ACTU","SOCI\u00c9T\u00c9"],"inLanguage":"fr-FR"},{"@type":"WebPage","@id":"https:\/\/universnews224.com\/index.php\/lettre-ouverte-au-ministre-des-mines-et-de-la-geologie\/","url":"https:\/\/universnews224.com\/index.php\/lettre-ouverte-au-ministre-des-mines-et-de-la-geologie\/","name":"Lettre ouverte au Ministre des Mines et de la G\u00e9ologie - UNIVERSNEWS224","isPartOf":{"@id":"https:\/\/universnews224.com\/#website"},"datePublished":"2024-10-08T23:54:32+00:00","dateModified":"2024-10-08T23:54:32+00:00","inLanguage":"fr-FR","potentialAction":[{"@type":"ReadAction","target":["https:\/\/universnews224.com\/index.php\/lettre-ouverte-au-ministre-des-mines-et-de-la-geologie\/"]}]},{"@type":"WebSite","@id":"https:\/\/universnews224.com\/#website","url":"https:\/\/universnews224.com\/","name":"UNIVERSNEWS224","description":"","publisher":{"@id":"https:\/\/universnews224.com\/#organization"},"potentialAction":[{"@type":"SearchAction","target":{"@type":"EntryPoint","urlTemplate":"https:\/\/universnews224.com\/?s={search_term_string}"},"query-input":"required name=search_term_string"}],"inLanguage":"fr-FR"},{"@type":"Organization","@id":"https:\/\/universnews224.com\/#organization","name":"UNIVERSNEWS224","url":"https:\/\/universnews224.com\/","logo":{"@type":"ImageObject","inLanguage":"fr-FR","@id":"https:\/\/universnews224.com\/#\/schema\/logo\/image\/","url":"https:\/\/universnews224.com\/wp-content\/uploads\/2022\/08\/cropped-cropped-logoban.jpg","contentUrl":"https:\/\/universnews224.com\/wp-content\/uploads\/2022\/08\/cropped-cropped-logoban.jpg","width":1080,"height":138,"caption":"UNIVERSNEWS224"},"image":{"@id":"https:\/\/universnews224.com\/#\/schema\/logo\/image\/"}},{"@type":"Person","@id":"https:\/\/universnews224.com\/#\/schema\/person\/a4b7d4f94a4716df60456a491260485e","name":"La R\u00e9daction","image":{"@type":"ImageObject","inLanguage":"fr-FR","@id":"https:\/\/universnews224.com\/#\/schema\/person\/image\/","url":"https:\/\/secure.gravatar.com\/avatar\/edb90acc7752b23e1b3307ad36c14f0d?s=96&d=mm&r=g","contentUrl":"https:\/\/secure.gravatar.com\/avatar\/edb90acc7752b23e1b3307ad36c14f0d?s=96&d=mm&r=g","caption":"La R\u00e9daction"},"sameAs":["https:\/\/universnews224.com"],"url":"https:\/\/universnews224.com\/index.php\/author\/m-camara\/"}]}},"_links":{"self":[{"href":"https:\/\/universnews224.com\/index.php\/wp-json\/wp\/v2\/posts\/6627"}],"collection":[{"href":"https:\/\/universnews224.com\/index.php\/wp-json\/wp\/v2\/posts"}],"about":[{"href":"https:\/\/universnews224.com\/index.php\/wp-json\/wp\/v2\/types\/post"}],"author":[{"embeddable":true,"href":"https:\/\/universnews224.com\/index.php\/wp-json\/wp\/v2\/users\/2"}],"replies":[{"embeddable":true,"href":"https:\/\/universnews224.com\/index.php\/wp-json\/wp\/v2\/comments?post=6627"}],"version-history":[{"count":1,"href":"https:\/\/universnews224.com\/index.php\/wp-json\/wp\/v2\/posts\/6627\/revisions"}],"predecessor-version":[{"id":6629,"href":"https:\/\/universnews224.com\/index.php\/wp-json\/wp\/v2\/posts\/6627\/revisions\/6629"}],"wp:featuredmedia":[{"embeddable":true,"href":"https:\/\/universnews224.com\/index.php\/wp-json\/wp\/v2\/media\/6628"}],"wp:attachment":[{"href":"https:\/\/universnews224.com\/index.php\/wp-json\/wp\/v2\/media?parent=6627"}],"wp:term":[{"taxonomy":"category","embeddable":true,"href":"https:\/\/universnews224.com\/index.php\/wp-json\/wp\/v2\/categories?post=6627"},{"taxonomy":"post_tag","embeddable":true,"href":"https:\/\/universnews224.com\/index.php\/wp-json\/wp\/v2\/tags?post=6627"}],"curies":[{"name":"wp","href":"https:\/\/api.w.org\/{rel}","templated":true}]}}