{"id":6649,"date":"2024-10-09T21:07:18","date_gmt":"2024-10-09T20:07:18","guid":{"rendered":"https:\/\/universnews224.com\/?p=6649"},"modified":"2024-10-09T21:07:18","modified_gmt":"2024-10-09T20:07:18","slug":"palais-mohammed-v-le-president-de-la-republique-son-excellence-le-general-mamadi-doumbouya-recoit-en-audience-lartiste-franco-guineen-black-m","status":"publish","type":"post","link":"https:\/\/universnews224.com\/index.php\/palais-mohammed-v-le-president-de-la-republique-son-excellence-le-general-mamadi-doumbouya-recoit-en-audience-lartiste-franco-guineen-black-m\/","title":{"rendered":"Palais Mohammed V: le Pr\u00e9sident de la R\u00e9publique Son Excellence le G\u00e9n\u00e9ral Mamadi Doumbouya re\u00e7oit en audience l\u2019artiste franco-guin\u00e9en Black M"},"content":{"rendered":"<p><span style=\"color: #222222;font-family: Trebuchet, Tahoma, Arial, sans-serif;font-size: 15px\">L\u2019artiste franco-guin\u00e9en Alpha Diallo, plus connu sous le nom de Black M, a \u00e9t\u00e9 re\u00e7u le mardi, 08 octobre 2024 en audience au palais pr\u00e9sidentiel Mohammed V par le Chef de l\u2019\u00c9tat, le G\u00e9n\u00e9ral Mamadi Doumbouya. Cette rencontre s\u2019est d\u00e9roul\u00e9e en pr\u00e9sence du Ministre Directeur de Cabinet de la Pr\u00e9sidence, Djiba Diakit\u00e9 et du Ministre des mines et de la G\u00e9ologie Bouna Sylla, dans une ambiance chaleureuse, marqu\u00e9e par des discussions constructives.<a href=\"https:\/\/universnews224.com\/wp-content\/uploads\/2024\/10\/1728496740545.jpg\"><img loading=\"lazy\" class=\"alignnone size-medium wp-image-6650\" src=\"https:\/\/universnews224.com\/wp-content\/uploads\/2024\/10\/1728496740545-200x300.jpg\" alt=\"\" width=\"200\" height=\"300\" srcset=\"https:\/\/universnews224.com\/wp-content\/uploads\/2024\/10\/1728496740545-200x300.jpg 200w, https:\/\/universnews224.com\/wp-content\/uploads\/2024\/10\/1728496740545.jpg 683w\" sizes=\"(max-width: 200px) 100vw, 200px\" \/><\/a><\/span><\/p>\n<p><span style=\"color: #222222;font-family: Trebuchet, Tahoma, Arial, sans-serif;font-size: 15px\">Black M, c\u00e9l\u00e8bre pour son engagement social et ses textes abordant des th\u00e8mes tels que l\u2019identit\u00e9, l\u2019int\u00e9gration et la jeunesse, a \u00e9chang\u00e9 avec le Pr\u00e9sident de la R\u00e9publique sur les d\u00e9fis et les opportunit\u00e9s qui se pr\u00e9sentent pour les jeunes Guin\u00e9ens. Le G\u00e9n\u00e9ral Mamadi Doumbouya a salu\u00e9 les efforts de l\u2019artiste pour promouvoir la culture guin\u00e9enne sur la sc\u00e8ne internationale, tout en soulignant l\u2019importance d\u2019encourager les jeunes \u00e0 s\u2019investir dans des projets cr\u00e9atifs.<\/span><\/p>\n<p><span style=\"color: #222222;font-family: Trebuchet, Tahoma, Arial, sans-serif;font-size: 15px\">L\u2019attachement de Black M \u00e0 ses racines guin\u00e9ennes, malgr\u00e9 son succ\u00e8s \u00e0 l\u2019\u00e9tranger, a \u00e9t\u00e9 soulign\u00e9 au cours de l\u2019audience. Cette rencontre symbolise la volont\u00e9 du Chef de l\u2019\u00c9tat de renforcer le patriotisme chez les figures guin\u00e9ennes \u00e9voluant \u00e0 l\u2019international, tout en mettant en lumi\u00e8re le r\u00f4le essentiel de la culture dans le d\u00e9veloppement et la coh\u00e9sion sociale du pays.<a href=\"https:\/\/universnews224.com\/wp-content\/uploads\/2024\/10\/1728496724015.jpg\"><img loading=\"lazy\" class=\"alignnone size-medium wp-image-6651\" src=\"https:\/\/universnews224.com\/wp-content\/uploads\/2024\/10\/1728496724015-300x200.jpg\" alt=\"\" width=\"300\" height=\"200\" srcset=\"https:\/\/universnews224.com\/wp-content\/uploads\/2024\/10\/1728496724015-300x200.jpg 300w, https:\/\/universnews224.com\/wp-content\/uploads\/2024\/10\/1728496724015.jpg 768w\" sizes=\"(max-width: 300px) 100vw, 300px\" \/><\/a><\/span><span style=\"color: #222222;font-family: Trebuchet, Tahoma, Arial, sans-serif;font-size: 15px\">\u00c0 l\u2019issue de cette audience, le Chef de l\u2019\u00c9tat a poursuivi sa traditionnelle randonn\u00e9e p\u00e9destre autour du Palais Mohammed V. Cette promenade de sant\u00e9, embl\u00e9matique de sa proximit\u00e9 avec le peuple, a \u00e9t\u00e9 marqu\u00e9e par une chaleureuse interaction avec les habitants de Kaloum.<\/span><\/p>\n<p style=\"font-family: Trebuchet, Tahoma, Arial, sans-serif;font-size: 15px;line-height: 26px;margin-top: 0px;margin-bottom: 26px;color: #222222\">Cet \u00e9change spontan\u00e9 avec les populations de Kaloum t\u00e9moigne une fois de plus du lien fort qui unit le G\u00e9n\u00e9ral Mamadi Doumbouya \u00e0 ses concitoyens, renfor\u00e7ant son image de leader proche du peuple et attentif aux aspirations de la jeunesse.<\/p>\n<p><strong style=\"color: #222222;font-family: Trebuchet, Tahoma, Arial, sans-serif;font-size: 15px\">DCI-PRG<\/strong><\/p>\n","protected":false},"excerpt":{"rendered":"<p>L\u2019artiste franco-guin\u00e9en Alpha Diallo, plus connu sous le nom de Black M, a \u00e9t\u00e9 re\u00e7u<\/p>\n","protected":false},"author":2,"featured_media":6652,"comment_status":"closed","ping_status":"open","sticky":false,"template":"","format":"standard","meta":[],"categories":[3,4],"tags":[237],"yoast_head":"<!-- This site is optimized with the Yoast SEO plugin v19.13 - https:\/\/yoast.com\/wordpress\/plugins\/seo\/ -->\n<title>Palais Mohammed V: le Pr\u00e9sident de la R\u00e9publique Son Excellence le G\u00e9n\u00e9ral Mamadi Doumbouya re\u00e7oit en audience l\u2019artiste franco-guin\u00e9en Black M - UNIVERSNEWS224<\/title>\n<meta name=\"robots\" content=\"index, follow, max-snippet:-1, max-image-preview:large, max-video-preview:-1\" \/>\n<link rel=\"canonical\" href=\"https:\/\/universnews224.com\/index.php\/palais-mohammed-v-le-president-de-la-republique-son-excellence-le-general-mamadi-doumbouya-recoit-en-audience-lartiste-franco-guineen-black-m\/\" \/>\n<meta property=\"og:locale\" content=\"fr_FR\" \/>\n<meta property=\"og:type\" content=\"article\" \/>\n<meta property=\"og:title\" content=\"Palais Mohammed V: le Pr\u00e9sident de la R\u00e9publique Son Excellence le G\u00e9n\u00e9ral Mamadi Doumbouya re\u00e7oit en audience l\u2019artiste franco-guin\u00e9en Black M - UNIVERSNEWS224\" \/>\n<meta property=\"og:description\" content=\"L\u2019artiste franco-guin\u00e9en Alpha Diallo, plus connu sous le nom de Black M, a \u00e9t\u00e9 re\u00e7u\" \/>\n<meta property=\"og:url\" content=\"https:\/\/universnews224.com\/index.php\/palais-mohammed-v-le-president-de-la-republique-son-excellence-le-general-mamadi-doumbouya-recoit-en-audience-lartiste-franco-guineen-black-m\/\" \/>\n<meta property=\"og:site_name\" content=\"UNIVERSNEWS224\" \/>\n<meta property=\"article:published_time\" content=\"2024-10-09T20:07:18+00:00\" \/>\n<meta property=\"og:image\" content=\"https:\/\/universnews224.com\/wp-content\/uploads\/2024\/10\/20241009_180051.jpg\" \/>\n\t<meta property=\"og:image:width\" content=\"861\" \/>\n\t<meta property=\"og:image:height\" content=\"747\" \/>\n\t<meta property=\"og:image:type\" content=\"image\/jpeg\" \/>\n<meta name=\"author\" content=\"La R\u00e9daction\" \/>\n<meta name=\"twitter:label1\" content=\"\u00c9crit par\" \/>\n\t<meta name=\"twitter:data1\" content=\"La R\u00e9daction\" \/>\n\t<meta name=\"twitter:label2\" content=\"Dur\u00e9e de lecture estim\u00e9e\" \/>\n\t<meta name=\"twitter:data2\" content=\"2 minutes\" \/>\n<script type=\"application\/ld+json\" class=\"yoast-schema-graph\">{\"@context\":\"https:\/\/schema.org\",\"@graph\":[{\"@type\":\"Article\",\"@id\":\"https:\/\/universnews224.com\/index.php\/palais-mohammed-v-le-president-de-la-republique-son-excellence-le-general-mamadi-doumbouya-recoit-en-audience-lartiste-franco-guineen-black-m\/#article\",\"isPartOf\":{\"@id\":\"https:\/\/universnews224.com\/index.php\/palais-mohammed-v-le-president-de-la-republique-son-excellence-le-general-mamadi-doumbouya-recoit-en-audience-lartiste-franco-guineen-black-m\/\"},\"author\":{\"name\":\"La R\u00e9daction\",\"@id\":\"https:\/\/universnews224.com\/#\/schema\/person\/a4b7d4f94a4716df60456a491260485e\"},\"headline\":\"Palais Mohammed V: le Pr\u00e9sident de la R\u00e9publique Son Excellence le G\u00e9n\u00e9ral Mamadi Doumbouya re\u00e7oit en audience l\u2019artiste franco-guin\u00e9en Black M\",\"datePublished\":\"2024-10-09T20:07:18+00:00\",\"dateModified\":\"2024-10-09T20:07:18+00:00\",\"mainEntityOfPage\":{\"@id\":\"https:\/\/universnews224.com\/index.php\/palais-mohammed-v-le-president-de-la-republique-son-excellence-le-general-mamadi-doumbouya-recoit-en-audience-lartiste-franco-guineen-black-m\/\"},\"wordCount\":366,\"publisher\":{\"@id\":\"https:\/\/universnews224.com\/#organization\"},\"keywords\":[\"A la une\"],\"articleSection\":[\"ACTU\",\"POLITIQUE\"],\"inLanguage\":\"fr-FR\"},{\"@type\":\"WebPage\",\"@id\":\"https:\/\/universnews224.com\/index.php\/palais-mohammed-v-le-president-de-la-republique-son-excellence-le-general-mamadi-doumbouya-recoit-en-audience-lartiste-franco-guineen-black-m\/\",\"url\":\"https:\/\/universnews224.com\/index.php\/palais-mohammed-v-le-president-de-la-republique-son-excellence-le-general-mamadi-doumbouya-recoit-en-audience-lartiste-franco-guineen-black-m\/\",\"name\":\"Palais Mohammed V: le Pr\u00e9sident de la R\u00e9publique Son Excellence le G\u00e9n\u00e9ral Mamadi Doumbouya re\u00e7oit en audience l\u2019artiste franco-guin\u00e9en Black M - UNIVERSNEWS224\",\"isPartOf\":{\"@id\":\"https:\/\/universnews224.com\/#website\"},\"datePublished\":\"2024-10-09T20:07:18+00:00\",\"dateModified\":\"2024-10-09T20:07:18+00:00\",\"inLanguage\":\"fr-FR\",\"potentialAction\":[{\"@type\":\"ReadAction\",\"target\":[\"https:\/\/universnews224.com\/index.php\/palais-mohammed-v-le-president-de-la-republique-son-excellence-le-general-mamadi-doumbouya-recoit-en-audience-lartiste-franco-guineen-black-m\/\"]}]},{\"@type\":\"WebSite\",\"@id\":\"https:\/\/universnews224.com\/#website\",\"url\":\"https:\/\/universnews224.com\/\",\"name\":\"UNIVERSNEWS224\",\"description\":\"\",\"publisher\":{\"@id\":\"https:\/\/universnews224.com\/#organization\"},\"potentialAction\":[{\"@type\":\"SearchAction\",\"target\":{\"@type\":\"EntryPoint\",\"urlTemplate\":\"https:\/\/universnews224.com\/?s={search_term_string}\"},\"query-input\":\"required name=search_term_string\"}],\"inLanguage\":\"fr-FR\"},{\"@type\":\"Organization\",\"@id\":\"https:\/\/universnews224.com\/#organization\",\"name\":\"UNIVERSNEWS224\",\"url\":\"https:\/\/universnews224.com\/\",\"logo\":{\"@type\":\"ImageObject\",\"inLanguage\":\"fr-FR\",\"@id\":\"https:\/\/universnews224.com\/#\/schema\/logo\/image\/\",\"url\":\"https:\/\/universnews224.com\/wp-content\/uploads\/2022\/08\/cropped-cropped-logoban.jpg\",\"contentUrl\":\"https:\/\/universnews224.com\/wp-content\/uploads\/2022\/08\/cropped-cropped-logoban.jpg\",\"width\":1080,\"height\":138,\"caption\":\"UNIVERSNEWS224\"},\"image\":{\"@id\":\"https:\/\/universnews224.com\/#\/schema\/logo\/image\/\"}},{\"@type\":\"Person\",\"@id\":\"https:\/\/universnews224.com\/#\/schema\/person\/a4b7d4f94a4716df60456a491260485e\",\"name\":\"La R\u00e9daction\",\"image\":{\"@type\":\"ImageObject\",\"inLanguage\":\"fr-FR\",\"@id\":\"https:\/\/universnews224.com\/#\/schema\/person\/image\/\",\"url\":\"https:\/\/secure.gravatar.com\/avatar\/edb90acc7752b23e1b3307ad36c14f0d?s=96&d=mm&r=g\",\"contentUrl\":\"https:\/\/secure.gravatar.com\/avatar\/edb90acc7752b23e1b3307ad36c14f0d?s=96&d=mm&r=g\",\"caption\":\"La R\u00e9daction\"},\"sameAs\":[\"https:\/\/universnews224.com\"],\"url\":\"https:\/\/universnews224.com\/index.php\/author\/m-camara\/\"}]}<\/script>\n<!-- \/ Yoast SEO plugin. -->","yoast_head_json":{"title":"Palais Mohammed V: le Pr\u00e9sident de la R\u00e9publique Son Excellence le G\u00e9n\u00e9ral Mamadi Doumbouya re\u00e7oit en audience l\u2019artiste franco-guin\u00e9en Black M - UNIVERSNEWS224","robots":{"index":"index","follow":"follow","max-snippet":"max-snippet:-1","max-image-preview":"max-image-preview:large","max-video-preview":"max-video-preview:-1"},"canonical":"https:\/\/universnews224.com\/index.php\/palais-mohammed-v-le-president-de-la-republique-son-excellence-le-general-mamadi-doumbouya-recoit-en-audience-lartiste-franco-guineen-black-m\/","og_locale":"fr_FR","og_type":"article","og_title":"Palais Mohammed V: le Pr\u00e9sident de la R\u00e9publique Son Excellence le G\u00e9n\u00e9ral Mamadi Doumbouya re\u00e7oit en audience l\u2019artiste franco-guin\u00e9en Black M - UNIVERSNEWS224","og_description":"L\u2019artiste franco-guin\u00e9en Alpha Diallo, plus connu sous le nom de Black M, a \u00e9t\u00e9 re\u00e7u","og_url":"https:\/\/universnews224.com\/index.php\/palais-mohammed-v-le-president-de-la-republique-son-excellence-le-general-mamadi-doumbouya-recoit-en-audience-lartiste-franco-guineen-black-m\/","og_site_name":"UNIVERSNEWS224","article_published_time":"2024-10-09T20:07:18+00:00","og_image":[{"width":861,"height":747,"url":"https:\/\/universnews224.com\/wp-content\/uploads\/2024\/10\/20241009_180051.jpg","type":"image\/jpeg"}],"author":"La R\u00e9daction","twitter_misc":{"\u00c9crit par":"La R\u00e9daction","Dur\u00e9e de lecture estim\u00e9e":"2 minutes"},"schema":{"@context":"https:\/\/schema.org","@graph":[{"@type":"Article","@id":"https:\/\/universnews224.com\/index.php\/palais-mohammed-v-le-president-de-la-republique-son-excellence-le-general-mamadi-doumbouya-recoit-en-audience-lartiste-franco-guineen-black-m\/#article","isPartOf":{"@id":"https:\/\/universnews224.com\/index.php\/palais-mohammed-v-le-president-de-la-republique-son-excellence-le-general-mamadi-doumbouya-recoit-en-audience-lartiste-franco-guineen-black-m\/"},"author":{"name":"La R\u00e9daction","@id":"https:\/\/universnews224.com\/#\/schema\/person\/a4b7d4f94a4716df60456a491260485e"},"headline":"Palais Mohammed V: le Pr\u00e9sident de la R\u00e9publique Son Excellence le G\u00e9n\u00e9ral Mamadi Doumbouya re\u00e7oit en audience l\u2019artiste franco-guin\u00e9en Black M","datePublished":"2024-10-09T20:07:18+00:00","dateModified":"2024-10-09T20:07:18+00:00","mainEntityOfPage":{"@id":"https:\/\/universnews224.com\/index.php\/palais-mohammed-v-le-president-de-la-republique-son-excellence-le-general-mamadi-doumbouya-recoit-en-audience-lartiste-franco-guineen-black-m\/"},"wordCount":366,"publisher":{"@id":"https:\/\/universnews224.com\/#organization"},"keywords":["A la une"],"articleSection":["ACTU","POLITIQUE"],"inLanguage":"fr-FR"},{"@type":"WebPage","@id":"https:\/\/universnews224.com\/index.php\/palais-mohammed-v-le-president-de-la-republique-son-excellence-le-general-mamadi-doumbouya-recoit-en-audience-lartiste-franco-guineen-black-m\/","url":"https:\/\/universnews224.com\/index.php\/palais-mohammed-v-le-president-de-la-republique-son-excellence-le-general-mamadi-doumbouya-recoit-en-audience-lartiste-franco-guineen-black-m\/","name":"Palais Mohammed V: le Pr\u00e9sident de la R\u00e9publique Son Excellence le G\u00e9n\u00e9ral Mamadi Doumbouya re\u00e7oit en audience l\u2019artiste franco-guin\u00e9en Black M - UNIVERSNEWS224","isPartOf":{"@id":"https:\/\/universnews224.com\/#website"},"datePublished":"2024-10-09T20:07:18+00:00","dateModified":"2024-10-09T20:07:18+00:00","inLanguage":"fr-FR","potentialAction":[{"@type":"ReadAction","target":["https:\/\/universnews224.com\/index.php\/palais-mohammed-v-le-president-de-la-republique-son-excellence-le-general-mamadi-doumbouya-recoit-en-audience-lartiste-franco-guineen-black-m\/"]}]},{"@type":"WebSite","@id":"https:\/\/universnews224.com\/#website","url":"https:\/\/universnews224.com\/","name":"UNIVERSNEWS224","description":"","publisher":{"@id":"https:\/\/universnews224.com\/#organization"},"potentialAction":[{"@type":"SearchAction","target":{"@type":"EntryPoint","urlTemplate":"https:\/\/universnews224.com\/?s={search_term_string}"},"query-input":"required name=search_term_string"}],"inLanguage":"fr-FR"},{"@type":"Organization","@id":"https:\/\/universnews224.com\/#organization","name":"UNIVERSNEWS224","url":"https:\/\/universnews224.com\/","logo":{"@type":"ImageObject","inLanguage":"fr-FR","@id":"https:\/\/universnews224.com\/#\/schema\/logo\/image\/","url":"https:\/\/universnews224.com\/wp-content\/uploads\/2022\/08\/cropped-cropped-logoban.jpg","contentUrl":"https:\/\/universnews224.com\/wp-content\/uploads\/2022\/08\/cropped-cropped-logoban.jpg","width":1080,"height":138,"caption":"UNIVERSNEWS224"},"image":{"@id":"https:\/\/universnews224.com\/#\/schema\/logo\/image\/"}},{"@type":"Person","@id":"https:\/\/universnews224.com\/#\/schema\/person\/a4b7d4f94a4716df60456a491260485e","name":"La R\u00e9daction","image":{"@type":"ImageObject","inLanguage":"fr-FR","@id":"https:\/\/universnews224.com\/#\/schema\/person\/image\/","url":"https:\/\/secure.gravatar.com\/avatar\/edb90acc7752b23e1b3307ad36c14f0d?s=96&d=mm&r=g","contentUrl":"https:\/\/secure.gravatar.com\/avatar\/edb90acc7752b23e1b3307ad36c14f0d?s=96&d=mm&r=g","caption":"La R\u00e9daction"},"sameAs":["https:\/\/universnews224.com"],"url":"https:\/\/universnews224.com\/index.php\/author\/m-camara\/"}]}},"_links":{"self":[{"href":"https:\/\/universnews224.com\/index.php\/wp-json\/wp\/v2\/posts\/6649"}],"collection":[{"href":"https:\/\/universnews224.com\/index.php\/wp-json\/wp\/v2\/posts"}],"about":[{"href":"https:\/\/universnews224.com\/index.php\/wp-json\/wp\/v2\/types\/post"}],"author":[{"embeddable":true,"href":"https:\/\/universnews224.com\/index.php\/wp-json\/wp\/v2\/users\/2"}],"replies":[{"embeddable":true,"href":"https:\/\/universnews224.com\/index.php\/wp-json\/wp\/v2\/comments?post=6649"}],"version-history":[{"count":1,"href":"https:\/\/universnews224.com\/index.php\/wp-json\/wp\/v2\/posts\/6649\/revisions"}],"predecessor-version":[{"id":6653,"href":"https:\/\/universnews224.com\/index.php\/wp-json\/wp\/v2\/posts\/6649\/revisions\/6653"}],"wp:featuredmedia":[{"embeddable":true,"href":"https:\/\/universnews224.com\/index.php\/wp-json\/wp\/v2\/media\/6652"}],"wp:attachment":[{"href":"https:\/\/universnews224.com\/index.php\/wp-json\/wp\/v2\/media?parent=6649"}],"wp:term":[{"taxonomy":"category","embeddable":true,"href":"https:\/\/universnews224.com\/index.php\/wp-json\/wp\/v2\/categories?post=6649"},{"taxonomy":"post_tag","embeddable":true,"href":"https:\/\/universnews224.com\/index.php\/wp-json\/wp\/v2\/tags?post=6649"}],"curies":[{"name":"wp","href":"https:\/\/api.w.org\/{rel}","templated":true}]}}