{"id":6673,"date":"2024-10-11T16:09:53","date_gmt":"2024-10-11T15:09:53","guid":{"rendered":"https:\/\/universnews224.com\/?p=6673"},"modified":"2024-10-11T16:09:53","modified_gmt":"2024-10-11T15:09:53","slug":"ignm-un-atelier-de-formation-pour-le-renforcement-des-capacites-des-cadres-et-agents-dexecutions","status":"publish","type":"post","link":"https:\/\/universnews224.com\/index.php\/ignm-un-atelier-de-formation-pour-le-renforcement-des-capacites-des-cadres-et-agents-dexecutions\/","title":{"rendered":"IGNM : un atelier de formation pour le renforcement des capacit\u00e9s des cadres et agents d&rsquo;ex\u00e9cutions."},"content":{"rendered":"<p dir=\"ltr\" style=\"line-height: 1.38;margin-top: 0.0pt;margin-bottom: 0.0pt\"><span style=\"font-size: 11pt;font-family: Arial, sans-serif;color: #000000;background-color: transparent;vertical-align: baseline\">La Direction G\u00e9n\u00e9rale de l\u2019Institut Guin\u00e9en de Normalisation et de M\u00e9trologie (IGNM), une direction relevant du Minist\u00e8re du Commerce, de l&rsquo;Industrie et des PME a organis\u00e9 du 23 septembre au O5 octobre dernier dans la salle\u00a0 de r\u00e9union dudit service, un atelier de formation des cadres et agents d&rsquo;ex\u00e9cutions.<a href=\"https:\/\/universnews224.com\/wp-content\/uploads\/2024\/10\/IMG-20241011-WA0007.jpg\"><img loading=\"lazy\" class=\"alignnone size-medium wp-image-6674\" src=\"https:\/\/universnews224.com\/wp-content\/uploads\/2024\/10\/IMG-20241011-WA0007-300x289.jpg\" alt=\"\" width=\"300\" height=\"289\" srcset=\"https:\/\/universnews224.com\/wp-content\/uploads\/2024\/10\/IMG-20241011-WA0007-300x289.jpg 300w, https:\/\/universnews224.com\/wp-content\/uploads\/2024\/10\/IMG-20241011-WA0007.jpg 566w\" sizes=\"(max-width: 300px) 100vw, 300px\" \/><\/a><\/span><\/p>\n<p dir=\"ltr\" style=\"line-height: 1.38;margin-top: 0.0pt;margin-bottom: 0.0pt\"><span style=\"font-size: 11pt;font-family: Arial, sans-serif;color: #000000;background-color: transparent;vertical-align: baseline\">A cette occasion, le directeur g\u00e9n\u00e9ral de cette institution M. Djoum\u00e9 Sangar\u00e9 nous a fait la synth\u00e8se des travaux de la rencontre avec les cadres.\u00a0<\/span><\/p>\n<p dir=\"ltr\">\n<p dir=\"ltr\" style=\"line-height: 1.38;margin-top: 0.0pt;margin-bottom: 0.0pt\"><span style=\"font-size: 11pt;font-family: Arial, sans-serif;color: #000000;background-color: transparent;vertical-align: baseline\">Un atelier qui s\u2019inscrit dans le cadre de la mise en \u0153uvre des programmes de v\u00e9rification d&rsquo;\u00e9talonnage des instruments de mesure, (volume, poids, Temp\u00e9rature, Pression) et de l&rsquo;\u00e9valuation de la conformit\u00e9 des produits en R\u00e9publique de Guin\u00e9e.<\/span><span style=\"font-size: 11pt;font-family: Arial, sans-serif;color: #000000;background-color: transparent;vertical-align: baseline\">Dans sa prise de parole,\u00a0 le directeur g\u00e9n\u00e9ral de IGNM, M. Djoum\u00e9 Sangar\u00e9 a magnifi\u00e9 et remerci\u00e9 le Pr\u00e9sident de la R\u00e9publique, G\u00e9n\u00e9ral Mamadi Doumbouya et Mme. la ministre du Commerce, Dre. Diaka Sidib\u00e9 pour les efforts fournis et leurs implications personnelles pour la r\u00e9ussite de cette rencontre d&rsquo;\u00e9changes et de partage d&rsquo;exp\u00e9riences avant d&rsquo;\u00e9taler les diff\u00e9rents th\u00e8mes de l&rsquo;atelier. <a href=\"https:\/\/universnews224.com\/wp-content\/uploads\/2024\/10\/IMG-20241011-WA0005.jpg\"><img loading=\"lazy\" class=\"alignnone size-medium wp-image-6675\" src=\"https:\/\/universnews224.com\/wp-content\/uploads\/2024\/10\/IMG-20241011-WA0005-268x300.jpg\" alt=\"\" width=\"268\" height=\"300\" srcset=\"https:\/\/universnews224.com\/wp-content\/uploads\/2024\/10\/IMG-20241011-WA0005-268x300.jpg 268w, https:\/\/universnews224.com\/wp-content\/uploads\/2024\/10\/IMG-20241011-WA0005.jpg 681w\" sizes=\"(max-width: 268px) 100vw, 268px\" \/><\/a><\/span><\/p>\n<p dir=\"ltr\" style=\"line-height: 1.38;margin-top: 0.0pt;margin-bottom: 0.0pt\"><span style=\"font-size: 11pt;font-family: Arial, sans-serif;color: #000000;background-color: transparent;vertical-align: baseline\">\u00abLe th\u00e8me abord\u00e9 de la deuxi\u00e8me journ\u00e9e de cet atelier est de d\u00e9velopper et \u00e9changer sur les probl\u00e9matiques d&rsquo;\u00e9talonnage des instruments de mesure de temp\u00e9rature. Le laboratoire \u00e9talonne tous les instruments de mesure de temp\u00e9rature dans un large domaine ( des temp\u00e9ratures cryog\u00e9niques aux plus hautes temp\u00e9ratures) avec les meilleures incertitudes correspondant \u00e0 l&rsquo;\u00e9tat de l&rsquo;art actuel. La cha\u00eene d&rsquo;\u00e9talonnage et les m\u00e9thodes de mise en place permettent le raccordement au syst\u00e8me international d&rsquo;unit\u00e9 (SI). \u00c9talonnage d&rsquo;un thermom\u00e8tre \u00e0 r\u00e9sistance de platine; couples thermo\u00e9lectriques; cha\u00eene de mesure de temp\u00e9rature (capteur associ\u00e9 \u00e0 un indicateur num\u00e9rique); thermom\u00e8tres \u00e0 dilatation de liquide. Volume M\u00e9thodologies pour la calibration des\u00a0 pipettes, 0 jaugeas, r\u00e9servoirs ; Poids Techniques pour la v\u00e9rification et l\u2019\u00e9talonnage des balances, masses \u00e9talons, ponts bascules etc&#8230;\u00bb, a-t-il cit\u00e9\u00a0 le DG<\/span><\/p>\n<p dir=\"ltr\" style=\"line-height: 1.38;margin-top: 0.0pt;margin-bottom: 0.0pt\"><span style=\"font-size: 11pt;font-family: Arial, sans-serif;color: #000000;background-color: transparent;vertical-align: baseline\">.<a href=\"https:\/\/universnews224.com\/wp-content\/uploads\/2024\/10\/IMG-20241011-WA0006.jpg\"><img loading=\"lazy\" class=\"alignnone size-medium wp-image-6676\" src=\"https:\/\/universnews224.com\/wp-content\/uploads\/2024\/10\/IMG-20241011-WA0006-300x300.jpg\" alt=\"\" width=\"300\" height=\"300\" srcset=\"https:\/\/universnews224.com\/wp-content\/uploads\/2024\/10\/IMG-20241011-WA0006-300x300.jpg 300w, https:\/\/universnews224.com\/wp-content\/uploads\/2024\/10\/IMG-20241011-WA0006-150x150.jpg 150w, https:\/\/universnews224.com\/wp-content\/uploads\/2024\/10\/IMG-20241011-WA0006.jpg 720w\" sizes=\"(max-width: 300px) 100vw, 300px\" \/><\/a><\/span><\/p>\n<p dir=\"ltr\" style=\"line-height: 1.38;margin-top: 0.0pt;margin-bottom: 0.0pt\"><span style=\"font-size: 11pt;font-family: Arial, sans-serif;color: #000000;background-color: transparent;vertical-align: baseline\">Et d&rsquo;ajouter,\u00a0 \u00ab pour la formation sur les normes nationales et internationales en vigueur, nous avons pu sortir les diff\u00e9rents types de normes comme : *ISO 10012* (Management de la mesure), *ISO 17025* (Gestion des laboratoires d&rsquo;essais et d&rsquo;\u00e9talonnage), *ISO 17065* et *17067*(Certification de produits, proc\u00e9d\u00e9s et services) et *ISO 22000* (Syst\u00e8mes de 0p1p1\u00b9a00 d&rsquo;\u00e9talonnage et de v\u00e9rification; R\u00e9daction de rapports de v\u00e9rification et de certificats d\u2019\u00e9talonnage (&#8230;) \u00bb, a fait savoir.\u00a0<\/span><\/p>\n<p dir=\"ltr\" style=\"line-height: 1.38;margin-top: 0.0pt;margin-bottom: 0.0pt\"><span style=\"font-size: 11pt;font-family: Arial, sans-serif;color: #000000;background-color: transparent;vertical-align: baseline\">Pour finir, le patron de l&rsquo;institution a fait savoir que cet atelier permettra aux participants de d\u00e9velopper des comp\u00e9tences pour assurer la fiabilit\u00e9 des mesures dans les processus de production, de garantir la qualit\u00e9 des produits et de se conformer aux exigences r\u00e9glementaires et industrielles.<\/span><\/p>\n<p>&nbsp;<\/p>\n<p dir=\"ltr\" style=\"line-height: 1.38;margin-top: 0.0pt;margin-bottom: 0.0pt\"><span style=\"font-size: 11pt;font-family: Arial, sans-serif;color: #000000;background-color: transparent;vertical-align: baseline\">Sana Sylla<\/span><\/p>\n","protected":false},"excerpt":{"rendered":"<p>La Direction G\u00e9n\u00e9rale de l\u2019Institut Guin\u00e9en de Normalisation et de M\u00e9trologie (IGNM), une direction relevant<\/p>\n","protected":false},"author":2,"featured_media":6676,"comment_status":"closed","ping_status":"open","sticky":false,"template":"","format":"standard","meta":[],"categories":[3,5],"tags":[237],"yoast_head":"<!-- This site is optimized with the Yoast SEO plugin v19.13 - https:\/\/yoast.com\/wordpress\/plugins\/seo\/ -->\n<title>IGNM : un atelier de formation pour le renforcement des capacit\u00e9s des cadres et agents d&#039;ex\u00e9cutions. - UNIVERSNEWS224<\/title>\n<meta name=\"robots\" content=\"index, follow, max-snippet:-1, max-image-preview:large, max-video-preview:-1\" \/>\n<link rel=\"canonical\" href=\"https:\/\/universnews224.com\/index.php\/ignm-un-atelier-de-formation-pour-le-renforcement-des-capacites-des-cadres-et-agents-dexecutions\/\" \/>\n<meta property=\"og:locale\" content=\"fr_FR\" \/>\n<meta property=\"og:type\" content=\"article\" \/>\n<meta property=\"og:title\" content=\"IGNM : un atelier de formation pour le renforcement des capacit\u00e9s des cadres et agents d&#039;ex\u00e9cutions. - UNIVERSNEWS224\" \/>\n<meta property=\"og:description\" content=\"La Direction G\u00e9n\u00e9rale de l\u2019Institut Guin\u00e9en de Normalisation et de M\u00e9trologie (IGNM), une direction relevant\" \/>\n<meta property=\"og:url\" content=\"https:\/\/universnews224.com\/index.php\/ignm-un-atelier-de-formation-pour-le-renforcement-des-capacites-des-cadres-et-agents-dexecutions\/\" \/>\n<meta property=\"og:site_name\" content=\"UNIVERSNEWS224\" \/>\n<meta property=\"article:published_time\" content=\"2024-10-11T15:09:53+00:00\" \/>\n<meta property=\"og:image\" content=\"https:\/\/universnews224.com\/wp-content\/uploads\/2024\/10\/IMG-20241011-WA0006.jpg\" \/>\n\t<meta property=\"og:image:width\" content=\"720\" \/>\n\t<meta property=\"og:image:height\" content=\"720\" \/>\n\t<meta property=\"og:image:type\" content=\"image\/jpeg\" \/>\n<meta name=\"author\" content=\"La R\u00e9daction\" \/>\n<meta name=\"twitter:label1\" content=\"\u00c9crit par\" \/>\n\t<meta name=\"twitter:data1\" content=\"La R\u00e9daction\" \/>\n\t<meta name=\"twitter:label2\" content=\"Dur\u00e9e de lecture estim\u00e9e\" \/>\n\t<meta name=\"twitter:data2\" content=\"3 minutes\" \/>\n<script type=\"application\/ld+json\" class=\"yoast-schema-graph\">{\"@context\":\"https:\/\/schema.org\",\"@graph\":[{\"@type\":\"Article\",\"@id\":\"https:\/\/universnews224.com\/index.php\/ignm-un-atelier-de-formation-pour-le-renforcement-des-capacites-des-cadres-et-agents-dexecutions\/#article\",\"isPartOf\":{\"@id\":\"https:\/\/universnews224.com\/index.php\/ignm-un-atelier-de-formation-pour-le-renforcement-des-capacites-des-cadres-et-agents-dexecutions\/\"},\"author\":{\"name\":\"La R\u00e9daction\",\"@id\":\"https:\/\/universnews224.com\/#\/schema\/person\/a4b7d4f94a4716df60456a491260485e\"},\"headline\":\"IGNM : un atelier de formation pour le renforcement des capacit\u00e9s des cadres et agents d&rsquo;ex\u00e9cutions.\",\"datePublished\":\"2024-10-11T15:09:53+00:00\",\"dateModified\":\"2024-10-11T15:09:53+00:00\",\"mainEntityOfPage\":{\"@id\":\"https:\/\/universnews224.com\/index.php\/ignm-un-atelier-de-formation-pour-le-renforcement-des-capacites-des-cadres-et-agents-dexecutions\/\"},\"wordCount\":493,\"publisher\":{\"@id\":\"https:\/\/universnews224.com\/#organization\"},\"keywords\":[\"A la une\"],\"articleSection\":[\"ACTU\",\"SOCI\u00c9T\u00c9\"],\"inLanguage\":\"fr-FR\"},{\"@type\":\"WebPage\",\"@id\":\"https:\/\/universnews224.com\/index.php\/ignm-un-atelier-de-formation-pour-le-renforcement-des-capacites-des-cadres-et-agents-dexecutions\/\",\"url\":\"https:\/\/universnews224.com\/index.php\/ignm-un-atelier-de-formation-pour-le-renforcement-des-capacites-des-cadres-et-agents-dexecutions\/\",\"name\":\"IGNM : un atelier de formation pour le renforcement des capacit\u00e9s des cadres et agents d'ex\u00e9cutions. - UNIVERSNEWS224\",\"isPartOf\":{\"@id\":\"https:\/\/universnews224.com\/#website\"},\"datePublished\":\"2024-10-11T15:09:53+00:00\",\"dateModified\":\"2024-10-11T15:09:53+00:00\",\"inLanguage\":\"fr-FR\",\"potentialAction\":[{\"@type\":\"ReadAction\",\"target\":[\"https:\/\/universnews224.com\/index.php\/ignm-un-atelier-de-formation-pour-le-renforcement-des-capacites-des-cadres-et-agents-dexecutions\/\"]}]},{\"@type\":\"WebSite\",\"@id\":\"https:\/\/universnews224.com\/#website\",\"url\":\"https:\/\/universnews224.com\/\",\"name\":\"UNIVERSNEWS224\",\"description\":\"\",\"publisher\":{\"@id\":\"https:\/\/universnews224.com\/#organization\"},\"potentialAction\":[{\"@type\":\"SearchAction\",\"target\":{\"@type\":\"EntryPoint\",\"urlTemplate\":\"https:\/\/universnews224.com\/?s={search_term_string}\"},\"query-input\":\"required name=search_term_string\"}],\"inLanguage\":\"fr-FR\"},{\"@type\":\"Organization\",\"@id\":\"https:\/\/universnews224.com\/#organization\",\"name\":\"UNIVERSNEWS224\",\"url\":\"https:\/\/universnews224.com\/\",\"logo\":{\"@type\":\"ImageObject\",\"inLanguage\":\"fr-FR\",\"@id\":\"https:\/\/universnews224.com\/#\/schema\/logo\/image\/\",\"url\":\"https:\/\/universnews224.com\/wp-content\/uploads\/2022\/08\/cropped-cropped-logoban.jpg\",\"contentUrl\":\"https:\/\/universnews224.com\/wp-content\/uploads\/2022\/08\/cropped-cropped-logoban.jpg\",\"width\":1080,\"height\":138,\"caption\":\"UNIVERSNEWS224\"},\"image\":{\"@id\":\"https:\/\/universnews224.com\/#\/schema\/logo\/image\/\"}},{\"@type\":\"Person\",\"@id\":\"https:\/\/universnews224.com\/#\/schema\/person\/a4b7d4f94a4716df60456a491260485e\",\"name\":\"La R\u00e9daction\",\"image\":{\"@type\":\"ImageObject\",\"inLanguage\":\"fr-FR\",\"@id\":\"https:\/\/universnews224.com\/#\/schema\/person\/image\/\",\"url\":\"https:\/\/secure.gravatar.com\/avatar\/edb90acc7752b23e1b3307ad36c14f0d?s=96&d=mm&r=g\",\"contentUrl\":\"https:\/\/secure.gravatar.com\/avatar\/edb90acc7752b23e1b3307ad36c14f0d?s=96&d=mm&r=g\",\"caption\":\"La R\u00e9daction\"},\"sameAs\":[\"https:\/\/universnews224.com\"],\"url\":\"https:\/\/universnews224.com\/index.php\/author\/m-camara\/\"}]}<\/script>\n<!-- \/ Yoast SEO plugin. -->","yoast_head_json":{"title":"IGNM : un atelier de formation pour le renforcement des capacit\u00e9s des cadres et agents d'ex\u00e9cutions. - UNIVERSNEWS224","robots":{"index":"index","follow":"follow","max-snippet":"max-snippet:-1","max-image-preview":"max-image-preview:large","max-video-preview":"max-video-preview:-1"},"canonical":"https:\/\/universnews224.com\/index.php\/ignm-un-atelier-de-formation-pour-le-renforcement-des-capacites-des-cadres-et-agents-dexecutions\/","og_locale":"fr_FR","og_type":"article","og_title":"IGNM : un atelier de formation pour le renforcement des capacit\u00e9s des cadres et agents d'ex\u00e9cutions. - UNIVERSNEWS224","og_description":"La Direction G\u00e9n\u00e9rale de l\u2019Institut Guin\u00e9en de Normalisation et de M\u00e9trologie (IGNM), une direction relevant","og_url":"https:\/\/universnews224.com\/index.php\/ignm-un-atelier-de-formation-pour-le-renforcement-des-capacites-des-cadres-et-agents-dexecutions\/","og_site_name":"UNIVERSNEWS224","article_published_time":"2024-10-11T15:09:53+00:00","og_image":[{"width":720,"height":720,"url":"https:\/\/universnews224.com\/wp-content\/uploads\/2024\/10\/IMG-20241011-WA0006.jpg","type":"image\/jpeg"}],"author":"La R\u00e9daction","twitter_misc":{"\u00c9crit par":"La R\u00e9daction","Dur\u00e9e de lecture estim\u00e9e":"3 minutes"},"schema":{"@context":"https:\/\/schema.org","@graph":[{"@type":"Article","@id":"https:\/\/universnews224.com\/index.php\/ignm-un-atelier-de-formation-pour-le-renforcement-des-capacites-des-cadres-et-agents-dexecutions\/#article","isPartOf":{"@id":"https:\/\/universnews224.com\/index.php\/ignm-un-atelier-de-formation-pour-le-renforcement-des-capacites-des-cadres-et-agents-dexecutions\/"},"author":{"name":"La R\u00e9daction","@id":"https:\/\/universnews224.com\/#\/schema\/person\/a4b7d4f94a4716df60456a491260485e"},"headline":"IGNM : un atelier de formation pour le renforcement des capacit\u00e9s des cadres et agents d&rsquo;ex\u00e9cutions.","datePublished":"2024-10-11T15:09:53+00:00","dateModified":"2024-10-11T15:09:53+00:00","mainEntityOfPage":{"@id":"https:\/\/universnews224.com\/index.php\/ignm-un-atelier-de-formation-pour-le-renforcement-des-capacites-des-cadres-et-agents-dexecutions\/"},"wordCount":493,"publisher":{"@id":"https:\/\/universnews224.com\/#organization"},"keywords":["A la une"],"articleSection":["ACTU","SOCI\u00c9T\u00c9"],"inLanguage":"fr-FR"},{"@type":"WebPage","@id":"https:\/\/universnews224.com\/index.php\/ignm-un-atelier-de-formation-pour-le-renforcement-des-capacites-des-cadres-et-agents-dexecutions\/","url":"https:\/\/universnews224.com\/index.php\/ignm-un-atelier-de-formation-pour-le-renforcement-des-capacites-des-cadres-et-agents-dexecutions\/","name":"IGNM : un atelier de formation pour le renforcement des capacit\u00e9s des cadres et agents d'ex\u00e9cutions. - UNIVERSNEWS224","isPartOf":{"@id":"https:\/\/universnews224.com\/#website"},"datePublished":"2024-10-11T15:09:53+00:00","dateModified":"2024-10-11T15:09:53+00:00","inLanguage":"fr-FR","potentialAction":[{"@type":"ReadAction","target":["https:\/\/universnews224.com\/index.php\/ignm-un-atelier-de-formation-pour-le-renforcement-des-capacites-des-cadres-et-agents-dexecutions\/"]}]},{"@type":"WebSite","@id":"https:\/\/universnews224.com\/#website","url":"https:\/\/universnews224.com\/","name":"UNIVERSNEWS224","description":"","publisher":{"@id":"https:\/\/universnews224.com\/#organization"},"potentialAction":[{"@type":"SearchAction","target":{"@type":"EntryPoint","urlTemplate":"https:\/\/universnews224.com\/?s={search_term_string}"},"query-input":"required name=search_term_string"}],"inLanguage":"fr-FR"},{"@type":"Organization","@id":"https:\/\/universnews224.com\/#organization","name":"UNIVERSNEWS224","url":"https:\/\/universnews224.com\/","logo":{"@type":"ImageObject","inLanguage":"fr-FR","@id":"https:\/\/universnews224.com\/#\/schema\/logo\/image\/","url":"https:\/\/universnews224.com\/wp-content\/uploads\/2022\/08\/cropped-cropped-logoban.jpg","contentUrl":"https:\/\/universnews224.com\/wp-content\/uploads\/2022\/08\/cropped-cropped-logoban.jpg","width":1080,"height":138,"caption":"UNIVERSNEWS224"},"image":{"@id":"https:\/\/universnews224.com\/#\/schema\/logo\/image\/"}},{"@type":"Person","@id":"https:\/\/universnews224.com\/#\/schema\/person\/a4b7d4f94a4716df60456a491260485e","name":"La R\u00e9daction","image":{"@type":"ImageObject","inLanguage":"fr-FR","@id":"https:\/\/universnews224.com\/#\/schema\/person\/image\/","url":"https:\/\/secure.gravatar.com\/avatar\/edb90acc7752b23e1b3307ad36c14f0d?s=96&d=mm&r=g","contentUrl":"https:\/\/secure.gravatar.com\/avatar\/edb90acc7752b23e1b3307ad36c14f0d?s=96&d=mm&r=g","caption":"La R\u00e9daction"},"sameAs":["https:\/\/universnews224.com"],"url":"https:\/\/universnews224.com\/index.php\/author\/m-camara\/"}]}},"_links":{"self":[{"href":"https:\/\/universnews224.com\/index.php\/wp-json\/wp\/v2\/posts\/6673"}],"collection":[{"href":"https:\/\/universnews224.com\/index.php\/wp-json\/wp\/v2\/posts"}],"about":[{"href":"https:\/\/universnews224.com\/index.php\/wp-json\/wp\/v2\/types\/post"}],"author":[{"embeddable":true,"href":"https:\/\/universnews224.com\/index.php\/wp-json\/wp\/v2\/users\/2"}],"replies":[{"embeddable":true,"href":"https:\/\/universnews224.com\/index.php\/wp-json\/wp\/v2\/comments?post=6673"}],"version-history":[{"count":1,"href":"https:\/\/universnews224.com\/index.php\/wp-json\/wp\/v2\/posts\/6673\/revisions"}],"predecessor-version":[{"id":6677,"href":"https:\/\/universnews224.com\/index.php\/wp-json\/wp\/v2\/posts\/6673\/revisions\/6677"}],"wp:featuredmedia":[{"embeddable":true,"href":"https:\/\/universnews224.com\/index.php\/wp-json\/wp\/v2\/media\/6676"}],"wp:attachment":[{"href":"https:\/\/universnews224.com\/index.php\/wp-json\/wp\/v2\/media?parent=6673"}],"wp:term":[{"taxonomy":"category","embeddable":true,"href":"https:\/\/universnews224.com\/index.php\/wp-json\/wp\/v2\/categories?post=6673"},{"taxonomy":"post_tag","embeddable":true,"href":"https:\/\/universnews224.com\/index.php\/wp-json\/wp\/v2\/tags?post=6673"}],"curies":[{"name":"wp","href":"https:\/\/api.w.org\/{rel}","templated":true}]}}