{"id":6679,"date":"2024-10-11T22:50:26","date_gmt":"2024-10-11T21:50:26","guid":{"rendered":"https:\/\/universnews224.com\/?p=6679"},"modified":"2024-10-11T22:50:26","modified_gmt":"2024-10-11T21:50:26","slug":"la-population-de-mandiana-exige-la-justice-et-larret-immediat-de-lexploitation-miniere","status":"publish","type":"post","link":"https:\/\/universnews224.com\/index.php\/la-population-de-mandiana-exige-la-justice-et-larret-immediat-de-lexploitation-miniere\/","title":{"rendered":"La population de Mandiana exige la justice et l\u2019arr\u00eat imm\u00e9diat de l\u2019exploitation mini\u00e8re"},"content":{"rendered":"<p id=\"docs-internal-guid-ec3cfcba-7fff-d678-a799-983a123b810e\" dir=\"ltr\" style=\"line-height: 1.38;margin-top: 0.0pt;margin-bottom: 0.0pt\"><span style=\"font-size: 11pt;font-family: Arial, sans-serif;color: #000000;background-color: transparent;vertical-align: baseline\">Une grande manifestation se d\u00e9roule actuellement \u00e0 Konkwe dans la pr\u00e9fecture de\u00a0 Mandiana o\u00f9 la population exige justice et l\u2019arr\u00eat imm\u00e9diat de l\u2019exploitation mini\u00e8re ill\u00e9gale et de la destruction barbare de l\u2019environnement par des personnes non identifi\u00e9es b\u00e9n\u00e9ficiant de la protection de certains agents administratifs moralement d\u00e9prav\u00e9s qui ne se soucient que de leurs poches mais pas du bien-\u00eatre de la population.<\/span><\/p>\n<p>&nbsp;<\/p>\n<p dir=\"ltr\" style=\"line-height: 1.38;margin-top: 0.0pt;margin-bottom: 0.0pt\"><span style=\"font-size: 11pt;font-family: Arial, sans-serif;color: #000000;background-color: transparent;vertical-align: baseline\">Selon\u00a0 nos informations, la pollution, la destruction et le vol de minerais ont \u00e9t\u00e9 largement signal\u00e9s au ministre des Mines et aux autorit\u00e9s locales qui ne se sont pas pr\u00e9occup\u00e9s de la situation et maintenant la population vient \u00e0 son secours. La routine du minist\u00e8re des Mines en Guin\u00e9e a maintenant besoin de l\u2019intervention imm\u00e9diate du pr\u00e9sident\u00a0 de la transition le G\u00e9n\u00e9ral Mamadi Doumbouya.<\/span><\/p>\n<p>&nbsp;<\/p>\n<p dir=\"ltr\" style=\"line-height: 1.38;margin-top: 0.0pt;margin-bottom: 0.0pt\"><span style=\"font-size: 11pt;font-family: Arial, sans-serif;color: #000000;background-color: transparent;vertical-align: baseline\">Il est important de rappeler que les propri\u00e9taires de ce permis de Hongxing, \u00e0 savoir la NJMC, n\u2019ont m\u00eame pas eu la chance de d\u00e9velopper ce projet en raison de la r\u00e9ticence du minist\u00e8re des Mines et de la G\u00e9ologie \u00e0 prendre des mesures et \u00e0 expulser les occupants ill\u00e9gaux. Cela a caus\u00e9 de nombreux emplois \u00e0 la communaut\u00e9, une perte de revenus pour le gouvernement et beaucoup d\u2019argent pour l\u2019entreprise.<\/span><\/p>\n<p>&nbsp;<\/p>\n<p dir=\"ltr\" style=\"line-height: 1.38;margin-top: 0.0pt;margin-bottom: 0.0pt\"><span style=\"font-size: 11pt;font-family: Arial, sans-serif;color: #000000;background-color: transparent;vertical-align: baseline\">\u00c0 suivre\u00a0<\/span><\/p>\n<p>&nbsp;<\/p>\n<p dir=\"ltr\" style=\"line-height: 1.38;margin-top: 0.0pt;margin-bottom: 0.0pt\">\n","protected":false},"excerpt":{"rendered":"<p>Une grande manifestation se d\u00e9roule actuellement \u00e0 Konkwe dans la pr\u00e9fecture de\u00a0 Mandiana o\u00f9 la<\/p>\n","protected":false},"author":2,"featured_media":6680,"comment_status":"closed","ping_status":"open","sticky":false,"template":"","format":"standard","meta":[],"categories":[3,5],"tags":[237],"yoast_head":"<!-- This site is optimized with the Yoast SEO plugin v19.13 - https:\/\/yoast.com\/wordpress\/plugins\/seo\/ -->\n<title>La population de Mandiana exige la justice et l\u2019arr\u00eat imm\u00e9diat de l\u2019exploitation mini\u00e8re - UNIVERSNEWS224<\/title>\n<meta name=\"robots\" content=\"index, follow, max-snippet:-1, max-image-preview:large, max-video-preview:-1\" \/>\n<link rel=\"canonical\" href=\"https:\/\/universnews224.com\/index.php\/la-population-de-mandiana-exige-la-justice-et-larret-immediat-de-lexploitation-miniere\/\" \/>\n<meta property=\"og:locale\" content=\"fr_FR\" \/>\n<meta property=\"og:type\" content=\"article\" \/>\n<meta property=\"og:title\" content=\"La population de Mandiana exige la justice et l\u2019arr\u00eat imm\u00e9diat de l\u2019exploitation mini\u00e8re - UNIVERSNEWS224\" \/>\n<meta property=\"og:description\" content=\"Une grande manifestation se d\u00e9roule actuellement \u00e0 Konkwe dans la pr\u00e9fecture de\u00a0 Mandiana o\u00f9 la\" \/>\n<meta property=\"og:url\" content=\"https:\/\/universnews224.com\/index.php\/la-population-de-mandiana-exige-la-justice-et-larret-immediat-de-lexploitation-miniere\/\" \/>\n<meta property=\"og:site_name\" content=\"UNIVERSNEWS224\" \/>\n<meta property=\"article:published_time\" content=\"2024-10-11T21:50:26+00:00\" \/>\n<meta property=\"og:image\" content=\"https:\/\/universnews224.com\/wp-content\/uploads\/2024\/10\/telechargement.jpeg\" \/>\n\t<meta property=\"og:image:width\" content=\"287\" \/>\n\t<meta property=\"og:image:height\" content=\"175\" \/>\n\t<meta property=\"og:image:type\" content=\"image\/jpeg\" \/>\n<meta name=\"author\" content=\"La R\u00e9daction\" \/>\n<meta name=\"twitter:label1\" content=\"\u00c9crit par\" \/>\n\t<meta name=\"twitter:data1\" content=\"La R\u00e9daction\" \/>\n\t<meta name=\"twitter:label2\" content=\"Dur\u00e9e de lecture estim\u00e9e\" \/>\n\t<meta name=\"twitter:data2\" content=\"2 minutes\" \/>\n<script type=\"application\/ld+json\" class=\"yoast-schema-graph\">{\"@context\":\"https:\/\/schema.org\",\"@graph\":[{\"@type\":\"Article\",\"@id\":\"https:\/\/universnews224.com\/index.php\/la-population-de-mandiana-exige-la-justice-et-larret-immediat-de-lexploitation-miniere\/#article\",\"isPartOf\":{\"@id\":\"https:\/\/universnews224.com\/index.php\/la-population-de-mandiana-exige-la-justice-et-larret-immediat-de-lexploitation-miniere\/\"},\"author\":{\"name\":\"La R\u00e9daction\",\"@id\":\"https:\/\/universnews224.com\/#\/schema\/person\/a4b7d4f94a4716df60456a491260485e\"},\"headline\":\"La population de Mandiana exige la justice et l\u2019arr\u00eat imm\u00e9diat de l\u2019exploitation mini\u00e8re\",\"datePublished\":\"2024-10-11T21:50:26+00:00\",\"dateModified\":\"2024-10-11T21:50:26+00:00\",\"mainEntityOfPage\":{\"@id\":\"https:\/\/universnews224.com\/index.php\/la-population-de-mandiana-exige-la-justice-et-larret-immediat-de-lexploitation-miniere\/\"},\"wordCount\":250,\"publisher\":{\"@id\":\"https:\/\/universnews224.com\/#organization\"},\"keywords\":[\"A la une\"],\"articleSection\":[\"ACTU\",\"SOCI\u00c9T\u00c9\"],\"inLanguage\":\"fr-FR\"},{\"@type\":\"WebPage\",\"@id\":\"https:\/\/universnews224.com\/index.php\/la-population-de-mandiana-exige-la-justice-et-larret-immediat-de-lexploitation-miniere\/\",\"url\":\"https:\/\/universnews224.com\/index.php\/la-population-de-mandiana-exige-la-justice-et-larret-immediat-de-lexploitation-miniere\/\",\"name\":\"La population de Mandiana exige la justice et l\u2019arr\u00eat imm\u00e9diat de l\u2019exploitation mini\u00e8re - UNIVERSNEWS224\",\"isPartOf\":{\"@id\":\"https:\/\/universnews224.com\/#website\"},\"datePublished\":\"2024-10-11T21:50:26+00:00\",\"dateModified\":\"2024-10-11T21:50:26+00:00\",\"inLanguage\":\"fr-FR\",\"potentialAction\":[{\"@type\":\"ReadAction\",\"target\":[\"https:\/\/universnews224.com\/index.php\/la-population-de-mandiana-exige-la-justice-et-larret-immediat-de-lexploitation-miniere\/\"]}]},{\"@type\":\"WebSite\",\"@id\":\"https:\/\/universnews224.com\/#website\",\"url\":\"https:\/\/universnews224.com\/\",\"name\":\"UNIVERSNEWS224\",\"description\":\"\",\"publisher\":{\"@id\":\"https:\/\/universnews224.com\/#organization\"},\"potentialAction\":[{\"@type\":\"SearchAction\",\"target\":{\"@type\":\"EntryPoint\",\"urlTemplate\":\"https:\/\/universnews224.com\/?s={search_term_string}\"},\"query-input\":\"required name=search_term_string\"}],\"inLanguage\":\"fr-FR\"},{\"@type\":\"Organization\",\"@id\":\"https:\/\/universnews224.com\/#organization\",\"name\":\"UNIVERSNEWS224\",\"url\":\"https:\/\/universnews224.com\/\",\"logo\":{\"@type\":\"ImageObject\",\"inLanguage\":\"fr-FR\",\"@id\":\"https:\/\/universnews224.com\/#\/schema\/logo\/image\/\",\"url\":\"https:\/\/universnews224.com\/wp-content\/uploads\/2022\/08\/cropped-cropped-logoban.jpg\",\"contentUrl\":\"https:\/\/universnews224.com\/wp-content\/uploads\/2022\/08\/cropped-cropped-logoban.jpg\",\"width\":1080,\"height\":138,\"caption\":\"UNIVERSNEWS224\"},\"image\":{\"@id\":\"https:\/\/universnews224.com\/#\/schema\/logo\/image\/\"}},{\"@type\":\"Person\",\"@id\":\"https:\/\/universnews224.com\/#\/schema\/person\/a4b7d4f94a4716df60456a491260485e\",\"name\":\"La R\u00e9daction\",\"image\":{\"@type\":\"ImageObject\",\"inLanguage\":\"fr-FR\",\"@id\":\"https:\/\/universnews224.com\/#\/schema\/person\/image\/\",\"url\":\"https:\/\/secure.gravatar.com\/avatar\/edb90acc7752b23e1b3307ad36c14f0d?s=96&d=mm&r=g\",\"contentUrl\":\"https:\/\/secure.gravatar.com\/avatar\/edb90acc7752b23e1b3307ad36c14f0d?s=96&d=mm&r=g\",\"caption\":\"La R\u00e9daction\"},\"sameAs\":[\"https:\/\/universnews224.com\"],\"url\":\"https:\/\/universnews224.com\/index.php\/author\/m-camara\/\"}]}<\/script>\n<!-- \/ Yoast SEO plugin. -->","yoast_head_json":{"title":"La population de Mandiana exige la justice et l\u2019arr\u00eat imm\u00e9diat de l\u2019exploitation mini\u00e8re - UNIVERSNEWS224","robots":{"index":"index","follow":"follow","max-snippet":"max-snippet:-1","max-image-preview":"max-image-preview:large","max-video-preview":"max-video-preview:-1"},"canonical":"https:\/\/universnews224.com\/index.php\/la-population-de-mandiana-exige-la-justice-et-larret-immediat-de-lexploitation-miniere\/","og_locale":"fr_FR","og_type":"article","og_title":"La population de Mandiana exige la justice et l\u2019arr\u00eat imm\u00e9diat de l\u2019exploitation mini\u00e8re - UNIVERSNEWS224","og_description":"Une grande manifestation se d\u00e9roule actuellement \u00e0 Konkwe dans la pr\u00e9fecture de\u00a0 Mandiana o\u00f9 la","og_url":"https:\/\/universnews224.com\/index.php\/la-population-de-mandiana-exige-la-justice-et-larret-immediat-de-lexploitation-miniere\/","og_site_name":"UNIVERSNEWS224","article_published_time":"2024-10-11T21:50:26+00:00","og_image":[{"width":287,"height":175,"url":"https:\/\/universnews224.com\/wp-content\/uploads\/2024\/10\/telechargement.jpeg","type":"image\/jpeg"}],"author":"La R\u00e9daction","twitter_misc":{"\u00c9crit par":"La R\u00e9daction","Dur\u00e9e de lecture estim\u00e9e":"2 minutes"},"schema":{"@context":"https:\/\/schema.org","@graph":[{"@type":"Article","@id":"https:\/\/universnews224.com\/index.php\/la-population-de-mandiana-exige-la-justice-et-larret-immediat-de-lexploitation-miniere\/#article","isPartOf":{"@id":"https:\/\/universnews224.com\/index.php\/la-population-de-mandiana-exige-la-justice-et-larret-immediat-de-lexploitation-miniere\/"},"author":{"name":"La R\u00e9daction","@id":"https:\/\/universnews224.com\/#\/schema\/person\/a4b7d4f94a4716df60456a491260485e"},"headline":"La population de Mandiana exige la justice et l\u2019arr\u00eat imm\u00e9diat de l\u2019exploitation mini\u00e8re","datePublished":"2024-10-11T21:50:26+00:00","dateModified":"2024-10-11T21:50:26+00:00","mainEntityOfPage":{"@id":"https:\/\/universnews224.com\/index.php\/la-population-de-mandiana-exige-la-justice-et-larret-immediat-de-lexploitation-miniere\/"},"wordCount":250,"publisher":{"@id":"https:\/\/universnews224.com\/#organization"},"keywords":["A la une"],"articleSection":["ACTU","SOCI\u00c9T\u00c9"],"inLanguage":"fr-FR"},{"@type":"WebPage","@id":"https:\/\/universnews224.com\/index.php\/la-population-de-mandiana-exige-la-justice-et-larret-immediat-de-lexploitation-miniere\/","url":"https:\/\/universnews224.com\/index.php\/la-population-de-mandiana-exige-la-justice-et-larret-immediat-de-lexploitation-miniere\/","name":"La population de Mandiana exige la justice et l\u2019arr\u00eat imm\u00e9diat de l\u2019exploitation mini\u00e8re - UNIVERSNEWS224","isPartOf":{"@id":"https:\/\/universnews224.com\/#website"},"datePublished":"2024-10-11T21:50:26+00:00","dateModified":"2024-10-11T21:50:26+00:00","inLanguage":"fr-FR","potentialAction":[{"@type":"ReadAction","target":["https:\/\/universnews224.com\/index.php\/la-population-de-mandiana-exige-la-justice-et-larret-immediat-de-lexploitation-miniere\/"]}]},{"@type":"WebSite","@id":"https:\/\/universnews224.com\/#website","url":"https:\/\/universnews224.com\/","name":"UNIVERSNEWS224","description":"","publisher":{"@id":"https:\/\/universnews224.com\/#organization"},"potentialAction":[{"@type":"SearchAction","target":{"@type":"EntryPoint","urlTemplate":"https:\/\/universnews224.com\/?s={search_term_string}"},"query-input":"required name=search_term_string"}],"inLanguage":"fr-FR"},{"@type":"Organization","@id":"https:\/\/universnews224.com\/#organization","name":"UNIVERSNEWS224","url":"https:\/\/universnews224.com\/","logo":{"@type":"ImageObject","inLanguage":"fr-FR","@id":"https:\/\/universnews224.com\/#\/schema\/logo\/image\/","url":"https:\/\/universnews224.com\/wp-content\/uploads\/2022\/08\/cropped-cropped-logoban.jpg","contentUrl":"https:\/\/universnews224.com\/wp-content\/uploads\/2022\/08\/cropped-cropped-logoban.jpg","width":1080,"height":138,"caption":"UNIVERSNEWS224"},"image":{"@id":"https:\/\/universnews224.com\/#\/schema\/logo\/image\/"}},{"@type":"Person","@id":"https:\/\/universnews224.com\/#\/schema\/person\/a4b7d4f94a4716df60456a491260485e","name":"La R\u00e9daction","image":{"@type":"ImageObject","inLanguage":"fr-FR","@id":"https:\/\/universnews224.com\/#\/schema\/person\/image\/","url":"https:\/\/secure.gravatar.com\/avatar\/edb90acc7752b23e1b3307ad36c14f0d?s=96&d=mm&r=g","contentUrl":"https:\/\/secure.gravatar.com\/avatar\/edb90acc7752b23e1b3307ad36c14f0d?s=96&d=mm&r=g","caption":"La R\u00e9daction"},"sameAs":["https:\/\/universnews224.com"],"url":"https:\/\/universnews224.com\/index.php\/author\/m-camara\/"}]}},"_links":{"self":[{"href":"https:\/\/universnews224.com\/index.php\/wp-json\/wp\/v2\/posts\/6679"}],"collection":[{"href":"https:\/\/universnews224.com\/index.php\/wp-json\/wp\/v2\/posts"}],"about":[{"href":"https:\/\/universnews224.com\/index.php\/wp-json\/wp\/v2\/types\/post"}],"author":[{"embeddable":true,"href":"https:\/\/universnews224.com\/index.php\/wp-json\/wp\/v2\/users\/2"}],"replies":[{"embeddable":true,"href":"https:\/\/universnews224.com\/index.php\/wp-json\/wp\/v2\/comments?post=6679"}],"version-history":[{"count":1,"href":"https:\/\/universnews224.com\/index.php\/wp-json\/wp\/v2\/posts\/6679\/revisions"}],"predecessor-version":[{"id":6681,"href":"https:\/\/universnews224.com\/index.php\/wp-json\/wp\/v2\/posts\/6679\/revisions\/6681"}],"wp:featuredmedia":[{"embeddable":true,"href":"https:\/\/universnews224.com\/index.php\/wp-json\/wp\/v2\/media\/6680"}],"wp:attachment":[{"href":"https:\/\/universnews224.com\/index.php\/wp-json\/wp\/v2\/media?parent=6679"}],"wp:term":[{"taxonomy":"category","embeddable":true,"href":"https:\/\/universnews224.com\/index.php\/wp-json\/wp\/v2\/categories?post=6679"},{"taxonomy":"post_tag","embeddable":true,"href":"https:\/\/universnews224.com\/index.php\/wp-json\/wp\/v2\/tags?post=6679"}],"curies":[{"name":"wp","href":"https:\/\/api.w.org\/{rel}","templated":true}]}}