{"id":6727,"date":"2024-10-16T19:32:46","date_gmt":"2024-10-16T18:32:46","guid":{"rendered":"https:\/\/universnews224.com\/?p=6727"},"modified":"2024-10-16T19:32:46","modified_gmt":"2024-10-16T18:32:46","slug":"paul-biya-est-il-lavenir-du-cameroun","status":"publish","type":"post","link":"https:\/\/universnews224.com\/index.php\/paul-biya-est-il-lavenir-du-cameroun\/","title":{"rendered":"PAUL BIYA EST-IL L&rsquo;AVENIR DU CAMEROUN ?"},"content":{"rendered":"<p>Demander o\u00f9 se trouve Paul Biya, m\u00eame si ce n&rsquo;est pas un sujet tabou, est malhonn\u00eate et honteux.<\/p>\n<p>&nbsp;<\/p>\n<p>Les historiens, les journalistes et les reporters en particulier ont peut-\u00eatre gagn\u00e9 le droit de demander o\u00f9 se trouve Paul Biya dans le but de conserver des faits historiques, des archives ou pour l&rsquo;information du public, mais pas les Camerounais en g\u00e9n\u00e9ral. Les Camerounais intelligents ne devraient pas poser la m\u00eame question. En effet, peu importe ce qui arrive \u00e0 Paul Biya aujourd&rsquo;hui, il ne reviendra pas pour continuer son r\u00e8gne. Soyons honn\u00eates, sinc\u00e8res et s\u00e9rieux au moins une fois avec nous-m\u00eames ; Paul Biya repr\u00e9sente le pass\u00e9 et non l&rsquo;avenir du Cameroun. Il est malhonn\u00eate, honteux et trivial pour tout Camerounais, intellectuel ou soi-disant politicien, de se livrer \u00e0 une rh\u00e9torique politique malhonn\u00eate \u00e0 ce moment critique o\u00f9 l&rsquo;avenir d&rsquo;une nation enti\u00e8re est en guerre avec elle-m\u00eame et n&rsquo;a besoin que d&rsquo;une intervention divine pour faire la lumi\u00e8re et sauver la vie de toute une g\u00e9n\u00e9ration de 40 ans d&rsquo;obscurit\u00e9 sociale, \u00e9conomique et politique ou d&rsquo;annihilation.<\/p>\n<p>&nbsp;<\/p>\n<p>Les vraies questions que les Camerounais devraient se poser et qu&rsquo;ils \u00e9vitent avec malhonn\u00eatet\u00e9 et tristesse sont les suivantes :<\/p>\n<p>&nbsp;<\/p>\n<p>1. Comment peuvent-ils pr\u00e9server la paix et la s\u00e9curit\u00e9 apr\u00e8s Biya ?<\/p>\n<p>&nbsp;<\/p>\n<p>(a). Peuvent-ils rassembler toutes les diff\u00e9rentes factions militaires (divis\u00e9es par Paul Biya pour gouverner) et maintenant aux mains et sous le contr\u00f4le d&rsquo;\u00e9minents barons du pouvoir qui se battent pour la succession ?<\/p>\n<p>&nbsp;<\/p>\n<p>(b). Peuvent-ils emp\u00eacher l&rsquo;arm\u00e9e et la population civile de s&rsquo;affronter pour le pouvoir ? Dans l&rsquo;\u00e9tat actuel des choses, le Cameroun est un pays tr\u00e8s divis\u00e9 et m\u00eame le RDPC n&rsquo;est pas uni. Pour parvenir \u00e0 la paix entre les militaires et la population civile, il faudrait une interpr\u00e9tation et une application strictes des dispositions constitutionnelles relatives \u00e0 la succession. Tout type d\u2019arrangement de pouvoir qui ne trouverait pas un \u00e9cho favorable aupr\u00e8s de la population se retournerait imm\u00e9diatement contre lui et conduirait au chaos total.<\/p>\n<p>&nbsp;<\/p>\n<p>(c) Des Camerounais cr\u00e9dibles et altruistes au pays et \u00e0 l\u2019\u00e9tranger peuvent-ils mettre de c\u00f4t\u00e9 leurs int\u00e9r\u00eats personnels ou leurs diff\u00e9rences et former un comit\u00e9 pour discuter et \u00e9laborer un plan directeur pour la paix et la r\u00e9conciliation au Cameroun apr\u00e8s Biya ? Rien ne devrait emp\u00eacher le groupe de recruter des Camerounais de toutes les disciplines professionnelles, y compris des personnes exp\u00e9riment\u00e9es de pays qui ont connu une transition similaire et l\u2019ont surmont\u00e9e ou ont r\u00e9ussi.<\/p>\n<p>&nbsp;<\/p>\n<p>2. Les nouvelles autorit\u00e9s ou le nouveau comit\u00e9 peuvent-ils avoir le courage, la d\u00e9termination et l\u2019honn\u00eatet\u00e9 n\u00e9cessaires pour r\u00e9soudre le conflit sanglant de l\u2019ind\u00e9pendance du Cameroun m\u00e9ridional ? Il serait na\u00eff de quiconque de n\u00e9gliger la guerre en cours au Cameroun m\u00e9ridional lorsque la transition de Biya est \u00e9voqu\u00e9e ou planifi\u00e9e. Ce point doit \u00eatre un facteur, sinon le facteur principal, \u00e0 prendre en compte en premier si l\u2019on veut garantir une transition en douceur.<\/p>\n<p>&nbsp;<\/p>\n<p>Pour conclure, tout calcul politique actuel sur le Cameroun qui tenterait de saper ces points que j\u2019ai soulev\u00e9s pourrait \u00eatre pr\u00e9judiciable, voire suicidaire, pour l\u2019avenir du Cameroun. Tr\u00e8s peu de personnes et de familles ont fait fortune au Cameroun sous Ahmadou Ahidjo et Paul Biya en faisant d\u00e9railler l\u2019\u00e9conomie du pays au d\u00e9triment de plusieurs g\u00e9n\u00e9rations.<\/p>\n<p>&nbsp;<\/p>\n<p>N\u2019est-il pas temps de remettre le Cameroun sur les rails afin que les pauvres, les ch\u00f4meurs, les masses souffrantes et les g\u00e9n\u00e9rations futures puissent \u00e9galement avoir une chance ? Arr\u00eatez de demander o\u00f9 se trouve Paul Biya et commencez \u00e0 vous demander : que fais-je pour contribuer \u00e0 la paix et \u00e0 la construction nationale apr\u00e8s Biya ?<\/p>\n<p>&nbsp;<\/p>\n<p>Apr\u00e8s Biya, ce n\u2019est plus vous Biya. Vous \u00eates l\u2019avenir que vous avez demand\u00e9 !<\/p>\n<p>&nbsp;<\/p>\n<p>Merci de lire attentivement.<\/p>\n<p>&nbsp;<\/p>\n<p>Dr. David Makongo<\/p>\n","protected":false},"excerpt":{"rendered":"<p>Demander o\u00f9 se trouve Paul Biya, m\u00eame si ce n&rsquo;est pas un sujet tabou, est<\/p>\n","protected":false},"author":2,"featured_media":6728,"comment_status":"closed","ping_status":"open","sticky":false,"template":"","format":"standard","meta":[],"categories":[3,9],"tags":[237],"yoast_head":"<!-- This site is optimized with the Yoast SEO plugin v19.13 - https:\/\/yoast.com\/wordpress\/plugins\/seo\/ -->\n<title>PAUL BIYA EST-IL L&#039;AVENIR DU CAMEROUN ? - UNIVERSNEWS224<\/title>\n<meta name=\"robots\" content=\"index, follow, max-snippet:-1, max-image-preview:large, max-video-preview:-1\" \/>\n<link rel=\"canonical\" href=\"https:\/\/universnews224.com\/index.php\/paul-biya-est-il-lavenir-du-cameroun\/\" \/>\n<meta property=\"og:locale\" content=\"fr_FR\" \/>\n<meta property=\"og:type\" content=\"article\" \/>\n<meta property=\"og:title\" content=\"PAUL BIYA EST-IL L&#039;AVENIR DU CAMEROUN ? - UNIVERSNEWS224\" \/>\n<meta property=\"og:description\" content=\"Demander o\u00f9 se trouve Paul Biya, m\u00eame si ce n&rsquo;est pas un sujet tabou, est\" \/>\n<meta property=\"og:url\" content=\"https:\/\/universnews224.com\/index.php\/paul-biya-est-il-lavenir-du-cameroun\/\" \/>\n<meta property=\"og:site_name\" content=\"UNIVERSNEWS224\" \/>\n<meta property=\"article:published_time\" content=\"2024-10-16T18:32:46+00:00\" \/>\n<meta property=\"og:image\" content=\"https:\/\/universnews224.com\/wp-content\/uploads\/2024\/10\/IMG-20241016-WA0006.jpg\" \/>\n\t<meta property=\"og:image:width\" content=\"889\" \/>\n\t<meta property=\"og:image:height\" content=\"580\" \/>\n\t<meta property=\"og:image:type\" content=\"image\/jpeg\" \/>\n<meta name=\"author\" content=\"La R\u00e9daction\" \/>\n<meta name=\"twitter:label1\" content=\"\u00c9crit par\" \/>\n\t<meta name=\"twitter:data1\" content=\"La R\u00e9daction\" \/>\n\t<meta name=\"twitter:label2\" content=\"Dur\u00e9e de lecture estim\u00e9e\" \/>\n\t<meta name=\"twitter:data2\" content=\"4 minutes\" \/>\n<script type=\"application\/ld+json\" class=\"yoast-schema-graph\">{\"@context\":\"https:\/\/schema.org\",\"@graph\":[{\"@type\":\"Article\",\"@id\":\"https:\/\/universnews224.com\/index.php\/paul-biya-est-il-lavenir-du-cameroun\/#article\",\"isPartOf\":{\"@id\":\"https:\/\/universnews224.com\/index.php\/paul-biya-est-il-lavenir-du-cameroun\/\"},\"author\":{\"name\":\"La R\u00e9daction\",\"@id\":\"https:\/\/universnews224.com\/#\/schema\/person\/a4b7d4f94a4716df60456a491260485e\"},\"headline\":\"PAUL BIYA EST-IL L&rsquo;AVENIR DU CAMEROUN ?\",\"datePublished\":\"2024-10-16T18:32:46+00:00\",\"dateModified\":\"2024-10-16T18:32:46+00:00\",\"mainEntityOfPage\":{\"@id\":\"https:\/\/universnews224.com\/index.php\/paul-biya-est-il-lavenir-du-cameroun\/\"},\"wordCount\":693,\"publisher\":{\"@id\":\"https:\/\/universnews224.com\/#organization\"},\"keywords\":[\"A la une\"],\"articleSection\":[\"ACTU\",\"SPORT\"],\"inLanguage\":\"fr-FR\"},{\"@type\":\"WebPage\",\"@id\":\"https:\/\/universnews224.com\/index.php\/paul-biya-est-il-lavenir-du-cameroun\/\",\"url\":\"https:\/\/universnews224.com\/index.php\/paul-biya-est-il-lavenir-du-cameroun\/\",\"name\":\"PAUL BIYA EST-IL L'AVENIR DU CAMEROUN ? - UNIVERSNEWS224\",\"isPartOf\":{\"@id\":\"https:\/\/universnews224.com\/#website\"},\"datePublished\":\"2024-10-16T18:32:46+00:00\",\"dateModified\":\"2024-10-16T18:32:46+00:00\",\"inLanguage\":\"fr-FR\",\"potentialAction\":[{\"@type\":\"ReadAction\",\"target\":[\"https:\/\/universnews224.com\/index.php\/paul-biya-est-il-lavenir-du-cameroun\/\"]}]},{\"@type\":\"WebSite\",\"@id\":\"https:\/\/universnews224.com\/#website\",\"url\":\"https:\/\/universnews224.com\/\",\"name\":\"UNIVERSNEWS224\",\"description\":\"\",\"publisher\":{\"@id\":\"https:\/\/universnews224.com\/#organization\"},\"potentialAction\":[{\"@type\":\"SearchAction\",\"target\":{\"@type\":\"EntryPoint\",\"urlTemplate\":\"https:\/\/universnews224.com\/?s={search_term_string}\"},\"query-input\":\"required name=search_term_string\"}],\"inLanguage\":\"fr-FR\"},{\"@type\":\"Organization\",\"@id\":\"https:\/\/universnews224.com\/#organization\",\"name\":\"UNIVERSNEWS224\",\"url\":\"https:\/\/universnews224.com\/\",\"logo\":{\"@type\":\"ImageObject\",\"inLanguage\":\"fr-FR\",\"@id\":\"https:\/\/universnews224.com\/#\/schema\/logo\/image\/\",\"url\":\"https:\/\/universnews224.com\/wp-content\/uploads\/2022\/08\/cropped-cropped-logoban.jpg\",\"contentUrl\":\"https:\/\/universnews224.com\/wp-content\/uploads\/2022\/08\/cropped-cropped-logoban.jpg\",\"width\":1080,\"height\":138,\"caption\":\"UNIVERSNEWS224\"},\"image\":{\"@id\":\"https:\/\/universnews224.com\/#\/schema\/logo\/image\/\"}},{\"@type\":\"Person\",\"@id\":\"https:\/\/universnews224.com\/#\/schema\/person\/a4b7d4f94a4716df60456a491260485e\",\"name\":\"La R\u00e9daction\",\"image\":{\"@type\":\"ImageObject\",\"inLanguage\":\"fr-FR\",\"@id\":\"https:\/\/universnews224.com\/#\/schema\/person\/image\/\",\"url\":\"https:\/\/secure.gravatar.com\/avatar\/edb90acc7752b23e1b3307ad36c14f0d?s=96&d=mm&r=g\",\"contentUrl\":\"https:\/\/secure.gravatar.com\/avatar\/edb90acc7752b23e1b3307ad36c14f0d?s=96&d=mm&r=g\",\"caption\":\"La R\u00e9daction\"},\"sameAs\":[\"https:\/\/universnews224.com\"],\"url\":\"https:\/\/universnews224.com\/index.php\/author\/m-camara\/\"}]}<\/script>\n<!-- \/ Yoast SEO plugin. -->","yoast_head_json":{"title":"PAUL BIYA EST-IL L'AVENIR DU CAMEROUN ? - UNIVERSNEWS224","robots":{"index":"index","follow":"follow","max-snippet":"max-snippet:-1","max-image-preview":"max-image-preview:large","max-video-preview":"max-video-preview:-1"},"canonical":"https:\/\/universnews224.com\/index.php\/paul-biya-est-il-lavenir-du-cameroun\/","og_locale":"fr_FR","og_type":"article","og_title":"PAUL BIYA EST-IL L'AVENIR DU CAMEROUN ? - UNIVERSNEWS224","og_description":"Demander o\u00f9 se trouve Paul Biya, m\u00eame si ce n&rsquo;est pas un sujet tabou, est","og_url":"https:\/\/universnews224.com\/index.php\/paul-biya-est-il-lavenir-du-cameroun\/","og_site_name":"UNIVERSNEWS224","article_published_time":"2024-10-16T18:32:46+00:00","og_image":[{"width":889,"height":580,"url":"https:\/\/universnews224.com\/wp-content\/uploads\/2024\/10\/IMG-20241016-WA0006.jpg","type":"image\/jpeg"}],"author":"La R\u00e9daction","twitter_misc":{"\u00c9crit par":"La R\u00e9daction","Dur\u00e9e de lecture estim\u00e9e":"4 minutes"},"schema":{"@context":"https:\/\/schema.org","@graph":[{"@type":"Article","@id":"https:\/\/universnews224.com\/index.php\/paul-biya-est-il-lavenir-du-cameroun\/#article","isPartOf":{"@id":"https:\/\/universnews224.com\/index.php\/paul-biya-est-il-lavenir-du-cameroun\/"},"author":{"name":"La R\u00e9daction","@id":"https:\/\/universnews224.com\/#\/schema\/person\/a4b7d4f94a4716df60456a491260485e"},"headline":"PAUL BIYA EST-IL L&rsquo;AVENIR DU CAMEROUN ?","datePublished":"2024-10-16T18:32:46+00:00","dateModified":"2024-10-16T18:32:46+00:00","mainEntityOfPage":{"@id":"https:\/\/universnews224.com\/index.php\/paul-biya-est-il-lavenir-du-cameroun\/"},"wordCount":693,"publisher":{"@id":"https:\/\/universnews224.com\/#organization"},"keywords":["A la une"],"articleSection":["ACTU","SPORT"],"inLanguage":"fr-FR"},{"@type":"WebPage","@id":"https:\/\/universnews224.com\/index.php\/paul-biya-est-il-lavenir-du-cameroun\/","url":"https:\/\/universnews224.com\/index.php\/paul-biya-est-il-lavenir-du-cameroun\/","name":"PAUL BIYA EST-IL L'AVENIR DU CAMEROUN ? - UNIVERSNEWS224","isPartOf":{"@id":"https:\/\/universnews224.com\/#website"},"datePublished":"2024-10-16T18:32:46+00:00","dateModified":"2024-10-16T18:32:46+00:00","inLanguage":"fr-FR","potentialAction":[{"@type":"ReadAction","target":["https:\/\/universnews224.com\/index.php\/paul-biya-est-il-lavenir-du-cameroun\/"]}]},{"@type":"WebSite","@id":"https:\/\/universnews224.com\/#website","url":"https:\/\/universnews224.com\/","name":"UNIVERSNEWS224","description":"","publisher":{"@id":"https:\/\/universnews224.com\/#organization"},"potentialAction":[{"@type":"SearchAction","target":{"@type":"EntryPoint","urlTemplate":"https:\/\/universnews224.com\/?s={search_term_string}"},"query-input":"required name=search_term_string"}],"inLanguage":"fr-FR"},{"@type":"Organization","@id":"https:\/\/universnews224.com\/#organization","name":"UNIVERSNEWS224","url":"https:\/\/universnews224.com\/","logo":{"@type":"ImageObject","inLanguage":"fr-FR","@id":"https:\/\/universnews224.com\/#\/schema\/logo\/image\/","url":"https:\/\/universnews224.com\/wp-content\/uploads\/2022\/08\/cropped-cropped-logoban.jpg","contentUrl":"https:\/\/universnews224.com\/wp-content\/uploads\/2022\/08\/cropped-cropped-logoban.jpg","width":1080,"height":138,"caption":"UNIVERSNEWS224"},"image":{"@id":"https:\/\/universnews224.com\/#\/schema\/logo\/image\/"}},{"@type":"Person","@id":"https:\/\/universnews224.com\/#\/schema\/person\/a4b7d4f94a4716df60456a491260485e","name":"La R\u00e9daction","image":{"@type":"ImageObject","inLanguage":"fr-FR","@id":"https:\/\/universnews224.com\/#\/schema\/person\/image\/","url":"https:\/\/secure.gravatar.com\/avatar\/edb90acc7752b23e1b3307ad36c14f0d?s=96&d=mm&r=g","contentUrl":"https:\/\/secure.gravatar.com\/avatar\/edb90acc7752b23e1b3307ad36c14f0d?s=96&d=mm&r=g","caption":"La R\u00e9daction"},"sameAs":["https:\/\/universnews224.com"],"url":"https:\/\/universnews224.com\/index.php\/author\/m-camara\/"}]}},"_links":{"self":[{"href":"https:\/\/universnews224.com\/index.php\/wp-json\/wp\/v2\/posts\/6727"}],"collection":[{"href":"https:\/\/universnews224.com\/index.php\/wp-json\/wp\/v2\/posts"}],"about":[{"href":"https:\/\/universnews224.com\/index.php\/wp-json\/wp\/v2\/types\/post"}],"author":[{"embeddable":true,"href":"https:\/\/universnews224.com\/index.php\/wp-json\/wp\/v2\/users\/2"}],"replies":[{"embeddable":true,"href":"https:\/\/universnews224.com\/index.php\/wp-json\/wp\/v2\/comments?post=6727"}],"version-history":[{"count":1,"href":"https:\/\/universnews224.com\/index.php\/wp-json\/wp\/v2\/posts\/6727\/revisions"}],"predecessor-version":[{"id":6729,"href":"https:\/\/universnews224.com\/index.php\/wp-json\/wp\/v2\/posts\/6727\/revisions\/6729"}],"wp:featuredmedia":[{"embeddable":true,"href":"https:\/\/universnews224.com\/index.php\/wp-json\/wp\/v2\/media\/6728"}],"wp:attachment":[{"href":"https:\/\/universnews224.com\/index.php\/wp-json\/wp\/v2\/media?parent=6727"}],"wp:term":[{"taxonomy":"category","embeddable":true,"href":"https:\/\/universnews224.com\/index.php\/wp-json\/wp\/v2\/categories?post=6727"},{"taxonomy":"post_tag","embeddable":true,"href":"https:\/\/universnews224.com\/index.php\/wp-json\/wp\/v2\/tags?post=6727"}],"curies":[{"name":"wp","href":"https:\/\/api.w.org\/{rel}","templated":true}]}}