{"id":6733,"date":"2024-10-17T22:57:47","date_gmt":"2024-10-17T21:57:47","guid":{"rendered":"https:\/\/universnews224.com\/?p=6733"},"modified":"2024-10-17T22:57:47","modified_gmt":"2024-10-17T21:57:47","slug":"100-jours-de-disparition-de-fonike-et-billo-le-machiavelisme-ne-doit-pas-lemporter-sur-le-droit-a-la-vie-cellou-dalein-diallo","status":"publish","type":"post","link":"https:\/\/universnews224.com\/index.php\/100-jours-de-disparition-de-fonike-et-billo-le-machiavelisme-ne-doit-pas-lemporter-sur-le-droit-a-la-vie-cellou-dalein-diallo\/","title":{"rendered":"100 jours de disparition de Fonik\u00e9 et Billo : \u2018\u2019le machiav\u00e9lisme ne doit pas l\u2019emporter sur le droit \u00e0 la vie\u2019\u2019 (Cellou Dalein Diallo)"},"content":{"rendered":"<p style=\"margin: 0px 0px 1em;padding: 0px;border: 0px;line-height: inherit;font-family: 'Helvetica Neue', Helvetica, Roboto, Arial, sans-serif;vertical-align: baseline;text-align: justify\">Ce 17 octobre 2024, marque le centi\u00e8me jour de la disparition forc\u00e9e des activistes de la soci\u00e9t\u00e9 civile guin\u00e9enne Fonik\u00e9 Mengu\u00e8 et Billo Bah, tous deux des responsables du front national pour la d\u00e9fense de la constitution (FNDC). A cette occasion, Cellou Dalein Diallo ne les a pas oubli\u00e9s.<\/p>\n<p style=\"margin: 0px 0px 1em;padding: 0px;border: 0px;line-height: inherit;font-family: 'Helvetica Neue', Helvetica, Roboto, Arial, sans-serif;vertical-align: baseline;text-align: justify\">Dans un post sur sa page Facebook, le leader de l\u2019UFDG a rappel\u00e9 cette date, tout en exprimant sa pr\u00e9occupation face \u00e0 la disparition de ces deux leaders de la soci\u00e9t\u00e9 civile guin\u00e9enne.<\/p>\n<p style=\"margin: 0px 0px 1em;padding: 0px;border: 0px;line-height: inherit;font-family: 'Helvetica Neue', Helvetica, Roboto, Arial, sans-serif;vertical-align: baseline;text-align: justify\">Ce 17 octobre marque un triste cap: les 100 jours de la disparition forc\u00e9e de Fonik\u00e9 Mengu\u00e9 et Billo Bah. Cent jours sans nouvelles, cent jours d\u2019incertitude, cent jours d\u2019une absence insoutenable, cent jours d\u2019angoisse pour les familles. Cent jours de m\u00e9pris et d\u2019indiff\u00e9rence de ceux qui gouvernent le pays\u2019\u2019, dit-il.<\/p>\n<div class=\"jeg_ad jeg_ad_article jnews_content_inline_3_ads \" style=\"margin: 0px 0px 1.25em;padding: 0px;border: 0px;line-height: inherit;font-family: 'Helvetica Neue', Helvetica, Roboto, Arial, sans-serif;vertical-align: baseline;text-align: center\">\n<div class=\"ads-wrapper align-center \" style=\"margin: 1em 0px;padding: 0px;border: 0px;font: inherit;vertical-align: baseline\"><\/div>\n<\/div>\n<p style=\"margin: 0px 0px 1em;padding: 0px;border: 0px;line-height: inherit;font-family: 'Helvetica Neue', Helvetica, Roboto, Arial, sans-serif;vertical-align: baseline;text-align: justify\">Pour l\u2019ancien premier ministre guin\u00e9en, chaque jour qui passe, est une \u00e9preuve atroce, inhumaine, pour leurs proches et pour tous les Guin\u00e9ens \u00e9pris de justice et de libert\u00e9.<\/p>\n<p style=\"margin: 0px 0px 1em;padding: 0px;border: 0px;line-height: inherit;font-family: 'Helvetica Neue', Helvetica, Roboto, Arial, sans-serif;vertical-align: baseline;text-align: justify\">\u2018\u2019Le machiav\u00e9lisme ne doit pas l\u2019emporter sur le droit \u00e0 la vie. Si la justice est vraiment la boussole du G\u00e9n\u00e9ral Mamadi Doumbouya, il a l\u00e0 une belle occasion de le prouver. J\u2019exprime ma solidarit\u00e9 avec Fonik\u00e9 et Billo, r\u00e9it\u00e8re mon soutien \u00e0 leurs familles et exige leur lib\u00e9ration sans d\u00e9lai et sans conditions\u2019\u2019, a d\u00e9clar\u00e9 Cellou Dalein Diallo.<\/p>\n<p style=\"margin: 0px 0px 1em;padding: 0px;border: 0px;line-height: inherit;font-family: 'Helvetica Neue', Helvetica, Roboto, Arial, sans-serif;vertical-align: baseline;text-align: justify\"><span style=\"margin: 0px;padding: 0px;border: 0px;font-style: inherit;font-variant: inherit;font-weight: bold;font-size: inherit;line-height: inherit;font-family: inherit;vertical-align: baseline\">Lerevelateur224.com.<\/span><\/p>\n","protected":false},"excerpt":{"rendered":"<p>Ce 17 octobre 2024, marque le centi\u00e8me jour de la disparition forc\u00e9e des activistes de<\/p>\n","protected":false},"author":2,"featured_media":6735,"comment_status":"closed","ping_status":"open","sticky":false,"template":"","format":"standard","meta":[],"categories":[3,4],"tags":[237],"yoast_head":"<!-- This site is optimized with the Yoast SEO plugin v19.13 - https:\/\/yoast.com\/wordpress\/plugins\/seo\/ -->\n<title>100 jours de disparition de Fonik\u00e9 et Billo : \u2018\u2019le machiav\u00e9lisme ne doit pas l\u2019emporter sur le droit \u00e0 la vie\u2019\u2019 (Cellou Dalein Diallo) - UNIVERSNEWS224<\/title>\n<meta name=\"robots\" content=\"index, follow, max-snippet:-1, max-image-preview:large, max-video-preview:-1\" \/>\n<link rel=\"canonical\" href=\"https:\/\/universnews224.com\/index.php\/100-jours-de-disparition-de-fonike-et-billo-le-machiavelisme-ne-doit-pas-lemporter-sur-le-droit-a-la-vie-cellou-dalein-diallo\/\" \/>\n<meta property=\"og:locale\" content=\"fr_FR\" \/>\n<meta property=\"og:type\" content=\"article\" \/>\n<meta property=\"og:title\" content=\"100 jours de disparition de Fonik\u00e9 et Billo : \u2018\u2019le machiav\u00e9lisme ne doit pas l\u2019emporter sur le droit \u00e0 la vie\u2019\u2019 (Cellou Dalein Diallo) - UNIVERSNEWS224\" \/>\n<meta property=\"og:description\" content=\"Ce 17 octobre 2024, marque le centi\u00e8me jour de la disparition forc\u00e9e des activistes de\" \/>\n<meta property=\"og:url\" content=\"https:\/\/universnews224.com\/index.php\/100-jours-de-disparition-de-fonike-et-billo-le-machiavelisme-ne-doit-pas-lemporter-sur-le-droit-a-la-vie-cellou-dalein-diallo\/\" \/>\n<meta property=\"og:site_name\" content=\"UNIVERSNEWS224\" \/>\n<meta property=\"article:published_time\" content=\"2024-10-17T21:57:47+00:00\" \/>\n<meta property=\"og:image\" content=\"https:\/\/universnews224.com\/wp-content\/uploads\/2024\/10\/IMG-20241017-WA0007-720x375-1.jpg\" \/>\n\t<meta property=\"og:image:width\" content=\"720\" \/>\n\t<meta property=\"og:image:height\" content=\"375\" \/>\n\t<meta property=\"og:image:type\" content=\"image\/jpeg\" \/>\n<meta name=\"author\" content=\"La R\u00e9daction\" \/>\n<meta name=\"twitter:label1\" content=\"\u00c9crit par\" \/>\n\t<meta name=\"twitter:data1\" content=\"La R\u00e9daction\" \/>\n\t<meta name=\"twitter:label2\" content=\"Dur\u00e9e de lecture estim\u00e9e\" \/>\n\t<meta name=\"twitter:data2\" content=\"2 minutes\" \/>\n<script type=\"application\/ld+json\" class=\"yoast-schema-graph\">{\"@context\":\"https:\/\/schema.org\",\"@graph\":[{\"@type\":\"Article\",\"@id\":\"https:\/\/universnews224.com\/index.php\/100-jours-de-disparition-de-fonike-et-billo-le-machiavelisme-ne-doit-pas-lemporter-sur-le-droit-a-la-vie-cellou-dalein-diallo\/#article\",\"isPartOf\":{\"@id\":\"https:\/\/universnews224.com\/index.php\/100-jours-de-disparition-de-fonike-et-billo-le-machiavelisme-ne-doit-pas-lemporter-sur-le-droit-a-la-vie-cellou-dalein-diallo\/\"},\"author\":{\"name\":\"La R\u00e9daction\",\"@id\":\"https:\/\/universnews224.com\/#\/schema\/person\/a4b7d4f94a4716df60456a491260485e\"},\"headline\":\"100 jours de disparition de Fonik\u00e9 et Billo : \u2018\u2019le machiav\u00e9lisme ne doit pas l\u2019emporter sur le droit \u00e0 la vie\u2019\u2019 (Cellou Dalein Diallo)\",\"datePublished\":\"2024-10-17T21:57:47+00:00\",\"dateModified\":\"2024-10-17T21:57:47+00:00\",\"mainEntityOfPage\":{\"@id\":\"https:\/\/universnews224.com\/index.php\/100-jours-de-disparition-de-fonike-et-billo-le-machiavelisme-ne-doit-pas-lemporter-sur-le-droit-a-la-vie-cellou-dalein-diallo\/\"},\"wordCount\":268,\"publisher\":{\"@id\":\"https:\/\/universnews224.com\/#organization\"},\"keywords\":[\"A la une\"],\"articleSection\":[\"ACTU\",\"POLITIQUE\"],\"inLanguage\":\"fr-FR\"},{\"@type\":\"WebPage\",\"@id\":\"https:\/\/universnews224.com\/index.php\/100-jours-de-disparition-de-fonike-et-billo-le-machiavelisme-ne-doit-pas-lemporter-sur-le-droit-a-la-vie-cellou-dalein-diallo\/\",\"url\":\"https:\/\/universnews224.com\/index.php\/100-jours-de-disparition-de-fonike-et-billo-le-machiavelisme-ne-doit-pas-lemporter-sur-le-droit-a-la-vie-cellou-dalein-diallo\/\",\"name\":\"100 jours de disparition de Fonik\u00e9 et Billo : \u2018\u2019le machiav\u00e9lisme ne doit pas l\u2019emporter sur le droit \u00e0 la vie\u2019\u2019 (Cellou Dalein Diallo) - UNIVERSNEWS224\",\"isPartOf\":{\"@id\":\"https:\/\/universnews224.com\/#website\"},\"datePublished\":\"2024-10-17T21:57:47+00:00\",\"dateModified\":\"2024-10-17T21:57:47+00:00\",\"inLanguage\":\"fr-FR\",\"potentialAction\":[{\"@type\":\"ReadAction\",\"target\":[\"https:\/\/universnews224.com\/index.php\/100-jours-de-disparition-de-fonike-et-billo-le-machiavelisme-ne-doit-pas-lemporter-sur-le-droit-a-la-vie-cellou-dalein-diallo\/\"]}]},{\"@type\":\"WebSite\",\"@id\":\"https:\/\/universnews224.com\/#website\",\"url\":\"https:\/\/universnews224.com\/\",\"name\":\"UNIVERSNEWS224\",\"description\":\"\",\"publisher\":{\"@id\":\"https:\/\/universnews224.com\/#organization\"},\"potentialAction\":[{\"@type\":\"SearchAction\",\"target\":{\"@type\":\"EntryPoint\",\"urlTemplate\":\"https:\/\/universnews224.com\/?s={search_term_string}\"},\"query-input\":\"required name=search_term_string\"}],\"inLanguage\":\"fr-FR\"},{\"@type\":\"Organization\",\"@id\":\"https:\/\/universnews224.com\/#organization\",\"name\":\"UNIVERSNEWS224\",\"url\":\"https:\/\/universnews224.com\/\",\"logo\":{\"@type\":\"ImageObject\",\"inLanguage\":\"fr-FR\",\"@id\":\"https:\/\/universnews224.com\/#\/schema\/logo\/image\/\",\"url\":\"https:\/\/universnews224.com\/wp-content\/uploads\/2022\/08\/cropped-cropped-logoban.jpg\",\"contentUrl\":\"https:\/\/universnews224.com\/wp-content\/uploads\/2022\/08\/cropped-cropped-logoban.jpg\",\"width\":1080,\"height\":138,\"caption\":\"UNIVERSNEWS224\"},\"image\":{\"@id\":\"https:\/\/universnews224.com\/#\/schema\/logo\/image\/\"}},{\"@type\":\"Person\",\"@id\":\"https:\/\/universnews224.com\/#\/schema\/person\/a4b7d4f94a4716df60456a491260485e\",\"name\":\"La R\u00e9daction\",\"image\":{\"@type\":\"ImageObject\",\"inLanguage\":\"fr-FR\",\"@id\":\"https:\/\/universnews224.com\/#\/schema\/person\/image\/\",\"url\":\"https:\/\/secure.gravatar.com\/avatar\/edb90acc7752b23e1b3307ad36c14f0d?s=96&d=mm&r=g\",\"contentUrl\":\"https:\/\/secure.gravatar.com\/avatar\/edb90acc7752b23e1b3307ad36c14f0d?s=96&d=mm&r=g\",\"caption\":\"La R\u00e9daction\"},\"sameAs\":[\"https:\/\/universnews224.com\"],\"url\":\"https:\/\/universnews224.com\/index.php\/author\/m-camara\/\"}]}<\/script>\n<!-- \/ Yoast SEO plugin. -->","yoast_head_json":{"title":"100 jours de disparition de Fonik\u00e9 et Billo : \u2018\u2019le machiav\u00e9lisme ne doit pas l\u2019emporter sur le droit \u00e0 la vie\u2019\u2019 (Cellou Dalein Diallo) - UNIVERSNEWS224","robots":{"index":"index","follow":"follow","max-snippet":"max-snippet:-1","max-image-preview":"max-image-preview:large","max-video-preview":"max-video-preview:-1"},"canonical":"https:\/\/universnews224.com\/index.php\/100-jours-de-disparition-de-fonike-et-billo-le-machiavelisme-ne-doit-pas-lemporter-sur-le-droit-a-la-vie-cellou-dalein-diallo\/","og_locale":"fr_FR","og_type":"article","og_title":"100 jours de disparition de Fonik\u00e9 et Billo : \u2018\u2019le machiav\u00e9lisme ne doit pas l\u2019emporter sur le droit \u00e0 la vie\u2019\u2019 (Cellou Dalein Diallo) - UNIVERSNEWS224","og_description":"Ce 17 octobre 2024, marque le centi\u00e8me jour de la disparition forc\u00e9e des activistes de","og_url":"https:\/\/universnews224.com\/index.php\/100-jours-de-disparition-de-fonike-et-billo-le-machiavelisme-ne-doit-pas-lemporter-sur-le-droit-a-la-vie-cellou-dalein-diallo\/","og_site_name":"UNIVERSNEWS224","article_published_time":"2024-10-17T21:57:47+00:00","og_image":[{"width":720,"height":375,"url":"https:\/\/universnews224.com\/wp-content\/uploads\/2024\/10\/IMG-20241017-WA0007-720x375-1.jpg","type":"image\/jpeg"}],"author":"La R\u00e9daction","twitter_misc":{"\u00c9crit par":"La R\u00e9daction","Dur\u00e9e de lecture estim\u00e9e":"2 minutes"},"schema":{"@context":"https:\/\/schema.org","@graph":[{"@type":"Article","@id":"https:\/\/universnews224.com\/index.php\/100-jours-de-disparition-de-fonike-et-billo-le-machiavelisme-ne-doit-pas-lemporter-sur-le-droit-a-la-vie-cellou-dalein-diallo\/#article","isPartOf":{"@id":"https:\/\/universnews224.com\/index.php\/100-jours-de-disparition-de-fonike-et-billo-le-machiavelisme-ne-doit-pas-lemporter-sur-le-droit-a-la-vie-cellou-dalein-diallo\/"},"author":{"name":"La R\u00e9daction","@id":"https:\/\/universnews224.com\/#\/schema\/person\/a4b7d4f94a4716df60456a491260485e"},"headline":"100 jours de disparition de Fonik\u00e9 et Billo : \u2018\u2019le machiav\u00e9lisme ne doit pas l\u2019emporter sur le droit \u00e0 la vie\u2019\u2019 (Cellou Dalein Diallo)","datePublished":"2024-10-17T21:57:47+00:00","dateModified":"2024-10-17T21:57:47+00:00","mainEntityOfPage":{"@id":"https:\/\/universnews224.com\/index.php\/100-jours-de-disparition-de-fonike-et-billo-le-machiavelisme-ne-doit-pas-lemporter-sur-le-droit-a-la-vie-cellou-dalein-diallo\/"},"wordCount":268,"publisher":{"@id":"https:\/\/universnews224.com\/#organization"},"keywords":["A la une"],"articleSection":["ACTU","POLITIQUE"],"inLanguage":"fr-FR"},{"@type":"WebPage","@id":"https:\/\/universnews224.com\/index.php\/100-jours-de-disparition-de-fonike-et-billo-le-machiavelisme-ne-doit-pas-lemporter-sur-le-droit-a-la-vie-cellou-dalein-diallo\/","url":"https:\/\/universnews224.com\/index.php\/100-jours-de-disparition-de-fonike-et-billo-le-machiavelisme-ne-doit-pas-lemporter-sur-le-droit-a-la-vie-cellou-dalein-diallo\/","name":"100 jours de disparition de Fonik\u00e9 et Billo : \u2018\u2019le machiav\u00e9lisme ne doit pas l\u2019emporter sur le droit \u00e0 la vie\u2019\u2019 (Cellou Dalein Diallo) - UNIVERSNEWS224","isPartOf":{"@id":"https:\/\/universnews224.com\/#website"},"datePublished":"2024-10-17T21:57:47+00:00","dateModified":"2024-10-17T21:57:47+00:00","inLanguage":"fr-FR","potentialAction":[{"@type":"ReadAction","target":["https:\/\/universnews224.com\/index.php\/100-jours-de-disparition-de-fonike-et-billo-le-machiavelisme-ne-doit-pas-lemporter-sur-le-droit-a-la-vie-cellou-dalein-diallo\/"]}]},{"@type":"WebSite","@id":"https:\/\/universnews224.com\/#website","url":"https:\/\/universnews224.com\/","name":"UNIVERSNEWS224","description":"","publisher":{"@id":"https:\/\/universnews224.com\/#organization"},"potentialAction":[{"@type":"SearchAction","target":{"@type":"EntryPoint","urlTemplate":"https:\/\/universnews224.com\/?s={search_term_string}"},"query-input":"required name=search_term_string"}],"inLanguage":"fr-FR"},{"@type":"Organization","@id":"https:\/\/universnews224.com\/#organization","name":"UNIVERSNEWS224","url":"https:\/\/universnews224.com\/","logo":{"@type":"ImageObject","inLanguage":"fr-FR","@id":"https:\/\/universnews224.com\/#\/schema\/logo\/image\/","url":"https:\/\/universnews224.com\/wp-content\/uploads\/2022\/08\/cropped-cropped-logoban.jpg","contentUrl":"https:\/\/universnews224.com\/wp-content\/uploads\/2022\/08\/cropped-cropped-logoban.jpg","width":1080,"height":138,"caption":"UNIVERSNEWS224"},"image":{"@id":"https:\/\/universnews224.com\/#\/schema\/logo\/image\/"}},{"@type":"Person","@id":"https:\/\/universnews224.com\/#\/schema\/person\/a4b7d4f94a4716df60456a491260485e","name":"La R\u00e9daction","image":{"@type":"ImageObject","inLanguage":"fr-FR","@id":"https:\/\/universnews224.com\/#\/schema\/person\/image\/","url":"https:\/\/secure.gravatar.com\/avatar\/edb90acc7752b23e1b3307ad36c14f0d?s=96&d=mm&r=g","contentUrl":"https:\/\/secure.gravatar.com\/avatar\/edb90acc7752b23e1b3307ad36c14f0d?s=96&d=mm&r=g","caption":"La R\u00e9daction"},"sameAs":["https:\/\/universnews224.com"],"url":"https:\/\/universnews224.com\/index.php\/author\/m-camara\/"}]}},"_links":{"self":[{"href":"https:\/\/universnews224.com\/index.php\/wp-json\/wp\/v2\/posts\/6733"}],"collection":[{"href":"https:\/\/universnews224.com\/index.php\/wp-json\/wp\/v2\/posts"}],"about":[{"href":"https:\/\/universnews224.com\/index.php\/wp-json\/wp\/v2\/types\/post"}],"author":[{"embeddable":true,"href":"https:\/\/universnews224.com\/index.php\/wp-json\/wp\/v2\/users\/2"}],"replies":[{"embeddable":true,"href":"https:\/\/universnews224.com\/index.php\/wp-json\/wp\/v2\/comments?post=6733"}],"version-history":[{"count":1,"href":"https:\/\/universnews224.com\/index.php\/wp-json\/wp\/v2\/posts\/6733\/revisions"}],"predecessor-version":[{"id":6736,"href":"https:\/\/universnews224.com\/index.php\/wp-json\/wp\/v2\/posts\/6733\/revisions\/6736"}],"wp:featuredmedia":[{"embeddable":true,"href":"https:\/\/universnews224.com\/index.php\/wp-json\/wp\/v2\/media\/6735"}],"wp:attachment":[{"href":"https:\/\/universnews224.com\/index.php\/wp-json\/wp\/v2\/media?parent=6733"}],"wp:term":[{"taxonomy":"category","embeddable":true,"href":"https:\/\/universnews224.com\/index.php\/wp-json\/wp\/v2\/categories?post=6733"},{"taxonomy":"post_tag","embeddable":true,"href":"https:\/\/universnews224.com\/index.php\/wp-json\/wp\/v2\/tags?post=6733"}],"curies":[{"name":"wp","href":"https:\/\/api.w.org\/{rel}","templated":true}]}}