{"id":6737,"date":"2024-10-17T23:00:41","date_gmt":"2024-10-17T22:00:41","guid":{"rendered":"https:\/\/universnews224.com\/?p=6737"},"modified":"2024-10-17T23:00:41","modified_gmt":"2024-10-17T22:00:41","slug":"100-jours-de-disparition-de-fonike-et-billo-une-absence-insoutenable-pour-leurs-proches-et-une-douleur-partagee-par-tous-ceux-qui-se-battent-pour-la-justice-et-la-liberte","status":"publish","type":"post","link":"https:\/\/universnews224.com\/index.php\/100-jours-de-disparition-de-fonike-et-billo-une-absence-insoutenable-pour-leurs-proches-et-une-douleur-partagee-par-tous-ceux-qui-se-battent-pour-la-justice-et-la-liberte\/","title":{"rendered":"100 jours de disparition de Fonik\u00e9 et Billo : \u2018\u2019Une absence insoutenable pour leurs proches et une douleur partag\u00e9e par tous ceux qui se battent pour la justice et la libert\u00e9\u2019\u2019, selon Sidya Tour\u00e9"},"content":{"rendered":"<p style=\"margin: 0px 0px 1em;padding: 0px;border: 0px;line-height: inherit;font-family: 'Helvetica Neue', Helvetica, Roboto, Arial, sans-serif;vertical-align: baseline;text-align: justify\">9 juillet-17 octobre 2024, cela fait pratiquement 100 jours depuis la disparition forc\u00e9e en Guin\u00e9e de Fonik\u00e9 Mengu\u00e8 et Billo Bah, deux activistes de la soci\u00e9t\u00e9 civile guin\u00e9enne.<\/p>\n<p style=\"margin: 0px 0px 1em;padding: 0px;border: 0px;line-height: inherit;font-family: 'Helvetica Neue', Helvetica, Roboto, Arial, sans-serif;vertical-align: baseline;text-align: justify\">La disparition de ces deux responsables du front national pour la d\u00e9fense de la constitution (FNDC) est sur toutes les l\u00e8vres, tant en Guin\u00e9e qu\u2019\u00e0 l\u2019international. Sur sa page Facebook ce jeudi, le leader de l\u2019UFR parle d\u2019une absence insoutenable pour leurs proches et une douleur partag\u00e9e par tous ceux qui se battent pour la justice et la libert\u00e9.<\/p>\n<p style=\"margin: 0px 0px 1em;padding: 0px;border: 0px;line-height: inherit;font-family: 'Helvetica Neue', Helvetica, Roboto, Arial, sans-serif;vertical-align: baseline;text-align: justify\">\u2019Plus de 100 jours sans nouvelles de Fonik\u00e9 et Billo. Une absence insoutenable pour leurs proches et une douleur partag\u00e9e par tous ceux qui se battent pour la justice et la libert\u00e9. Saluons la mobilisation constante pour leur lib\u00e9ration et ne baissons pas les bras\u2019\u2019, a r\u00e9agi Sidya Tour\u00e9 sur X, anciennement Twitter.<\/p>\n<div class=\"jeg_ad jeg_ad_article jnews_content_inline_3_ads  \" style=\"margin: 0px 0px 1.25em;padding: 0px;border: 0px;line-height: inherit;font-family: 'Helvetica Neue', Helvetica, Roboto, Arial, sans-serif;vertical-align: baseline;text-align: center\">\n<div class=\"ads-wrapper align-center \" style=\"margin: 1em 0px;padding: 0px;border: 0px;font: inherit;vertical-align: baseline\"><\/div>\n<\/div>\n<p style=\"margin: 0px 0px 1em;padding: 0px;border: 0px;line-height: inherit;font-family: 'Helvetica Neue', Helvetica, Roboto, Arial, sans-serif;vertical-align: baseline;text-align: justify\">\n","protected":false},"excerpt":{"rendered":"<p>9 juillet-17 octobre 2024, cela fait pratiquement 100 jours depuis la disparition forc\u00e9e en Guin\u00e9e<\/p>\n","protected":false},"author":2,"featured_media":6738,"comment_status":"closed","ping_status":"open","sticky":false,"template":"","format":"standard","meta":[],"categories":[3,4],"tags":[237],"yoast_head":"<!-- This site is optimized with the Yoast SEO plugin v19.13 - https:\/\/yoast.com\/wordpress\/plugins\/seo\/ -->\n<title>100 jours de disparition de Fonik\u00e9 et Billo : \u2018\u2019Une absence insoutenable pour leurs proches et une douleur partag\u00e9e par tous ceux qui se battent pour la justice et la libert\u00e9\u2019\u2019, selon Sidya Tour\u00e9 - UNIVERSNEWS224<\/title>\n<meta name=\"robots\" content=\"index, follow, max-snippet:-1, max-image-preview:large, max-video-preview:-1\" \/>\n<link rel=\"canonical\" href=\"https:\/\/universnews224.com\/index.php\/100-jours-de-disparition-de-fonike-et-billo-une-absence-insoutenable-pour-leurs-proches-et-une-douleur-partagee-par-tous-ceux-qui-se-battent-pour-la-justice-et-la-liberte\/\" \/>\n<meta property=\"og:locale\" content=\"fr_FR\" \/>\n<meta property=\"og:type\" content=\"article\" \/>\n<meta property=\"og:title\" content=\"100 jours de disparition de Fonik\u00e9 et Billo : \u2018\u2019Une absence insoutenable pour leurs proches et une douleur partag\u00e9e par tous ceux qui se battent pour la justice et la libert\u00e9\u2019\u2019, selon Sidya Tour\u00e9 - UNIVERSNEWS224\" \/>\n<meta property=\"og:description\" content=\"9 juillet-17 octobre 2024, cela fait pratiquement 100 jours depuis la disparition forc\u00e9e en Guin\u00e9e\" \/>\n<meta property=\"og:url\" content=\"https:\/\/universnews224.com\/index.php\/100-jours-de-disparition-de-fonike-et-billo-une-absence-insoutenable-pour-leurs-proches-et-une-douleur-partagee-par-tous-ceux-qui-se-battent-pour-la-justice-et-la-liberte\/\" \/>\n<meta property=\"og:site_name\" content=\"UNIVERSNEWS224\" \/>\n<meta property=\"article:published_time\" content=\"2024-10-17T22:00:41+00:00\" \/>\n<meta property=\"og:image\" content=\"https:\/\/universnews224.com\/wp-content\/uploads\/2024\/10\/IMG-20241017-WA0006-720x375-1.jpg\" \/>\n\t<meta property=\"og:image:width\" content=\"720\" \/>\n\t<meta property=\"og:image:height\" content=\"375\" \/>\n\t<meta property=\"og:image:type\" content=\"image\/jpeg\" \/>\n<meta name=\"author\" content=\"La R\u00e9daction\" \/>\n<meta name=\"twitter:label1\" content=\"\u00c9crit par\" \/>\n\t<meta name=\"twitter:data1\" content=\"La R\u00e9daction\" \/>\n\t<meta name=\"twitter:label2\" content=\"Dur\u00e9e de lecture estim\u00e9e\" \/>\n\t<meta name=\"twitter:data2\" content=\"1 minute\" \/>\n<script type=\"application\/ld+json\" class=\"yoast-schema-graph\">{\"@context\":\"https:\/\/schema.org\",\"@graph\":[{\"@type\":\"Article\",\"@id\":\"https:\/\/universnews224.com\/index.php\/100-jours-de-disparition-de-fonike-et-billo-une-absence-insoutenable-pour-leurs-proches-et-une-douleur-partagee-par-tous-ceux-qui-se-battent-pour-la-justice-et-la-liberte\/#article\",\"isPartOf\":{\"@id\":\"https:\/\/universnews224.com\/index.php\/100-jours-de-disparition-de-fonike-et-billo-une-absence-insoutenable-pour-leurs-proches-et-une-douleur-partagee-par-tous-ceux-qui-se-battent-pour-la-justice-et-la-liberte\/\"},\"author\":{\"name\":\"La R\u00e9daction\",\"@id\":\"https:\/\/universnews224.com\/#\/schema\/person\/a4b7d4f94a4716df60456a491260485e\"},\"headline\":\"100 jours de disparition de Fonik\u00e9 et Billo : \u2018\u2019Une absence insoutenable pour leurs proches et une douleur partag\u00e9e par tous ceux qui se battent pour la justice et la libert\u00e9\u2019\u2019, selon Sidya Tour\u00e9\",\"datePublished\":\"2024-10-17T22:00:41+00:00\",\"dateModified\":\"2024-10-17T22:00:41+00:00\",\"mainEntityOfPage\":{\"@id\":\"https:\/\/universnews224.com\/index.php\/100-jours-de-disparition-de-fonike-et-billo-une-absence-insoutenable-pour-leurs-proches-et-une-douleur-partagee-par-tous-ceux-qui-se-battent-pour-la-justice-et-la-liberte\/\"},\"wordCount\":183,\"publisher\":{\"@id\":\"https:\/\/universnews224.com\/#organization\"},\"keywords\":[\"A la une\"],\"articleSection\":[\"ACTU\",\"POLITIQUE\"],\"inLanguage\":\"fr-FR\"},{\"@type\":\"WebPage\",\"@id\":\"https:\/\/universnews224.com\/index.php\/100-jours-de-disparition-de-fonike-et-billo-une-absence-insoutenable-pour-leurs-proches-et-une-douleur-partagee-par-tous-ceux-qui-se-battent-pour-la-justice-et-la-liberte\/\",\"url\":\"https:\/\/universnews224.com\/index.php\/100-jours-de-disparition-de-fonike-et-billo-une-absence-insoutenable-pour-leurs-proches-et-une-douleur-partagee-par-tous-ceux-qui-se-battent-pour-la-justice-et-la-liberte\/\",\"name\":\"100 jours de disparition de Fonik\u00e9 et Billo : \u2018\u2019Une absence insoutenable pour leurs proches et une douleur partag\u00e9e par tous ceux qui se battent pour la justice et la libert\u00e9\u2019\u2019, selon Sidya Tour\u00e9 - UNIVERSNEWS224\",\"isPartOf\":{\"@id\":\"https:\/\/universnews224.com\/#website\"},\"datePublished\":\"2024-10-17T22:00:41+00:00\",\"dateModified\":\"2024-10-17T22:00:41+00:00\",\"inLanguage\":\"fr-FR\",\"potentialAction\":[{\"@type\":\"ReadAction\",\"target\":[\"https:\/\/universnews224.com\/index.php\/100-jours-de-disparition-de-fonike-et-billo-une-absence-insoutenable-pour-leurs-proches-et-une-douleur-partagee-par-tous-ceux-qui-se-battent-pour-la-justice-et-la-liberte\/\"]}]},{\"@type\":\"WebSite\",\"@id\":\"https:\/\/universnews224.com\/#website\",\"url\":\"https:\/\/universnews224.com\/\",\"name\":\"UNIVERSNEWS224\",\"description\":\"\",\"publisher\":{\"@id\":\"https:\/\/universnews224.com\/#organization\"},\"potentialAction\":[{\"@type\":\"SearchAction\",\"target\":{\"@type\":\"EntryPoint\",\"urlTemplate\":\"https:\/\/universnews224.com\/?s={search_term_string}\"},\"query-input\":\"required name=search_term_string\"}],\"inLanguage\":\"fr-FR\"},{\"@type\":\"Organization\",\"@id\":\"https:\/\/universnews224.com\/#organization\",\"name\":\"UNIVERSNEWS224\",\"url\":\"https:\/\/universnews224.com\/\",\"logo\":{\"@type\":\"ImageObject\",\"inLanguage\":\"fr-FR\",\"@id\":\"https:\/\/universnews224.com\/#\/schema\/logo\/image\/\",\"url\":\"https:\/\/universnews224.com\/wp-content\/uploads\/2022\/08\/cropped-cropped-logoban.jpg\",\"contentUrl\":\"https:\/\/universnews224.com\/wp-content\/uploads\/2022\/08\/cropped-cropped-logoban.jpg\",\"width\":1080,\"height\":138,\"caption\":\"UNIVERSNEWS224\"},\"image\":{\"@id\":\"https:\/\/universnews224.com\/#\/schema\/logo\/image\/\"}},{\"@type\":\"Person\",\"@id\":\"https:\/\/universnews224.com\/#\/schema\/person\/a4b7d4f94a4716df60456a491260485e\",\"name\":\"La R\u00e9daction\",\"image\":{\"@type\":\"ImageObject\",\"inLanguage\":\"fr-FR\",\"@id\":\"https:\/\/universnews224.com\/#\/schema\/person\/image\/\",\"url\":\"https:\/\/secure.gravatar.com\/avatar\/edb90acc7752b23e1b3307ad36c14f0d?s=96&d=mm&r=g\",\"contentUrl\":\"https:\/\/secure.gravatar.com\/avatar\/edb90acc7752b23e1b3307ad36c14f0d?s=96&d=mm&r=g\",\"caption\":\"La R\u00e9daction\"},\"sameAs\":[\"https:\/\/universnews224.com\"],\"url\":\"https:\/\/universnews224.com\/index.php\/author\/m-camara\/\"}]}<\/script>\n<!-- \/ Yoast SEO plugin. -->","yoast_head_json":{"title":"100 jours de disparition de Fonik\u00e9 et Billo : \u2018\u2019Une absence insoutenable pour leurs proches et une douleur partag\u00e9e par tous ceux qui se battent pour la justice et la libert\u00e9\u2019\u2019, selon Sidya Tour\u00e9 - UNIVERSNEWS224","robots":{"index":"index","follow":"follow","max-snippet":"max-snippet:-1","max-image-preview":"max-image-preview:large","max-video-preview":"max-video-preview:-1"},"canonical":"https:\/\/universnews224.com\/index.php\/100-jours-de-disparition-de-fonike-et-billo-une-absence-insoutenable-pour-leurs-proches-et-une-douleur-partagee-par-tous-ceux-qui-se-battent-pour-la-justice-et-la-liberte\/","og_locale":"fr_FR","og_type":"article","og_title":"100 jours de disparition de Fonik\u00e9 et Billo : \u2018\u2019Une absence insoutenable pour leurs proches et une douleur partag\u00e9e par tous ceux qui se battent pour la justice et la libert\u00e9\u2019\u2019, selon Sidya Tour\u00e9 - UNIVERSNEWS224","og_description":"9 juillet-17 octobre 2024, cela fait pratiquement 100 jours depuis la disparition forc\u00e9e en Guin\u00e9e","og_url":"https:\/\/universnews224.com\/index.php\/100-jours-de-disparition-de-fonike-et-billo-une-absence-insoutenable-pour-leurs-proches-et-une-douleur-partagee-par-tous-ceux-qui-se-battent-pour-la-justice-et-la-liberte\/","og_site_name":"UNIVERSNEWS224","article_published_time":"2024-10-17T22:00:41+00:00","og_image":[{"width":720,"height":375,"url":"https:\/\/universnews224.com\/wp-content\/uploads\/2024\/10\/IMG-20241017-WA0006-720x375-1.jpg","type":"image\/jpeg"}],"author":"La R\u00e9daction","twitter_misc":{"\u00c9crit par":"La R\u00e9daction","Dur\u00e9e de lecture estim\u00e9e":"1 minute"},"schema":{"@context":"https:\/\/schema.org","@graph":[{"@type":"Article","@id":"https:\/\/universnews224.com\/index.php\/100-jours-de-disparition-de-fonike-et-billo-une-absence-insoutenable-pour-leurs-proches-et-une-douleur-partagee-par-tous-ceux-qui-se-battent-pour-la-justice-et-la-liberte\/#article","isPartOf":{"@id":"https:\/\/universnews224.com\/index.php\/100-jours-de-disparition-de-fonike-et-billo-une-absence-insoutenable-pour-leurs-proches-et-une-douleur-partagee-par-tous-ceux-qui-se-battent-pour-la-justice-et-la-liberte\/"},"author":{"name":"La R\u00e9daction","@id":"https:\/\/universnews224.com\/#\/schema\/person\/a4b7d4f94a4716df60456a491260485e"},"headline":"100 jours de disparition de Fonik\u00e9 et Billo : \u2018\u2019Une absence insoutenable pour leurs proches et une douleur partag\u00e9e par tous ceux qui se battent pour la justice et la libert\u00e9\u2019\u2019, selon Sidya Tour\u00e9","datePublished":"2024-10-17T22:00:41+00:00","dateModified":"2024-10-17T22:00:41+00:00","mainEntityOfPage":{"@id":"https:\/\/universnews224.com\/index.php\/100-jours-de-disparition-de-fonike-et-billo-une-absence-insoutenable-pour-leurs-proches-et-une-douleur-partagee-par-tous-ceux-qui-se-battent-pour-la-justice-et-la-liberte\/"},"wordCount":183,"publisher":{"@id":"https:\/\/universnews224.com\/#organization"},"keywords":["A la une"],"articleSection":["ACTU","POLITIQUE"],"inLanguage":"fr-FR"},{"@type":"WebPage","@id":"https:\/\/universnews224.com\/index.php\/100-jours-de-disparition-de-fonike-et-billo-une-absence-insoutenable-pour-leurs-proches-et-une-douleur-partagee-par-tous-ceux-qui-se-battent-pour-la-justice-et-la-liberte\/","url":"https:\/\/universnews224.com\/index.php\/100-jours-de-disparition-de-fonike-et-billo-une-absence-insoutenable-pour-leurs-proches-et-une-douleur-partagee-par-tous-ceux-qui-se-battent-pour-la-justice-et-la-liberte\/","name":"100 jours de disparition de Fonik\u00e9 et Billo : \u2018\u2019Une absence insoutenable pour leurs proches et une douleur partag\u00e9e par tous ceux qui se battent pour la justice et la libert\u00e9\u2019\u2019, selon Sidya Tour\u00e9 - UNIVERSNEWS224","isPartOf":{"@id":"https:\/\/universnews224.com\/#website"},"datePublished":"2024-10-17T22:00:41+00:00","dateModified":"2024-10-17T22:00:41+00:00","inLanguage":"fr-FR","potentialAction":[{"@type":"ReadAction","target":["https:\/\/universnews224.com\/index.php\/100-jours-de-disparition-de-fonike-et-billo-une-absence-insoutenable-pour-leurs-proches-et-une-douleur-partagee-par-tous-ceux-qui-se-battent-pour-la-justice-et-la-liberte\/"]}]},{"@type":"WebSite","@id":"https:\/\/universnews224.com\/#website","url":"https:\/\/universnews224.com\/","name":"UNIVERSNEWS224","description":"","publisher":{"@id":"https:\/\/universnews224.com\/#organization"},"potentialAction":[{"@type":"SearchAction","target":{"@type":"EntryPoint","urlTemplate":"https:\/\/universnews224.com\/?s={search_term_string}"},"query-input":"required name=search_term_string"}],"inLanguage":"fr-FR"},{"@type":"Organization","@id":"https:\/\/universnews224.com\/#organization","name":"UNIVERSNEWS224","url":"https:\/\/universnews224.com\/","logo":{"@type":"ImageObject","inLanguage":"fr-FR","@id":"https:\/\/universnews224.com\/#\/schema\/logo\/image\/","url":"https:\/\/universnews224.com\/wp-content\/uploads\/2022\/08\/cropped-cropped-logoban.jpg","contentUrl":"https:\/\/universnews224.com\/wp-content\/uploads\/2022\/08\/cropped-cropped-logoban.jpg","width":1080,"height":138,"caption":"UNIVERSNEWS224"},"image":{"@id":"https:\/\/universnews224.com\/#\/schema\/logo\/image\/"}},{"@type":"Person","@id":"https:\/\/universnews224.com\/#\/schema\/person\/a4b7d4f94a4716df60456a491260485e","name":"La R\u00e9daction","image":{"@type":"ImageObject","inLanguage":"fr-FR","@id":"https:\/\/universnews224.com\/#\/schema\/person\/image\/","url":"https:\/\/secure.gravatar.com\/avatar\/edb90acc7752b23e1b3307ad36c14f0d?s=96&d=mm&r=g","contentUrl":"https:\/\/secure.gravatar.com\/avatar\/edb90acc7752b23e1b3307ad36c14f0d?s=96&d=mm&r=g","caption":"La R\u00e9daction"},"sameAs":["https:\/\/universnews224.com"],"url":"https:\/\/universnews224.com\/index.php\/author\/m-camara\/"}]}},"_links":{"self":[{"href":"https:\/\/universnews224.com\/index.php\/wp-json\/wp\/v2\/posts\/6737"}],"collection":[{"href":"https:\/\/universnews224.com\/index.php\/wp-json\/wp\/v2\/posts"}],"about":[{"href":"https:\/\/universnews224.com\/index.php\/wp-json\/wp\/v2\/types\/post"}],"author":[{"embeddable":true,"href":"https:\/\/universnews224.com\/index.php\/wp-json\/wp\/v2\/users\/2"}],"replies":[{"embeddable":true,"href":"https:\/\/universnews224.com\/index.php\/wp-json\/wp\/v2\/comments?post=6737"}],"version-history":[{"count":1,"href":"https:\/\/universnews224.com\/index.php\/wp-json\/wp\/v2\/posts\/6737\/revisions"}],"predecessor-version":[{"id":6739,"href":"https:\/\/universnews224.com\/index.php\/wp-json\/wp\/v2\/posts\/6737\/revisions\/6739"}],"wp:featuredmedia":[{"embeddable":true,"href":"https:\/\/universnews224.com\/index.php\/wp-json\/wp\/v2\/media\/6738"}],"wp:attachment":[{"href":"https:\/\/universnews224.com\/index.php\/wp-json\/wp\/v2\/media?parent=6737"}],"wp:term":[{"taxonomy":"category","embeddable":true,"href":"https:\/\/universnews224.com\/index.php\/wp-json\/wp\/v2\/categories?post=6737"},{"taxonomy":"post_tag","embeddable":true,"href":"https:\/\/universnews224.com\/index.php\/wp-json\/wp\/v2\/tags?post=6737"}],"curies":[{"name":"wp","href":"https:\/\/api.w.org\/{rel}","templated":true}]}}