{"id":6749,"date":"2024-10-19T00:07:07","date_gmt":"2024-10-18T23:07:07","guid":{"rendered":"https:\/\/universnews224.com\/?p=6749"},"modified":"2024-10-19T00:07:07","modified_gmt":"2024-10-18T23:07:07","slug":"cas-fonike-et-billo-ce-que-la-france-demande-a-la-guinee","status":"publish","type":"post","link":"https:\/\/universnews224.com\/index.php\/cas-fonike-et-billo-ce-que-la-france-demande-a-la-guinee\/","title":{"rendered":"Cas Fonik\u00e9 et Billo : Ce que la France demande \u00e0 la Guin\u00e9e\u2026"},"content":{"rendered":"<div class=\"jeg_navbar_mobile_wrapper\" style=\"margin: 0px;padding: 0px;border: 0px;font-size: 14px;line-height: inherit;font-family: 'Helvetica Neue', Helvetica, Roboto, Arial, sans-serif;vertical-align: baseline;color: #53585c\">\n<div class=\"jeg_navbar_mobile jeg_sticky_nav\" style=\"margin: 0px auto;padding: 0px;border: 0px;font: inherit;vertical-align: baseline;background-image: initial;background-position: initial;background-size: initial;background-attachment: initial;width: 384px\" data-mode=\"scroll\">\n<div class=\"jeg_mobile_bottombar jeg_mobile_midbar jeg_container normal\" style=\"margin: 0px auto;padding: 0px;border: 0px solid;font-style: inherit;font-variant: inherit;font-weight: inherit;font-size: inherit;line-height: 60px;font-family: inherit;vertical-align: baseline;width: auto;height: 60px\">\n<div class=\"container\" style=\"margin: 0px auto;padding: 0px 15px;border: 0px;font: inherit;vertical-align: baseline;width: 384px;height: 60px\">\n<div class=\"jeg_nav_row\" style=\"margin: 0px;padding: 0px;border: 0px;font: inherit;vertical-align: baseline;flex-flow: row;align-items: center;justify-content: space-between;height: 60px\">\n<div class=\"jeg_nav_col jeg_nav_center jeg_nav_grow\" style=\"margin: 0px auto;padding: 0px;border: 0px;font: inherit;vertical-align: baseline;flex: 1 1 0%\">\n<div class=\"item_wrap jeg_nav_aligncenter\" style=\"margin: 0px;padding: 0px;border: 0px;font: inherit;vertical-align: baseline;width: 294.717px;flex-flow: wrap;align-items: center;justify-content: center\">\n<div class=\"jeg_nav_item jeg_mobile_logo\" style=\"margin: 0px;padding: 0px 10px;border: 0px;font: inherit;vertical-align: baseline\">\n<div class=\"site-title\" style=\"margin: 0px;padding: 0px;border: 0px;font-style: inherit;font-variant: inherit;font-weight: inherit;font-size: 34px;line-height: 1;font-family: inherit;vertical-align: baseline;letter-spacing: -0.02em\"><a style=\"margin: 0px;padding: 0px;border: 0px;font: inherit;vertical-align: baseline;color: #212121\" href=\"https:\/\/www.lerevelateur224.com\/\">\u00a0<\/a><\/div>\n<\/div>\n<\/div>\n<\/div>\n<\/div>\n<\/div>\n<\/div>\n<\/div>\n<\/div>\n<div class=\"post-wrapper\" style=\"margin: 0px;padding: 0px;border: 0px;font-size: 14px;line-height: inherit;font-family: 'Helvetica Neue', Helvetica, Roboto, Arial, sans-serif;vertical-align: baseline;color: #53585c\">\n<div class=\"post-wrap\" style=\"margin: 0px;padding: 0px;border: 0px;font: inherit;vertical-align: baseline\">\n<div class=\"jeg_main \" style=\"margin: 0px;padding: 0px;border: 0px;font: inherit;vertical-align: baseline\">\n<div class=\"jeg_container\" style=\"margin: 0px auto;padding: 0px;border: 0px;font: inherit;vertical-align: baseline;width: auto\">\n<div class=\"jeg_content jeg_singlepage\" style=\"margin: 0px;padding: 20px 0px 30px;border: 0px;font: inherit;vertical-align: baseline;background-image: initial;background-position: initial;background-size: initial;background-attachment: initial\">\n<div class=\"container\" style=\"margin: 0px auto;padding: 0px 15px;border: 0px;font: inherit;vertical-align: baseline;width: 384px\">\n<div class=\"row\" style=\"margin: 0px -15px;padding: 0px;border: 0px;font: inherit;vertical-align: baseline\">\n<div class=\"jeg_main_content col-md-8\" style=\"margin: 0px;padding: 0px 15px;border: 0px;font: inherit;vertical-align: baseline;min-height: 1px\">\n<div class=\"jeg_inner_content\" style=\"margin: 0px;padding: 0px;border: 0px;font: inherit;vertical-align: baseline\">\n<div class=\"jeg_featured featured_image \" style=\"margin: 0px 0px 15px;padding: 0px;border: 0px;font: inherit;vertical-align: baseline\">\n<div class=\"thumbnail-container animate-lazy\" style=\"margin: 0px;padding: 0px 0px 177px;border: 0px;font: inherit;vertical-align: baseline;color: #f70d28;overflow: hidden;height: 0px;background: 50% center \/ cover #f7f7f7\"><img loading=\"lazy\" class=\"attachment-jnews-750x375 size-jnews-750x375 wp-post-image lazyautosizes lazyloaded\" style=\"margin: 0px;padding: 0px;border: 0px;font: inherit;vertical-align: middle;width: 354px;min-height: 100%;color: #a0a0a0\" src=\"https:\/\/www.lerevelateur224.com\/wp-content\/uploads\/2024\/10\/IMG-20240607-WA0010-750x375.jpg\" alt=\"Cas Fonik\u00e9 et Billo : Ce que la France demande \u00e0 la Guin\u00e9e\u2026\" width=\"750\" height=\"375\" data-src=\"https:\/\/www.lerevelateur224.com\/wp-content\/uploads\/2024\/10\/IMG-20240607-WA0010-750x375.jpg\" data-srcset=\"https:\/\/www.lerevelateur224.com\/wp-content\/uploads\/2024\/10\/IMG-20240607-WA0010-750x375.jpg 750w, https:\/\/www.lerevelateur224.com\/wp-content\/uploads\/2024\/10\/IMG-20240607-WA0010-360x180.jpg 360w, https:\/\/www.lerevelateur224.com\/wp-content\/uploads\/2024\/10\/IMG-20240607-WA0010-1140x570.jpg 1140w\" data-sizes=\"auto\" data-expand=\"700\" \/><span style=\"background-color: #ffffff;color: #333333;font-family: inherit;font-size: inherit;font-style: inherit;font-weight: inherit;text-align: justify\">Alors que cela fait plus de 100 jours maintenant depuis la disparition forc\u00e9e des deux activistes de la soci\u00e9t\u00e9 civile guin\u00e9enne, Oumar Sylla (Fonik\u00e9 Mengu\u00e8 et Mamadou Billo Bah, la France est enfin sortie de son silence ce vendredi 18 octobre 2024. Accus\u00e9e \u00e0 tord ou \u00e0 raison de soutenir la junte au pouvoir en Guin\u00e9e, l\u2019Elys\u00e9e a d\u00e9clin\u00e9 sa position sur cette affaire qui suscite assez de r\u00e9actions dans le monde.<\/span><\/div>\n<\/div>\n<div class=\"entry-content no-share\" style=\"margin: 0px 0px 30px;padding: 0px;border: 0px;font: inherit;vertical-align: baseline\">\n<div class=\"content-inner \" style=\"margin: 0px;padding: 0px;border: 0px;font-style: inherit;font-variant: inherit;font-weight: inherit;font-size: 16px;line-height: 1.625em;font-family: inherit;vertical-align: baseline;color: #333333\">\n<p style=\"margin: 0px 0px 1em;padding: 0px;border: 0px;font: inherit;vertical-align: baseline;text-align: justify\">C\u2019est le 9 juillet dernier pour rappel, que Fonik\u00e9 Mengu\u00e8 et Billo Bah ont \u00e9t\u00e9 kidnapp\u00e9s, alors qu\u2019ils \u00e9taient au domicile du coordinateur national du FNDC Oumar Sylla, en train de suivre un match de football. Depuis, ils sont introuvables. Ni la justice, ni les forces de d\u00e9fense et de s\u00e9curit\u00e9 ne savent o\u00f9 ils sont d\u00e9tenus, selon les dires des autorit\u00e9s guin\u00e9ennes. Le parquet G\u00e9n\u00e9ral pr\u00e8s la Cour d\u2019Appel de Conakry a annonc\u00e9 d\u2019ailleurs dans ce sens l\u2019ouverture d\u2019une enqu\u00eate, dont les conclusions tardent \u00e0 \u00eatre mises sur la place publique. Pendant ce temps, les familles des deux leaders de la soci\u00e9t\u00e9 civile s\u2019inqui\u00e8tent et ne savent plus \u00e0 quel saint se vouer.<\/p>\n<p style=\"margin: 0px 0px 1em;padding: 0px;border: 0px;line-height: inherit;vertical-align: baseline;text-align: justify\">Au lendemain de communiqu\u00e9s accablants des organisations internationales de d\u00e9fense des droits de l\u2019homme, dont Human Rights Watch et des institutions comme l\u2019Union europ\u00e9enne, la France, dos au mur dans son \u00ab silence jug\u00e9 coupable \u00bb, clarifie sa position.<\/p>\n<div class=\"jeg_ad jeg_ad_article jnews_content_inline_3_ads  \" style=\"margin: 0px 0px 1.25em;padding: 0px;border: 0px;line-height: inherit;vertical-align: baseline;text-align: center\">\n<div class=\"ads-wrapper align-center \" style=\"margin: 1em 0px;padding: 0px;border: 0px;font: inherit;vertical-align: baseline\"><\/div>\n<\/div>\n<p style=\"margin: 0px 0px 1em;padding: 0px;border: 0px;line-height: inherit;vertical-align: baseline;text-align: justify\">En marge d\u2019un point de presse, le porte-parole du Quai d\u2019Orsay a \u00e9t\u00e9 clair : \u2018\u2019c\u2019est une situation sur laquelle il y a une grande pr\u00e9occupation de la France\u2019\u2019. Mieux, Christophe Lemoine a ajout\u00e9 que la disparition des activistes du Front national pour la D\u00e9fense de la constitution est un sujet qui a \u00e9t\u00e9 \u00e9voqu\u00e9 avec les autorit\u00e9s guin\u00e9ennes. Et le message qui leur a \u00e9t\u00e9 pass\u00e9, c\u2019est que \u2018\u2019toute la lumi\u00e8re doit \u00eatre faite sur les circonstances de leur disparition. Et que des r\u00e9ponses soient apport\u00e9es notamment aux inqui\u00e9tudes absolument l\u00e9gitimes des familles et des proches\u2019\u2019<\/p>\n<p style=\"margin: 0px 0px 1em;padding: 0px;border: 0px;line-height: inherit;vertical-align: baseline;text-align: justify\">Depuis le Coup d\u2019Etat du 5 septembre 2021, ayant d\u00e9pos\u00e9 l\u2019ancien pr\u00e9sident Alpha Cond\u00e9, les relations diplomatiques entre l\u2019Elys\u00e9e et le Palais Mohamed V se sont raffermies davantage. Certains d\u00e9put\u00e9s fran\u00e7ais sont all\u00e9s jusqu\u2019\u00e0 ouvrir une enqu\u00eate sur une pr\u00e9sence suppos\u00e9e d\u2019une base militaire fran\u00e7aise en Guin\u00e9e. \u2018\u2019All\u00e9gations\u2019\u2019 d\u00e9menties par le chef de la diplomatie guin\u00e9enne, le Dr. Morissanda Kouyat\u00e9, chez nos confr\u00e8res d\u2019AFP.<\/p>\n<p style=\"margin: 0px 0px 1em;padding: 0px;border: 0px;line-height: inherit;vertical-align: baseline;text-align: justify\">\u2018\u2019Nous entretenons toujours un dialogue exigeant avec la Guin\u00e9e et dans le cas de ce dialogue, le cas de ces deux personnes a \u00e9t\u00e9 \u00e9voqu\u00e9. Et c\u2019est un sujet sur lequel nous avons une pr\u00e9occupation constante\u2019\u2019, a soutenu le porte-parole du Quai d\u2019Orsay.<\/p>\n<p style=\"margin: 0px 0px 1em;padding: 0px;border: 0px;line-height: inherit;vertical-align: baseline;text-align: justify\"><span style=\"font-family: inherit;font-style: inherit;font-weight: inherit\">\u00a0<\/span><\/p>\n<p style=\"margin: 0px 0px 1em;padding: 0px;border: 0px;line-height: inherit;vertical-align: baseline;text-align: justify\">Lerevelateur224<\/p>\n<\/div>\n<\/div>\n<\/div>\n<\/div>\n<\/div>\n<\/div>\n<\/div>\n<\/div>\n<\/div>\n<\/div>\n<\/div>\n","protected":false},"excerpt":{"rendered":"<p>\u00a0 Alors que cela fait plus de 100 jours maintenant depuis la disparition forc\u00e9e des<\/p>\n","protected":false},"author":2,"featured_media":6750,"comment_status":"closed","ping_status":"open","sticky":false,"template":"","format":"standard","meta":[],"categories":[3,4],"tags":[237],"yoast_head":"<!-- This site is optimized with the Yoast SEO plugin v19.13 - https:\/\/yoast.com\/wordpress\/plugins\/seo\/ -->\n<title>Cas Fonik\u00e9 et Billo : Ce que la France demande \u00e0 la Guin\u00e9e\u2026 - UNIVERSNEWS224<\/title>\n<meta name=\"robots\" content=\"index, follow, max-snippet:-1, max-image-preview:large, max-video-preview:-1\" \/>\n<link rel=\"canonical\" href=\"https:\/\/universnews224.com\/index.php\/cas-fonike-et-billo-ce-que-la-france-demande-a-la-guinee\/\" \/>\n<meta property=\"og:locale\" content=\"fr_FR\" \/>\n<meta property=\"og:type\" content=\"article\" \/>\n<meta property=\"og:title\" content=\"Cas Fonik\u00e9 et Billo : Ce que la France demande \u00e0 la Guin\u00e9e\u2026 - UNIVERSNEWS224\" \/>\n<meta property=\"og:description\" content=\"\u00a0 Alors que cela fait plus de 100 jours maintenant depuis la disparition forc\u00e9e des\" \/>\n<meta property=\"og:url\" content=\"https:\/\/universnews224.com\/index.php\/cas-fonike-et-billo-ce-que-la-france-demande-a-la-guinee\/\" \/>\n<meta property=\"og:site_name\" content=\"UNIVERSNEWS224\" \/>\n<meta property=\"article:published_time\" content=\"2024-10-18T23:07:07+00:00\" \/>\n<meta property=\"og:image\" content=\"https:\/\/universnews224.com\/wp-content\/uploads\/2024\/10\/macron.jpeg\" \/>\n\t<meta property=\"og:image:width\" content=\"613\" \/>\n\t<meta property=\"og:image:height\" content=\"344\" \/>\n\t<meta property=\"og:image:type\" content=\"image\/jpeg\" \/>\n<meta name=\"author\" content=\"La R\u00e9daction\" \/>\n<meta name=\"twitter:label1\" content=\"\u00c9crit par\" \/>\n\t<meta name=\"twitter:data1\" content=\"La R\u00e9daction\" \/>\n\t<meta name=\"twitter:label2\" content=\"Dur\u00e9e de lecture estim\u00e9e\" \/>\n\t<meta name=\"twitter:data2\" content=\"3 minutes\" \/>\n<script type=\"application\/ld+json\" class=\"yoast-schema-graph\">{\"@context\":\"https:\/\/schema.org\",\"@graph\":[{\"@type\":\"Article\",\"@id\":\"https:\/\/universnews224.com\/index.php\/cas-fonike-et-billo-ce-que-la-france-demande-a-la-guinee\/#article\",\"isPartOf\":{\"@id\":\"https:\/\/universnews224.com\/index.php\/cas-fonike-et-billo-ce-que-la-france-demande-a-la-guinee\/\"},\"author\":{\"name\":\"La R\u00e9daction\",\"@id\":\"https:\/\/universnews224.com\/#\/schema\/person\/a4b7d4f94a4716df60456a491260485e\"},\"headline\":\"Cas Fonik\u00e9 et Billo : Ce que la France demande \u00e0 la Guin\u00e9e\u2026\",\"datePublished\":\"2024-10-18T23:07:07+00:00\",\"dateModified\":\"2024-10-18T23:07:07+00:00\",\"mainEntityOfPage\":{\"@id\":\"https:\/\/universnews224.com\/index.php\/cas-fonike-et-billo-ce-que-la-france-demande-a-la-guinee\/\"},\"wordCount\":500,\"publisher\":{\"@id\":\"https:\/\/universnews224.com\/#organization\"},\"keywords\":[\"A la une\"],\"articleSection\":[\"ACTU\",\"POLITIQUE\"],\"inLanguage\":\"fr-FR\"},{\"@type\":\"WebPage\",\"@id\":\"https:\/\/universnews224.com\/index.php\/cas-fonike-et-billo-ce-que-la-france-demande-a-la-guinee\/\",\"url\":\"https:\/\/universnews224.com\/index.php\/cas-fonike-et-billo-ce-que-la-france-demande-a-la-guinee\/\",\"name\":\"Cas Fonik\u00e9 et Billo : Ce que la France demande \u00e0 la Guin\u00e9e\u2026 - UNIVERSNEWS224\",\"isPartOf\":{\"@id\":\"https:\/\/universnews224.com\/#website\"},\"datePublished\":\"2024-10-18T23:07:07+00:00\",\"dateModified\":\"2024-10-18T23:07:07+00:00\",\"inLanguage\":\"fr-FR\",\"potentialAction\":[{\"@type\":\"ReadAction\",\"target\":[\"https:\/\/universnews224.com\/index.php\/cas-fonike-et-billo-ce-que-la-france-demande-a-la-guinee\/\"]}]},{\"@type\":\"WebSite\",\"@id\":\"https:\/\/universnews224.com\/#website\",\"url\":\"https:\/\/universnews224.com\/\",\"name\":\"UNIVERSNEWS224\",\"description\":\"\",\"publisher\":{\"@id\":\"https:\/\/universnews224.com\/#organization\"},\"potentialAction\":[{\"@type\":\"SearchAction\",\"target\":{\"@type\":\"EntryPoint\",\"urlTemplate\":\"https:\/\/universnews224.com\/?s={search_term_string}\"},\"query-input\":\"required name=search_term_string\"}],\"inLanguage\":\"fr-FR\"},{\"@type\":\"Organization\",\"@id\":\"https:\/\/universnews224.com\/#organization\",\"name\":\"UNIVERSNEWS224\",\"url\":\"https:\/\/universnews224.com\/\",\"logo\":{\"@type\":\"ImageObject\",\"inLanguage\":\"fr-FR\",\"@id\":\"https:\/\/universnews224.com\/#\/schema\/logo\/image\/\",\"url\":\"https:\/\/universnews224.com\/wp-content\/uploads\/2022\/08\/cropped-cropped-logoban.jpg\",\"contentUrl\":\"https:\/\/universnews224.com\/wp-content\/uploads\/2022\/08\/cropped-cropped-logoban.jpg\",\"width\":1080,\"height\":138,\"caption\":\"UNIVERSNEWS224\"},\"image\":{\"@id\":\"https:\/\/universnews224.com\/#\/schema\/logo\/image\/\"}},{\"@type\":\"Person\",\"@id\":\"https:\/\/universnews224.com\/#\/schema\/person\/a4b7d4f94a4716df60456a491260485e\",\"name\":\"La R\u00e9daction\",\"image\":{\"@type\":\"ImageObject\",\"inLanguage\":\"fr-FR\",\"@id\":\"https:\/\/universnews224.com\/#\/schema\/person\/image\/\",\"url\":\"https:\/\/secure.gravatar.com\/avatar\/edb90acc7752b23e1b3307ad36c14f0d?s=96&d=mm&r=g\",\"contentUrl\":\"https:\/\/secure.gravatar.com\/avatar\/edb90acc7752b23e1b3307ad36c14f0d?s=96&d=mm&r=g\",\"caption\":\"La R\u00e9daction\"},\"sameAs\":[\"https:\/\/universnews224.com\"],\"url\":\"https:\/\/universnews224.com\/index.php\/author\/m-camara\/\"}]}<\/script>\n<!-- \/ Yoast SEO plugin. -->","yoast_head_json":{"title":"Cas Fonik\u00e9 et Billo : Ce que la France demande \u00e0 la Guin\u00e9e\u2026 - UNIVERSNEWS224","robots":{"index":"index","follow":"follow","max-snippet":"max-snippet:-1","max-image-preview":"max-image-preview:large","max-video-preview":"max-video-preview:-1"},"canonical":"https:\/\/universnews224.com\/index.php\/cas-fonike-et-billo-ce-que-la-france-demande-a-la-guinee\/","og_locale":"fr_FR","og_type":"article","og_title":"Cas Fonik\u00e9 et Billo : Ce que la France demande \u00e0 la Guin\u00e9e\u2026 - UNIVERSNEWS224","og_description":"\u00a0 Alors que cela fait plus de 100 jours maintenant depuis la disparition forc\u00e9e des","og_url":"https:\/\/universnews224.com\/index.php\/cas-fonike-et-billo-ce-que-la-france-demande-a-la-guinee\/","og_site_name":"UNIVERSNEWS224","article_published_time":"2024-10-18T23:07:07+00:00","og_image":[{"width":613,"height":344,"url":"https:\/\/universnews224.com\/wp-content\/uploads\/2024\/10\/macron.jpeg","type":"image\/jpeg"}],"author":"La R\u00e9daction","twitter_misc":{"\u00c9crit par":"La R\u00e9daction","Dur\u00e9e de lecture estim\u00e9e":"3 minutes"},"schema":{"@context":"https:\/\/schema.org","@graph":[{"@type":"Article","@id":"https:\/\/universnews224.com\/index.php\/cas-fonike-et-billo-ce-que-la-france-demande-a-la-guinee\/#article","isPartOf":{"@id":"https:\/\/universnews224.com\/index.php\/cas-fonike-et-billo-ce-que-la-france-demande-a-la-guinee\/"},"author":{"name":"La R\u00e9daction","@id":"https:\/\/universnews224.com\/#\/schema\/person\/a4b7d4f94a4716df60456a491260485e"},"headline":"Cas Fonik\u00e9 et Billo : Ce que la France demande \u00e0 la Guin\u00e9e\u2026","datePublished":"2024-10-18T23:07:07+00:00","dateModified":"2024-10-18T23:07:07+00:00","mainEntityOfPage":{"@id":"https:\/\/universnews224.com\/index.php\/cas-fonike-et-billo-ce-que-la-france-demande-a-la-guinee\/"},"wordCount":500,"publisher":{"@id":"https:\/\/universnews224.com\/#organization"},"keywords":["A la une"],"articleSection":["ACTU","POLITIQUE"],"inLanguage":"fr-FR"},{"@type":"WebPage","@id":"https:\/\/universnews224.com\/index.php\/cas-fonike-et-billo-ce-que-la-france-demande-a-la-guinee\/","url":"https:\/\/universnews224.com\/index.php\/cas-fonike-et-billo-ce-que-la-france-demande-a-la-guinee\/","name":"Cas Fonik\u00e9 et Billo : Ce que la France demande \u00e0 la Guin\u00e9e\u2026 - UNIVERSNEWS224","isPartOf":{"@id":"https:\/\/universnews224.com\/#website"},"datePublished":"2024-10-18T23:07:07+00:00","dateModified":"2024-10-18T23:07:07+00:00","inLanguage":"fr-FR","potentialAction":[{"@type":"ReadAction","target":["https:\/\/universnews224.com\/index.php\/cas-fonike-et-billo-ce-que-la-france-demande-a-la-guinee\/"]}]},{"@type":"WebSite","@id":"https:\/\/universnews224.com\/#website","url":"https:\/\/universnews224.com\/","name":"UNIVERSNEWS224","description":"","publisher":{"@id":"https:\/\/universnews224.com\/#organization"},"potentialAction":[{"@type":"SearchAction","target":{"@type":"EntryPoint","urlTemplate":"https:\/\/universnews224.com\/?s={search_term_string}"},"query-input":"required name=search_term_string"}],"inLanguage":"fr-FR"},{"@type":"Organization","@id":"https:\/\/universnews224.com\/#organization","name":"UNIVERSNEWS224","url":"https:\/\/universnews224.com\/","logo":{"@type":"ImageObject","inLanguage":"fr-FR","@id":"https:\/\/universnews224.com\/#\/schema\/logo\/image\/","url":"https:\/\/universnews224.com\/wp-content\/uploads\/2022\/08\/cropped-cropped-logoban.jpg","contentUrl":"https:\/\/universnews224.com\/wp-content\/uploads\/2022\/08\/cropped-cropped-logoban.jpg","width":1080,"height":138,"caption":"UNIVERSNEWS224"},"image":{"@id":"https:\/\/universnews224.com\/#\/schema\/logo\/image\/"}},{"@type":"Person","@id":"https:\/\/universnews224.com\/#\/schema\/person\/a4b7d4f94a4716df60456a491260485e","name":"La R\u00e9daction","image":{"@type":"ImageObject","inLanguage":"fr-FR","@id":"https:\/\/universnews224.com\/#\/schema\/person\/image\/","url":"https:\/\/secure.gravatar.com\/avatar\/edb90acc7752b23e1b3307ad36c14f0d?s=96&d=mm&r=g","contentUrl":"https:\/\/secure.gravatar.com\/avatar\/edb90acc7752b23e1b3307ad36c14f0d?s=96&d=mm&r=g","caption":"La R\u00e9daction"},"sameAs":["https:\/\/universnews224.com"],"url":"https:\/\/universnews224.com\/index.php\/author\/m-camara\/"}]}},"_links":{"self":[{"href":"https:\/\/universnews224.com\/index.php\/wp-json\/wp\/v2\/posts\/6749"}],"collection":[{"href":"https:\/\/universnews224.com\/index.php\/wp-json\/wp\/v2\/posts"}],"about":[{"href":"https:\/\/universnews224.com\/index.php\/wp-json\/wp\/v2\/types\/post"}],"author":[{"embeddable":true,"href":"https:\/\/universnews224.com\/index.php\/wp-json\/wp\/v2\/users\/2"}],"replies":[{"embeddable":true,"href":"https:\/\/universnews224.com\/index.php\/wp-json\/wp\/v2\/comments?post=6749"}],"version-history":[{"count":1,"href":"https:\/\/universnews224.com\/index.php\/wp-json\/wp\/v2\/posts\/6749\/revisions"}],"predecessor-version":[{"id":6751,"href":"https:\/\/universnews224.com\/index.php\/wp-json\/wp\/v2\/posts\/6749\/revisions\/6751"}],"wp:featuredmedia":[{"embeddable":true,"href":"https:\/\/universnews224.com\/index.php\/wp-json\/wp\/v2\/media\/6750"}],"wp:attachment":[{"href":"https:\/\/universnews224.com\/index.php\/wp-json\/wp\/v2\/media?parent=6749"}],"wp:term":[{"taxonomy":"category","embeddable":true,"href":"https:\/\/universnews224.com\/index.php\/wp-json\/wp\/v2\/categories?post=6749"},{"taxonomy":"post_tag","embeddable":true,"href":"https:\/\/universnews224.com\/index.php\/wp-json\/wp\/v2\/tags?post=6749"}],"curies":[{"name":"wp","href":"https:\/\/api.w.org\/{rel}","templated":true}]}}