{"id":6756,"date":"2024-10-19T20:47:06","date_gmt":"2024-10-19T19:47:06","guid":{"rendered":"https:\/\/universnews224.com\/?p=6756"},"modified":"2024-10-19T20:47:06","modified_gmt":"2024-10-19T19:47:06","slug":"dr-fode-tacle-lunion-sacree-si-on-doit-faire-de-la-politique-pour-etre-ambivalent-ce-nest-pas-la-peine","status":"publish","type":"post","link":"https:\/\/universnews224.com\/index.php\/dr-fode-tacle-lunion-sacree-si-on-doit-faire-de-la-politique-pour-etre-ambivalent-ce-nest-pas-la-peine\/","title":{"rendered":"Dr. Fod\u00e9 tacle l&rsquo;union sacr\u00e9e: .\u201dSi on doit faire de la politique pour \u00eatre ambivalent, ce n&rsquo;est pas la peine\u00a0\u00bb"},"content":{"rendered":"<p>Le retrait de l\u2019UFDG, du RPG arc-en-ciel, de l&rsquo;ANAD, du FNDC politique et l&rsquo;UFDG de l&rsquo;union sacr\u00e9e \u00e9tait l&rsquo;un des points largement comment\u00e9 \u00e0 l&rsquo;assembl\u00e9e g\u00e9n\u00e9rale de l&rsquo;Union des Forces D\u00e9mocratiques de Guin\u00e9e, tenue ce 19 octobre 2024, \u00e0 la Mini\u00e8re dans la commune de Dixinn.<\/p>\n<p>&nbsp;<\/p>\n<p>Dr. Fod\u00e9 Oussou qui a d&rsquo;ailleurs pr\u00e9sid\u00e9 cette assembl\u00e9e g\u00e9n\u00e9rale n&rsquo;a pas pass\u00e9 au dos de la cuill\u00e8re pour fleurir le comportement des responsables de l&rsquo;union sacr\u00e9e. Selon, le vice-pr\u00e9sident de l\u2019UFDG, quand on fait de la politique, il faut \u00eatre coh\u00e9rent.<\/p>\n<p>(\u2026) Vous venez chez nous, vous tenez un discours aujourd&rsquo;hui, demain vous tenez un autre discours. C&rsquo;est de votre responsabilit\u00e9, c&rsquo;est ce qui va vous suivre jusqu&rsquo;\u00e0 votre tombe. Quand on doit faire de la politique, il faut qu&rsquo;on soit coh\u00e9rent. La chose la plus grave chez un politicien, c&rsquo;est d&rsquo;\u00eatre ambivalent. Vous dites quelque chose aujourd&rsquo;hui et vous changez demain, l&rsquo;histoire le retiendra. Ceux-ci qui ont tenu des discours au temps de M. Alpha Cond\u00e9, ce sont les m\u00eames personnes qui tiennent des discours.On a vu des discours tr\u00e8s graves dans ce pays.On vu quelqu&rsquo;un m\u00eame qui attaquait aux forces sp\u00e9ciales, il les traitait de milice.On a vu des vid\u00e9os comme \u00e7a, \u00e7a existe, mais ils sont encore l\u00e0 ministre. Je ne dis le nom de personne, mais chacun assumera, chacun va payer. Nous avons nos familles, nos enfants et notre descendance. Si tu fais de la politique, tu n&rsquo;es pas coh\u00e9rent, tu es ambivalent, tu mets en danger toute ta famille et ta g\u00e9n\u00e9ration parce que demain, tu ne pourras pas soulever la t\u00eate. Nous, on ne changera parce que nous avons envie que demain, qu&rsquo;on dise voil\u00e0 l&rsquo;enfant de Kal\u00e9modou pour que l&rsquo;enfant de Kal\u00e9modou soit fier de dire que mon p\u00e8re a fait de la politique. Si on doit faire de la politique pour \u00eatre ambivalent, ce n&rsquo;est pas la peine. Parce qu&rsquo;apr\u00e8s tu perds tout. Quand tu parles de politiciens dans ce pays, les gens te disent que les politiciens sont des gens qui ne sont pas s\u00e9rieux,les politiciens des gens ceux-ci, sont gens ceux-l\u00e0. Il y en a qui ont peur de la politique, ce n&rsquo;est pas la faute de tous les politiciens, c&rsquo;est le comportement de certains politiciens qui ont fait en sorte que les gens n&rsquo;ont pas de consid\u00e9ration pour les politiciens\u201d, a-t-il d\u00e9nonc\u00e9.<\/p>\n<p>&nbsp;<\/p>\n<p>Malgr\u00e9 ce divorce entre ces grands partis de l\u2019opposition et les responsables de l&rsquo;union sacr\u00e9e, Fod\u00e9 Oussou Fofana se dit pr\u00eat \u00e0 une \u00e9ventuelle collaboration avec les dirigeants de l&rsquo;union sacr\u00e9e.<\/p>\n<p>\u00abCeux qui pensent qu&rsquo;on nous trompe l\u00e0, continuer \u00e0 nous tromper, continuer \u00e0 venir ici pour nous dire qu&rsquo;on va cr\u00e9er je ne sais quelle union.M\u00eame si vous venez demain, on va encore se retrouver. Si vous voulez, enlever union sacr\u00e9e, cr\u00e9er et donner un autre nom, vous serez avec nous. Si vous quittez, c\u2019est de votre responsabilit\u00e9. D\u00e8s que le Premier Ministre a \u00e9t\u00e9 nomm\u00e9, ils (certains membres de l\u2019union sacr\u00e9e ), ne faisaient pas partie du gouvernement. Ils ont dit non, on va cr\u00e9er l\u2019union sacr\u00e9e, on va aller voir l\u2019UFDG. Quand ils vont venir, nous aussi on va faire semblant comme on ne comprend pas, on va encore s\u2019assoir, on va pr\u00e9parer tr\u00e8s bien la salle l\u00e0, nous allons donner de l\u2019eau, du jus. Si vous voulez signer, on va le faire aussi. Si vous voulez quittez, vous quittez encore mais nous on est l\u00e0. Notre position est tr\u00e8s claire. Vous pensez que vous nous trompez, vous vous trompez nous-m\u00eames, a ironis\u00e9 le vice-pr\u00e9sident de l\u2019UFDG.<\/p>\n<p>&nbsp;<\/p>\n<p>&nbsp;<\/p>\n","protected":false},"excerpt":{"rendered":"<p>Le retrait de l\u2019UFDG, du RPG arc-en-ciel, de l&rsquo;ANAD, du FNDC politique et l&rsquo;UFDG de<\/p>\n","protected":false},"author":2,"featured_media":6757,"comment_status":"closed","ping_status":"open","sticky":false,"template":"","format":"standard","meta":[],"categories":[3,4],"tags":[237],"yoast_head":"<!-- This site is optimized with the Yoast SEO plugin v19.13 - https:\/\/yoast.com\/wordpress\/plugins\/seo\/ -->\n<title>Dr. Fod\u00e9 tacle l&#039;union sacr\u00e9e: .\u201dSi on doit faire de la politique pour \u00eatre ambivalent, ce n&#039;est pas la peine&quot; - UNIVERSNEWS224<\/title>\n<meta name=\"robots\" content=\"index, follow, max-snippet:-1, max-image-preview:large, max-video-preview:-1\" \/>\n<link rel=\"canonical\" href=\"https:\/\/universnews224.com\/index.php\/dr-fode-tacle-lunion-sacree-si-on-doit-faire-de-la-politique-pour-etre-ambivalent-ce-nest-pas-la-peine\/\" \/>\n<meta property=\"og:locale\" content=\"fr_FR\" \/>\n<meta property=\"og:type\" content=\"article\" \/>\n<meta property=\"og:title\" content=\"Dr. Fod\u00e9 tacle l&#039;union sacr\u00e9e: .\u201dSi on doit faire de la politique pour \u00eatre ambivalent, ce n&#039;est pas la peine&quot; - UNIVERSNEWS224\" \/>\n<meta property=\"og:description\" content=\"Le retrait de l\u2019UFDG, du RPG arc-en-ciel, de l&rsquo;ANAD, du FNDC politique et l&rsquo;UFDG de\" \/>\n<meta property=\"og:url\" content=\"https:\/\/universnews224.com\/index.php\/dr-fode-tacle-lunion-sacree-si-on-doit-faire-de-la-politique-pour-etre-ambivalent-ce-nest-pas-la-peine\/\" \/>\n<meta property=\"og:site_name\" content=\"UNIVERSNEWS224\" \/>\n<meta property=\"article:published_time\" content=\"2024-10-19T19:47:06+00:00\" \/>\n<meta property=\"og:image\" content=\"https:\/\/universnews224.com\/wp-content\/uploads\/2024\/10\/20241019_131207-scaled.jpg\" \/>\n\t<meta property=\"og:image:width\" content=\"2560\" \/>\n\t<meta property=\"og:image:height\" content=\"1441\" \/>\n\t<meta property=\"og:image:type\" content=\"image\/jpeg\" \/>\n<meta name=\"author\" content=\"La R\u00e9daction\" \/>\n<meta name=\"twitter:label1\" content=\"\u00c9crit par\" \/>\n\t<meta name=\"twitter:data1\" content=\"La R\u00e9daction\" \/>\n\t<meta name=\"twitter:label2\" content=\"Dur\u00e9e de lecture estim\u00e9e\" \/>\n\t<meta name=\"twitter:data2\" content=\"4 minutes\" \/>\n<script type=\"application\/ld+json\" class=\"yoast-schema-graph\">{\"@context\":\"https:\/\/schema.org\",\"@graph\":[{\"@type\":\"Article\",\"@id\":\"https:\/\/universnews224.com\/index.php\/dr-fode-tacle-lunion-sacree-si-on-doit-faire-de-la-politique-pour-etre-ambivalent-ce-nest-pas-la-peine\/#article\",\"isPartOf\":{\"@id\":\"https:\/\/universnews224.com\/index.php\/dr-fode-tacle-lunion-sacree-si-on-doit-faire-de-la-politique-pour-etre-ambivalent-ce-nest-pas-la-peine\/\"},\"author\":{\"name\":\"La R\u00e9daction\",\"@id\":\"https:\/\/universnews224.com\/#\/schema\/person\/a4b7d4f94a4716df60456a491260485e\"},\"headline\":\"Dr. Fod\u00e9 tacle l&rsquo;union sacr\u00e9e: .\u201dSi on doit faire de la politique pour \u00eatre ambivalent, ce n&rsquo;est pas la peine\u00a0\u00bb\",\"datePublished\":\"2024-10-19T19:47:06+00:00\",\"dateModified\":\"2024-10-19T19:47:06+00:00\",\"mainEntityOfPage\":{\"@id\":\"https:\/\/universnews224.com\/index.php\/dr-fode-tacle-lunion-sacree-si-on-doit-faire-de-la-politique-pour-etre-ambivalent-ce-nest-pas-la-peine\/\"},\"wordCount\":670,\"publisher\":{\"@id\":\"https:\/\/universnews224.com\/#organization\"},\"keywords\":[\"A la une\"],\"articleSection\":[\"ACTU\",\"POLITIQUE\"],\"inLanguage\":\"fr-FR\"},{\"@type\":\"WebPage\",\"@id\":\"https:\/\/universnews224.com\/index.php\/dr-fode-tacle-lunion-sacree-si-on-doit-faire-de-la-politique-pour-etre-ambivalent-ce-nest-pas-la-peine\/\",\"url\":\"https:\/\/universnews224.com\/index.php\/dr-fode-tacle-lunion-sacree-si-on-doit-faire-de-la-politique-pour-etre-ambivalent-ce-nest-pas-la-peine\/\",\"name\":\"Dr. Fod\u00e9 tacle l'union sacr\u00e9e: .\u201dSi on doit faire de la politique pour \u00eatre ambivalent, ce n'est pas la peine\\\" - UNIVERSNEWS224\",\"isPartOf\":{\"@id\":\"https:\/\/universnews224.com\/#website\"},\"datePublished\":\"2024-10-19T19:47:06+00:00\",\"dateModified\":\"2024-10-19T19:47:06+00:00\",\"inLanguage\":\"fr-FR\",\"potentialAction\":[{\"@type\":\"ReadAction\",\"target\":[\"https:\/\/universnews224.com\/index.php\/dr-fode-tacle-lunion-sacree-si-on-doit-faire-de-la-politique-pour-etre-ambivalent-ce-nest-pas-la-peine\/\"]}]},{\"@type\":\"WebSite\",\"@id\":\"https:\/\/universnews224.com\/#website\",\"url\":\"https:\/\/universnews224.com\/\",\"name\":\"UNIVERSNEWS224\",\"description\":\"\",\"publisher\":{\"@id\":\"https:\/\/universnews224.com\/#organization\"},\"potentialAction\":[{\"@type\":\"SearchAction\",\"target\":{\"@type\":\"EntryPoint\",\"urlTemplate\":\"https:\/\/universnews224.com\/?s={search_term_string}\"},\"query-input\":\"required name=search_term_string\"}],\"inLanguage\":\"fr-FR\"},{\"@type\":\"Organization\",\"@id\":\"https:\/\/universnews224.com\/#organization\",\"name\":\"UNIVERSNEWS224\",\"url\":\"https:\/\/universnews224.com\/\",\"logo\":{\"@type\":\"ImageObject\",\"inLanguage\":\"fr-FR\",\"@id\":\"https:\/\/universnews224.com\/#\/schema\/logo\/image\/\",\"url\":\"https:\/\/universnews224.com\/wp-content\/uploads\/2022\/08\/cropped-cropped-logoban.jpg\",\"contentUrl\":\"https:\/\/universnews224.com\/wp-content\/uploads\/2022\/08\/cropped-cropped-logoban.jpg\",\"width\":1080,\"height\":138,\"caption\":\"UNIVERSNEWS224\"},\"image\":{\"@id\":\"https:\/\/universnews224.com\/#\/schema\/logo\/image\/\"}},{\"@type\":\"Person\",\"@id\":\"https:\/\/universnews224.com\/#\/schema\/person\/a4b7d4f94a4716df60456a491260485e\",\"name\":\"La R\u00e9daction\",\"image\":{\"@type\":\"ImageObject\",\"inLanguage\":\"fr-FR\",\"@id\":\"https:\/\/universnews224.com\/#\/schema\/person\/image\/\",\"url\":\"https:\/\/secure.gravatar.com\/avatar\/edb90acc7752b23e1b3307ad36c14f0d?s=96&d=mm&r=g\",\"contentUrl\":\"https:\/\/secure.gravatar.com\/avatar\/edb90acc7752b23e1b3307ad36c14f0d?s=96&d=mm&r=g\",\"caption\":\"La R\u00e9daction\"},\"sameAs\":[\"https:\/\/universnews224.com\"],\"url\":\"https:\/\/universnews224.com\/index.php\/author\/m-camara\/\"}]}<\/script>\n<!-- \/ Yoast SEO plugin. -->","yoast_head_json":{"title":"Dr. Fod\u00e9 tacle l'union sacr\u00e9e: .\u201dSi on doit faire de la politique pour \u00eatre ambivalent, ce n'est pas la peine\" - UNIVERSNEWS224","robots":{"index":"index","follow":"follow","max-snippet":"max-snippet:-1","max-image-preview":"max-image-preview:large","max-video-preview":"max-video-preview:-1"},"canonical":"https:\/\/universnews224.com\/index.php\/dr-fode-tacle-lunion-sacree-si-on-doit-faire-de-la-politique-pour-etre-ambivalent-ce-nest-pas-la-peine\/","og_locale":"fr_FR","og_type":"article","og_title":"Dr. Fod\u00e9 tacle l'union sacr\u00e9e: .\u201dSi on doit faire de la politique pour \u00eatre ambivalent, ce n'est pas la peine\" - UNIVERSNEWS224","og_description":"Le retrait de l\u2019UFDG, du RPG arc-en-ciel, de l&rsquo;ANAD, du FNDC politique et l&rsquo;UFDG de","og_url":"https:\/\/universnews224.com\/index.php\/dr-fode-tacle-lunion-sacree-si-on-doit-faire-de-la-politique-pour-etre-ambivalent-ce-nest-pas-la-peine\/","og_site_name":"UNIVERSNEWS224","article_published_time":"2024-10-19T19:47:06+00:00","og_image":[{"width":2560,"height":1441,"url":"https:\/\/universnews224.com\/wp-content\/uploads\/2024\/10\/20241019_131207-scaled.jpg","type":"image\/jpeg"}],"author":"La R\u00e9daction","twitter_misc":{"\u00c9crit par":"La R\u00e9daction","Dur\u00e9e de lecture estim\u00e9e":"4 minutes"},"schema":{"@context":"https:\/\/schema.org","@graph":[{"@type":"Article","@id":"https:\/\/universnews224.com\/index.php\/dr-fode-tacle-lunion-sacree-si-on-doit-faire-de-la-politique-pour-etre-ambivalent-ce-nest-pas-la-peine\/#article","isPartOf":{"@id":"https:\/\/universnews224.com\/index.php\/dr-fode-tacle-lunion-sacree-si-on-doit-faire-de-la-politique-pour-etre-ambivalent-ce-nest-pas-la-peine\/"},"author":{"name":"La R\u00e9daction","@id":"https:\/\/universnews224.com\/#\/schema\/person\/a4b7d4f94a4716df60456a491260485e"},"headline":"Dr. Fod\u00e9 tacle l&rsquo;union sacr\u00e9e: .\u201dSi on doit faire de la politique pour \u00eatre ambivalent, ce n&rsquo;est pas la peine\u00a0\u00bb","datePublished":"2024-10-19T19:47:06+00:00","dateModified":"2024-10-19T19:47:06+00:00","mainEntityOfPage":{"@id":"https:\/\/universnews224.com\/index.php\/dr-fode-tacle-lunion-sacree-si-on-doit-faire-de-la-politique-pour-etre-ambivalent-ce-nest-pas-la-peine\/"},"wordCount":670,"publisher":{"@id":"https:\/\/universnews224.com\/#organization"},"keywords":["A la une"],"articleSection":["ACTU","POLITIQUE"],"inLanguage":"fr-FR"},{"@type":"WebPage","@id":"https:\/\/universnews224.com\/index.php\/dr-fode-tacle-lunion-sacree-si-on-doit-faire-de-la-politique-pour-etre-ambivalent-ce-nest-pas-la-peine\/","url":"https:\/\/universnews224.com\/index.php\/dr-fode-tacle-lunion-sacree-si-on-doit-faire-de-la-politique-pour-etre-ambivalent-ce-nest-pas-la-peine\/","name":"Dr. Fod\u00e9 tacle l'union sacr\u00e9e: .\u201dSi on doit faire de la politique pour \u00eatre ambivalent, ce n'est pas la peine\" - UNIVERSNEWS224","isPartOf":{"@id":"https:\/\/universnews224.com\/#website"},"datePublished":"2024-10-19T19:47:06+00:00","dateModified":"2024-10-19T19:47:06+00:00","inLanguage":"fr-FR","potentialAction":[{"@type":"ReadAction","target":["https:\/\/universnews224.com\/index.php\/dr-fode-tacle-lunion-sacree-si-on-doit-faire-de-la-politique-pour-etre-ambivalent-ce-nest-pas-la-peine\/"]}]},{"@type":"WebSite","@id":"https:\/\/universnews224.com\/#website","url":"https:\/\/universnews224.com\/","name":"UNIVERSNEWS224","description":"","publisher":{"@id":"https:\/\/universnews224.com\/#organization"},"potentialAction":[{"@type":"SearchAction","target":{"@type":"EntryPoint","urlTemplate":"https:\/\/universnews224.com\/?s={search_term_string}"},"query-input":"required name=search_term_string"}],"inLanguage":"fr-FR"},{"@type":"Organization","@id":"https:\/\/universnews224.com\/#organization","name":"UNIVERSNEWS224","url":"https:\/\/universnews224.com\/","logo":{"@type":"ImageObject","inLanguage":"fr-FR","@id":"https:\/\/universnews224.com\/#\/schema\/logo\/image\/","url":"https:\/\/universnews224.com\/wp-content\/uploads\/2022\/08\/cropped-cropped-logoban.jpg","contentUrl":"https:\/\/universnews224.com\/wp-content\/uploads\/2022\/08\/cropped-cropped-logoban.jpg","width":1080,"height":138,"caption":"UNIVERSNEWS224"},"image":{"@id":"https:\/\/universnews224.com\/#\/schema\/logo\/image\/"}},{"@type":"Person","@id":"https:\/\/universnews224.com\/#\/schema\/person\/a4b7d4f94a4716df60456a491260485e","name":"La R\u00e9daction","image":{"@type":"ImageObject","inLanguage":"fr-FR","@id":"https:\/\/universnews224.com\/#\/schema\/person\/image\/","url":"https:\/\/secure.gravatar.com\/avatar\/edb90acc7752b23e1b3307ad36c14f0d?s=96&d=mm&r=g","contentUrl":"https:\/\/secure.gravatar.com\/avatar\/edb90acc7752b23e1b3307ad36c14f0d?s=96&d=mm&r=g","caption":"La R\u00e9daction"},"sameAs":["https:\/\/universnews224.com"],"url":"https:\/\/universnews224.com\/index.php\/author\/m-camara\/"}]}},"_links":{"self":[{"href":"https:\/\/universnews224.com\/index.php\/wp-json\/wp\/v2\/posts\/6756"}],"collection":[{"href":"https:\/\/universnews224.com\/index.php\/wp-json\/wp\/v2\/posts"}],"about":[{"href":"https:\/\/universnews224.com\/index.php\/wp-json\/wp\/v2\/types\/post"}],"author":[{"embeddable":true,"href":"https:\/\/universnews224.com\/index.php\/wp-json\/wp\/v2\/users\/2"}],"replies":[{"embeddable":true,"href":"https:\/\/universnews224.com\/index.php\/wp-json\/wp\/v2\/comments?post=6756"}],"version-history":[{"count":1,"href":"https:\/\/universnews224.com\/index.php\/wp-json\/wp\/v2\/posts\/6756\/revisions"}],"predecessor-version":[{"id":6758,"href":"https:\/\/universnews224.com\/index.php\/wp-json\/wp\/v2\/posts\/6756\/revisions\/6758"}],"wp:featuredmedia":[{"embeddable":true,"href":"https:\/\/universnews224.com\/index.php\/wp-json\/wp\/v2\/media\/6757"}],"wp:attachment":[{"href":"https:\/\/universnews224.com\/index.php\/wp-json\/wp\/v2\/media?parent=6756"}],"wp:term":[{"taxonomy":"category","embeddable":true,"href":"https:\/\/universnews224.com\/index.php\/wp-json\/wp\/v2\/categories?post=6756"},{"taxonomy":"post_tag","embeddable":true,"href":"https:\/\/universnews224.com\/index.php\/wp-json\/wp\/v2\/tags?post=6756"}],"curies":[{"name":"wp","href":"https:\/\/api.w.org\/{rel}","templated":true}]}}