{"id":6780,"date":"2024-10-21T21:57:35","date_gmt":"2024-10-21T20:57:35","guid":{"rendered":"https:\/\/universnews224.com\/?p=6780"},"modified":"2024-10-21T21:57:35","modified_gmt":"2024-10-21T20:57:35","slug":"cameroun-le-president-paul-biya-de-retour-au-pays-apres-sept-semaines-dabsence-et-dinquietude","status":"publish","type":"post","link":"https:\/\/universnews224.com\/index.php\/cameroun-le-president-paul-biya-de-retour-au-pays-apres-sept-semaines-dabsence-et-dinquietude\/","title":{"rendered":"Cameroun: le pr\u00e9sident Paul Biya de retour au pays apr\u00e8s sept semaines d\u2019absence et d\u2019inqui\u00e9tude"},"content":{"rendered":"<p style=\"margin: 0px 0px 17px;color: #222222;font-family: Roboto;font-size: 15px\"><span style=\"font-weight: bold\">Trottoirs repeints, affiches \u00ab Bon retour, monsieur le pr\u00e9sident de la R\u00e9publique \u00bb et militants du parti pr\u00e9sidentiel sur le bord des routes : Yaound\u00e9, la capitale du Cameroun, s\u2019est pr\u00e9par\u00e9e ce lundi 21 octobre \u00e0 accueillir Paul Biya. Le chef de l\u2019\u00c9tat, bient\u00f4t 92 ans et \u00e0 la t\u00eate du Cameroun depuis 42 ans, \u00e9tait hors du pays depuis sept semaines, et son \u00e9tat de sant\u00e9 a suscit\u00e9 inqui\u00e9tudes, fausses nouvelles et communication disparate de la part des autorit\u00e9s. Il a fait son retour en fin de journ\u00e9e.<\/span><\/p>\n<p style=\"margin: 0px 0px 17px;color: #222222;font-family: Roboto;font-size: 15px\">Il est arriv\u00e9 ce lundi \u00e0 l\u2019a\u00e9roport international de Yaound\u00e9 en fin de journ\u00e9e, selon des images diffus\u00e9es par la t\u00e9l\u00e9vision d\u2019\u00c9tat CCRTV. Apr\u00e8s l\u2019atterrissage de l\u2019avion pr\u00e9sidentiel, Paul Biya a \u00e9t\u00e9 film\u00e9 saluant les dignitaires venus l\u2019accueillir, alors qu\u2019une foule en liesse l\u2019attendait devant le b\u00e2timent.<\/p>\n<p style=\"margin: 0px 0px 17px;color: #222222;font-family: Roboto;font-size: 15px\">Le 2 septembre, Paul Biya quittait le Cameroun avec son \u00e9pouse Chantal, direction la Chine et le quatri\u00e8me sommet du Forum sur la Coop\u00e9ration Sino-Africaine. Les photos et comptes-rendus de rencontres avec des chefs d\u2019entreprises, diffus\u00e9s le 7 septembre, \u00e9taient les derni\u00e8res publications sous l\u2019onglet \u00ab Informations r\u00e9centes \u00bb du site de la pr\u00e9sidence camerounaise.<\/p>\n<p><span style=\"color: #222222;font-family: Roboto;font-size: 15px\">Les absences du pr\u00e9sident camerounais \u00e0 New York pour l\u2019Assembl\u00e9e g\u00e9n\u00e9rale des Nations unies fin septembre et au sommet de la Francophonie d\u00e9but octobre ont aliment\u00e9 les interrogations sur sa forme physique. Aucune explication officielle n\u2019a \u00e9t\u00e9 donn\u00e9e dans un premier temps, son \u00e9quipe \u00e9voquant des \u00ab arbitrages dans l\u2019agenda pr\u00e9sidentiel \u00bb.<\/span><\/p>\n<p style=\"margin: 0px 0px 17px;color: #222222;font-family: Roboto;font-size: 15px\">Mais le 8 octobre, une t\u00e9l\u00e9vision bas\u00e9e aux \u00c9tats-Unis et pro-ind\u00e9pendantistes anglophones annon\u00e7ait la mort de Paul Biya. Dans la foul\u00e9e, \u00e0 Yaound\u00e9, deux ministres fustigeaient \u00ab une all\u00e9gation d\u00e9nu\u00e9e de tout fondement \u00bb et \u00ab ceux qui tentent de tromper l\u2019opinion \u00bb. Le gouvernement, enfin, indiquait que \u00ab le chef de l\u2019\u00c9tat s\u2019est accord\u00e9 un bref s\u00e9jour priv\u00e9 en Europe \u00bb, tandis que le cabinet civil de la pr\u00e9sidence parlait de \u00ab l\u2019excellent \u00e9tat de sant\u00e9 du chef de l\u2019\u00c9tat \u00bb, le situant \u00e0 Gen\u00e8ve en Suisse.<\/p>\n<p style=\"margin: 0px 0px 17px;color: #222222;font-family: Roboto;font-size: 15px\">Le lendemain, sous le tampon \u00ab Tr\u00e8s urgent \u00bb, le ministre de l\u2019Administration territoriale, Paul Atanga Nji, demandait \u00e0 chaque gouverneur des dix r\u00e9gions du Cameroun de cr\u00e9er des cellules pour surveiller les m\u00e9dias et d\u00e9fend tout d\u00e9bat sur la sant\u00e9 du pr\u00e9sident. Le Collectif des anciens des s\u00e9minaires catholiques annon\u00e7ait ensuite une messe d\u2019action de gr\u00e2ce pour le chef de l\u2019\u00c9tat et la paix. Initiatives interpr\u00e9t\u00e9es par certains comme autant de signes de f\u00e9brilit\u00e9.<\/p>\n<p style=\"margin: 0px 0px 17px;color: #222222;font-family: Roboto;font-size: 15px\">\u00a0RFI<\/p>\n","protected":false},"excerpt":{"rendered":"<p>Trottoirs repeints, affiches \u00ab Bon retour, monsieur le pr\u00e9sident de la R\u00e9publique \u00bb et militants<\/p>\n","protected":false},"author":2,"featured_media":6781,"comment_status":"closed","ping_status":"open","sticky":false,"template":"","format":"standard","meta":[],"categories":[3,4],"tags":[237],"yoast_head":"<!-- This site is optimized with the Yoast SEO plugin v19.13 - https:\/\/yoast.com\/wordpress\/plugins\/seo\/ -->\n<title>Cameroun: le pr\u00e9sident Paul Biya de retour au pays apr\u00e8s sept semaines d\u2019absence et d\u2019inqui\u00e9tude - UNIVERSNEWS224<\/title>\n<meta name=\"robots\" content=\"index, follow, max-snippet:-1, max-image-preview:large, max-video-preview:-1\" \/>\n<link rel=\"canonical\" href=\"https:\/\/universnews224.com\/index.php\/cameroun-le-president-paul-biya-de-retour-au-pays-apres-sept-semaines-dabsence-et-dinquietude\/\" \/>\n<meta property=\"og:locale\" content=\"fr_FR\" \/>\n<meta property=\"og:type\" content=\"article\" \/>\n<meta property=\"og:title\" content=\"Cameroun: le pr\u00e9sident Paul Biya de retour au pays apr\u00e8s sept semaines d\u2019absence et d\u2019inqui\u00e9tude - UNIVERSNEWS224\" \/>\n<meta property=\"og:description\" content=\"Trottoirs repeints, affiches \u00ab Bon retour, monsieur le pr\u00e9sident de la R\u00e9publique \u00bb et militants\" \/>\n<meta property=\"og:url\" content=\"https:\/\/universnews224.com\/index.php\/cameroun-le-president-paul-biya-de-retour-au-pays-apres-sept-semaines-dabsence-et-dinquietude\/\" \/>\n<meta property=\"og:site_name\" content=\"UNIVERSNEWS224\" \/>\n<meta property=\"article:published_time\" content=\"2024-10-21T20:57:35+00:00\" \/>\n<meta property=\"og:image\" content=\"https:\/\/universnews224.com\/wp-content\/uploads\/2024\/10\/paul-biya-pr-arrivee-1-1140x480.jpg.webp\" \/>\n\t<meta property=\"og:image:width\" content=\"1140\" \/>\n\t<meta property=\"og:image:height\" content=\"480\" \/>\n\t<meta property=\"og:image:type\" content=\"image\/webp\" \/>\n<meta name=\"author\" content=\"La R\u00e9daction\" \/>\n<meta name=\"twitter:label1\" content=\"\u00c9crit par\" \/>\n\t<meta name=\"twitter:data1\" content=\"La R\u00e9daction\" \/>\n\t<meta name=\"twitter:label2\" content=\"Dur\u00e9e de lecture estim\u00e9e\" \/>\n\t<meta name=\"twitter:data2\" content=\"2 minutes\" \/>\n<script type=\"application\/ld+json\" class=\"yoast-schema-graph\">{\"@context\":\"https:\/\/schema.org\",\"@graph\":[{\"@type\":\"Article\",\"@id\":\"https:\/\/universnews224.com\/index.php\/cameroun-le-president-paul-biya-de-retour-au-pays-apres-sept-semaines-dabsence-et-dinquietude\/#article\",\"isPartOf\":{\"@id\":\"https:\/\/universnews224.com\/index.php\/cameroun-le-president-paul-biya-de-retour-au-pays-apres-sept-semaines-dabsence-et-dinquietude\/\"},\"author\":{\"name\":\"La R\u00e9daction\",\"@id\":\"https:\/\/universnews224.com\/#\/schema\/person\/a4b7d4f94a4716df60456a491260485e\"},\"headline\":\"Cameroun: le pr\u00e9sident Paul Biya de retour au pays apr\u00e8s sept semaines d\u2019absence et d\u2019inqui\u00e9tude\",\"datePublished\":\"2024-10-21T20:57:35+00:00\",\"dateModified\":\"2024-10-21T20:57:35+00:00\",\"mainEntityOfPage\":{\"@id\":\"https:\/\/universnews224.com\/index.php\/cameroun-le-president-paul-biya-de-retour-au-pays-apres-sept-semaines-dabsence-et-dinquietude\/\"},\"wordCount\":475,\"publisher\":{\"@id\":\"https:\/\/universnews224.com\/#organization\"},\"keywords\":[\"A la une\"],\"articleSection\":[\"ACTU\",\"POLITIQUE\"],\"inLanguage\":\"fr-FR\"},{\"@type\":\"WebPage\",\"@id\":\"https:\/\/universnews224.com\/index.php\/cameroun-le-president-paul-biya-de-retour-au-pays-apres-sept-semaines-dabsence-et-dinquietude\/\",\"url\":\"https:\/\/universnews224.com\/index.php\/cameroun-le-president-paul-biya-de-retour-au-pays-apres-sept-semaines-dabsence-et-dinquietude\/\",\"name\":\"Cameroun: le pr\u00e9sident Paul Biya de retour au pays apr\u00e8s sept semaines d\u2019absence et d\u2019inqui\u00e9tude - UNIVERSNEWS224\",\"isPartOf\":{\"@id\":\"https:\/\/universnews224.com\/#website\"},\"datePublished\":\"2024-10-21T20:57:35+00:00\",\"dateModified\":\"2024-10-21T20:57:35+00:00\",\"inLanguage\":\"fr-FR\",\"potentialAction\":[{\"@type\":\"ReadAction\",\"target\":[\"https:\/\/universnews224.com\/index.php\/cameroun-le-president-paul-biya-de-retour-au-pays-apres-sept-semaines-dabsence-et-dinquietude\/\"]}]},{\"@type\":\"WebSite\",\"@id\":\"https:\/\/universnews224.com\/#website\",\"url\":\"https:\/\/universnews224.com\/\",\"name\":\"UNIVERSNEWS224\",\"description\":\"\",\"publisher\":{\"@id\":\"https:\/\/universnews224.com\/#organization\"},\"potentialAction\":[{\"@type\":\"SearchAction\",\"target\":{\"@type\":\"EntryPoint\",\"urlTemplate\":\"https:\/\/universnews224.com\/?s={search_term_string}\"},\"query-input\":\"required name=search_term_string\"}],\"inLanguage\":\"fr-FR\"},{\"@type\":\"Organization\",\"@id\":\"https:\/\/universnews224.com\/#organization\",\"name\":\"UNIVERSNEWS224\",\"url\":\"https:\/\/universnews224.com\/\",\"logo\":{\"@type\":\"ImageObject\",\"inLanguage\":\"fr-FR\",\"@id\":\"https:\/\/universnews224.com\/#\/schema\/logo\/image\/\",\"url\":\"https:\/\/universnews224.com\/wp-content\/uploads\/2022\/08\/cropped-cropped-logoban.jpg\",\"contentUrl\":\"https:\/\/universnews224.com\/wp-content\/uploads\/2022\/08\/cropped-cropped-logoban.jpg\",\"width\":1080,\"height\":138,\"caption\":\"UNIVERSNEWS224\"},\"image\":{\"@id\":\"https:\/\/universnews224.com\/#\/schema\/logo\/image\/\"}},{\"@type\":\"Person\",\"@id\":\"https:\/\/universnews224.com\/#\/schema\/person\/a4b7d4f94a4716df60456a491260485e\",\"name\":\"La R\u00e9daction\",\"image\":{\"@type\":\"ImageObject\",\"inLanguage\":\"fr-FR\",\"@id\":\"https:\/\/universnews224.com\/#\/schema\/person\/image\/\",\"url\":\"https:\/\/secure.gravatar.com\/avatar\/edb90acc7752b23e1b3307ad36c14f0d?s=96&d=mm&r=g\",\"contentUrl\":\"https:\/\/secure.gravatar.com\/avatar\/edb90acc7752b23e1b3307ad36c14f0d?s=96&d=mm&r=g\",\"caption\":\"La R\u00e9daction\"},\"sameAs\":[\"https:\/\/universnews224.com\"],\"url\":\"https:\/\/universnews224.com\/index.php\/author\/m-camara\/\"}]}<\/script>\n<!-- \/ Yoast SEO plugin. -->","yoast_head_json":{"title":"Cameroun: le pr\u00e9sident Paul Biya de retour au pays apr\u00e8s sept semaines d\u2019absence et d\u2019inqui\u00e9tude - UNIVERSNEWS224","robots":{"index":"index","follow":"follow","max-snippet":"max-snippet:-1","max-image-preview":"max-image-preview:large","max-video-preview":"max-video-preview:-1"},"canonical":"https:\/\/universnews224.com\/index.php\/cameroun-le-president-paul-biya-de-retour-au-pays-apres-sept-semaines-dabsence-et-dinquietude\/","og_locale":"fr_FR","og_type":"article","og_title":"Cameroun: le pr\u00e9sident Paul Biya de retour au pays apr\u00e8s sept semaines d\u2019absence et d\u2019inqui\u00e9tude - UNIVERSNEWS224","og_description":"Trottoirs repeints, affiches \u00ab Bon retour, monsieur le pr\u00e9sident de la R\u00e9publique \u00bb et militants","og_url":"https:\/\/universnews224.com\/index.php\/cameroun-le-president-paul-biya-de-retour-au-pays-apres-sept-semaines-dabsence-et-dinquietude\/","og_site_name":"UNIVERSNEWS224","article_published_time":"2024-10-21T20:57:35+00:00","og_image":[{"width":1140,"height":480,"url":"https:\/\/universnews224.com\/wp-content\/uploads\/2024\/10\/paul-biya-pr-arrivee-1-1140x480.jpg.webp","type":"image\/webp"}],"author":"La R\u00e9daction","twitter_misc":{"\u00c9crit par":"La R\u00e9daction","Dur\u00e9e de lecture estim\u00e9e":"2 minutes"},"schema":{"@context":"https:\/\/schema.org","@graph":[{"@type":"Article","@id":"https:\/\/universnews224.com\/index.php\/cameroun-le-president-paul-biya-de-retour-au-pays-apres-sept-semaines-dabsence-et-dinquietude\/#article","isPartOf":{"@id":"https:\/\/universnews224.com\/index.php\/cameroun-le-president-paul-biya-de-retour-au-pays-apres-sept-semaines-dabsence-et-dinquietude\/"},"author":{"name":"La R\u00e9daction","@id":"https:\/\/universnews224.com\/#\/schema\/person\/a4b7d4f94a4716df60456a491260485e"},"headline":"Cameroun: le pr\u00e9sident Paul Biya de retour au pays apr\u00e8s sept semaines d\u2019absence et d\u2019inqui\u00e9tude","datePublished":"2024-10-21T20:57:35+00:00","dateModified":"2024-10-21T20:57:35+00:00","mainEntityOfPage":{"@id":"https:\/\/universnews224.com\/index.php\/cameroun-le-president-paul-biya-de-retour-au-pays-apres-sept-semaines-dabsence-et-dinquietude\/"},"wordCount":475,"publisher":{"@id":"https:\/\/universnews224.com\/#organization"},"keywords":["A la une"],"articleSection":["ACTU","POLITIQUE"],"inLanguage":"fr-FR"},{"@type":"WebPage","@id":"https:\/\/universnews224.com\/index.php\/cameroun-le-president-paul-biya-de-retour-au-pays-apres-sept-semaines-dabsence-et-dinquietude\/","url":"https:\/\/universnews224.com\/index.php\/cameroun-le-president-paul-biya-de-retour-au-pays-apres-sept-semaines-dabsence-et-dinquietude\/","name":"Cameroun: le pr\u00e9sident Paul Biya de retour au pays apr\u00e8s sept semaines d\u2019absence et d\u2019inqui\u00e9tude - UNIVERSNEWS224","isPartOf":{"@id":"https:\/\/universnews224.com\/#website"},"datePublished":"2024-10-21T20:57:35+00:00","dateModified":"2024-10-21T20:57:35+00:00","inLanguage":"fr-FR","potentialAction":[{"@type":"ReadAction","target":["https:\/\/universnews224.com\/index.php\/cameroun-le-president-paul-biya-de-retour-au-pays-apres-sept-semaines-dabsence-et-dinquietude\/"]}]},{"@type":"WebSite","@id":"https:\/\/universnews224.com\/#website","url":"https:\/\/universnews224.com\/","name":"UNIVERSNEWS224","description":"","publisher":{"@id":"https:\/\/universnews224.com\/#organization"},"potentialAction":[{"@type":"SearchAction","target":{"@type":"EntryPoint","urlTemplate":"https:\/\/universnews224.com\/?s={search_term_string}"},"query-input":"required name=search_term_string"}],"inLanguage":"fr-FR"},{"@type":"Organization","@id":"https:\/\/universnews224.com\/#organization","name":"UNIVERSNEWS224","url":"https:\/\/universnews224.com\/","logo":{"@type":"ImageObject","inLanguage":"fr-FR","@id":"https:\/\/universnews224.com\/#\/schema\/logo\/image\/","url":"https:\/\/universnews224.com\/wp-content\/uploads\/2022\/08\/cropped-cropped-logoban.jpg","contentUrl":"https:\/\/universnews224.com\/wp-content\/uploads\/2022\/08\/cropped-cropped-logoban.jpg","width":1080,"height":138,"caption":"UNIVERSNEWS224"},"image":{"@id":"https:\/\/universnews224.com\/#\/schema\/logo\/image\/"}},{"@type":"Person","@id":"https:\/\/universnews224.com\/#\/schema\/person\/a4b7d4f94a4716df60456a491260485e","name":"La R\u00e9daction","image":{"@type":"ImageObject","inLanguage":"fr-FR","@id":"https:\/\/universnews224.com\/#\/schema\/person\/image\/","url":"https:\/\/secure.gravatar.com\/avatar\/edb90acc7752b23e1b3307ad36c14f0d?s=96&d=mm&r=g","contentUrl":"https:\/\/secure.gravatar.com\/avatar\/edb90acc7752b23e1b3307ad36c14f0d?s=96&d=mm&r=g","caption":"La R\u00e9daction"},"sameAs":["https:\/\/universnews224.com"],"url":"https:\/\/universnews224.com\/index.php\/author\/m-camara\/"}]}},"_links":{"self":[{"href":"https:\/\/universnews224.com\/index.php\/wp-json\/wp\/v2\/posts\/6780"}],"collection":[{"href":"https:\/\/universnews224.com\/index.php\/wp-json\/wp\/v2\/posts"}],"about":[{"href":"https:\/\/universnews224.com\/index.php\/wp-json\/wp\/v2\/types\/post"}],"author":[{"embeddable":true,"href":"https:\/\/universnews224.com\/index.php\/wp-json\/wp\/v2\/users\/2"}],"replies":[{"embeddable":true,"href":"https:\/\/universnews224.com\/index.php\/wp-json\/wp\/v2\/comments?post=6780"}],"version-history":[{"count":1,"href":"https:\/\/universnews224.com\/index.php\/wp-json\/wp\/v2\/posts\/6780\/revisions"}],"predecessor-version":[{"id":6782,"href":"https:\/\/universnews224.com\/index.php\/wp-json\/wp\/v2\/posts\/6780\/revisions\/6782"}],"wp:featuredmedia":[{"embeddable":true,"href":"https:\/\/universnews224.com\/index.php\/wp-json\/wp\/v2\/media\/6781"}],"wp:attachment":[{"href":"https:\/\/universnews224.com\/index.php\/wp-json\/wp\/v2\/media?parent=6780"}],"wp:term":[{"taxonomy":"category","embeddable":true,"href":"https:\/\/universnews224.com\/index.php\/wp-json\/wp\/v2\/categories?post=6780"},{"taxonomy":"post_tag","embeddable":true,"href":"https:\/\/universnews224.com\/index.php\/wp-json\/wp\/v2\/tags?post=6780"}],"curies":[{"name":"wp","href":"https:\/\/api.w.org\/{rel}","templated":true}]}}