{"id":6802,"date":"2024-10-23T22:29:10","date_gmt":"2024-10-23T21:29:10","guid":{"rendered":"https:\/\/universnews224.com\/?p=6802"},"modified":"2024-10-23T22:29:10","modified_gmt":"2024-10-23T21:29:10","slug":"urgent-disqualification-des-u17-le-ministere-des-sports-prend-les-devants-et-lance-une-enquete-independante","status":"publish","type":"post","link":"https:\/\/universnews224.com\/index.php\/urgent-disqualification-des-u17-le-ministere-des-sports-prend-les-devants-et-lance-une-enquete-independante\/","title":{"rendered":"Urgent \/ Disqualification des U17 : Le Minist\u00e8re des Sports prend les devants et lance une enqu\u00eate ind\u00e9pendante"},"content":{"rendered":"<p style=\"margin: 0px 0px 17px;color: #222222;font-family: Roboto;font-size: 15px\"><span style=\"font-weight: bold\">Le Minist\u00e8re de la Jeunesse et des Sports a r\u00e9agi ce mercredi 23 octobre 2024 au communiqu\u00e9 de la F\u00e9d\u00e9ration Guin\u00e9enne de Football (FGF), \u00e0 la suite de la disqualification de l\u2019\u00e9quipe nationale U17 par la CAF. Ce revers, caus\u00e9 par des divergences autour des tests IRM effectu\u00e9s \u00e0 Dakar, a provoqu\u00e9 une onde de choc dans le milieu sportif guin\u00e9en.<\/span><\/p>\n<p style=\"margin: 0px 0px 17px;color: #222222;font-family: Roboto;font-size: 15px\">Dans une prise de position officielle, le minist\u00e8re dit avoir\u00a0<span style=\"color: #ff0000\"><span style=\"font-weight: bold\">\u00ab pris acte \u00bb<\/span>\u00a0<\/span>de la situation et appelle la f\u00e9d\u00e9ration \u00e0 lui fournir sans d\u00e9lai tous les \u00e9l\u00e9ments factuels n\u00e9cessaires pour permettre \u00e0 l\u2019\u00c9tat guin\u00e9en d\u2019agir. Le minist\u00e8re a \u00e9galement exprim\u00e9 sa vigilance quant aux recours engag\u00e9s par la FGF aupr\u00e8s des instances internationales pour\u00a0<em><span style=\"font-weight: bold\">\u00ab faire la lumi\u00e8re sur cette situation in\u00e9dite et inacceptable \u00bb<\/span><\/em>, soulignant les r\u00e9percussions d\u00e9sastreuses que cela pourrait avoir sur l\u2019image de la Guin\u00e9e et sur ces jeunes athl\u00e8tes.<\/p>\n<p style=\"margin: 0px 0px 17px;color: #222222;font-family: Roboto;font-size: 15px\">\n<p style=\"margin: 0px 0px 17px;color: #222222;font-family: Roboto;font-size: 15px\">Face \u00e0 cette situation complexe, une commission d\u2019enqu\u00eate ind\u00e9pendante sera mise en place pour examiner non seulement la proc\u00e9dure m\u00e9dicale ayant conduit \u00e0 des r\u00e9sultats contradictoires pour les m\u00eames joueurs, mais aussi pour \u00e9valuer les dossiers administratifs d\u2019\u00e9tat civil des jeunes athl\u00e8tes guin\u00e9ens. Cette commission, compos\u00e9e d\u2019acteurs cl\u00e9s du milieu sportif, aura pour mission de faire des recommandations qui permettront d\u2019\u00e9viter de futurs incidents similaires et de renforcer les d\u00e9marches aupr\u00e8s des instances sportives internationales.<\/p>\n<p style=\"margin: 0px 0px 17px;color: #222222;font-family: Roboto;font-size: 15px\">Dans ce contexte troubl\u00e9, le Minist\u00e8re de la Jeunesse et des Sports se positionne en garant d\u2019une enqu\u00eate impartiale et d\u2019une d\u00e9fense des int\u00e9r\u00eats de la R\u00e9publique de Guin\u00e9e sur la sc\u00e8ne internationale. L\u2019avenir des jeunes sportifs guin\u00e9ens est d\u00e9sormais suspendu aux r\u00e9sultats de cette enqu\u00eate et des recours en cours.<\/p>\n<p style=\"margin: 0px 0px 17px;color: #222222;font-family: Roboto;font-size: 15px\">\u00a0Lerenifleur<\/p>\n","protected":false},"excerpt":{"rendered":"<p>Le Minist\u00e8re de la Jeunesse et des Sports a r\u00e9agi ce mercredi 23 octobre 2024<\/p>\n","protected":false},"author":2,"featured_media":6803,"comment_status":"closed","ping_status":"open","sticky":false,"template":"","format":"standard","meta":[],"categories":[3,9],"tags":[237],"yoast_head":"<!-- This site is optimized with the Yoast SEO plugin v19.13 - https:\/\/yoast.com\/wordpress\/plugins\/seo\/ -->\n<title>Urgent \/ Disqualification des U17 : Le Minist\u00e8re des Sports prend les devants et lance une enqu\u00eate ind\u00e9pendante - UNIVERSNEWS224<\/title>\n<meta name=\"robots\" content=\"index, follow, max-snippet:-1, max-image-preview:large, max-video-preview:-1\" \/>\n<link rel=\"canonical\" href=\"https:\/\/universnews224.com\/index.php\/urgent-disqualification-des-u17-le-ministere-des-sports-prend-les-devants-et-lance-une-enquete-independante\/\" \/>\n<meta property=\"og:locale\" content=\"fr_FR\" \/>\n<meta property=\"og:type\" content=\"article\" \/>\n<meta property=\"og:title\" content=\"Urgent \/ Disqualification des U17 : Le Minist\u00e8re des Sports prend les devants et lance une enqu\u00eate ind\u00e9pendante - UNIVERSNEWS224\" \/>\n<meta property=\"og:description\" content=\"Le Minist\u00e8re de la Jeunesse et des Sports a r\u00e9agi ce mercredi 23 octobre 2024\" \/>\n<meta property=\"og:url\" content=\"https:\/\/universnews224.com\/index.php\/urgent-disqualification-des-u17-le-ministere-des-sports-prend-les-devants-et-lance-une-enquete-independante\/\" \/>\n<meta property=\"og:site_name\" content=\"UNIVERSNEWS224\" \/>\n<meta property=\"article:published_time\" content=\"2024-10-23T21:29:10+00:00\" \/>\n<meta property=\"og:image\" content=\"https:\/\/universnews224.com\/wp-content\/uploads\/2024\/10\/FB_IMG_1729454847754.jpg\" \/>\n\t<meta property=\"og:image:width\" content=\"1080\" \/>\n\t<meta property=\"og:image:height\" content=\"839\" \/>\n\t<meta property=\"og:image:type\" content=\"image\/jpeg\" \/>\n<meta name=\"author\" content=\"La R\u00e9daction\" \/>\n<meta name=\"twitter:label1\" content=\"\u00c9crit par\" \/>\n\t<meta name=\"twitter:data1\" content=\"La R\u00e9daction\" \/>\n\t<meta name=\"twitter:label2\" content=\"Dur\u00e9e de lecture estim\u00e9e\" \/>\n\t<meta name=\"twitter:data2\" content=\"2 minutes\" \/>\n<script type=\"application\/ld+json\" class=\"yoast-schema-graph\">{\"@context\":\"https:\/\/schema.org\",\"@graph\":[{\"@type\":\"Article\",\"@id\":\"https:\/\/universnews224.com\/index.php\/urgent-disqualification-des-u17-le-ministere-des-sports-prend-les-devants-et-lance-une-enquete-independante\/#article\",\"isPartOf\":{\"@id\":\"https:\/\/universnews224.com\/index.php\/urgent-disqualification-des-u17-le-ministere-des-sports-prend-les-devants-et-lance-une-enquete-independante\/\"},\"author\":{\"name\":\"La R\u00e9daction\",\"@id\":\"https:\/\/universnews224.com\/#\/schema\/person\/a4b7d4f94a4716df60456a491260485e\"},\"headline\":\"Urgent \/ Disqualification des U17 : Le Minist\u00e8re des Sports prend les devants et lance une enqu\u00eate ind\u00e9pendante\",\"datePublished\":\"2024-10-23T21:29:10+00:00\",\"dateModified\":\"2024-10-23T21:29:10+00:00\",\"mainEntityOfPage\":{\"@id\":\"https:\/\/universnews224.com\/index.php\/urgent-disqualification-des-u17-le-ministere-des-sports-prend-les-devants-et-lance-une-enquete-independante\/\"},\"wordCount\":338,\"publisher\":{\"@id\":\"https:\/\/universnews224.com\/#organization\"},\"keywords\":[\"A la une\"],\"articleSection\":[\"ACTU\",\"SPORT\"],\"inLanguage\":\"fr-FR\"},{\"@type\":\"WebPage\",\"@id\":\"https:\/\/universnews224.com\/index.php\/urgent-disqualification-des-u17-le-ministere-des-sports-prend-les-devants-et-lance-une-enquete-independante\/\",\"url\":\"https:\/\/universnews224.com\/index.php\/urgent-disqualification-des-u17-le-ministere-des-sports-prend-les-devants-et-lance-une-enquete-independante\/\",\"name\":\"Urgent \/ Disqualification des U17 : Le Minist\u00e8re des Sports prend les devants et lance une enqu\u00eate ind\u00e9pendante - UNIVERSNEWS224\",\"isPartOf\":{\"@id\":\"https:\/\/universnews224.com\/#website\"},\"datePublished\":\"2024-10-23T21:29:10+00:00\",\"dateModified\":\"2024-10-23T21:29:10+00:00\",\"inLanguage\":\"fr-FR\",\"potentialAction\":[{\"@type\":\"ReadAction\",\"target\":[\"https:\/\/universnews224.com\/index.php\/urgent-disqualification-des-u17-le-ministere-des-sports-prend-les-devants-et-lance-une-enquete-independante\/\"]}]},{\"@type\":\"WebSite\",\"@id\":\"https:\/\/universnews224.com\/#website\",\"url\":\"https:\/\/universnews224.com\/\",\"name\":\"UNIVERSNEWS224\",\"description\":\"\",\"publisher\":{\"@id\":\"https:\/\/universnews224.com\/#organization\"},\"potentialAction\":[{\"@type\":\"SearchAction\",\"target\":{\"@type\":\"EntryPoint\",\"urlTemplate\":\"https:\/\/universnews224.com\/?s={search_term_string}\"},\"query-input\":\"required name=search_term_string\"}],\"inLanguage\":\"fr-FR\"},{\"@type\":\"Organization\",\"@id\":\"https:\/\/universnews224.com\/#organization\",\"name\":\"UNIVERSNEWS224\",\"url\":\"https:\/\/universnews224.com\/\",\"logo\":{\"@type\":\"ImageObject\",\"inLanguage\":\"fr-FR\",\"@id\":\"https:\/\/universnews224.com\/#\/schema\/logo\/image\/\",\"url\":\"https:\/\/universnews224.com\/wp-content\/uploads\/2022\/08\/cropped-cropped-logoban.jpg\",\"contentUrl\":\"https:\/\/universnews224.com\/wp-content\/uploads\/2022\/08\/cropped-cropped-logoban.jpg\",\"width\":1080,\"height\":138,\"caption\":\"UNIVERSNEWS224\"},\"image\":{\"@id\":\"https:\/\/universnews224.com\/#\/schema\/logo\/image\/\"}},{\"@type\":\"Person\",\"@id\":\"https:\/\/universnews224.com\/#\/schema\/person\/a4b7d4f94a4716df60456a491260485e\",\"name\":\"La R\u00e9daction\",\"image\":{\"@type\":\"ImageObject\",\"inLanguage\":\"fr-FR\",\"@id\":\"https:\/\/universnews224.com\/#\/schema\/person\/image\/\",\"url\":\"https:\/\/secure.gravatar.com\/avatar\/edb90acc7752b23e1b3307ad36c14f0d?s=96&d=mm&r=g\",\"contentUrl\":\"https:\/\/secure.gravatar.com\/avatar\/edb90acc7752b23e1b3307ad36c14f0d?s=96&d=mm&r=g\",\"caption\":\"La R\u00e9daction\"},\"sameAs\":[\"https:\/\/universnews224.com\"],\"url\":\"https:\/\/universnews224.com\/index.php\/author\/m-camara\/\"}]}<\/script>\n<!-- \/ Yoast SEO plugin. -->","yoast_head_json":{"title":"Urgent \/ Disqualification des U17 : Le Minist\u00e8re des Sports prend les devants et lance une enqu\u00eate ind\u00e9pendante - UNIVERSNEWS224","robots":{"index":"index","follow":"follow","max-snippet":"max-snippet:-1","max-image-preview":"max-image-preview:large","max-video-preview":"max-video-preview:-1"},"canonical":"https:\/\/universnews224.com\/index.php\/urgent-disqualification-des-u17-le-ministere-des-sports-prend-les-devants-et-lance-une-enquete-independante\/","og_locale":"fr_FR","og_type":"article","og_title":"Urgent \/ Disqualification des U17 : Le Minist\u00e8re des Sports prend les devants et lance une enqu\u00eate ind\u00e9pendante - UNIVERSNEWS224","og_description":"Le Minist\u00e8re de la Jeunesse et des Sports a r\u00e9agi ce mercredi 23 octobre 2024","og_url":"https:\/\/universnews224.com\/index.php\/urgent-disqualification-des-u17-le-ministere-des-sports-prend-les-devants-et-lance-une-enquete-independante\/","og_site_name":"UNIVERSNEWS224","article_published_time":"2024-10-23T21:29:10+00:00","og_image":[{"width":1080,"height":839,"url":"https:\/\/universnews224.com\/wp-content\/uploads\/2024\/10\/FB_IMG_1729454847754.jpg","type":"image\/jpeg"}],"author":"La R\u00e9daction","twitter_misc":{"\u00c9crit par":"La R\u00e9daction","Dur\u00e9e de lecture estim\u00e9e":"2 minutes"},"schema":{"@context":"https:\/\/schema.org","@graph":[{"@type":"Article","@id":"https:\/\/universnews224.com\/index.php\/urgent-disqualification-des-u17-le-ministere-des-sports-prend-les-devants-et-lance-une-enquete-independante\/#article","isPartOf":{"@id":"https:\/\/universnews224.com\/index.php\/urgent-disqualification-des-u17-le-ministere-des-sports-prend-les-devants-et-lance-une-enquete-independante\/"},"author":{"name":"La R\u00e9daction","@id":"https:\/\/universnews224.com\/#\/schema\/person\/a4b7d4f94a4716df60456a491260485e"},"headline":"Urgent \/ Disqualification des U17 : Le Minist\u00e8re des Sports prend les devants et lance une enqu\u00eate ind\u00e9pendante","datePublished":"2024-10-23T21:29:10+00:00","dateModified":"2024-10-23T21:29:10+00:00","mainEntityOfPage":{"@id":"https:\/\/universnews224.com\/index.php\/urgent-disqualification-des-u17-le-ministere-des-sports-prend-les-devants-et-lance-une-enquete-independante\/"},"wordCount":338,"publisher":{"@id":"https:\/\/universnews224.com\/#organization"},"keywords":["A la une"],"articleSection":["ACTU","SPORT"],"inLanguage":"fr-FR"},{"@type":"WebPage","@id":"https:\/\/universnews224.com\/index.php\/urgent-disqualification-des-u17-le-ministere-des-sports-prend-les-devants-et-lance-une-enquete-independante\/","url":"https:\/\/universnews224.com\/index.php\/urgent-disqualification-des-u17-le-ministere-des-sports-prend-les-devants-et-lance-une-enquete-independante\/","name":"Urgent \/ Disqualification des U17 : Le Minist\u00e8re des Sports prend les devants et lance une enqu\u00eate ind\u00e9pendante - UNIVERSNEWS224","isPartOf":{"@id":"https:\/\/universnews224.com\/#website"},"datePublished":"2024-10-23T21:29:10+00:00","dateModified":"2024-10-23T21:29:10+00:00","inLanguage":"fr-FR","potentialAction":[{"@type":"ReadAction","target":["https:\/\/universnews224.com\/index.php\/urgent-disqualification-des-u17-le-ministere-des-sports-prend-les-devants-et-lance-une-enquete-independante\/"]}]},{"@type":"WebSite","@id":"https:\/\/universnews224.com\/#website","url":"https:\/\/universnews224.com\/","name":"UNIVERSNEWS224","description":"","publisher":{"@id":"https:\/\/universnews224.com\/#organization"},"potentialAction":[{"@type":"SearchAction","target":{"@type":"EntryPoint","urlTemplate":"https:\/\/universnews224.com\/?s={search_term_string}"},"query-input":"required name=search_term_string"}],"inLanguage":"fr-FR"},{"@type":"Organization","@id":"https:\/\/universnews224.com\/#organization","name":"UNIVERSNEWS224","url":"https:\/\/universnews224.com\/","logo":{"@type":"ImageObject","inLanguage":"fr-FR","@id":"https:\/\/universnews224.com\/#\/schema\/logo\/image\/","url":"https:\/\/universnews224.com\/wp-content\/uploads\/2022\/08\/cropped-cropped-logoban.jpg","contentUrl":"https:\/\/universnews224.com\/wp-content\/uploads\/2022\/08\/cropped-cropped-logoban.jpg","width":1080,"height":138,"caption":"UNIVERSNEWS224"},"image":{"@id":"https:\/\/universnews224.com\/#\/schema\/logo\/image\/"}},{"@type":"Person","@id":"https:\/\/universnews224.com\/#\/schema\/person\/a4b7d4f94a4716df60456a491260485e","name":"La R\u00e9daction","image":{"@type":"ImageObject","inLanguage":"fr-FR","@id":"https:\/\/universnews224.com\/#\/schema\/person\/image\/","url":"https:\/\/secure.gravatar.com\/avatar\/edb90acc7752b23e1b3307ad36c14f0d?s=96&d=mm&r=g","contentUrl":"https:\/\/secure.gravatar.com\/avatar\/edb90acc7752b23e1b3307ad36c14f0d?s=96&d=mm&r=g","caption":"La R\u00e9daction"},"sameAs":["https:\/\/universnews224.com"],"url":"https:\/\/universnews224.com\/index.php\/author\/m-camara\/"}]}},"_links":{"self":[{"href":"https:\/\/universnews224.com\/index.php\/wp-json\/wp\/v2\/posts\/6802"}],"collection":[{"href":"https:\/\/universnews224.com\/index.php\/wp-json\/wp\/v2\/posts"}],"about":[{"href":"https:\/\/universnews224.com\/index.php\/wp-json\/wp\/v2\/types\/post"}],"author":[{"embeddable":true,"href":"https:\/\/universnews224.com\/index.php\/wp-json\/wp\/v2\/users\/2"}],"replies":[{"embeddable":true,"href":"https:\/\/universnews224.com\/index.php\/wp-json\/wp\/v2\/comments?post=6802"}],"version-history":[{"count":1,"href":"https:\/\/universnews224.com\/index.php\/wp-json\/wp\/v2\/posts\/6802\/revisions"}],"predecessor-version":[{"id":6804,"href":"https:\/\/universnews224.com\/index.php\/wp-json\/wp\/v2\/posts\/6802\/revisions\/6804"}],"wp:featuredmedia":[{"embeddable":true,"href":"https:\/\/universnews224.com\/index.php\/wp-json\/wp\/v2\/media\/6803"}],"wp:attachment":[{"href":"https:\/\/universnews224.com\/index.php\/wp-json\/wp\/v2\/media?parent=6802"}],"wp:term":[{"taxonomy":"category","embeddable":true,"href":"https:\/\/universnews224.com\/index.php\/wp-json\/wp\/v2\/categories?post=6802"},{"taxonomy":"post_tag","embeddable":true,"href":"https:\/\/universnews224.com\/index.php\/wp-json\/wp\/v2\/tags?post=6802"}],"curies":[{"name":"wp","href":"https:\/\/api.w.org\/{rel}","templated":true}]}}