{"id":6809,"date":"2024-10-24T18:39:01","date_gmt":"2024-10-24T17:39:01","guid":{"rendered":"https:\/\/universnews224.com\/?p=6809"},"modified":"2024-10-24T18:39:01","modified_gmt":"2024-10-24T17:39:01","slug":"menaces-et-intimidations-contre-des-acteurs-politiques-dr-fode-oussou-aliou-conde-et-kalemodou-portent-plainte","status":"publish","type":"post","link":"https:\/\/universnews224.com\/index.php\/menaces-et-intimidations-contre-des-acteurs-politiques-dr-fode-oussou-aliou-conde-et-kalemodou-portent-plainte\/","title":{"rendered":"Menaces et intimidations contre des acteurs politiques: Dr Fod\u00e9 Oussou, Aliou Cond\u00e9 et Kal\u00e9modou portent plainte"},"content":{"rendered":"<p style=\"margin: 0px 0px 1em;padding: 0px;border: 0px;line-height: inherit;font-family: 'Helvetica Neue', Helvetica, Roboto, Arial, sans-serif;vertical-align: baseline;text-align: justify\">Face aux rumeurs persistantes relay\u00e9es sur les r\u00e9seaux sociaux et faisant \u00e9tat d\u2019enl\u00e8vements programm\u00e9s des Honorables Fod\u00e9 Oussou FOFANA, Kal\u00e9modou YANSANE et Aliou CONDE par des inconnus, lesdits responsables de l\u2019U.F.D.G d\u00e9cident de saisir la justice.<\/p>\n<p style=\"margin: 0px 0px 1em;padding: 0px;border: 0px;line-height: inherit;font-family: 'Helvetica Neue', Helvetica, Roboto, Arial, sans-serif;vertical-align: baseline;text-align: justify\">Dans une d\u00e9claration publi\u00e9e ce jeudi 24 octobre 2024 par le collectif d\u2019avocats en charge de leur d\u00e9fense, les Honorables Fod\u00e9 Oussou FOFANA, Kal\u00e9modou YANSANE et Aliou CONDE ont d\u00e9cid\u00e9 de porter imm\u00e9diatement plainte contre X par devant Monsieur le Procureur G\u00e9n\u00e9ral pr\u00e8s la Cour d\u2019Appel de Conakry, en charge de la s\u00e9curit\u00e9 des personnes et de leurs biens.<\/p>\n<p style=\"margin: 0px 0px 1em;padding: 0px;border: 0px;line-height: inherit;font-family: 'Helvetica Neue', Helvetica, Roboto, Arial, sans-serif;vertical-align: baseline;text-align: justify\">Le Collectif rappelle que les Honorables Fod\u00e9 Oussou FOFANA, Kal\u00e9modou YANSANE et Aliou CONDE sont des acteurs de la vie politique guin\u00e9enne prot\u00e9g\u00e9s par la loi, notamment la Charte de la Transition.<br \/>Cons\u00e9quemment, le Collectif exige que toute la lumi\u00e8re soit faite par les autorit\u00e9s judiciaires comp\u00e9tentes sur les menaces et intimidations dirig\u00e9es contre les acteurs politiques, afin que justice soit rendue.<\/p>\n<p style=\"margin: 0px 0px 1em;padding: 0px;border: 0px;line-height: inherit;font-family: 'Helvetica Neue', Helvetica, Roboto, Arial, sans-serif;vertical-align: baseline\"><span style=\"margin: 0px;padding: 0px;border: 0px;font-style: inherit;font-variant: inherit;font-weight: bold;font-size: inherit;line-height: inherit;font-family: inherit;vertical-align: baseline\">Ci-dessous la d\u00e9claration du Collectif d\u2019Avocats en charge de leur d\u00e9fense :<a href=\"https:\/\/universnews224.com\/wp-content\/uploads\/2024\/10\/DECLARATION-VERSION-FINALE20241024_page-0001.jpg\"><img loading=\"lazy\" class=\"alignnone size-medium wp-image-6810\" src=\"https:\/\/universnews224.com\/wp-content\/uploads\/2024\/10\/DECLARATION-VERSION-FINALE20241024_page-0001-212x300.jpg\" alt=\"\" width=\"212\" height=\"300\" srcset=\"https:\/\/universnews224.com\/wp-content\/uploads\/2024\/10\/DECLARATION-VERSION-FINALE20241024_page-0001-212x300.jpg 212w, https:\/\/universnews224.com\/wp-content\/uploads\/2024\/10\/DECLARATION-VERSION-FINALE20241024_page-0001.jpg 700w\" sizes=\"(max-width: 212px) 100vw, 212px\" \/><\/a><a href=\"https:\/\/universnews224.com\/wp-content\/uploads\/2024\/10\/DECLARATION-VERSION-FINALE20241024_page-0002.jpg\"><img loading=\"lazy\" class=\"alignnone size-medium wp-image-6811\" src=\"https:\/\/universnews224.com\/wp-content\/uploads\/2024\/10\/DECLARATION-VERSION-FINALE20241024_page-0002-212x300.jpg\" alt=\"\" width=\"212\" height=\"300\" srcset=\"https:\/\/universnews224.com\/wp-content\/uploads\/2024\/10\/DECLARATION-VERSION-FINALE20241024_page-0002-212x300.jpg 212w, https:\/\/universnews224.com\/wp-content\/uploads\/2024\/10\/DECLARATION-VERSION-FINALE20241024_page-0002.jpg 700w\" sizes=\"(max-width: 212px) 100vw, 212px\" \/><\/a><\/span><\/p>\n<p>&nbsp;<\/p>\n","protected":false},"excerpt":{"rendered":"<p>Face aux rumeurs persistantes relay\u00e9es sur les r\u00e9seaux sociaux et faisant \u00e9tat d\u2019enl\u00e8vements programm\u00e9s des<\/p>\n","protected":false},"author":2,"featured_media":6812,"comment_status":"closed","ping_status":"open","sticky":false,"template":"","format":"standard","meta":[],"categories":[3,4],"tags":[237],"yoast_head":"<!-- This site is optimized with the Yoast SEO plugin v19.13 - https:\/\/yoast.com\/wordpress\/plugins\/seo\/ -->\n<title>Menaces et intimidations contre des acteurs politiques: Dr Fod\u00e9 Oussou, Aliou Cond\u00e9 et Kal\u00e9modou portent plainte - UNIVERSNEWS224<\/title>\n<meta name=\"robots\" content=\"index, follow, max-snippet:-1, max-image-preview:large, max-video-preview:-1\" \/>\n<link rel=\"canonical\" href=\"https:\/\/universnews224.com\/index.php\/menaces-et-intimidations-contre-des-acteurs-politiques-dr-fode-oussou-aliou-conde-et-kalemodou-portent-plainte\/\" \/>\n<meta property=\"og:locale\" content=\"fr_FR\" \/>\n<meta property=\"og:type\" content=\"article\" \/>\n<meta property=\"og:title\" content=\"Menaces et intimidations contre des acteurs politiques: Dr Fod\u00e9 Oussou, Aliou Cond\u00e9 et Kal\u00e9modou portent plainte - UNIVERSNEWS224\" \/>\n<meta property=\"og:description\" content=\"Face aux rumeurs persistantes relay\u00e9es sur les r\u00e9seaux sociaux et faisant \u00e9tat d\u2019enl\u00e8vements programm\u00e9s des\" \/>\n<meta property=\"og:url\" content=\"https:\/\/universnews224.com\/index.php\/menaces-et-intimidations-contre-des-acteurs-politiques-dr-fode-oussou-aliou-conde-et-kalemodou-portent-plainte\/\" \/>\n<meta property=\"og:site_name\" content=\"UNIVERSNEWS224\" \/>\n<meta property=\"article:published_time\" content=\"2024-10-24T17:39:01+00:00\" \/>\n<meta property=\"og:image\" content=\"https:\/\/universnews224.com\/wp-content\/uploads\/2024\/10\/Fode-Oussou-Aliou-Conde-Kalemodou-Yansane.jpeg\" \/>\n\t<meta property=\"og:image:width\" content=\"700\" \/>\n\t<meta property=\"og:image:height\" content=\"375\" \/>\n\t<meta property=\"og:image:type\" content=\"image\/jpeg\" \/>\n<meta name=\"author\" content=\"La R\u00e9daction\" \/>\n<meta name=\"twitter:label1\" content=\"\u00c9crit par\" \/>\n\t<meta name=\"twitter:data1\" content=\"La R\u00e9daction\" \/>\n\t<meta name=\"twitter:label2\" content=\"Dur\u00e9e de lecture estim\u00e9e\" \/>\n\t<meta name=\"twitter:data2\" content=\"2 minutes\" \/>\n<script type=\"application\/ld+json\" class=\"yoast-schema-graph\">{\"@context\":\"https:\/\/schema.org\",\"@graph\":[{\"@type\":\"Article\",\"@id\":\"https:\/\/universnews224.com\/index.php\/menaces-et-intimidations-contre-des-acteurs-politiques-dr-fode-oussou-aliou-conde-et-kalemodou-portent-plainte\/#article\",\"isPartOf\":{\"@id\":\"https:\/\/universnews224.com\/index.php\/menaces-et-intimidations-contre-des-acteurs-politiques-dr-fode-oussou-aliou-conde-et-kalemodou-portent-plainte\/\"},\"author\":{\"name\":\"La R\u00e9daction\",\"@id\":\"https:\/\/universnews224.com\/#\/schema\/person\/a4b7d4f94a4716df60456a491260485e\"},\"headline\":\"Menaces et intimidations contre des acteurs politiques: Dr Fod\u00e9 Oussou, Aliou Cond\u00e9 et Kal\u00e9modou portent plainte\",\"datePublished\":\"2024-10-24T17:39:01+00:00\",\"dateModified\":\"2024-10-24T17:39:01+00:00\",\"mainEntityOfPage\":{\"@id\":\"https:\/\/universnews224.com\/index.php\/menaces-et-intimidations-contre-des-acteurs-politiques-dr-fode-oussou-aliou-conde-et-kalemodou-portent-plainte\/\"},\"wordCount\":219,\"publisher\":{\"@id\":\"https:\/\/universnews224.com\/#organization\"},\"keywords\":[\"A la une\"],\"articleSection\":[\"ACTU\",\"POLITIQUE\"],\"inLanguage\":\"fr-FR\"},{\"@type\":\"WebPage\",\"@id\":\"https:\/\/universnews224.com\/index.php\/menaces-et-intimidations-contre-des-acteurs-politiques-dr-fode-oussou-aliou-conde-et-kalemodou-portent-plainte\/\",\"url\":\"https:\/\/universnews224.com\/index.php\/menaces-et-intimidations-contre-des-acteurs-politiques-dr-fode-oussou-aliou-conde-et-kalemodou-portent-plainte\/\",\"name\":\"Menaces et intimidations contre des acteurs politiques: Dr Fod\u00e9 Oussou, Aliou Cond\u00e9 et Kal\u00e9modou portent plainte - UNIVERSNEWS224\",\"isPartOf\":{\"@id\":\"https:\/\/universnews224.com\/#website\"},\"datePublished\":\"2024-10-24T17:39:01+00:00\",\"dateModified\":\"2024-10-24T17:39:01+00:00\",\"inLanguage\":\"fr-FR\",\"potentialAction\":[{\"@type\":\"ReadAction\",\"target\":[\"https:\/\/universnews224.com\/index.php\/menaces-et-intimidations-contre-des-acteurs-politiques-dr-fode-oussou-aliou-conde-et-kalemodou-portent-plainte\/\"]}]},{\"@type\":\"WebSite\",\"@id\":\"https:\/\/universnews224.com\/#website\",\"url\":\"https:\/\/universnews224.com\/\",\"name\":\"UNIVERSNEWS224\",\"description\":\"\",\"publisher\":{\"@id\":\"https:\/\/universnews224.com\/#organization\"},\"potentialAction\":[{\"@type\":\"SearchAction\",\"target\":{\"@type\":\"EntryPoint\",\"urlTemplate\":\"https:\/\/universnews224.com\/?s={search_term_string}\"},\"query-input\":\"required name=search_term_string\"}],\"inLanguage\":\"fr-FR\"},{\"@type\":\"Organization\",\"@id\":\"https:\/\/universnews224.com\/#organization\",\"name\":\"UNIVERSNEWS224\",\"url\":\"https:\/\/universnews224.com\/\",\"logo\":{\"@type\":\"ImageObject\",\"inLanguage\":\"fr-FR\",\"@id\":\"https:\/\/universnews224.com\/#\/schema\/logo\/image\/\",\"url\":\"https:\/\/universnews224.com\/wp-content\/uploads\/2022\/08\/cropped-cropped-logoban.jpg\",\"contentUrl\":\"https:\/\/universnews224.com\/wp-content\/uploads\/2022\/08\/cropped-cropped-logoban.jpg\",\"width\":1080,\"height\":138,\"caption\":\"UNIVERSNEWS224\"},\"image\":{\"@id\":\"https:\/\/universnews224.com\/#\/schema\/logo\/image\/\"}},{\"@type\":\"Person\",\"@id\":\"https:\/\/universnews224.com\/#\/schema\/person\/a4b7d4f94a4716df60456a491260485e\",\"name\":\"La R\u00e9daction\",\"image\":{\"@type\":\"ImageObject\",\"inLanguage\":\"fr-FR\",\"@id\":\"https:\/\/universnews224.com\/#\/schema\/person\/image\/\",\"url\":\"https:\/\/secure.gravatar.com\/avatar\/edb90acc7752b23e1b3307ad36c14f0d?s=96&d=mm&r=g\",\"contentUrl\":\"https:\/\/secure.gravatar.com\/avatar\/edb90acc7752b23e1b3307ad36c14f0d?s=96&d=mm&r=g\",\"caption\":\"La R\u00e9daction\"},\"sameAs\":[\"https:\/\/universnews224.com\"],\"url\":\"https:\/\/universnews224.com\/index.php\/author\/m-camara\/\"}]}<\/script>\n<!-- \/ Yoast SEO plugin. -->","yoast_head_json":{"title":"Menaces et intimidations contre des acteurs politiques: Dr Fod\u00e9 Oussou, Aliou Cond\u00e9 et Kal\u00e9modou portent plainte - UNIVERSNEWS224","robots":{"index":"index","follow":"follow","max-snippet":"max-snippet:-1","max-image-preview":"max-image-preview:large","max-video-preview":"max-video-preview:-1"},"canonical":"https:\/\/universnews224.com\/index.php\/menaces-et-intimidations-contre-des-acteurs-politiques-dr-fode-oussou-aliou-conde-et-kalemodou-portent-plainte\/","og_locale":"fr_FR","og_type":"article","og_title":"Menaces et intimidations contre des acteurs politiques: Dr Fod\u00e9 Oussou, Aliou Cond\u00e9 et Kal\u00e9modou portent plainte - UNIVERSNEWS224","og_description":"Face aux rumeurs persistantes relay\u00e9es sur les r\u00e9seaux sociaux et faisant \u00e9tat d\u2019enl\u00e8vements programm\u00e9s des","og_url":"https:\/\/universnews224.com\/index.php\/menaces-et-intimidations-contre-des-acteurs-politiques-dr-fode-oussou-aliou-conde-et-kalemodou-portent-plainte\/","og_site_name":"UNIVERSNEWS224","article_published_time":"2024-10-24T17:39:01+00:00","og_image":[{"width":700,"height":375,"url":"https:\/\/universnews224.com\/wp-content\/uploads\/2024\/10\/Fode-Oussou-Aliou-Conde-Kalemodou-Yansane.jpeg","type":"image\/jpeg"}],"author":"La R\u00e9daction","twitter_misc":{"\u00c9crit par":"La R\u00e9daction","Dur\u00e9e de lecture estim\u00e9e":"2 minutes"},"schema":{"@context":"https:\/\/schema.org","@graph":[{"@type":"Article","@id":"https:\/\/universnews224.com\/index.php\/menaces-et-intimidations-contre-des-acteurs-politiques-dr-fode-oussou-aliou-conde-et-kalemodou-portent-plainte\/#article","isPartOf":{"@id":"https:\/\/universnews224.com\/index.php\/menaces-et-intimidations-contre-des-acteurs-politiques-dr-fode-oussou-aliou-conde-et-kalemodou-portent-plainte\/"},"author":{"name":"La R\u00e9daction","@id":"https:\/\/universnews224.com\/#\/schema\/person\/a4b7d4f94a4716df60456a491260485e"},"headline":"Menaces et intimidations contre des acteurs politiques: Dr Fod\u00e9 Oussou, Aliou Cond\u00e9 et Kal\u00e9modou portent plainte","datePublished":"2024-10-24T17:39:01+00:00","dateModified":"2024-10-24T17:39:01+00:00","mainEntityOfPage":{"@id":"https:\/\/universnews224.com\/index.php\/menaces-et-intimidations-contre-des-acteurs-politiques-dr-fode-oussou-aliou-conde-et-kalemodou-portent-plainte\/"},"wordCount":219,"publisher":{"@id":"https:\/\/universnews224.com\/#organization"},"keywords":["A la une"],"articleSection":["ACTU","POLITIQUE"],"inLanguage":"fr-FR"},{"@type":"WebPage","@id":"https:\/\/universnews224.com\/index.php\/menaces-et-intimidations-contre-des-acteurs-politiques-dr-fode-oussou-aliou-conde-et-kalemodou-portent-plainte\/","url":"https:\/\/universnews224.com\/index.php\/menaces-et-intimidations-contre-des-acteurs-politiques-dr-fode-oussou-aliou-conde-et-kalemodou-portent-plainte\/","name":"Menaces et intimidations contre des acteurs politiques: Dr Fod\u00e9 Oussou, Aliou Cond\u00e9 et Kal\u00e9modou portent plainte - UNIVERSNEWS224","isPartOf":{"@id":"https:\/\/universnews224.com\/#website"},"datePublished":"2024-10-24T17:39:01+00:00","dateModified":"2024-10-24T17:39:01+00:00","inLanguage":"fr-FR","potentialAction":[{"@type":"ReadAction","target":["https:\/\/universnews224.com\/index.php\/menaces-et-intimidations-contre-des-acteurs-politiques-dr-fode-oussou-aliou-conde-et-kalemodou-portent-plainte\/"]}]},{"@type":"WebSite","@id":"https:\/\/universnews224.com\/#website","url":"https:\/\/universnews224.com\/","name":"UNIVERSNEWS224","description":"","publisher":{"@id":"https:\/\/universnews224.com\/#organization"},"potentialAction":[{"@type":"SearchAction","target":{"@type":"EntryPoint","urlTemplate":"https:\/\/universnews224.com\/?s={search_term_string}"},"query-input":"required name=search_term_string"}],"inLanguage":"fr-FR"},{"@type":"Organization","@id":"https:\/\/universnews224.com\/#organization","name":"UNIVERSNEWS224","url":"https:\/\/universnews224.com\/","logo":{"@type":"ImageObject","inLanguage":"fr-FR","@id":"https:\/\/universnews224.com\/#\/schema\/logo\/image\/","url":"https:\/\/universnews224.com\/wp-content\/uploads\/2022\/08\/cropped-cropped-logoban.jpg","contentUrl":"https:\/\/universnews224.com\/wp-content\/uploads\/2022\/08\/cropped-cropped-logoban.jpg","width":1080,"height":138,"caption":"UNIVERSNEWS224"},"image":{"@id":"https:\/\/universnews224.com\/#\/schema\/logo\/image\/"}},{"@type":"Person","@id":"https:\/\/universnews224.com\/#\/schema\/person\/a4b7d4f94a4716df60456a491260485e","name":"La R\u00e9daction","image":{"@type":"ImageObject","inLanguage":"fr-FR","@id":"https:\/\/universnews224.com\/#\/schema\/person\/image\/","url":"https:\/\/secure.gravatar.com\/avatar\/edb90acc7752b23e1b3307ad36c14f0d?s=96&d=mm&r=g","contentUrl":"https:\/\/secure.gravatar.com\/avatar\/edb90acc7752b23e1b3307ad36c14f0d?s=96&d=mm&r=g","caption":"La R\u00e9daction"},"sameAs":["https:\/\/universnews224.com"],"url":"https:\/\/universnews224.com\/index.php\/author\/m-camara\/"}]}},"_links":{"self":[{"href":"https:\/\/universnews224.com\/index.php\/wp-json\/wp\/v2\/posts\/6809"}],"collection":[{"href":"https:\/\/universnews224.com\/index.php\/wp-json\/wp\/v2\/posts"}],"about":[{"href":"https:\/\/universnews224.com\/index.php\/wp-json\/wp\/v2\/types\/post"}],"author":[{"embeddable":true,"href":"https:\/\/universnews224.com\/index.php\/wp-json\/wp\/v2\/users\/2"}],"replies":[{"embeddable":true,"href":"https:\/\/universnews224.com\/index.php\/wp-json\/wp\/v2\/comments?post=6809"}],"version-history":[{"count":1,"href":"https:\/\/universnews224.com\/index.php\/wp-json\/wp\/v2\/posts\/6809\/revisions"}],"predecessor-version":[{"id":6813,"href":"https:\/\/universnews224.com\/index.php\/wp-json\/wp\/v2\/posts\/6809\/revisions\/6813"}],"wp:featuredmedia":[{"embeddable":true,"href":"https:\/\/universnews224.com\/index.php\/wp-json\/wp\/v2\/media\/6812"}],"wp:attachment":[{"href":"https:\/\/universnews224.com\/index.php\/wp-json\/wp\/v2\/media?parent=6809"}],"wp:term":[{"taxonomy":"category","embeddable":true,"href":"https:\/\/universnews224.com\/index.php\/wp-json\/wp\/v2\/categories?post=6809"},{"taxonomy":"post_tag","embeddable":true,"href":"https:\/\/universnews224.com\/index.php\/wp-json\/wp\/v2\/tags?post=6809"}],"curies":[{"name":"wp","href":"https:\/\/api.w.org\/{rel}","templated":true}]}}