{"id":7215,"date":"2024-12-25T23:31:02","date_gmt":"2024-12-25T22:31:02","guid":{"rendered":"https:\/\/universnews224.com\/?p=7215"},"modified":"2024-12-25T23:31:02","modified_gmt":"2024-12-25T22:31:02","slug":"celebration-de-noel-dr-david-makongo-plaide-pour-la-paix-la-cohesion-sociale-et-la-justice","status":"publish","type":"post","link":"https:\/\/universnews224.com\/index.php\/celebration-de-noel-dr-david-makongo-plaide-pour-la-paix-la-cohesion-sociale-et-la-justice\/","title":{"rendered":"C\u00e9l\u00e9bration de No\u00ebl: Dr David Makongo plaide pour la paix, la coh\u00e9sion sociale et la justice"},"content":{"rendered":"<p style=\"font-family: Trebuchet, Tahoma, Arial, sans-serif;font-size: 15px;line-height: 26px;margin-top: 0px;margin-bottom: 26px;color: #222222\">Conakry \u2013 Le 26 d\u00e9cembre 2024. Au lendemain des c\u00e9l\u00e9brations de No\u00ebl, p\u00e9riode marqu\u00e9e par la solidarit\u00e9 et l\u2019esp\u00e9rance, le Dr David Makongo, avocat international et d\u00e9fenseur des droits de l\u2019homme, a adress\u00e9 un vibrant message en faveur de la paix, du vivre-ensemble et de la justice.<\/p>\n<p style=\"font-family: Trebuchet, Tahoma, Arial, sans-serif;font-size: 15px;line-height: 26px;margin-top: 0px;margin-bottom: 26px;color: #222222\">Dans un communiqu\u00e9 diffus\u00e9 ce matin, Dr Makongo a rappel\u00e9 l\u2019importance de pr\u00e9server l\u2019esprit de No\u00ebl au-del\u00e0 des festivit\u00e9s. \u00ab No\u00ebl n\u2019est pas qu\u2019une simple c\u00e9l\u00e9bration. C\u2019est un moment de r\u00e9flexion profonde sur la n\u00e9cessit\u00e9 d\u2019apporter la paix l\u00e0 o\u00f9 il y a des conflits, d\u2019unir les c\u0153urs divis\u00e9s et de r\u00e9parer les injustices inflig\u00e9es aux victimes. \u00bb<\/p>\n<p style=\"font-family: Trebuchet, Tahoma, Arial, sans-serif;font-size: 15px;line-height: 26px;margin-top: 0px;margin-bottom: 26px;color: #222222\">Un plaidoyer pour la Guin\u00e9e et le monde<\/p>\n<p style=\"font-family: Trebuchet, Tahoma, Arial, sans-serif;font-size: 15px;line-height: 26px;margin-top: 0px;margin-bottom: 26px;color: #222222\">S\u2019adressant particuli\u00e8rement \u00e0 la Guin\u00e9e, un pays confront\u00e9 \u00e0 des d\u00e9fis sociopolitiques et \u00e9conomiques majeurs, Dr Makongo a exhort\u00e9 les leaders \u00e0 prioriser le dialogue et la r\u00e9conciliation nationale. \u00ab La paix n\u2019est pas un luxe, c\u2019est une n\u00e9cessit\u00e9. Si nous voulons un avenir prosp\u00e8re pour nos enfants, nous devons b\u00e2tir une soci\u00e9t\u00e9 fond\u00e9e sur l\u2019\u00e9quit\u00e9, la tol\u00e9rance et la justice. \u00bb<\/p>\n<p style=\"font-family: Trebuchet, Tahoma, Arial, sans-serif;font-size: 15px;line-height: 26px;margin-top: 0px;margin-bottom: 26px;color: #222222\">Son message s\u2019\u00e9tend \u00e9galement \u00e0 l\u2019\u00e9chelle mondiale, mettant en lumi\u00e8re les luttes des populations opprim\u00e9es, des r\u00e9fugi\u00e9s et des victimes de guerres. \u00ab Nous vivons dans un monde o\u00f9 trop de personnes subissent des injustices. En cette p\u00e9riode de No\u00ebl, pensons \u00e0 ceux qui souffrent en silence et engageons-nous \u00e0 d\u00e9fendre leurs droits. \u00bb<\/p>\n<p style=\"font-family: Trebuchet, Tahoma, Arial, sans-serif;font-size: 15px;line-height: 26px;margin-top: 0px;margin-bottom: 26px;color: #222222\">Un appel \u00e0 l\u2019action collective<\/p>\n<p style=\"font-family: Trebuchet, Tahoma, Arial, sans-serif;font-size: 15px;line-height: 26px;margin-top: 0px;margin-bottom: 26px;color: #222222\">Dr Makongo a appel\u00e9 les citoyens, les organisations de la soci\u00e9t\u00e9 civile et les dirigeants \u00e0 \u0153uvrer ensemble pour construire un monde meilleur. Selon lui, la cl\u00e9 r\u00e9side dans la promotion du vivre-ensemble : \u00ab Nous avons plus de choses qui nous unissent que celles qui nous divisent. La diversit\u00e9 doit \u00eatre notre force, pas un pr\u00e9texte \u00e0 la haine. \u00bb<\/p>\n<p style=\"font-family: Trebuchet, Tahoma, Arial, sans-serif;font-size: 15px;line-height: 26px;margin-top: 0px;margin-bottom: 26px;color: #222222\">Espoir pour l\u2019avenir<\/p>\n<p style=\"font-family: Trebuchet, Tahoma, Arial, sans-serif;font-size: 15px;line-height: 26px;margin-top: 0px;margin-bottom: 26px;color: #222222\">Alors que l\u2019ann\u00e9e 2024 touche \u00e0 sa fin, Dr Makongo a conclu sur une note d\u2019espoir : \u00ab Que cette p\u00e9riode de No\u00ebl soit le point de d\u00e9part d\u2019un engagement collectif pour un avenir de paix et de justice. Ensemble, nous pouvons transformer les blessures en forces et b\u00e2tir un monde plus harmonieux. \u00bb<\/p>\n<p style=\"font-family: Trebuchet, Tahoma, Arial, sans-serif;font-size: 15px;line-height: 26px;margin-top: 0px;margin-bottom: 26px;color: #222222\">Son message, empreint d\u2019humanit\u00e9 et d\u2019altruisme, r\u00e9sonne comme un appel universel \u00e0 la solidarit\u00e9 et \u00e0 l\u2019amour fraternel, valeurs fondamentales du message de No\u00ebl.<\/p>\n<p>&nbsp;<\/p>\n","protected":false},"excerpt":{"rendered":"<p>Conakry \u2013 Le 26 d\u00e9cembre 2024. Au lendemain des c\u00e9l\u00e9brations de No\u00ebl, p\u00e9riode marqu\u00e9e par<\/p>\n","protected":false},"author":2,"featured_media":6949,"comment_status":"closed","ping_status":"open","sticky":false,"template":"","format":"standard","meta":[],"categories":[3,5],"tags":[30],"yoast_head":"<!-- This site is optimized with the Yoast SEO plugin v19.13 - https:\/\/yoast.com\/wordpress\/plugins\/seo\/ -->\n<title>C\u00e9l\u00e9bration de No\u00ebl: Dr David Makongo plaide pour la paix, la coh\u00e9sion sociale et la justice - UNIVERSNEWS224<\/title>\n<meta name=\"robots\" content=\"index, follow, max-snippet:-1, max-image-preview:large, max-video-preview:-1\" \/>\n<link rel=\"canonical\" href=\"https:\/\/universnews224.com\/index.php\/celebration-de-noel-dr-david-makongo-plaide-pour-la-paix-la-cohesion-sociale-et-la-justice\/\" \/>\n<meta property=\"og:locale\" content=\"fr_FR\" \/>\n<meta property=\"og:type\" content=\"article\" \/>\n<meta property=\"og:title\" content=\"C\u00e9l\u00e9bration de No\u00ebl: Dr David Makongo plaide pour la paix, la coh\u00e9sion sociale et la justice - UNIVERSNEWS224\" \/>\n<meta property=\"og:description\" content=\"Conakry \u2013 Le 26 d\u00e9cembre 2024. Au lendemain des c\u00e9l\u00e9brations de No\u00ebl, p\u00e9riode marqu\u00e9e par\" \/>\n<meta property=\"og:url\" content=\"https:\/\/universnews224.com\/index.php\/celebration-de-noel-dr-david-makongo-plaide-pour-la-paix-la-cohesion-sociale-et-la-justice\/\" \/>\n<meta property=\"og:site_name\" content=\"UNIVERSNEWS224\" \/>\n<meta property=\"article:published_time\" content=\"2024-12-25T22:31:02+00:00\" \/>\n<meta property=\"og:image\" content=\"https:\/\/universnews224.com\/wp-content\/uploads\/2024\/11\/IMG-20241110-WA0017.jpg\" \/>\n\t<meta property=\"og:image:width\" content=\"1016\" \/>\n\t<meta property=\"og:image:height\" content=\"762\" \/>\n\t<meta property=\"og:image:type\" content=\"image\/jpeg\" \/>\n<meta name=\"author\" content=\"La R\u00e9daction\" \/>\n<meta name=\"twitter:label1\" content=\"\u00c9crit par\" \/>\n\t<meta name=\"twitter:data1\" content=\"La R\u00e9daction\" \/>\n\t<meta name=\"twitter:label2\" content=\"Dur\u00e9e de lecture estim\u00e9e\" \/>\n\t<meta name=\"twitter:data2\" content=\"2 minutes\" \/>\n<script type=\"application\/ld+json\" class=\"yoast-schema-graph\">{\"@context\":\"https:\/\/schema.org\",\"@graph\":[{\"@type\":\"Article\",\"@id\":\"https:\/\/universnews224.com\/index.php\/celebration-de-noel-dr-david-makongo-plaide-pour-la-paix-la-cohesion-sociale-et-la-justice\/#article\",\"isPartOf\":{\"@id\":\"https:\/\/universnews224.com\/index.php\/celebration-de-noel-dr-david-makongo-plaide-pour-la-paix-la-cohesion-sociale-et-la-justice\/\"},\"author\":{\"name\":\"La R\u00e9daction\",\"@id\":\"https:\/\/universnews224.com\/#\/schema\/person\/a4b7d4f94a4716df60456a491260485e\"},\"headline\":\"C\u00e9l\u00e9bration de No\u00ebl: Dr David Makongo plaide pour la paix, la coh\u00e9sion sociale et la justice\",\"datePublished\":\"2024-12-25T22:31:02+00:00\",\"dateModified\":\"2024-12-25T22:31:02+00:00\",\"mainEntityOfPage\":{\"@id\":\"https:\/\/universnews224.com\/index.php\/celebration-de-noel-dr-david-makongo-plaide-pour-la-paix-la-cohesion-sociale-et-la-justice\/\"},\"wordCount\":440,\"publisher\":{\"@id\":\"https:\/\/universnews224.com\/#organization\"},\"keywords\":[\"airplane\"],\"articleSection\":[\"ACTU\",\"SOCI\u00c9T\u00c9\"],\"inLanguage\":\"fr-FR\"},{\"@type\":\"WebPage\",\"@id\":\"https:\/\/universnews224.com\/index.php\/celebration-de-noel-dr-david-makongo-plaide-pour-la-paix-la-cohesion-sociale-et-la-justice\/\",\"url\":\"https:\/\/universnews224.com\/index.php\/celebration-de-noel-dr-david-makongo-plaide-pour-la-paix-la-cohesion-sociale-et-la-justice\/\",\"name\":\"C\u00e9l\u00e9bration de No\u00ebl: Dr David Makongo plaide pour la paix, la coh\u00e9sion sociale et la justice - UNIVERSNEWS224\",\"isPartOf\":{\"@id\":\"https:\/\/universnews224.com\/#website\"},\"datePublished\":\"2024-12-25T22:31:02+00:00\",\"dateModified\":\"2024-12-25T22:31:02+00:00\",\"inLanguage\":\"fr-FR\",\"potentialAction\":[{\"@type\":\"ReadAction\",\"target\":[\"https:\/\/universnews224.com\/index.php\/celebration-de-noel-dr-david-makongo-plaide-pour-la-paix-la-cohesion-sociale-et-la-justice\/\"]}]},{\"@type\":\"WebSite\",\"@id\":\"https:\/\/universnews224.com\/#website\",\"url\":\"https:\/\/universnews224.com\/\",\"name\":\"UNIVERSNEWS224\",\"description\":\"\",\"publisher\":{\"@id\":\"https:\/\/universnews224.com\/#organization\"},\"potentialAction\":[{\"@type\":\"SearchAction\",\"target\":{\"@type\":\"EntryPoint\",\"urlTemplate\":\"https:\/\/universnews224.com\/?s={search_term_string}\"},\"query-input\":\"required name=search_term_string\"}],\"inLanguage\":\"fr-FR\"},{\"@type\":\"Organization\",\"@id\":\"https:\/\/universnews224.com\/#organization\",\"name\":\"UNIVERSNEWS224\",\"url\":\"https:\/\/universnews224.com\/\",\"logo\":{\"@type\":\"ImageObject\",\"inLanguage\":\"fr-FR\",\"@id\":\"https:\/\/universnews224.com\/#\/schema\/logo\/image\/\",\"url\":\"https:\/\/universnews224.com\/wp-content\/uploads\/2022\/08\/cropped-cropped-logoban.jpg\",\"contentUrl\":\"https:\/\/universnews224.com\/wp-content\/uploads\/2022\/08\/cropped-cropped-logoban.jpg\",\"width\":1080,\"height\":138,\"caption\":\"UNIVERSNEWS224\"},\"image\":{\"@id\":\"https:\/\/universnews224.com\/#\/schema\/logo\/image\/\"}},{\"@type\":\"Person\",\"@id\":\"https:\/\/universnews224.com\/#\/schema\/person\/a4b7d4f94a4716df60456a491260485e\",\"name\":\"La R\u00e9daction\",\"image\":{\"@type\":\"ImageObject\",\"inLanguage\":\"fr-FR\",\"@id\":\"https:\/\/universnews224.com\/#\/schema\/person\/image\/\",\"url\":\"https:\/\/secure.gravatar.com\/avatar\/edb90acc7752b23e1b3307ad36c14f0d?s=96&d=mm&r=g\",\"contentUrl\":\"https:\/\/secure.gravatar.com\/avatar\/edb90acc7752b23e1b3307ad36c14f0d?s=96&d=mm&r=g\",\"caption\":\"La R\u00e9daction\"},\"sameAs\":[\"https:\/\/universnews224.com\"],\"url\":\"https:\/\/universnews224.com\/index.php\/author\/m-camara\/\"}]}<\/script>\n<!-- \/ Yoast SEO plugin. -->","yoast_head_json":{"title":"C\u00e9l\u00e9bration de No\u00ebl: Dr David Makongo plaide pour la paix, la coh\u00e9sion sociale et la justice - UNIVERSNEWS224","robots":{"index":"index","follow":"follow","max-snippet":"max-snippet:-1","max-image-preview":"max-image-preview:large","max-video-preview":"max-video-preview:-1"},"canonical":"https:\/\/universnews224.com\/index.php\/celebration-de-noel-dr-david-makongo-plaide-pour-la-paix-la-cohesion-sociale-et-la-justice\/","og_locale":"fr_FR","og_type":"article","og_title":"C\u00e9l\u00e9bration de No\u00ebl: Dr David Makongo plaide pour la paix, la coh\u00e9sion sociale et la justice - UNIVERSNEWS224","og_description":"Conakry \u2013 Le 26 d\u00e9cembre 2024. Au lendemain des c\u00e9l\u00e9brations de No\u00ebl, p\u00e9riode marqu\u00e9e par","og_url":"https:\/\/universnews224.com\/index.php\/celebration-de-noel-dr-david-makongo-plaide-pour-la-paix-la-cohesion-sociale-et-la-justice\/","og_site_name":"UNIVERSNEWS224","article_published_time":"2024-12-25T22:31:02+00:00","og_image":[{"width":1016,"height":762,"url":"https:\/\/universnews224.com\/wp-content\/uploads\/2024\/11\/IMG-20241110-WA0017.jpg","type":"image\/jpeg"}],"author":"La R\u00e9daction","twitter_misc":{"\u00c9crit par":"La R\u00e9daction","Dur\u00e9e de lecture estim\u00e9e":"2 minutes"},"schema":{"@context":"https:\/\/schema.org","@graph":[{"@type":"Article","@id":"https:\/\/universnews224.com\/index.php\/celebration-de-noel-dr-david-makongo-plaide-pour-la-paix-la-cohesion-sociale-et-la-justice\/#article","isPartOf":{"@id":"https:\/\/universnews224.com\/index.php\/celebration-de-noel-dr-david-makongo-plaide-pour-la-paix-la-cohesion-sociale-et-la-justice\/"},"author":{"name":"La R\u00e9daction","@id":"https:\/\/universnews224.com\/#\/schema\/person\/a4b7d4f94a4716df60456a491260485e"},"headline":"C\u00e9l\u00e9bration de No\u00ebl: Dr David Makongo plaide pour la paix, la coh\u00e9sion sociale et la justice","datePublished":"2024-12-25T22:31:02+00:00","dateModified":"2024-12-25T22:31:02+00:00","mainEntityOfPage":{"@id":"https:\/\/universnews224.com\/index.php\/celebration-de-noel-dr-david-makongo-plaide-pour-la-paix-la-cohesion-sociale-et-la-justice\/"},"wordCount":440,"publisher":{"@id":"https:\/\/universnews224.com\/#organization"},"keywords":["airplane"],"articleSection":["ACTU","SOCI\u00c9T\u00c9"],"inLanguage":"fr-FR"},{"@type":"WebPage","@id":"https:\/\/universnews224.com\/index.php\/celebration-de-noel-dr-david-makongo-plaide-pour-la-paix-la-cohesion-sociale-et-la-justice\/","url":"https:\/\/universnews224.com\/index.php\/celebration-de-noel-dr-david-makongo-plaide-pour-la-paix-la-cohesion-sociale-et-la-justice\/","name":"C\u00e9l\u00e9bration de No\u00ebl: Dr David Makongo plaide pour la paix, la coh\u00e9sion sociale et la justice - UNIVERSNEWS224","isPartOf":{"@id":"https:\/\/universnews224.com\/#website"},"datePublished":"2024-12-25T22:31:02+00:00","dateModified":"2024-12-25T22:31:02+00:00","inLanguage":"fr-FR","potentialAction":[{"@type":"ReadAction","target":["https:\/\/universnews224.com\/index.php\/celebration-de-noel-dr-david-makongo-plaide-pour-la-paix-la-cohesion-sociale-et-la-justice\/"]}]},{"@type":"WebSite","@id":"https:\/\/universnews224.com\/#website","url":"https:\/\/universnews224.com\/","name":"UNIVERSNEWS224","description":"","publisher":{"@id":"https:\/\/universnews224.com\/#organization"},"potentialAction":[{"@type":"SearchAction","target":{"@type":"EntryPoint","urlTemplate":"https:\/\/universnews224.com\/?s={search_term_string}"},"query-input":"required name=search_term_string"}],"inLanguage":"fr-FR"},{"@type":"Organization","@id":"https:\/\/universnews224.com\/#organization","name":"UNIVERSNEWS224","url":"https:\/\/universnews224.com\/","logo":{"@type":"ImageObject","inLanguage":"fr-FR","@id":"https:\/\/universnews224.com\/#\/schema\/logo\/image\/","url":"https:\/\/universnews224.com\/wp-content\/uploads\/2022\/08\/cropped-cropped-logoban.jpg","contentUrl":"https:\/\/universnews224.com\/wp-content\/uploads\/2022\/08\/cropped-cropped-logoban.jpg","width":1080,"height":138,"caption":"UNIVERSNEWS224"},"image":{"@id":"https:\/\/universnews224.com\/#\/schema\/logo\/image\/"}},{"@type":"Person","@id":"https:\/\/universnews224.com\/#\/schema\/person\/a4b7d4f94a4716df60456a491260485e","name":"La R\u00e9daction","image":{"@type":"ImageObject","inLanguage":"fr-FR","@id":"https:\/\/universnews224.com\/#\/schema\/person\/image\/","url":"https:\/\/secure.gravatar.com\/avatar\/edb90acc7752b23e1b3307ad36c14f0d?s=96&d=mm&r=g","contentUrl":"https:\/\/secure.gravatar.com\/avatar\/edb90acc7752b23e1b3307ad36c14f0d?s=96&d=mm&r=g","caption":"La R\u00e9daction"},"sameAs":["https:\/\/universnews224.com"],"url":"https:\/\/universnews224.com\/index.php\/author\/m-camara\/"}]}},"_links":{"self":[{"href":"https:\/\/universnews224.com\/index.php\/wp-json\/wp\/v2\/posts\/7215"}],"collection":[{"href":"https:\/\/universnews224.com\/index.php\/wp-json\/wp\/v2\/posts"}],"about":[{"href":"https:\/\/universnews224.com\/index.php\/wp-json\/wp\/v2\/types\/post"}],"author":[{"embeddable":true,"href":"https:\/\/universnews224.com\/index.php\/wp-json\/wp\/v2\/users\/2"}],"replies":[{"embeddable":true,"href":"https:\/\/universnews224.com\/index.php\/wp-json\/wp\/v2\/comments?post=7215"}],"version-history":[{"count":1,"href":"https:\/\/universnews224.com\/index.php\/wp-json\/wp\/v2\/posts\/7215\/revisions"}],"predecessor-version":[{"id":7216,"href":"https:\/\/universnews224.com\/index.php\/wp-json\/wp\/v2\/posts\/7215\/revisions\/7216"}],"wp:featuredmedia":[{"embeddable":true,"href":"https:\/\/universnews224.com\/index.php\/wp-json\/wp\/v2\/media\/6949"}],"wp:attachment":[{"href":"https:\/\/universnews224.com\/index.php\/wp-json\/wp\/v2\/media?parent=7215"}],"wp:term":[{"taxonomy":"category","embeddable":true,"href":"https:\/\/universnews224.com\/index.php\/wp-json\/wp\/v2\/categories?post=7215"},{"taxonomy":"post_tag","embeddable":true,"href":"https:\/\/universnews224.com\/index.php\/wp-json\/wp\/v2\/tags?post=7215"}],"curies":[{"name":"wp","href":"https:\/\/api.w.org\/{rel}","templated":true}]}}