{"id":7217,"date":"2024-12-26T14:41:45","date_gmt":"2024-12-26T13:41:45","guid":{"rendered":"https:\/\/universnews224.com\/?p=7217"},"modified":"2024-12-26T14:41:45","modified_gmt":"2024-12-26T13:41:45","slug":"crief-dr-david-makongo-libere-apres-lappel-du-procureur-special-aly-toure","status":"publish","type":"post","link":"https:\/\/universnews224.com\/index.php\/crief-dr-david-makongo-libere-apres-lappel-du-procureur-special-aly-toure\/","title":{"rendered":"CRIEF : Dr David Makongo lib\u00e9r\u00e9 apr\u00e8s\u00a0 l\u2019appel du procureur sp\u00e9cial Aly Tour\u00e9.\u00a0"},"content":{"rendered":"<p dir=\"ltr\" style=\"line-height: 1.38;margin-top: 0.0pt;margin-bottom: 0.0pt\"><span style=\"font-size: 11pt;font-family: Arial, sans-serif;color: #000000;background-color: transparent;vertical-align: baseline\">Arr\u00eat\u00e9 le 11 d\u00e9cembre 2024, dans la cour du minist\u00e8re des Mines et de la G\u00e9ologie par les gendarmes et conduit \u00e0 la Direction Centrale d\u2019investigation judiciaire. Poursuivi pour les faits de destruction de l\u2019environnement, l\u2019occupation ill\u00e9gale, \u00e9vasion et harc\u00e8lement moral par le procureur sp\u00e9cial pr\u00e8s de la Cour de R\u00e9pression des Infractions \u00c9conomiques et Financi\u00e8res (CRIEF), Aly Tour\u00e9. Apr\u00e8s le rejet de la mise en libert\u00e9 formul\u00e9e par les avocats de Dr David Makongo et rejet\u00e9 par le juge Yakouba Cont\u00e9 lors l\u2019audience du 23 d\u00e9cembre dernier \u00e0 la CRIEF.<\/span><\/p>\n<p dir=\"ltr\">\n<p dir=\"ltr\" style=\"line-height: 1.38;margin-top: 0.0pt;margin-bottom: 0.0pt\"><span style=\"font-size: 11pt;font-family: Arial, sans-serif;color: #000000;background-color: transparent;vertical-align: baseline\">Ce jeudi 26 d\u00e9cembre 2024, le procureur sp\u00e9cial Aly Tour\u00e9 a relev\u00e9 l\u2019appel du rejet de la mise en libert\u00e9 provisoire refus\u00e9e par le juge Yakouba Cont\u00e9. Dans son intervention, Aly Tour\u00e9 a d\u00e9nonc\u00e9 le vise de forme de la proc\u00e9dure, parce que selon lui, Dr David Makongo a \u00e9t\u00e9 poursuivi par sa juridiction pour une proc\u00e9dure de flagrance d\u00e9lit mais il a \u00e9t\u00e9 surpris de la d\u00e9cision du juge Yakouba Cont\u00e9 de faire injonction d\u2019une autre proc\u00e9dure. Il a demand\u00e9 au juge de l\u2019audience d\u2019accorder la mise en libert\u00e9 \u00e0 Dr David MAKONGO.<\/span><\/p>\n<p dir=\"ltr\">\n<p dir=\"ltr\" style=\"line-height: 1.38;margin-top: 0.0pt;margin-bottom: 0.0pt\"><span style=\"font-size: 11pt;font-family: Arial, sans-serif;color: #000000;background-color: transparent;vertical-align: baseline\">En prenant la parole, les avocats de Dr David Makongo ont exprim\u00e9 son \u00e9tonnement dans ce dossier pour l\u2019absence de la motivation dans ce dossier. Il a demand\u00e9 au pr\u00e9sident de la Cour d\u2019accorder la mise en libert\u00e9 provisoire \u00e0 son client. \u00c0 la suite de l\u2019intervention de ses avocats, Dr David Makongo a remerci\u00e9 le procureur Aly Tour\u00e9 d\u2019avoir relev\u00e9 l\u2019appel de sa mise en libert\u00e9 provisoire et rendu hommage \u00e0 ses avocats. Il a demand\u00e9 au pr\u00e9sident de la cour de rendre la justice pour permettre de rassurer les investisseurs de venir en Guin\u00e9e sans crainte.<\/span><\/p>\n<p dir=\"ltr\" style=\"line-height: 1.38;margin-top: 0.0pt;margin-bottom: 0.0pt\"><span style=\"font-size: 11pt;font-family: Arial, sans-serif;color: #000000;background-color: transparent;vertical-align: baseline\">Apr\u00e8s avoir \u00e9cout\u00e9 le procureur sp\u00e9cial pr\u00e8s de la CRIEF, les avocats de Dr David Makongo et le pr\u00e9venu, le juge a rendu sa d\u00e9cision. Le jugement du 23 d\u00e9cembre 2024 du rejet de la mise en libert\u00e9 provisoire \u00e0 Dr David MAKONGO par le juge Yakouba Cont\u00e9, le juge de la cour\u00a0 a accord\u00e9 la mise en libert\u00e9 provisoire \u00e0 Dr David MAKONGO.<\/span><\/p>\n<p dir=\"ltr\" style=\"line-height: 1.38;margin-top: 0.0pt;margin-bottom: 0.0pt\"><span style=\"font-size: 11pt;font-family: Arial, sans-serif;color: #000000;background-color: transparent;vertical-align: baseline\">Il faut rappeler que, le jugement de Dr David Makongo a \u00e9t\u00e9 renvoy\u00e9 au 13 janvier 2025, par le juge Yakouba Cont\u00e9.<\/span><\/p>\n<p>&nbsp;<\/p>\n<p dir=\"ltr\" style=\"line-height: 1.38;margin-top: 0.0pt;margin-bottom: 0.0pt\"><span style=\"font-size: 11pt;font-family: Arial, sans-serif;color: #000000;background-color: transparent;vertical-align: baseline\">Mohamed Camara\u00a0<\/span><\/p>\n<p>&nbsp;<\/p>\n","protected":false},"excerpt":{"rendered":"<p>Arr\u00eat\u00e9 le 11 d\u00e9cembre 2024, dans la cour du minist\u00e8re des Mines et de la<\/p>\n","protected":false},"author":2,"featured_media":7218,"comment_status":"closed","ping_status":"open","sticky":false,"template":"","format":"standard","meta":[],"categories":[3,5],"tags":[237],"yoast_head":"<!-- This site is optimized with the Yoast SEO plugin v19.13 - https:\/\/yoast.com\/wordpress\/plugins\/seo\/ -->\n<title>CRIEF : Dr David Makongo lib\u00e9r\u00e9 apr\u00e8s\u00a0 l\u2019appel du procureur sp\u00e9cial Aly Tour\u00e9.\u00a0 - UNIVERSNEWS224<\/title>\n<meta name=\"robots\" content=\"index, follow, max-snippet:-1, max-image-preview:large, max-video-preview:-1\" \/>\n<link rel=\"canonical\" href=\"https:\/\/universnews224.com\/index.php\/crief-dr-david-makongo-libere-apres-lappel-du-procureur-special-aly-toure\/\" \/>\n<meta property=\"og:locale\" content=\"fr_FR\" \/>\n<meta property=\"og:type\" content=\"article\" \/>\n<meta property=\"og:title\" content=\"CRIEF : Dr David Makongo lib\u00e9r\u00e9 apr\u00e8s\u00a0 l\u2019appel du procureur sp\u00e9cial Aly Tour\u00e9.\u00a0 - UNIVERSNEWS224\" \/>\n<meta property=\"og:description\" content=\"Arr\u00eat\u00e9 le 11 d\u00e9cembre 2024, dans la cour du minist\u00e8re des Mines et de la\" \/>\n<meta property=\"og:url\" content=\"https:\/\/universnews224.com\/index.php\/crief-dr-david-makongo-libere-apres-lappel-du-procureur-special-aly-toure\/\" \/>\n<meta property=\"og:site_name\" content=\"UNIVERSNEWS224\" \/>\n<meta property=\"article:published_time\" content=\"2024-12-26T13:41:45+00:00\" \/>\n<meta property=\"og:image\" content=\"https:\/\/universnews224.com\/wp-content\/uploads\/2024\/12\/IMG-20240906-WA0195-641x375-1-1.jpg\" \/>\n\t<meta property=\"og:image:width\" content=\"641\" \/>\n\t<meta property=\"og:image:height\" content=\"375\" \/>\n\t<meta property=\"og:image:type\" content=\"image\/jpeg\" \/>\n<meta name=\"author\" content=\"La R\u00e9daction\" \/>\n<meta name=\"twitter:label1\" content=\"\u00c9crit par\" \/>\n\t<meta name=\"twitter:data1\" content=\"La R\u00e9daction\" \/>\n\t<meta name=\"twitter:label2\" content=\"Dur\u00e9e de lecture estim\u00e9e\" \/>\n\t<meta name=\"twitter:data2\" content=\"2 minutes\" \/>\n<script type=\"application\/ld+json\" class=\"yoast-schema-graph\">{\"@context\":\"https:\/\/schema.org\",\"@graph\":[{\"@type\":\"Article\",\"@id\":\"https:\/\/universnews224.com\/index.php\/crief-dr-david-makongo-libere-apres-lappel-du-procureur-special-aly-toure\/#article\",\"isPartOf\":{\"@id\":\"https:\/\/universnews224.com\/index.php\/crief-dr-david-makongo-libere-apres-lappel-du-procureur-special-aly-toure\/\"},\"author\":{\"name\":\"La R\u00e9daction\",\"@id\":\"https:\/\/universnews224.com\/#\/schema\/person\/a4b7d4f94a4716df60456a491260485e\"},\"headline\":\"CRIEF : Dr David Makongo lib\u00e9r\u00e9 apr\u00e8s\u00a0 l\u2019appel du procureur sp\u00e9cial Aly Tour\u00e9.\u00a0\",\"datePublished\":\"2024-12-26T13:41:45+00:00\",\"dateModified\":\"2024-12-26T13:41:45+00:00\",\"mainEntityOfPage\":{\"@id\":\"https:\/\/universnews224.com\/index.php\/crief-dr-david-makongo-libere-apres-lappel-du-procureur-special-aly-toure\/\"},\"wordCount\":416,\"publisher\":{\"@id\":\"https:\/\/universnews224.com\/#organization\"},\"keywords\":[\"A la une\"],\"articleSection\":[\"ACTU\",\"SOCI\u00c9T\u00c9\"],\"inLanguage\":\"fr-FR\"},{\"@type\":\"WebPage\",\"@id\":\"https:\/\/universnews224.com\/index.php\/crief-dr-david-makongo-libere-apres-lappel-du-procureur-special-aly-toure\/\",\"url\":\"https:\/\/universnews224.com\/index.php\/crief-dr-david-makongo-libere-apres-lappel-du-procureur-special-aly-toure\/\",\"name\":\"CRIEF : Dr David Makongo lib\u00e9r\u00e9 apr\u00e8s\u00a0 l\u2019appel du procureur sp\u00e9cial Aly Tour\u00e9.\u00a0 - UNIVERSNEWS224\",\"isPartOf\":{\"@id\":\"https:\/\/universnews224.com\/#website\"},\"datePublished\":\"2024-12-26T13:41:45+00:00\",\"dateModified\":\"2024-12-26T13:41:45+00:00\",\"inLanguage\":\"fr-FR\",\"potentialAction\":[{\"@type\":\"ReadAction\",\"target\":[\"https:\/\/universnews224.com\/index.php\/crief-dr-david-makongo-libere-apres-lappel-du-procureur-special-aly-toure\/\"]}]},{\"@type\":\"WebSite\",\"@id\":\"https:\/\/universnews224.com\/#website\",\"url\":\"https:\/\/universnews224.com\/\",\"name\":\"UNIVERSNEWS224\",\"description\":\"\",\"publisher\":{\"@id\":\"https:\/\/universnews224.com\/#organization\"},\"potentialAction\":[{\"@type\":\"SearchAction\",\"target\":{\"@type\":\"EntryPoint\",\"urlTemplate\":\"https:\/\/universnews224.com\/?s={search_term_string}\"},\"query-input\":\"required name=search_term_string\"}],\"inLanguage\":\"fr-FR\"},{\"@type\":\"Organization\",\"@id\":\"https:\/\/universnews224.com\/#organization\",\"name\":\"UNIVERSNEWS224\",\"url\":\"https:\/\/universnews224.com\/\",\"logo\":{\"@type\":\"ImageObject\",\"inLanguage\":\"fr-FR\",\"@id\":\"https:\/\/universnews224.com\/#\/schema\/logo\/image\/\",\"url\":\"https:\/\/universnews224.com\/wp-content\/uploads\/2022\/08\/cropped-cropped-logoban.jpg\",\"contentUrl\":\"https:\/\/universnews224.com\/wp-content\/uploads\/2022\/08\/cropped-cropped-logoban.jpg\",\"width\":1080,\"height\":138,\"caption\":\"UNIVERSNEWS224\"},\"image\":{\"@id\":\"https:\/\/universnews224.com\/#\/schema\/logo\/image\/\"}},{\"@type\":\"Person\",\"@id\":\"https:\/\/universnews224.com\/#\/schema\/person\/a4b7d4f94a4716df60456a491260485e\",\"name\":\"La R\u00e9daction\",\"image\":{\"@type\":\"ImageObject\",\"inLanguage\":\"fr-FR\",\"@id\":\"https:\/\/universnews224.com\/#\/schema\/person\/image\/\",\"url\":\"https:\/\/secure.gravatar.com\/avatar\/edb90acc7752b23e1b3307ad36c14f0d?s=96&d=mm&r=g\",\"contentUrl\":\"https:\/\/secure.gravatar.com\/avatar\/edb90acc7752b23e1b3307ad36c14f0d?s=96&d=mm&r=g\",\"caption\":\"La R\u00e9daction\"},\"sameAs\":[\"https:\/\/universnews224.com\"],\"url\":\"https:\/\/universnews224.com\/index.php\/author\/m-camara\/\"}]}<\/script>\n<!-- \/ Yoast SEO plugin. -->","yoast_head_json":{"title":"CRIEF : Dr David Makongo lib\u00e9r\u00e9 apr\u00e8s\u00a0 l\u2019appel du procureur sp\u00e9cial Aly Tour\u00e9.\u00a0 - UNIVERSNEWS224","robots":{"index":"index","follow":"follow","max-snippet":"max-snippet:-1","max-image-preview":"max-image-preview:large","max-video-preview":"max-video-preview:-1"},"canonical":"https:\/\/universnews224.com\/index.php\/crief-dr-david-makongo-libere-apres-lappel-du-procureur-special-aly-toure\/","og_locale":"fr_FR","og_type":"article","og_title":"CRIEF : Dr David Makongo lib\u00e9r\u00e9 apr\u00e8s\u00a0 l\u2019appel du procureur sp\u00e9cial Aly Tour\u00e9.\u00a0 - UNIVERSNEWS224","og_description":"Arr\u00eat\u00e9 le 11 d\u00e9cembre 2024, dans la cour du minist\u00e8re des Mines et de la","og_url":"https:\/\/universnews224.com\/index.php\/crief-dr-david-makongo-libere-apres-lappel-du-procureur-special-aly-toure\/","og_site_name":"UNIVERSNEWS224","article_published_time":"2024-12-26T13:41:45+00:00","og_image":[{"width":641,"height":375,"url":"https:\/\/universnews224.com\/wp-content\/uploads\/2024\/12\/IMG-20240906-WA0195-641x375-1-1.jpg","type":"image\/jpeg"}],"author":"La R\u00e9daction","twitter_misc":{"\u00c9crit par":"La R\u00e9daction","Dur\u00e9e de lecture estim\u00e9e":"2 minutes"},"schema":{"@context":"https:\/\/schema.org","@graph":[{"@type":"Article","@id":"https:\/\/universnews224.com\/index.php\/crief-dr-david-makongo-libere-apres-lappel-du-procureur-special-aly-toure\/#article","isPartOf":{"@id":"https:\/\/universnews224.com\/index.php\/crief-dr-david-makongo-libere-apres-lappel-du-procureur-special-aly-toure\/"},"author":{"name":"La R\u00e9daction","@id":"https:\/\/universnews224.com\/#\/schema\/person\/a4b7d4f94a4716df60456a491260485e"},"headline":"CRIEF : Dr David Makongo lib\u00e9r\u00e9 apr\u00e8s\u00a0 l\u2019appel du procureur sp\u00e9cial Aly Tour\u00e9.\u00a0","datePublished":"2024-12-26T13:41:45+00:00","dateModified":"2024-12-26T13:41:45+00:00","mainEntityOfPage":{"@id":"https:\/\/universnews224.com\/index.php\/crief-dr-david-makongo-libere-apres-lappel-du-procureur-special-aly-toure\/"},"wordCount":416,"publisher":{"@id":"https:\/\/universnews224.com\/#organization"},"keywords":["A la une"],"articleSection":["ACTU","SOCI\u00c9T\u00c9"],"inLanguage":"fr-FR"},{"@type":"WebPage","@id":"https:\/\/universnews224.com\/index.php\/crief-dr-david-makongo-libere-apres-lappel-du-procureur-special-aly-toure\/","url":"https:\/\/universnews224.com\/index.php\/crief-dr-david-makongo-libere-apres-lappel-du-procureur-special-aly-toure\/","name":"CRIEF : Dr David Makongo lib\u00e9r\u00e9 apr\u00e8s\u00a0 l\u2019appel du procureur sp\u00e9cial Aly Tour\u00e9.\u00a0 - UNIVERSNEWS224","isPartOf":{"@id":"https:\/\/universnews224.com\/#website"},"datePublished":"2024-12-26T13:41:45+00:00","dateModified":"2024-12-26T13:41:45+00:00","inLanguage":"fr-FR","potentialAction":[{"@type":"ReadAction","target":["https:\/\/universnews224.com\/index.php\/crief-dr-david-makongo-libere-apres-lappel-du-procureur-special-aly-toure\/"]}]},{"@type":"WebSite","@id":"https:\/\/universnews224.com\/#website","url":"https:\/\/universnews224.com\/","name":"UNIVERSNEWS224","description":"","publisher":{"@id":"https:\/\/universnews224.com\/#organization"},"potentialAction":[{"@type":"SearchAction","target":{"@type":"EntryPoint","urlTemplate":"https:\/\/universnews224.com\/?s={search_term_string}"},"query-input":"required name=search_term_string"}],"inLanguage":"fr-FR"},{"@type":"Organization","@id":"https:\/\/universnews224.com\/#organization","name":"UNIVERSNEWS224","url":"https:\/\/universnews224.com\/","logo":{"@type":"ImageObject","inLanguage":"fr-FR","@id":"https:\/\/universnews224.com\/#\/schema\/logo\/image\/","url":"https:\/\/universnews224.com\/wp-content\/uploads\/2022\/08\/cropped-cropped-logoban.jpg","contentUrl":"https:\/\/universnews224.com\/wp-content\/uploads\/2022\/08\/cropped-cropped-logoban.jpg","width":1080,"height":138,"caption":"UNIVERSNEWS224"},"image":{"@id":"https:\/\/universnews224.com\/#\/schema\/logo\/image\/"}},{"@type":"Person","@id":"https:\/\/universnews224.com\/#\/schema\/person\/a4b7d4f94a4716df60456a491260485e","name":"La R\u00e9daction","image":{"@type":"ImageObject","inLanguage":"fr-FR","@id":"https:\/\/universnews224.com\/#\/schema\/person\/image\/","url":"https:\/\/secure.gravatar.com\/avatar\/edb90acc7752b23e1b3307ad36c14f0d?s=96&d=mm&r=g","contentUrl":"https:\/\/secure.gravatar.com\/avatar\/edb90acc7752b23e1b3307ad36c14f0d?s=96&d=mm&r=g","caption":"La R\u00e9daction"},"sameAs":["https:\/\/universnews224.com"],"url":"https:\/\/universnews224.com\/index.php\/author\/m-camara\/"}]}},"_links":{"self":[{"href":"https:\/\/universnews224.com\/index.php\/wp-json\/wp\/v2\/posts\/7217"}],"collection":[{"href":"https:\/\/universnews224.com\/index.php\/wp-json\/wp\/v2\/posts"}],"about":[{"href":"https:\/\/universnews224.com\/index.php\/wp-json\/wp\/v2\/types\/post"}],"author":[{"embeddable":true,"href":"https:\/\/universnews224.com\/index.php\/wp-json\/wp\/v2\/users\/2"}],"replies":[{"embeddable":true,"href":"https:\/\/universnews224.com\/index.php\/wp-json\/wp\/v2\/comments?post=7217"}],"version-history":[{"count":1,"href":"https:\/\/universnews224.com\/index.php\/wp-json\/wp\/v2\/posts\/7217\/revisions"}],"predecessor-version":[{"id":7219,"href":"https:\/\/universnews224.com\/index.php\/wp-json\/wp\/v2\/posts\/7217\/revisions\/7219"}],"wp:featuredmedia":[{"embeddable":true,"href":"https:\/\/universnews224.com\/index.php\/wp-json\/wp\/v2\/media\/7218"}],"wp:attachment":[{"href":"https:\/\/universnews224.com\/index.php\/wp-json\/wp\/v2\/media?parent=7217"}],"wp:term":[{"taxonomy":"category","embeddable":true,"href":"https:\/\/universnews224.com\/index.php\/wp-json\/wp\/v2\/categories?post=7217"},{"taxonomy":"post_tag","embeddable":true,"href":"https:\/\/universnews224.com\/index.php\/wp-json\/wp\/v2\/tags?post=7217"}],"curies":[{"name":"wp","href":"https:\/\/api.w.org\/{rel}","templated":true}]}}