{"id":7220,"date":"2024-12-26T23:29:36","date_gmt":"2024-12-26T22:29:36","guid":{"rendered":"https:\/\/universnews224.com\/?p=7220"},"modified":"2024-12-26T23:29:36","modified_gmt":"2024-12-26T22:29:36","slug":"derniere-minute-moussa-solano-ancien-ministre-du-regime-conte-tire-sa-reverence","status":"publish","type":"post","link":"https:\/\/universnews224.com\/index.php\/derniere-minute-moussa-solano-ancien-ministre-du-regime-conte-tire-sa-reverence\/","title":{"rendered":"Derni\u00e8re minute : Moussa Solano, ancien ministre du r\u00e9gime Cont\u00e9, tire sa r\u00e9v\u00e9rence"},"content":{"rendered":"<p style=\"margin: 0px 0px 1em;padding: 0px;border: 0px;line-height: inherit;font-family: 'Helvetica Neue', Helvetica, Roboto, Arial, sans-serif;vertical-align: baseline;text-align: justify\">Nous venons de l\u2019apprendre d\u2019une source familiale. L\u2019ancien ministre de l\u2019Administration du territoire, de la D\u00e9centralisation et de la S\u00e9curit\u00e9, sous le r\u00e8gne du feu G\u00e9n\u00e9ral Lansana Cont\u00e9, a tir\u00e9 sa r\u00e9v\u00e9rence ce jeudi 26 d\u00e9cembre 2024. D\u00e9c\u00e8s survenu \u00e0 Conakry, des suites d\u2019une courte maladie.<\/p>\n<p style=\"margin: 0px 0px 1em;padding: 0px;border: 0px;line-height: inherit;font-family: 'Helvetica Neue', Helvetica, Roboto, Arial, sans-serif;vertical-align: baseline;text-align: justify\">Pr\u00e9sident du PUP de 2010 \u00e0 2015, Moussa Solano, ministre de l\u2019Administration du territoire sous Lansana Cont\u00e9, apparaissait ces derniers temps, comme le rempla\u00e7ant de Fod\u00e9 Bangoura \u00e0 la t\u00eate du parti. Le mandat de celui-ci \u00e9tant expir\u00e9 depuis 2020. Depuis le 12 ao\u00fbt 2023, lui et certaines militantes accusaient M. Bangoura d\u2019avoir vendu le PUP \u00e0 la junte.<\/p>\n<p><span style=\"font-family: 'Helvetica Neue', Helvetica, Roboto, Arial, sans-serif;text-align: justify\">Le corps du d\u00e9funt se trouve en ce moment m\u00eame \u00e0 l\u2019h\u00f4pital de l\u2019amiti\u00e9 Sino-guin\u00e9en.<\/span><\/p>\n","protected":false},"excerpt":{"rendered":"<p>Nous venons de l\u2019apprendre d\u2019une source familiale. L\u2019ancien ministre de l\u2019Administration du territoire, de la<\/p>\n","protected":false},"author":2,"featured_media":7221,"comment_status":"closed","ping_status":"open","sticky":false,"template":"","format":"standard","meta":[],"categories":[3,4],"tags":[237],"yoast_head":"<!-- This site is optimized with the Yoast SEO plugin v19.13 - https:\/\/yoast.com\/wordpress\/plugins\/seo\/ -->\n<title>Derni\u00e8re minute : Moussa Solano, ancien ministre du r\u00e9gime Cont\u00e9, tire sa r\u00e9v\u00e9rence - UNIVERSNEWS224<\/title>\n<meta name=\"robots\" content=\"index, follow, max-snippet:-1, max-image-preview:large, max-video-preview:-1\" \/>\n<link rel=\"canonical\" href=\"https:\/\/universnews224.com\/index.php\/derniere-minute-moussa-solano-ancien-ministre-du-regime-conte-tire-sa-reverence\/\" \/>\n<meta property=\"og:locale\" content=\"fr_FR\" \/>\n<meta property=\"og:type\" content=\"article\" \/>\n<meta property=\"og:title\" content=\"Derni\u00e8re minute : Moussa Solano, ancien ministre du r\u00e9gime Cont\u00e9, tire sa r\u00e9v\u00e9rence - UNIVERSNEWS224\" \/>\n<meta property=\"og:description\" content=\"Nous venons de l\u2019apprendre d\u2019une source familiale. L\u2019ancien ministre de l\u2019Administration du territoire, de la\" \/>\n<meta property=\"og:url\" content=\"https:\/\/universnews224.com\/index.php\/derniere-minute-moussa-solano-ancien-ministre-du-regime-conte-tire-sa-reverence\/\" \/>\n<meta property=\"og:site_name\" content=\"UNIVERSNEWS224\" \/>\n<meta property=\"article:published_time\" content=\"2024-12-26T22:29:36+00:00\" \/>\n<meta property=\"og:image\" content=\"https:\/\/universnews224.com\/wp-content\/uploads\/2024\/12\/IMG-20230904-WA0063_1-604x375-1.jpg\" \/>\n\t<meta property=\"og:image:width\" content=\"604\" \/>\n\t<meta property=\"og:image:height\" content=\"375\" \/>\n\t<meta property=\"og:image:type\" content=\"image\/jpeg\" \/>\n<meta name=\"author\" content=\"La R\u00e9daction\" \/>\n<meta name=\"twitter:label1\" content=\"\u00c9crit par\" \/>\n\t<meta name=\"twitter:data1\" content=\"La R\u00e9daction\" \/>\n\t<meta name=\"twitter:label2\" content=\"Dur\u00e9e de lecture estim\u00e9e\" \/>\n\t<meta name=\"twitter:data2\" content=\"1 minute\" \/>\n<script type=\"application\/ld+json\" class=\"yoast-schema-graph\">{\"@context\":\"https:\/\/schema.org\",\"@graph\":[{\"@type\":\"Article\",\"@id\":\"https:\/\/universnews224.com\/index.php\/derniere-minute-moussa-solano-ancien-ministre-du-regime-conte-tire-sa-reverence\/#article\",\"isPartOf\":{\"@id\":\"https:\/\/universnews224.com\/index.php\/derniere-minute-moussa-solano-ancien-ministre-du-regime-conte-tire-sa-reverence\/\"},\"author\":{\"name\":\"La R\u00e9daction\",\"@id\":\"https:\/\/universnews224.com\/#\/schema\/person\/a4b7d4f94a4716df60456a491260485e\"},\"headline\":\"Derni\u00e8re minute : Moussa Solano, ancien ministre du r\u00e9gime Cont\u00e9, tire sa r\u00e9v\u00e9rence\",\"datePublished\":\"2024-12-26T22:29:36+00:00\",\"dateModified\":\"2024-12-26T22:29:36+00:00\",\"mainEntityOfPage\":{\"@id\":\"https:\/\/universnews224.com\/index.php\/derniere-minute-moussa-solano-ancien-ministre-du-regime-conte-tire-sa-reverence\/\"},\"wordCount\":151,\"publisher\":{\"@id\":\"https:\/\/universnews224.com\/#organization\"},\"keywords\":[\"A la une\"],\"articleSection\":[\"ACTU\",\"POLITIQUE\"],\"inLanguage\":\"fr-FR\"},{\"@type\":\"WebPage\",\"@id\":\"https:\/\/universnews224.com\/index.php\/derniere-minute-moussa-solano-ancien-ministre-du-regime-conte-tire-sa-reverence\/\",\"url\":\"https:\/\/universnews224.com\/index.php\/derniere-minute-moussa-solano-ancien-ministre-du-regime-conte-tire-sa-reverence\/\",\"name\":\"Derni\u00e8re minute : Moussa Solano, ancien ministre du r\u00e9gime Cont\u00e9, tire sa r\u00e9v\u00e9rence - UNIVERSNEWS224\",\"isPartOf\":{\"@id\":\"https:\/\/universnews224.com\/#website\"},\"datePublished\":\"2024-12-26T22:29:36+00:00\",\"dateModified\":\"2024-12-26T22:29:36+00:00\",\"inLanguage\":\"fr-FR\",\"potentialAction\":[{\"@type\":\"ReadAction\",\"target\":[\"https:\/\/universnews224.com\/index.php\/derniere-minute-moussa-solano-ancien-ministre-du-regime-conte-tire-sa-reverence\/\"]}]},{\"@type\":\"WebSite\",\"@id\":\"https:\/\/universnews224.com\/#website\",\"url\":\"https:\/\/universnews224.com\/\",\"name\":\"UNIVERSNEWS224\",\"description\":\"\",\"publisher\":{\"@id\":\"https:\/\/universnews224.com\/#organization\"},\"potentialAction\":[{\"@type\":\"SearchAction\",\"target\":{\"@type\":\"EntryPoint\",\"urlTemplate\":\"https:\/\/universnews224.com\/?s={search_term_string}\"},\"query-input\":\"required name=search_term_string\"}],\"inLanguage\":\"fr-FR\"},{\"@type\":\"Organization\",\"@id\":\"https:\/\/universnews224.com\/#organization\",\"name\":\"UNIVERSNEWS224\",\"url\":\"https:\/\/universnews224.com\/\",\"logo\":{\"@type\":\"ImageObject\",\"inLanguage\":\"fr-FR\",\"@id\":\"https:\/\/universnews224.com\/#\/schema\/logo\/image\/\",\"url\":\"https:\/\/universnews224.com\/wp-content\/uploads\/2022\/08\/cropped-cropped-logoban.jpg\",\"contentUrl\":\"https:\/\/universnews224.com\/wp-content\/uploads\/2022\/08\/cropped-cropped-logoban.jpg\",\"width\":1080,\"height\":138,\"caption\":\"UNIVERSNEWS224\"},\"image\":{\"@id\":\"https:\/\/universnews224.com\/#\/schema\/logo\/image\/\"}},{\"@type\":\"Person\",\"@id\":\"https:\/\/universnews224.com\/#\/schema\/person\/a4b7d4f94a4716df60456a491260485e\",\"name\":\"La R\u00e9daction\",\"image\":{\"@type\":\"ImageObject\",\"inLanguage\":\"fr-FR\",\"@id\":\"https:\/\/universnews224.com\/#\/schema\/person\/image\/\",\"url\":\"https:\/\/secure.gravatar.com\/avatar\/edb90acc7752b23e1b3307ad36c14f0d?s=96&d=mm&r=g\",\"contentUrl\":\"https:\/\/secure.gravatar.com\/avatar\/edb90acc7752b23e1b3307ad36c14f0d?s=96&d=mm&r=g\",\"caption\":\"La R\u00e9daction\"},\"sameAs\":[\"https:\/\/universnews224.com\"],\"url\":\"https:\/\/universnews224.com\/index.php\/author\/m-camara\/\"}]}<\/script>\n<!-- \/ Yoast SEO plugin. -->","yoast_head_json":{"title":"Derni\u00e8re minute : Moussa Solano, ancien ministre du r\u00e9gime Cont\u00e9, tire sa r\u00e9v\u00e9rence - UNIVERSNEWS224","robots":{"index":"index","follow":"follow","max-snippet":"max-snippet:-1","max-image-preview":"max-image-preview:large","max-video-preview":"max-video-preview:-1"},"canonical":"https:\/\/universnews224.com\/index.php\/derniere-minute-moussa-solano-ancien-ministre-du-regime-conte-tire-sa-reverence\/","og_locale":"fr_FR","og_type":"article","og_title":"Derni\u00e8re minute : Moussa Solano, ancien ministre du r\u00e9gime Cont\u00e9, tire sa r\u00e9v\u00e9rence - UNIVERSNEWS224","og_description":"Nous venons de l\u2019apprendre d\u2019une source familiale. L\u2019ancien ministre de l\u2019Administration du territoire, de la","og_url":"https:\/\/universnews224.com\/index.php\/derniere-minute-moussa-solano-ancien-ministre-du-regime-conte-tire-sa-reverence\/","og_site_name":"UNIVERSNEWS224","article_published_time":"2024-12-26T22:29:36+00:00","og_image":[{"width":604,"height":375,"url":"https:\/\/universnews224.com\/wp-content\/uploads\/2024\/12\/IMG-20230904-WA0063_1-604x375-1.jpg","type":"image\/jpeg"}],"author":"La R\u00e9daction","twitter_misc":{"\u00c9crit par":"La R\u00e9daction","Dur\u00e9e de lecture estim\u00e9e":"1 minute"},"schema":{"@context":"https:\/\/schema.org","@graph":[{"@type":"Article","@id":"https:\/\/universnews224.com\/index.php\/derniere-minute-moussa-solano-ancien-ministre-du-regime-conte-tire-sa-reverence\/#article","isPartOf":{"@id":"https:\/\/universnews224.com\/index.php\/derniere-minute-moussa-solano-ancien-ministre-du-regime-conte-tire-sa-reverence\/"},"author":{"name":"La R\u00e9daction","@id":"https:\/\/universnews224.com\/#\/schema\/person\/a4b7d4f94a4716df60456a491260485e"},"headline":"Derni\u00e8re minute : Moussa Solano, ancien ministre du r\u00e9gime Cont\u00e9, tire sa r\u00e9v\u00e9rence","datePublished":"2024-12-26T22:29:36+00:00","dateModified":"2024-12-26T22:29:36+00:00","mainEntityOfPage":{"@id":"https:\/\/universnews224.com\/index.php\/derniere-minute-moussa-solano-ancien-ministre-du-regime-conte-tire-sa-reverence\/"},"wordCount":151,"publisher":{"@id":"https:\/\/universnews224.com\/#organization"},"keywords":["A la une"],"articleSection":["ACTU","POLITIQUE"],"inLanguage":"fr-FR"},{"@type":"WebPage","@id":"https:\/\/universnews224.com\/index.php\/derniere-minute-moussa-solano-ancien-ministre-du-regime-conte-tire-sa-reverence\/","url":"https:\/\/universnews224.com\/index.php\/derniere-minute-moussa-solano-ancien-ministre-du-regime-conte-tire-sa-reverence\/","name":"Derni\u00e8re minute : Moussa Solano, ancien ministre du r\u00e9gime Cont\u00e9, tire sa r\u00e9v\u00e9rence - UNIVERSNEWS224","isPartOf":{"@id":"https:\/\/universnews224.com\/#website"},"datePublished":"2024-12-26T22:29:36+00:00","dateModified":"2024-12-26T22:29:36+00:00","inLanguage":"fr-FR","potentialAction":[{"@type":"ReadAction","target":["https:\/\/universnews224.com\/index.php\/derniere-minute-moussa-solano-ancien-ministre-du-regime-conte-tire-sa-reverence\/"]}]},{"@type":"WebSite","@id":"https:\/\/universnews224.com\/#website","url":"https:\/\/universnews224.com\/","name":"UNIVERSNEWS224","description":"","publisher":{"@id":"https:\/\/universnews224.com\/#organization"},"potentialAction":[{"@type":"SearchAction","target":{"@type":"EntryPoint","urlTemplate":"https:\/\/universnews224.com\/?s={search_term_string}"},"query-input":"required name=search_term_string"}],"inLanguage":"fr-FR"},{"@type":"Organization","@id":"https:\/\/universnews224.com\/#organization","name":"UNIVERSNEWS224","url":"https:\/\/universnews224.com\/","logo":{"@type":"ImageObject","inLanguage":"fr-FR","@id":"https:\/\/universnews224.com\/#\/schema\/logo\/image\/","url":"https:\/\/universnews224.com\/wp-content\/uploads\/2022\/08\/cropped-cropped-logoban.jpg","contentUrl":"https:\/\/universnews224.com\/wp-content\/uploads\/2022\/08\/cropped-cropped-logoban.jpg","width":1080,"height":138,"caption":"UNIVERSNEWS224"},"image":{"@id":"https:\/\/universnews224.com\/#\/schema\/logo\/image\/"}},{"@type":"Person","@id":"https:\/\/universnews224.com\/#\/schema\/person\/a4b7d4f94a4716df60456a491260485e","name":"La R\u00e9daction","image":{"@type":"ImageObject","inLanguage":"fr-FR","@id":"https:\/\/universnews224.com\/#\/schema\/person\/image\/","url":"https:\/\/secure.gravatar.com\/avatar\/edb90acc7752b23e1b3307ad36c14f0d?s=96&d=mm&r=g","contentUrl":"https:\/\/secure.gravatar.com\/avatar\/edb90acc7752b23e1b3307ad36c14f0d?s=96&d=mm&r=g","caption":"La R\u00e9daction"},"sameAs":["https:\/\/universnews224.com"],"url":"https:\/\/universnews224.com\/index.php\/author\/m-camara\/"}]}},"_links":{"self":[{"href":"https:\/\/universnews224.com\/index.php\/wp-json\/wp\/v2\/posts\/7220"}],"collection":[{"href":"https:\/\/universnews224.com\/index.php\/wp-json\/wp\/v2\/posts"}],"about":[{"href":"https:\/\/universnews224.com\/index.php\/wp-json\/wp\/v2\/types\/post"}],"author":[{"embeddable":true,"href":"https:\/\/universnews224.com\/index.php\/wp-json\/wp\/v2\/users\/2"}],"replies":[{"embeddable":true,"href":"https:\/\/universnews224.com\/index.php\/wp-json\/wp\/v2\/comments?post=7220"}],"version-history":[{"count":1,"href":"https:\/\/universnews224.com\/index.php\/wp-json\/wp\/v2\/posts\/7220\/revisions"}],"predecessor-version":[{"id":7222,"href":"https:\/\/universnews224.com\/index.php\/wp-json\/wp\/v2\/posts\/7220\/revisions\/7222"}],"wp:featuredmedia":[{"embeddable":true,"href":"https:\/\/universnews224.com\/index.php\/wp-json\/wp\/v2\/media\/7221"}],"wp:attachment":[{"href":"https:\/\/universnews224.com\/index.php\/wp-json\/wp\/v2\/media?parent=7220"}],"wp:term":[{"taxonomy":"category","embeddable":true,"href":"https:\/\/universnews224.com\/index.php\/wp-json\/wp\/v2\/categories?post=7220"},{"taxonomy":"post_tag","embeddable":true,"href":"https:\/\/universnews224.com\/index.php\/wp-json\/wp\/v2\/tags?post=7220"}],"curies":[{"name":"wp","href":"https:\/\/api.w.org\/{rel}","templated":true}]}}