{"id":7227,"date":"2024-12-29T00:30:44","date_gmt":"2024-12-28T23:30:44","guid":{"rendered":"https:\/\/universnews224.com\/?p=7227"},"modified":"2024-12-29T00:30:44","modified_gmt":"2024-12-28T23:30:44","slug":"cellou-dalein-a-ses-militants-il-faut-quon-continue-le-combat","status":"publish","type":"post","link":"https:\/\/universnews224.com\/index.php\/cellou-dalein-a-ses-militants-il-faut-quon-continue-le-combat\/","title":{"rendered":"Cellou Dalein \u00e0 ses militants: \u201cIl faut qu&rsquo;on continue le combat\u201d"},"content":{"rendered":"<p>\u00c0 l&rsquo;occasion de l&rsquo;assembl\u00e9e g\u00e9n\u00e9rale de son parti tenue ce samedi, 28 d\u00e9cembre, le pr\u00e9sident de l\u2019Union des Forces D\u00e9mocratiques de Guin\u00e9e s&rsquo;est une nouvelle fois adress\u00e9 \u00e0 ses militants et sympathisants.<\/p>\n<p>En vid\u00e9oconf\u00e9rence, Cellou Dalein Diallo a appel\u00e9 ses militants \u00e0 continuer le combat pour l&rsquo;instauration d&rsquo;une v\u00e9ritable d\u00e9mocratie en Guin\u00e9e. Il a ensuite condamn\u00e9 l\u2019attitude de la junte au pouvoir \u00e0 Conakry de vouloir \u00e9teindre toutes les voix discordantes. Selon, leader de l&rsquo;UFDG, malgr\u00e9 la campagne d\u2019intimidations qui secoue le pays, les militants et sympathisants de son parti tiennent bon.<\/p>\n<p>\u201cJe l&rsquo;ai toujours dit, je suis fier des responsables et militants de L&rsquo;UFDG. Parce que comme je l&rsquo;ai dit, malgr\u00e9 les intimidations, malgr\u00e9 les exactions, malgr\u00e9 toutes les difficult\u00e9s auxquelles vous vous exposez, malgr\u00e9 les risques que vous prenez. Risques sur votre vie, sur votre libert\u00e9, vous continuez \u00e0 soutenir vaillamment l&rsquo;Union des Forces D\u00e9mocratiques de Guin\u00e9e. Ce n&rsquo;est pas le pr\u00e9sident, nous avons des valeurs. Nous voulons vivre dans un pays juste et \u00e9quitable, dans un pays o\u00f9 les droits humains sont respect\u00e9s, dans un pays o\u00f9 les libert\u00e9s publiques sont pleinement exerc\u00e9es par tous les citoyens. Nous voulons que la Guin\u00e9e soit unie autour des valeurs essentielles de justice et de progr\u00e8s. Vous avez fait preuve d&rsquo;une r\u00e9silience particuli\u00e8re parce qu\u2019actuellement, nul ignore les hostilit\u00e9s et les exactions dont L&rsquo;UFDG fait l&rsquo;objet. Nul ignore l&rsquo;hostilit\u00e9 de la junte par rapport \u00e0 tous ceux qui veulent militer et se battre pour l&rsquo;av\u00e8nement d&rsquo;une soci\u00e9t\u00e9 d\u00e9mocratique dans notre pays. Une soci\u00e9t\u00e9 respectueuse des droits humains et de libert\u00e9s fondamentales. Nous voulons une Guin\u00e9e de paix. Il n &lsquo; y pas de paix sans justice. Nous ne voulons pas l&rsquo;injustice, ni de la violence. C&rsquo;est pourquoi, nous nous battons contre un r\u00e9gime qui a renonc\u00e9 \u00e0 tous ses engagements. Vous avez suivi, aujourd&rsquo;hui, o\u00f9 sont Fonik\u00e9 Mengu\u00e8, Mamadou Bilo Bah, o\u00f9 est Habib Marouane Camara? Aliou Bah est d\u00e9tenu aujourd&rsquo;hui \u00e0 la gendarmerie parce que ce sont des gens qui d\u00e9non\u00e7aient des abus, qui militent pour une Guin\u00e9e unie, autour des valeurs de justice et de progr\u00e8s. Tous ceux qui veulent s&rsquo;opposer aux abus et exactions de la junte exposent leur vie et libert\u00e9s. Mais, l&rsquo;UFDG n&rsquo;a pas recul\u00e9. Vous continuez \u00e0 vous battre malgr\u00e9 les risques. Je dois vous dire tr\u00e8s sinc\u00e8rement que je suis fier de vous. Il faut qu&rsquo;on continue le combat\u201d, a t-il indiqu\u00e9.<\/p>\n<p>Face aux menaces d\u2019enl\u00e8vements et de kidnapping qui p\u00e8sent sur plusieurs opposants au CNRD, l\u2019ancien premier ministre appelle ses militants \u00e0 vigilance.<\/p>\n<p>\u201cJe sais que vous \u00eates tous expos\u00e9s \u00e0 une arrestation demain, peut-\u00eatre m\u00eame \u00e0 une disparition, on ne le souhaite pas. Les Guin\u00e9ens comptent sur nous. L&rsquo;Afrique compte sur l&rsquo;UFDG aussi avec l&rsquo;ANAD, avec les forces vivantes, tous ceux qui se battent, ils sont moins nombreux ceux-l\u00e0 qui se battent mais c&rsquo;est la v\u00e9rit\u00e9 qui triomphera. \u00c9coutez, c&rsquo;est tr\u00e8s simple. Vous avez vu ce qui s&rsquo;est pass\u00e9 r\u00e9cemment au Ghana, ce qui s&rsquo;est pass\u00e9 au S\u00e9n\u00e9gal, qui sont des pays exemplaires en mati\u00e8re de d\u00e9mocratie. Nous voulons que notre pays soit comme \u00e7a, qu&rsquo;il y ait l&rsquo;alt\u00e9rance par les urnes, qu&rsquo;il y ait l&rsquo;accession au pouvoir par les urnes, avec des \u00e9lections transparentes et cr\u00e9dibles, pour que le peuple puisse choisir ses dirigeants et les sanctionner par les urnes si n\u00e9cessaire, sans la violence, sans la discrimination, sans le tribalisme que nous connaissons, a t-il exhort\u00e9.<\/p>\n<p>&nbsp;<\/p>\n","protected":false},"excerpt":{"rendered":"<p>\u00c0 l&rsquo;occasion de l&rsquo;assembl\u00e9e g\u00e9n\u00e9rale de son parti tenue ce samedi, 28 d\u00e9cembre, le pr\u00e9sident<\/p>\n","protected":false},"author":2,"featured_media":6268,"comment_status":"closed","ping_status":"open","sticky":false,"template":"","format":"standard","meta":[],"categories":[3,5],"tags":[237],"yoast_head":"<!-- This site is optimized with the Yoast SEO plugin v19.13 - https:\/\/yoast.com\/wordpress\/plugins\/seo\/ -->\n<title>Cellou Dalein \u00e0 ses militants: \u201cIl faut qu&#039;on continue le combat\u201d - UNIVERSNEWS224<\/title>\n<meta name=\"robots\" content=\"index, follow, max-snippet:-1, max-image-preview:large, max-video-preview:-1\" \/>\n<link rel=\"canonical\" href=\"https:\/\/universnews224.com\/index.php\/cellou-dalein-a-ses-militants-il-faut-quon-continue-le-combat\/\" \/>\n<meta property=\"og:locale\" content=\"fr_FR\" \/>\n<meta property=\"og:type\" content=\"article\" \/>\n<meta property=\"og:title\" content=\"Cellou Dalein \u00e0 ses militants: \u201cIl faut qu&#039;on continue le combat\u201d - UNIVERSNEWS224\" \/>\n<meta property=\"og:description\" content=\"\u00c0 l&rsquo;occasion de l&rsquo;assembl\u00e9e g\u00e9n\u00e9rale de son parti tenue ce samedi, 28 d\u00e9cembre, le pr\u00e9sident\" \/>\n<meta property=\"og:url\" content=\"https:\/\/universnews224.com\/index.php\/cellou-dalein-a-ses-militants-il-faut-quon-continue-le-combat\/\" \/>\n<meta property=\"og:site_name\" content=\"UNIVERSNEWS224\" \/>\n<meta property=\"article:published_time\" content=\"2024-12-28T23:30:44+00:00\" \/>\n<meta property=\"og:image\" content=\"https:\/\/universnews224.com\/wp-content\/uploads\/2024\/08\/FB_IMG_1724264664718-700x375-1.jpg\" \/>\n\t<meta property=\"og:image:width\" content=\"700\" \/>\n\t<meta property=\"og:image:height\" content=\"375\" \/>\n\t<meta property=\"og:image:type\" content=\"image\/jpeg\" \/>\n<meta name=\"author\" content=\"La R\u00e9daction\" \/>\n<meta name=\"twitter:label1\" content=\"\u00c9crit par\" \/>\n\t<meta name=\"twitter:data1\" content=\"La R\u00e9daction\" \/>\n\t<meta name=\"twitter:label2\" content=\"Dur\u00e9e de lecture estim\u00e9e\" \/>\n\t<meta name=\"twitter:data2\" content=\"3 minutes\" \/>\n<script type=\"application\/ld+json\" class=\"yoast-schema-graph\">{\"@context\":\"https:\/\/schema.org\",\"@graph\":[{\"@type\":\"Article\",\"@id\":\"https:\/\/universnews224.com\/index.php\/cellou-dalein-a-ses-militants-il-faut-quon-continue-le-combat\/#article\",\"isPartOf\":{\"@id\":\"https:\/\/universnews224.com\/index.php\/cellou-dalein-a-ses-militants-il-faut-quon-continue-le-combat\/\"},\"author\":{\"name\":\"La R\u00e9daction\",\"@id\":\"https:\/\/universnews224.com\/#\/schema\/person\/a4b7d4f94a4716df60456a491260485e\"},\"headline\":\"Cellou Dalein \u00e0 ses militants: \u201cIl faut qu&rsquo;on continue le combat\u201d\",\"datePublished\":\"2024-12-28T23:30:44+00:00\",\"dateModified\":\"2024-12-28T23:30:44+00:00\",\"mainEntityOfPage\":{\"@id\":\"https:\/\/universnews224.com\/index.php\/cellou-dalein-a-ses-militants-il-faut-quon-continue-le-combat\/\"},\"wordCount\":626,\"publisher\":{\"@id\":\"https:\/\/universnews224.com\/#organization\"},\"keywords\":[\"A la une\"],\"articleSection\":[\"ACTU\",\"SOCI\u00c9T\u00c9\"],\"inLanguage\":\"fr-FR\"},{\"@type\":\"WebPage\",\"@id\":\"https:\/\/universnews224.com\/index.php\/cellou-dalein-a-ses-militants-il-faut-quon-continue-le-combat\/\",\"url\":\"https:\/\/universnews224.com\/index.php\/cellou-dalein-a-ses-militants-il-faut-quon-continue-le-combat\/\",\"name\":\"Cellou Dalein \u00e0 ses militants: \u201cIl faut qu'on continue le combat\u201d - UNIVERSNEWS224\",\"isPartOf\":{\"@id\":\"https:\/\/universnews224.com\/#website\"},\"datePublished\":\"2024-12-28T23:30:44+00:00\",\"dateModified\":\"2024-12-28T23:30:44+00:00\",\"inLanguage\":\"fr-FR\",\"potentialAction\":[{\"@type\":\"ReadAction\",\"target\":[\"https:\/\/universnews224.com\/index.php\/cellou-dalein-a-ses-militants-il-faut-quon-continue-le-combat\/\"]}]},{\"@type\":\"WebSite\",\"@id\":\"https:\/\/universnews224.com\/#website\",\"url\":\"https:\/\/universnews224.com\/\",\"name\":\"UNIVERSNEWS224\",\"description\":\"\",\"publisher\":{\"@id\":\"https:\/\/universnews224.com\/#organization\"},\"potentialAction\":[{\"@type\":\"SearchAction\",\"target\":{\"@type\":\"EntryPoint\",\"urlTemplate\":\"https:\/\/universnews224.com\/?s={search_term_string}\"},\"query-input\":\"required name=search_term_string\"}],\"inLanguage\":\"fr-FR\"},{\"@type\":\"Organization\",\"@id\":\"https:\/\/universnews224.com\/#organization\",\"name\":\"UNIVERSNEWS224\",\"url\":\"https:\/\/universnews224.com\/\",\"logo\":{\"@type\":\"ImageObject\",\"inLanguage\":\"fr-FR\",\"@id\":\"https:\/\/universnews224.com\/#\/schema\/logo\/image\/\",\"url\":\"https:\/\/universnews224.com\/wp-content\/uploads\/2022\/08\/cropped-cropped-logoban.jpg\",\"contentUrl\":\"https:\/\/universnews224.com\/wp-content\/uploads\/2022\/08\/cropped-cropped-logoban.jpg\",\"width\":1080,\"height\":138,\"caption\":\"UNIVERSNEWS224\"},\"image\":{\"@id\":\"https:\/\/universnews224.com\/#\/schema\/logo\/image\/\"}},{\"@type\":\"Person\",\"@id\":\"https:\/\/universnews224.com\/#\/schema\/person\/a4b7d4f94a4716df60456a491260485e\",\"name\":\"La R\u00e9daction\",\"image\":{\"@type\":\"ImageObject\",\"inLanguage\":\"fr-FR\",\"@id\":\"https:\/\/universnews224.com\/#\/schema\/person\/image\/\",\"url\":\"https:\/\/secure.gravatar.com\/avatar\/edb90acc7752b23e1b3307ad36c14f0d?s=96&d=mm&r=g\",\"contentUrl\":\"https:\/\/secure.gravatar.com\/avatar\/edb90acc7752b23e1b3307ad36c14f0d?s=96&d=mm&r=g\",\"caption\":\"La R\u00e9daction\"},\"sameAs\":[\"https:\/\/universnews224.com\"],\"url\":\"https:\/\/universnews224.com\/index.php\/author\/m-camara\/\"}]}<\/script>\n<!-- \/ Yoast SEO plugin. -->","yoast_head_json":{"title":"Cellou Dalein \u00e0 ses militants: \u201cIl faut qu'on continue le combat\u201d - UNIVERSNEWS224","robots":{"index":"index","follow":"follow","max-snippet":"max-snippet:-1","max-image-preview":"max-image-preview:large","max-video-preview":"max-video-preview:-1"},"canonical":"https:\/\/universnews224.com\/index.php\/cellou-dalein-a-ses-militants-il-faut-quon-continue-le-combat\/","og_locale":"fr_FR","og_type":"article","og_title":"Cellou Dalein \u00e0 ses militants: \u201cIl faut qu'on continue le combat\u201d - UNIVERSNEWS224","og_description":"\u00c0 l&rsquo;occasion de l&rsquo;assembl\u00e9e g\u00e9n\u00e9rale de son parti tenue ce samedi, 28 d\u00e9cembre, le pr\u00e9sident","og_url":"https:\/\/universnews224.com\/index.php\/cellou-dalein-a-ses-militants-il-faut-quon-continue-le-combat\/","og_site_name":"UNIVERSNEWS224","article_published_time":"2024-12-28T23:30:44+00:00","og_image":[{"width":700,"height":375,"url":"https:\/\/universnews224.com\/wp-content\/uploads\/2024\/08\/FB_IMG_1724264664718-700x375-1.jpg","type":"image\/jpeg"}],"author":"La R\u00e9daction","twitter_misc":{"\u00c9crit par":"La R\u00e9daction","Dur\u00e9e de lecture estim\u00e9e":"3 minutes"},"schema":{"@context":"https:\/\/schema.org","@graph":[{"@type":"Article","@id":"https:\/\/universnews224.com\/index.php\/cellou-dalein-a-ses-militants-il-faut-quon-continue-le-combat\/#article","isPartOf":{"@id":"https:\/\/universnews224.com\/index.php\/cellou-dalein-a-ses-militants-il-faut-quon-continue-le-combat\/"},"author":{"name":"La R\u00e9daction","@id":"https:\/\/universnews224.com\/#\/schema\/person\/a4b7d4f94a4716df60456a491260485e"},"headline":"Cellou Dalein \u00e0 ses militants: \u201cIl faut qu&rsquo;on continue le combat\u201d","datePublished":"2024-12-28T23:30:44+00:00","dateModified":"2024-12-28T23:30:44+00:00","mainEntityOfPage":{"@id":"https:\/\/universnews224.com\/index.php\/cellou-dalein-a-ses-militants-il-faut-quon-continue-le-combat\/"},"wordCount":626,"publisher":{"@id":"https:\/\/universnews224.com\/#organization"},"keywords":["A la une"],"articleSection":["ACTU","SOCI\u00c9T\u00c9"],"inLanguage":"fr-FR"},{"@type":"WebPage","@id":"https:\/\/universnews224.com\/index.php\/cellou-dalein-a-ses-militants-il-faut-quon-continue-le-combat\/","url":"https:\/\/universnews224.com\/index.php\/cellou-dalein-a-ses-militants-il-faut-quon-continue-le-combat\/","name":"Cellou Dalein \u00e0 ses militants: \u201cIl faut qu'on continue le combat\u201d - UNIVERSNEWS224","isPartOf":{"@id":"https:\/\/universnews224.com\/#website"},"datePublished":"2024-12-28T23:30:44+00:00","dateModified":"2024-12-28T23:30:44+00:00","inLanguage":"fr-FR","potentialAction":[{"@type":"ReadAction","target":["https:\/\/universnews224.com\/index.php\/cellou-dalein-a-ses-militants-il-faut-quon-continue-le-combat\/"]}]},{"@type":"WebSite","@id":"https:\/\/universnews224.com\/#website","url":"https:\/\/universnews224.com\/","name":"UNIVERSNEWS224","description":"","publisher":{"@id":"https:\/\/universnews224.com\/#organization"},"potentialAction":[{"@type":"SearchAction","target":{"@type":"EntryPoint","urlTemplate":"https:\/\/universnews224.com\/?s={search_term_string}"},"query-input":"required name=search_term_string"}],"inLanguage":"fr-FR"},{"@type":"Organization","@id":"https:\/\/universnews224.com\/#organization","name":"UNIVERSNEWS224","url":"https:\/\/universnews224.com\/","logo":{"@type":"ImageObject","inLanguage":"fr-FR","@id":"https:\/\/universnews224.com\/#\/schema\/logo\/image\/","url":"https:\/\/universnews224.com\/wp-content\/uploads\/2022\/08\/cropped-cropped-logoban.jpg","contentUrl":"https:\/\/universnews224.com\/wp-content\/uploads\/2022\/08\/cropped-cropped-logoban.jpg","width":1080,"height":138,"caption":"UNIVERSNEWS224"},"image":{"@id":"https:\/\/universnews224.com\/#\/schema\/logo\/image\/"}},{"@type":"Person","@id":"https:\/\/universnews224.com\/#\/schema\/person\/a4b7d4f94a4716df60456a491260485e","name":"La R\u00e9daction","image":{"@type":"ImageObject","inLanguage":"fr-FR","@id":"https:\/\/universnews224.com\/#\/schema\/person\/image\/","url":"https:\/\/secure.gravatar.com\/avatar\/edb90acc7752b23e1b3307ad36c14f0d?s=96&d=mm&r=g","contentUrl":"https:\/\/secure.gravatar.com\/avatar\/edb90acc7752b23e1b3307ad36c14f0d?s=96&d=mm&r=g","caption":"La R\u00e9daction"},"sameAs":["https:\/\/universnews224.com"],"url":"https:\/\/universnews224.com\/index.php\/author\/m-camara\/"}]}},"_links":{"self":[{"href":"https:\/\/universnews224.com\/index.php\/wp-json\/wp\/v2\/posts\/7227"}],"collection":[{"href":"https:\/\/universnews224.com\/index.php\/wp-json\/wp\/v2\/posts"}],"about":[{"href":"https:\/\/universnews224.com\/index.php\/wp-json\/wp\/v2\/types\/post"}],"author":[{"embeddable":true,"href":"https:\/\/universnews224.com\/index.php\/wp-json\/wp\/v2\/users\/2"}],"replies":[{"embeddable":true,"href":"https:\/\/universnews224.com\/index.php\/wp-json\/wp\/v2\/comments?post=7227"}],"version-history":[{"count":1,"href":"https:\/\/universnews224.com\/index.php\/wp-json\/wp\/v2\/posts\/7227\/revisions"}],"predecessor-version":[{"id":7228,"href":"https:\/\/universnews224.com\/index.php\/wp-json\/wp\/v2\/posts\/7227\/revisions\/7228"}],"wp:featuredmedia":[{"embeddable":true,"href":"https:\/\/universnews224.com\/index.php\/wp-json\/wp\/v2\/media\/6268"}],"wp:attachment":[{"href":"https:\/\/universnews224.com\/index.php\/wp-json\/wp\/v2\/media?parent=7227"}],"wp:term":[{"taxonomy":"category","embeddable":true,"href":"https:\/\/universnews224.com\/index.php\/wp-json\/wp\/v2\/categories?post=7227"},{"taxonomy":"post_tag","embeddable":true,"href":"https:\/\/universnews224.com\/index.php\/wp-json\/wp\/v2\/tags?post=7227"}],"curies":[{"name":"wp","href":"https:\/\/api.w.org\/{rel}","templated":true}]}}