{"id":7246,"date":"2024-12-31T23:11:45","date_gmt":"2024-12-31T22:11:45","guid":{"rendered":"https:\/\/universnews224.com\/?p=7246"},"modified":"2024-12-31T23:11:45","modified_gmt":"2024-12-31T22:11:45","slug":"cnt-le-volet-depenses-de-la-loi-de-finances-initiale-exercice-2025-adopte","status":"publish","type":"post","link":"https:\/\/universnews224.com\/index.php\/cnt-le-volet-depenses-de-la-loi-de-finances-initiale-exercice-2025-adopte\/","title":{"rendered":"CNT: Le volet d\u00e9penses de la Loi de Finances initiale exercice 2025, adopt\u00e9.\u00a0"},"content":{"rendered":"<p>C&rsquo;est au cours d&rsquo;une pl\u00e9ni\u00e8re tenue mardi, 31 d\u00e9cembre 2024, \u00e0 l&rsquo;h\u00e9micycle du palais du peuple, que les conseillers nationaux de la transition, apr\u00e8s examen, ont proc\u00e9d\u00e9 \u00e0 l&rsquo;adoption, du volet d\u00e9penses de la Loi de Finances initiale exercice 2025.<\/p>\n<p>Cette s\u00e9ance pr\u00e9sid\u00e9e par Dr. Dansa Kourouma a enregistr\u00e9 la pr\u00e9sence des membres du CNRD et du gouvernement, les repr\u00e9sentants de la soci\u00e9t\u00e9 civile et de la classe politique.<\/p>\n<p>Selon le rapport pr\u00e9sent\u00e9 par la Commission Plan, Affaire Financi\u00e8re et Contr\u00f4le Budg\u00e9taire, les d\u00e9penses de l&rsquo;\u00c9tat ont \u00e9t\u00e9 \u00e9valu\u00e9es \u00e0 43 469,09 Mds en 2025 contre une pr\u00e9vision dans la Loi de Finances Rectificative 2024 de 38 649,59 Mds, soit une augmentation de 4 819,50 Mds (+12,47%).<\/p>\n<p>Quant aux d\u00e9penses du budget g\u00e9n\u00e9ral, elles sont \u00e9valu\u00e9es \u00e0 42 254,94 Mds, contre une pr\u00e9vision de 37 273,73 Mds en LFR 2024, soit une augmentation de 4 981,21 Mds.<\/p>\n<p>Elles sont r\u00e9parties en d\u00e9penses courantes pour 27 227,90 Mds, soit 64,44% des d\u00e9penses du budget g\u00e9n\u00e9ral et en d\u00e9penses d&rsquo;investissement pour 15 027,03 Mds (35,56%).<\/p>\n<p>Il s\u2019agissant des d\u00e9penses courantes, elles pr\u00e9vues \u00e0 27 227,90 Mds augmentent de 3 544,47 Mds par rapport \u00e0 la LFR 2024, soit 14,97%.<\/p>\n<p>Cette hausse est port\u00e9e par les charges financi\u00e8res de la dette pour 649,84 Mds, les d\u00e9penses de personnel pour 1 270,50 Mds, les d\u00e9penses de biens et services pour 1 156,23 Mds et les d\u00e9penses de transfert pour 467,90 Mds.<\/p>\n<p>&nbsp;<\/p>\n<p>\u00c0 ce qui concerne, les Charges financi\u00e8res de la dette, elles se chiffrent \u00e0 2 155,98 Mds, soit une hausse de 649,84 Mds (+43,15%) par rapport \u00e0 la LFR 2024.<\/p>\n<p>Elles se composent en int\u00e9r\u00eats de la dette int\u00e9rieure pour 1 181,41 Mds (54,80%) et des int\u00e9r\u00eats de la dette ext\u00e9rieure pour 974,57 Mds (45,20%). La hausse des int\u00e9r\u00eats de la dette int\u00e9rieure est due essentiellement aux remboursements des \u00e9ch\u00e9ances des obligations du tr\u00e9sor \u00e9mises en 2023.<\/p>\n<p>&nbsp;<\/p>\n<p>Pour les d\u00e9penses de personnel, elles se chiffrent \u00e0 10 710,81 Mds, soit une augmentation de 1 270,50 Mds par rapport \u00e0 la LFR 2024. Elles repr\u00e9sentent 39,34% des d\u00e9penses courantes et 34,02% des recettes fiscales du budget 2025.<\/p>\n<p>&nbsp;<\/p>\n<p>\u00c0 ce qui concerne, la d\u00e9penses de biens et services, elles s\u2019\u00e9l\u00e8vent \u00e0 5463,10 Mds, soit une augmentation de 1 156,23 Mds (+26,85%) et repr\u00e9sentent 20,06% des d\u00e9penses courantes.<\/p>\n<p>&nbsp;<\/p>\n<p>D\u00e9penses de transfert<\/p>\n<p>&nbsp;<\/p>\n<p>Les d\u00e9penses de transfert sont \u00e9valu\u00e9es \u00e0 8 898,01 Mds contre 8 430,11 Mds en L.FR 2024, soit une augmentation de 467.90 Mds (+5,55%). Elles repr\u00e9sentent 32,68% des d\u00e9penses courantes et concernent essentiellement:<\/p>\n<p>&nbsp;<\/p>\n<p>la subvention du prix de l&rsquo;\u00e9lectricit\u00e9 en faveur des m\u00e9nages au compte de l&rsquo;EDG;<\/p>\n<p>&nbsp;<\/p>\n<p>les pensions civiles et militaires;<\/p>\n<p>&nbsp;<\/p>\n<p>le remboursement des cr\u00e9dits TVA:<\/p>\n<p>&nbsp;<\/p>\n<p>le fonctionnement des h\u00f4pitaux et des universit\u00e9s:<\/p>\n<p>&nbsp;<\/p>\n<p>D\u00e9penses d&rsquo;investissement<\/p>\n<p>&nbsp;<\/p>\n<p>Les d\u00e9penses d&rsquo;investissement du budget g\u00e9n\u00e9ral se chiffrent \u00e0 15 027,03 Mds contre 13 590,28 Mds en LFR 2024, soit une hausse de 1 436,75 Mds (+10,57%). Elles repr\u00e9sentent 35,56% du total des d\u00e9penses du budget g\u00e9n\u00e9ral.<\/p>\n<p>&nbsp;<\/p>\n<p>Elles concernent les projets et programmes pour 13 228,48 Mds contre 12 039,73 Mds en LFR 2024, soit une hausse de 9,87%. Les projets du PLF 2025 sont financ\u00e9s \u00e0 46,90% par les ressources int\u00e9rieures et 53,10% par les ressources ext\u00e9rieures.<\/p>\n<p>&nbsp;<\/p>\n<p>Quant aux d\u00e9penses d&rsquo;investissement hors projets, elles sont pr\u00e9vues \u00e0 hauteur de 1 798,55 Mds, soit un accroissement de 15,99% par rapport \u00e0 la LFR 2024. Elles portent sur le Fonds d&rsquo;Entretien Routier (FER) pour 689,82Mds, les prises de participation de l&rsquo;Etat pour 280,75 Mds et les acquisitions en faveur des minist\u00e8res et institutions pour 827,98 Mds.<\/p>\n<p>&nbsp;<\/p>\n<p>&nbsp;<\/p>\n<p>Budgets d&rsquo;Affectation Sp\u00e9ciale (BAS)<\/p>\n<p>&nbsp;<\/p>\n<p>Les d\u00e9penses des budgets d&rsquo;affectation sp\u00e9ciale se chiffrent \u00e0 1 214,15 Mds, contre 1 375,86 Mds en LFR 2024, soit une baisse de 161,71 Mds (-11,75%). Elles concernent:<\/p>\n<p>&nbsp;<\/p>\n<p>le Fonds National de D\u00e9veloppement Local (FNDL) pour 549,51 Mds, soit une hausse de +12,06%;<\/p>\n<p>&nbsp;<\/p>\n<p>le Fonds d&rsquo;Investissement Minier (FIM) pour 183.17 Mds (+12,06%);<\/p>\n<p>&nbsp;<\/p>\n<p>le Fonds de D\u00e9veloppement des Communes de Conakry (FODECCON) pour 443,47 Mds (+29,82%);<\/p>\n<p>&nbsp;<\/p>\n<p>le Fonds Commun de l&rsquo;\u00c9ducation (FCE) pour 38 Mds (-90,01%).<\/p>\n<p>&nbsp;<\/p>\n","protected":false},"excerpt":{"rendered":"<p>C&rsquo;est au cours d&rsquo;une pl\u00e9ni\u00e8re tenue mardi, 31 d\u00e9cembre 2024, \u00e0 l&rsquo;h\u00e9micycle du palais du<\/p>\n","protected":false},"author":2,"featured_media":7247,"comment_status":"closed","ping_status":"open","sticky":false,"template":"","format":"standard","meta":[],"categories":[3,5],"tags":[237],"yoast_head":"<!-- This site is optimized with the Yoast SEO plugin v19.13 - https:\/\/yoast.com\/wordpress\/plugins\/seo\/ -->\n<title>CNT: Le volet d\u00e9penses de la Loi de Finances initiale exercice 2025, adopt\u00e9.\u00a0 - UNIVERSNEWS224<\/title>\n<meta name=\"robots\" content=\"index, follow, max-snippet:-1, max-image-preview:large, max-video-preview:-1\" \/>\n<link rel=\"canonical\" href=\"https:\/\/universnews224.com\/index.php\/cnt-le-volet-depenses-de-la-loi-de-finances-initiale-exercice-2025-adopte\/\" \/>\n<meta property=\"og:locale\" content=\"fr_FR\" \/>\n<meta property=\"og:type\" content=\"article\" \/>\n<meta property=\"og:title\" content=\"CNT: Le volet d\u00e9penses de la Loi de Finances initiale exercice 2025, adopt\u00e9.\u00a0 - UNIVERSNEWS224\" \/>\n<meta property=\"og:description\" content=\"C&rsquo;est au cours d&rsquo;une pl\u00e9ni\u00e8re tenue mardi, 31 d\u00e9cembre 2024, \u00e0 l&rsquo;h\u00e9micycle du palais du\" \/>\n<meta property=\"og:url\" content=\"https:\/\/universnews224.com\/index.php\/cnt-le-volet-depenses-de-la-loi-de-finances-initiale-exercice-2025-adopte\/\" \/>\n<meta property=\"og:site_name\" content=\"UNIVERSNEWS224\" \/>\n<meta property=\"article:published_time\" content=\"2024-12-31T22:11:45+00:00\" \/>\n<meta property=\"og:image\" content=\"https:\/\/universnews224.com\/wp-content\/uploads\/2024\/12\/IMG-20241231-WA0013.jpg\" \/>\n\t<meta property=\"og:image:width\" content=\"1080\" \/>\n\t<meta property=\"og:image:height\" content=\"720\" \/>\n\t<meta property=\"og:image:type\" content=\"image\/jpeg\" \/>\n<meta name=\"author\" content=\"La R\u00e9daction\" \/>\n<meta name=\"twitter:label1\" content=\"\u00c9crit par\" \/>\n\t<meta name=\"twitter:data1\" content=\"La R\u00e9daction\" \/>\n\t<meta name=\"twitter:label2\" content=\"Dur\u00e9e de lecture estim\u00e9e\" \/>\n\t<meta name=\"twitter:data2\" content=\"4 minutes\" \/>\n<script type=\"application\/ld+json\" class=\"yoast-schema-graph\">{\"@context\":\"https:\/\/schema.org\",\"@graph\":[{\"@type\":\"Article\",\"@id\":\"https:\/\/universnews224.com\/index.php\/cnt-le-volet-depenses-de-la-loi-de-finances-initiale-exercice-2025-adopte\/#article\",\"isPartOf\":{\"@id\":\"https:\/\/universnews224.com\/index.php\/cnt-le-volet-depenses-de-la-loi-de-finances-initiale-exercice-2025-adopte\/\"},\"author\":{\"name\":\"La R\u00e9daction\",\"@id\":\"https:\/\/universnews224.com\/#\/schema\/person\/a4b7d4f94a4716df60456a491260485e\"},\"headline\":\"CNT: Le volet d\u00e9penses de la Loi de Finances initiale exercice 2025, adopt\u00e9.\u00a0\",\"datePublished\":\"2024-12-31T22:11:45+00:00\",\"dateModified\":\"2024-12-31T22:11:45+00:00\",\"mainEntityOfPage\":{\"@id\":\"https:\/\/universnews224.com\/index.php\/cnt-le-volet-depenses-de-la-loi-de-finances-initiale-exercice-2025-adopte\/\"},\"wordCount\":665,\"publisher\":{\"@id\":\"https:\/\/universnews224.com\/#organization\"},\"keywords\":[\"A la une\"],\"articleSection\":[\"ACTU\",\"SOCI\u00c9T\u00c9\"],\"inLanguage\":\"fr-FR\"},{\"@type\":\"WebPage\",\"@id\":\"https:\/\/universnews224.com\/index.php\/cnt-le-volet-depenses-de-la-loi-de-finances-initiale-exercice-2025-adopte\/\",\"url\":\"https:\/\/universnews224.com\/index.php\/cnt-le-volet-depenses-de-la-loi-de-finances-initiale-exercice-2025-adopte\/\",\"name\":\"CNT: Le volet d\u00e9penses de la Loi de Finances initiale exercice 2025, adopt\u00e9.\u00a0 - UNIVERSNEWS224\",\"isPartOf\":{\"@id\":\"https:\/\/universnews224.com\/#website\"},\"datePublished\":\"2024-12-31T22:11:45+00:00\",\"dateModified\":\"2024-12-31T22:11:45+00:00\",\"inLanguage\":\"fr-FR\",\"potentialAction\":[{\"@type\":\"ReadAction\",\"target\":[\"https:\/\/universnews224.com\/index.php\/cnt-le-volet-depenses-de-la-loi-de-finances-initiale-exercice-2025-adopte\/\"]}]},{\"@type\":\"WebSite\",\"@id\":\"https:\/\/universnews224.com\/#website\",\"url\":\"https:\/\/universnews224.com\/\",\"name\":\"UNIVERSNEWS224\",\"description\":\"\",\"publisher\":{\"@id\":\"https:\/\/universnews224.com\/#organization\"},\"potentialAction\":[{\"@type\":\"SearchAction\",\"target\":{\"@type\":\"EntryPoint\",\"urlTemplate\":\"https:\/\/universnews224.com\/?s={search_term_string}\"},\"query-input\":\"required name=search_term_string\"}],\"inLanguage\":\"fr-FR\"},{\"@type\":\"Organization\",\"@id\":\"https:\/\/universnews224.com\/#organization\",\"name\":\"UNIVERSNEWS224\",\"url\":\"https:\/\/universnews224.com\/\",\"logo\":{\"@type\":\"ImageObject\",\"inLanguage\":\"fr-FR\",\"@id\":\"https:\/\/universnews224.com\/#\/schema\/logo\/image\/\",\"url\":\"https:\/\/universnews224.com\/wp-content\/uploads\/2022\/08\/cropped-cropped-logoban.jpg\",\"contentUrl\":\"https:\/\/universnews224.com\/wp-content\/uploads\/2022\/08\/cropped-cropped-logoban.jpg\",\"width\":1080,\"height\":138,\"caption\":\"UNIVERSNEWS224\"},\"image\":{\"@id\":\"https:\/\/universnews224.com\/#\/schema\/logo\/image\/\"}},{\"@type\":\"Person\",\"@id\":\"https:\/\/universnews224.com\/#\/schema\/person\/a4b7d4f94a4716df60456a491260485e\",\"name\":\"La R\u00e9daction\",\"image\":{\"@type\":\"ImageObject\",\"inLanguage\":\"fr-FR\",\"@id\":\"https:\/\/universnews224.com\/#\/schema\/person\/image\/\",\"url\":\"https:\/\/secure.gravatar.com\/avatar\/edb90acc7752b23e1b3307ad36c14f0d?s=96&d=mm&r=g\",\"contentUrl\":\"https:\/\/secure.gravatar.com\/avatar\/edb90acc7752b23e1b3307ad36c14f0d?s=96&d=mm&r=g\",\"caption\":\"La R\u00e9daction\"},\"sameAs\":[\"https:\/\/universnews224.com\"],\"url\":\"https:\/\/universnews224.com\/index.php\/author\/m-camara\/\"}]}<\/script>\n<!-- \/ Yoast SEO plugin. -->","yoast_head_json":{"title":"CNT: Le volet d\u00e9penses de la Loi de Finances initiale exercice 2025, adopt\u00e9.\u00a0 - UNIVERSNEWS224","robots":{"index":"index","follow":"follow","max-snippet":"max-snippet:-1","max-image-preview":"max-image-preview:large","max-video-preview":"max-video-preview:-1"},"canonical":"https:\/\/universnews224.com\/index.php\/cnt-le-volet-depenses-de-la-loi-de-finances-initiale-exercice-2025-adopte\/","og_locale":"fr_FR","og_type":"article","og_title":"CNT: Le volet d\u00e9penses de la Loi de Finances initiale exercice 2025, adopt\u00e9.\u00a0 - UNIVERSNEWS224","og_description":"C&rsquo;est au cours d&rsquo;une pl\u00e9ni\u00e8re tenue mardi, 31 d\u00e9cembre 2024, \u00e0 l&rsquo;h\u00e9micycle du palais du","og_url":"https:\/\/universnews224.com\/index.php\/cnt-le-volet-depenses-de-la-loi-de-finances-initiale-exercice-2025-adopte\/","og_site_name":"UNIVERSNEWS224","article_published_time":"2024-12-31T22:11:45+00:00","og_image":[{"width":1080,"height":720,"url":"https:\/\/universnews224.com\/wp-content\/uploads\/2024\/12\/IMG-20241231-WA0013.jpg","type":"image\/jpeg"}],"author":"La R\u00e9daction","twitter_misc":{"\u00c9crit par":"La R\u00e9daction","Dur\u00e9e de lecture estim\u00e9e":"4 minutes"},"schema":{"@context":"https:\/\/schema.org","@graph":[{"@type":"Article","@id":"https:\/\/universnews224.com\/index.php\/cnt-le-volet-depenses-de-la-loi-de-finances-initiale-exercice-2025-adopte\/#article","isPartOf":{"@id":"https:\/\/universnews224.com\/index.php\/cnt-le-volet-depenses-de-la-loi-de-finances-initiale-exercice-2025-adopte\/"},"author":{"name":"La R\u00e9daction","@id":"https:\/\/universnews224.com\/#\/schema\/person\/a4b7d4f94a4716df60456a491260485e"},"headline":"CNT: Le volet d\u00e9penses de la Loi de Finances initiale exercice 2025, adopt\u00e9.\u00a0","datePublished":"2024-12-31T22:11:45+00:00","dateModified":"2024-12-31T22:11:45+00:00","mainEntityOfPage":{"@id":"https:\/\/universnews224.com\/index.php\/cnt-le-volet-depenses-de-la-loi-de-finances-initiale-exercice-2025-adopte\/"},"wordCount":665,"publisher":{"@id":"https:\/\/universnews224.com\/#organization"},"keywords":["A la une"],"articleSection":["ACTU","SOCI\u00c9T\u00c9"],"inLanguage":"fr-FR"},{"@type":"WebPage","@id":"https:\/\/universnews224.com\/index.php\/cnt-le-volet-depenses-de-la-loi-de-finances-initiale-exercice-2025-adopte\/","url":"https:\/\/universnews224.com\/index.php\/cnt-le-volet-depenses-de-la-loi-de-finances-initiale-exercice-2025-adopte\/","name":"CNT: Le volet d\u00e9penses de la Loi de Finances initiale exercice 2025, adopt\u00e9.\u00a0 - UNIVERSNEWS224","isPartOf":{"@id":"https:\/\/universnews224.com\/#website"},"datePublished":"2024-12-31T22:11:45+00:00","dateModified":"2024-12-31T22:11:45+00:00","inLanguage":"fr-FR","potentialAction":[{"@type":"ReadAction","target":["https:\/\/universnews224.com\/index.php\/cnt-le-volet-depenses-de-la-loi-de-finances-initiale-exercice-2025-adopte\/"]}]},{"@type":"WebSite","@id":"https:\/\/universnews224.com\/#website","url":"https:\/\/universnews224.com\/","name":"UNIVERSNEWS224","description":"","publisher":{"@id":"https:\/\/universnews224.com\/#organization"},"potentialAction":[{"@type":"SearchAction","target":{"@type":"EntryPoint","urlTemplate":"https:\/\/universnews224.com\/?s={search_term_string}"},"query-input":"required name=search_term_string"}],"inLanguage":"fr-FR"},{"@type":"Organization","@id":"https:\/\/universnews224.com\/#organization","name":"UNIVERSNEWS224","url":"https:\/\/universnews224.com\/","logo":{"@type":"ImageObject","inLanguage":"fr-FR","@id":"https:\/\/universnews224.com\/#\/schema\/logo\/image\/","url":"https:\/\/universnews224.com\/wp-content\/uploads\/2022\/08\/cropped-cropped-logoban.jpg","contentUrl":"https:\/\/universnews224.com\/wp-content\/uploads\/2022\/08\/cropped-cropped-logoban.jpg","width":1080,"height":138,"caption":"UNIVERSNEWS224"},"image":{"@id":"https:\/\/universnews224.com\/#\/schema\/logo\/image\/"}},{"@type":"Person","@id":"https:\/\/universnews224.com\/#\/schema\/person\/a4b7d4f94a4716df60456a491260485e","name":"La R\u00e9daction","image":{"@type":"ImageObject","inLanguage":"fr-FR","@id":"https:\/\/universnews224.com\/#\/schema\/person\/image\/","url":"https:\/\/secure.gravatar.com\/avatar\/edb90acc7752b23e1b3307ad36c14f0d?s=96&d=mm&r=g","contentUrl":"https:\/\/secure.gravatar.com\/avatar\/edb90acc7752b23e1b3307ad36c14f0d?s=96&d=mm&r=g","caption":"La R\u00e9daction"},"sameAs":["https:\/\/universnews224.com"],"url":"https:\/\/universnews224.com\/index.php\/author\/m-camara\/"}]}},"_links":{"self":[{"href":"https:\/\/universnews224.com\/index.php\/wp-json\/wp\/v2\/posts\/7246"}],"collection":[{"href":"https:\/\/universnews224.com\/index.php\/wp-json\/wp\/v2\/posts"}],"about":[{"href":"https:\/\/universnews224.com\/index.php\/wp-json\/wp\/v2\/types\/post"}],"author":[{"embeddable":true,"href":"https:\/\/universnews224.com\/index.php\/wp-json\/wp\/v2\/users\/2"}],"replies":[{"embeddable":true,"href":"https:\/\/universnews224.com\/index.php\/wp-json\/wp\/v2\/comments?post=7246"}],"version-history":[{"count":1,"href":"https:\/\/universnews224.com\/index.php\/wp-json\/wp\/v2\/posts\/7246\/revisions"}],"predecessor-version":[{"id":7248,"href":"https:\/\/universnews224.com\/index.php\/wp-json\/wp\/v2\/posts\/7246\/revisions\/7248"}],"wp:featuredmedia":[{"embeddable":true,"href":"https:\/\/universnews224.com\/index.php\/wp-json\/wp\/v2\/media\/7247"}],"wp:attachment":[{"href":"https:\/\/universnews224.com\/index.php\/wp-json\/wp\/v2\/media?parent=7246"}],"wp:term":[{"taxonomy":"category","embeddable":true,"href":"https:\/\/universnews224.com\/index.php\/wp-json\/wp\/v2\/categories?post=7246"},{"taxonomy":"post_tag","embeddable":true,"href":"https:\/\/universnews224.com\/index.php\/wp-json\/wp\/v2\/tags?post=7246"}],"curies":[{"name":"wp","href":"https:\/\/api.w.org\/{rel}","templated":true}]}}