{"id":7253,"date":"2024-12-31T23:21:22","date_gmt":"2024-12-31T22:21:22","guid":{"rendered":"https:\/\/universnews224.com\/?p=7253"},"modified":"2024-12-31T23:21:22","modified_gmt":"2024-12-31T22:21:22","slug":"urgent-general-doumbouya-annonce-la-reprise-effective-des-activites-politiques","status":"publish","type":"post","link":"https:\/\/universnews224.com\/index.php\/urgent-general-doumbouya-annonce-la-reprise-effective-des-activites-politiques\/","title":{"rendered":"Urgent: G\u00e9n\u00e9ral Doumbouya annonce la reprise effective des activit\u00e9s politiques."},"content":{"rendered":"<p id=\"docs-internal-guid-c1dc7afb-7fff-28af-8280-6adf1150ba9f\" dir=\"ltr\" style=\"line-height: 1.38;margin-top: 0.0pt;margin-bottom: 0.0pt\">\n<p dir=\"ltr\" style=\"line-height: 1.38;margin-top: 0.0pt;margin-bottom: 0.0pt\"><span style=\"font-size: 11pt;font-family: Arial, sans-serif;color: #000000;background-color: transparent;vertical-align: baseline\">Interdites \u00e0 quelques mois de la prise du pouvoir par le CNRD, les activit\u00e9s politiques seront enfin effectives sur toute l\u2019\u00e9tendue du territoire national.\u00a0 C&rsquo;est du moins ce qu\u2019a annonc\u00e9 ce mardi, 31 d\u00e9cembre 2024, le pr\u00e9sident de la transition.<\/span><\/p>\n<p dir=\"ltr\">\n<p dir=\"ltr\" style=\"line-height: 1.38;margin-top: 0.0pt;margin-bottom: 0.0pt\"><span style=\"font-size: 11pt;font-family: Arial, sans-serif;color: #000000;background-color: transparent;vertical-align: baseline\">Dans son discours \u00e0 la nation \u00e0 l&rsquo;occasion du nouvel, G\u00e9n\u00e9ral d\u2019Arm\u00e9es, Mamadi Doumbouya a annonc\u00e9 la reprise des activit\u00e9s politiques sur toute l\u2019\u00e9tendue du territoire national en 2025. <\/span><\/p>\n<p>&nbsp;<\/p>\n<p dir=\"ltr\" style=\"line-height: 1.38;margin-top: 0.0pt;margin-bottom: 0.0pt\"><span style=\"font-size: 11pt;font-family: Arial, sans-serif;color: #000000;background-color: transparent;vertical-align: baseline\">\u201cNotre pays a longtemps \u00e9t\u00e9 marqu\u00e9 par des drames li\u00e9s aux manifestations politiques. L\u2019autorit\u00e9 de l\u2019\u00c9tat a fr\u00e9quemment \u00e9t\u00e9 bafou\u00e9e, l\u2019ordre public troubl\u00e9, et la libre circulation des personnes et de leurs biens compromise. Cette situation a conduit le CNRD \u00e0 prendre ses responsabilit\u00e9s et \u00e0 suspendre temporairement les activit\u00e9s politiques sur tout le territoire national. Apr\u00e8s concertation avec nos concitoyens, la reprise totale des activit\u00e9s politiques sera effective d\u00e8s l\u2019ann\u00e9e 2025.<\/span><\/p>\n<p>&nbsp;<\/p>\n<p dir=\"ltr\" style=\"line-height: 1.38;margin-top: 0.0pt;margin-bottom: 0.0pt\"><span style=\"font-size: 11pt;font-family: Arial, sans-serif;color: #000000;background-color: transparent;vertical-align: baseline\">Cette reprise devra d\u00e9sormais se faire dans le respect de l\u2019\u00c9tat, des pouvoirs publics, des dispositions s\u00e9curitaires, ainsi que de l\u2019ordre public et selon les r\u00e8gles qui r\u00e9gissent l\u2019exercice des activit\u00e9s politiques. L\u2019\u00c9tat, en toutes circonstances, n\u2019h\u00e9sitera pas \u00e0 prendre ses responsabilit\u00e9s en cas de troubles \u00e0 l\u2019ordre public qui menaceraient ou porteraient atteinte \u00e0 l\u2019ordre public\u201d, a\u00a0 t-il d\u00e9clar\u00e9.<\/span><\/p>\n","protected":false},"excerpt":{"rendered":"<p>Interdites \u00e0 quelques mois de la prise du pouvoir par le CNRD, les activit\u00e9s politiques<\/p>\n","protected":false},"author":2,"featured_media":7250,"comment_status":"closed","ping_status":"open","sticky":false,"template":"","format":"standard","meta":[],"categories":[3,4],"tags":[229],"yoast_head":"<!-- This site is optimized with the Yoast SEO plugin v19.13 - https:\/\/yoast.com\/wordpress\/plugins\/seo\/ -->\n<title>Urgent: G\u00e9n\u00e9ral Doumbouya annonce la reprise effective des activit\u00e9s politiques. - UNIVERSNEWS224<\/title>\n<meta name=\"robots\" content=\"index, follow, max-snippet:-1, max-image-preview:large, max-video-preview:-1\" \/>\n<link rel=\"canonical\" href=\"https:\/\/universnews224.com\/index.php\/urgent-general-doumbouya-annonce-la-reprise-effective-des-activites-politiques\/\" \/>\n<meta property=\"og:locale\" content=\"fr_FR\" \/>\n<meta property=\"og:type\" content=\"article\" \/>\n<meta property=\"og:title\" content=\"Urgent: G\u00e9n\u00e9ral Doumbouya annonce la reprise effective des activit\u00e9s politiques. - UNIVERSNEWS224\" \/>\n<meta property=\"og:description\" content=\"Interdites \u00e0 quelques mois de la prise du pouvoir par le CNRD, les activit\u00e9s politiques\" \/>\n<meta property=\"og:url\" content=\"https:\/\/universnews224.com\/index.php\/urgent-general-doumbouya-annonce-la-reprise-effective-des-activites-politiques\/\" \/>\n<meta property=\"og:site_name\" content=\"UNIVERSNEWS224\" \/>\n<meta property=\"article:published_time\" content=\"2024-12-31T22:21:22+00:00\" \/>\n<meta property=\"og:image\" content=\"https:\/\/universnews224.com\/wp-content\/uploads\/2024\/12\/1a1525ce-2755-480e-96b4-921266055092.jpeg\" \/>\n\t<meta property=\"og:image:width\" content=\"1920\" \/>\n\t<meta property=\"og:image:height\" content=\"1280\" \/>\n\t<meta property=\"og:image:type\" content=\"image\/jpeg\" \/>\n<meta name=\"author\" content=\"La R\u00e9daction\" \/>\n<meta name=\"twitter:label1\" content=\"\u00c9crit par\" \/>\n\t<meta name=\"twitter:data1\" content=\"La R\u00e9daction\" \/>\n\t<meta name=\"twitter:label2\" content=\"Dur\u00e9e de lecture estim\u00e9e\" \/>\n\t<meta name=\"twitter:data2\" content=\"2 minutes\" \/>\n<script type=\"application\/ld+json\" class=\"yoast-schema-graph\">{\"@context\":\"https:\/\/schema.org\",\"@graph\":[{\"@type\":\"Article\",\"@id\":\"https:\/\/universnews224.com\/index.php\/urgent-general-doumbouya-annonce-la-reprise-effective-des-activites-politiques\/#article\",\"isPartOf\":{\"@id\":\"https:\/\/universnews224.com\/index.php\/urgent-general-doumbouya-annonce-la-reprise-effective-des-activites-politiques\/\"},\"author\":{\"name\":\"La R\u00e9daction\",\"@id\":\"https:\/\/universnews224.com\/#\/schema\/person\/a4b7d4f94a4716df60456a491260485e\"},\"headline\":\"Urgent: G\u00e9n\u00e9ral Doumbouya annonce la reprise effective des activit\u00e9s politiques.\",\"datePublished\":\"2024-12-31T22:21:22+00:00\",\"dateModified\":\"2024-12-31T22:21:22+00:00\",\"mainEntityOfPage\":{\"@id\":\"https:\/\/universnews224.com\/index.php\/urgent-general-doumbouya-annonce-la-reprise-effective-des-activites-politiques\/\"},\"wordCount\":243,\"publisher\":{\"@id\":\"https:\/\/universnews224.com\/#organization\"},\"keywords\":[\"La une\"],\"articleSection\":[\"ACTU\",\"POLITIQUE\"],\"inLanguage\":\"fr-FR\"},{\"@type\":\"WebPage\",\"@id\":\"https:\/\/universnews224.com\/index.php\/urgent-general-doumbouya-annonce-la-reprise-effective-des-activites-politiques\/\",\"url\":\"https:\/\/universnews224.com\/index.php\/urgent-general-doumbouya-annonce-la-reprise-effective-des-activites-politiques\/\",\"name\":\"Urgent: G\u00e9n\u00e9ral Doumbouya annonce la reprise effective des activit\u00e9s politiques. - UNIVERSNEWS224\",\"isPartOf\":{\"@id\":\"https:\/\/universnews224.com\/#website\"},\"datePublished\":\"2024-12-31T22:21:22+00:00\",\"dateModified\":\"2024-12-31T22:21:22+00:00\",\"inLanguage\":\"fr-FR\",\"potentialAction\":[{\"@type\":\"ReadAction\",\"target\":[\"https:\/\/universnews224.com\/index.php\/urgent-general-doumbouya-annonce-la-reprise-effective-des-activites-politiques\/\"]}]},{\"@type\":\"WebSite\",\"@id\":\"https:\/\/universnews224.com\/#website\",\"url\":\"https:\/\/universnews224.com\/\",\"name\":\"UNIVERSNEWS224\",\"description\":\"\",\"publisher\":{\"@id\":\"https:\/\/universnews224.com\/#organization\"},\"potentialAction\":[{\"@type\":\"SearchAction\",\"target\":{\"@type\":\"EntryPoint\",\"urlTemplate\":\"https:\/\/universnews224.com\/?s={search_term_string}\"},\"query-input\":\"required name=search_term_string\"}],\"inLanguage\":\"fr-FR\"},{\"@type\":\"Organization\",\"@id\":\"https:\/\/universnews224.com\/#organization\",\"name\":\"UNIVERSNEWS224\",\"url\":\"https:\/\/universnews224.com\/\",\"logo\":{\"@type\":\"ImageObject\",\"inLanguage\":\"fr-FR\",\"@id\":\"https:\/\/universnews224.com\/#\/schema\/logo\/image\/\",\"url\":\"https:\/\/universnews224.com\/wp-content\/uploads\/2022\/08\/cropped-cropped-logoban.jpg\",\"contentUrl\":\"https:\/\/universnews224.com\/wp-content\/uploads\/2022\/08\/cropped-cropped-logoban.jpg\",\"width\":1080,\"height\":138,\"caption\":\"UNIVERSNEWS224\"},\"image\":{\"@id\":\"https:\/\/universnews224.com\/#\/schema\/logo\/image\/\"}},{\"@type\":\"Person\",\"@id\":\"https:\/\/universnews224.com\/#\/schema\/person\/a4b7d4f94a4716df60456a491260485e\",\"name\":\"La R\u00e9daction\",\"image\":{\"@type\":\"ImageObject\",\"inLanguage\":\"fr-FR\",\"@id\":\"https:\/\/universnews224.com\/#\/schema\/person\/image\/\",\"url\":\"https:\/\/secure.gravatar.com\/avatar\/edb90acc7752b23e1b3307ad36c14f0d?s=96&d=mm&r=g\",\"contentUrl\":\"https:\/\/secure.gravatar.com\/avatar\/edb90acc7752b23e1b3307ad36c14f0d?s=96&d=mm&r=g\",\"caption\":\"La R\u00e9daction\"},\"sameAs\":[\"https:\/\/universnews224.com\"],\"url\":\"https:\/\/universnews224.com\/index.php\/author\/m-camara\/\"}]}<\/script>\n<!-- \/ Yoast SEO plugin. -->","yoast_head_json":{"title":"Urgent: G\u00e9n\u00e9ral Doumbouya annonce la reprise effective des activit\u00e9s politiques. - UNIVERSNEWS224","robots":{"index":"index","follow":"follow","max-snippet":"max-snippet:-1","max-image-preview":"max-image-preview:large","max-video-preview":"max-video-preview:-1"},"canonical":"https:\/\/universnews224.com\/index.php\/urgent-general-doumbouya-annonce-la-reprise-effective-des-activites-politiques\/","og_locale":"fr_FR","og_type":"article","og_title":"Urgent: G\u00e9n\u00e9ral Doumbouya annonce la reprise effective des activit\u00e9s politiques. - UNIVERSNEWS224","og_description":"Interdites \u00e0 quelques mois de la prise du pouvoir par le CNRD, les activit\u00e9s politiques","og_url":"https:\/\/universnews224.com\/index.php\/urgent-general-doumbouya-annonce-la-reprise-effective-des-activites-politiques\/","og_site_name":"UNIVERSNEWS224","article_published_time":"2024-12-31T22:21:22+00:00","og_image":[{"width":1920,"height":1280,"url":"https:\/\/universnews224.com\/wp-content\/uploads\/2024\/12\/1a1525ce-2755-480e-96b4-921266055092.jpeg","type":"image\/jpeg"}],"author":"La R\u00e9daction","twitter_misc":{"\u00c9crit par":"La R\u00e9daction","Dur\u00e9e de lecture estim\u00e9e":"2 minutes"},"schema":{"@context":"https:\/\/schema.org","@graph":[{"@type":"Article","@id":"https:\/\/universnews224.com\/index.php\/urgent-general-doumbouya-annonce-la-reprise-effective-des-activites-politiques\/#article","isPartOf":{"@id":"https:\/\/universnews224.com\/index.php\/urgent-general-doumbouya-annonce-la-reprise-effective-des-activites-politiques\/"},"author":{"name":"La R\u00e9daction","@id":"https:\/\/universnews224.com\/#\/schema\/person\/a4b7d4f94a4716df60456a491260485e"},"headline":"Urgent: G\u00e9n\u00e9ral Doumbouya annonce la reprise effective des activit\u00e9s politiques.","datePublished":"2024-12-31T22:21:22+00:00","dateModified":"2024-12-31T22:21:22+00:00","mainEntityOfPage":{"@id":"https:\/\/universnews224.com\/index.php\/urgent-general-doumbouya-annonce-la-reprise-effective-des-activites-politiques\/"},"wordCount":243,"publisher":{"@id":"https:\/\/universnews224.com\/#organization"},"keywords":["La une"],"articleSection":["ACTU","POLITIQUE"],"inLanguage":"fr-FR"},{"@type":"WebPage","@id":"https:\/\/universnews224.com\/index.php\/urgent-general-doumbouya-annonce-la-reprise-effective-des-activites-politiques\/","url":"https:\/\/universnews224.com\/index.php\/urgent-general-doumbouya-annonce-la-reprise-effective-des-activites-politiques\/","name":"Urgent: G\u00e9n\u00e9ral Doumbouya annonce la reprise effective des activit\u00e9s politiques. - UNIVERSNEWS224","isPartOf":{"@id":"https:\/\/universnews224.com\/#website"},"datePublished":"2024-12-31T22:21:22+00:00","dateModified":"2024-12-31T22:21:22+00:00","inLanguage":"fr-FR","potentialAction":[{"@type":"ReadAction","target":["https:\/\/universnews224.com\/index.php\/urgent-general-doumbouya-annonce-la-reprise-effective-des-activites-politiques\/"]}]},{"@type":"WebSite","@id":"https:\/\/universnews224.com\/#website","url":"https:\/\/universnews224.com\/","name":"UNIVERSNEWS224","description":"","publisher":{"@id":"https:\/\/universnews224.com\/#organization"},"potentialAction":[{"@type":"SearchAction","target":{"@type":"EntryPoint","urlTemplate":"https:\/\/universnews224.com\/?s={search_term_string}"},"query-input":"required name=search_term_string"}],"inLanguage":"fr-FR"},{"@type":"Organization","@id":"https:\/\/universnews224.com\/#organization","name":"UNIVERSNEWS224","url":"https:\/\/universnews224.com\/","logo":{"@type":"ImageObject","inLanguage":"fr-FR","@id":"https:\/\/universnews224.com\/#\/schema\/logo\/image\/","url":"https:\/\/universnews224.com\/wp-content\/uploads\/2022\/08\/cropped-cropped-logoban.jpg","contentUrl":"https:\/\/universnews224.com\/wp-content\/uploads\/2022\/08\/cropped-cropped-logoban.jpg","width":1080,"height":138,"caption":"UNIVERSNEWS224"},"image":{"@id":"https:\/\/universnews224.com\/#\/schema\/logo\/image\/"}},{"@type":"Person","@id":"https:\/\/universnews224.com\/#\/schema\/person\/a4b7d4f94a4716df60456a491260485e","name":"La R\u00e9daction","image":{"@type":"ImageObject","inLanguage":"fr-FR","@id":"https:\/\/universnews224.com\/#\/schema\/person\/image\/","url":"https:\/\/secure.gravatar.com\/avatar\/edb90acc7752b23e1b3307ad36c14f0d?s=96&d=mm&r=g","contentUrl":"https:\/\/secure.gravatar.com\/avatar\/edb90acc7752b23e1b3307ad36c14f0d?s=96&d=mm&r=g","caption":"La R\u00e9daction"},"sameAs":["https:\/\/universnews224.com"],"url":"https:\/\/universnews224.com\/index.php\/author\/m-camara\/"}]}},"_links":{"self":[{"href":"https:\/\/universnews224.com\/index.php\/wp-json\/wp\/v2\/posts\/7253"}],"collection":[{"href":"https:\/\/universnews224.com\/index.php\/wp-json\/wp\/v2\/posts"}],"about":[{"href":"https:\/\/universnews224.com\/index.php\/wp-json\/wp\/v2\/types\/post"}],"author":[{"embeddable":true,"href":"https:\/\/universnews224.com\/index.php\/wp-json\/wp\/v2\/users\/2"}],"replies":[{"embeddable":true,"href":"https:\/\/universnews224.com\/index.php\/wp-json\/wp\/v2\/comments?post=7253"}],"version-history":[{"count":1,"href":"https:\/\/universnews224.com\/index.php\/wp-json\/wp\/v2\/posts\/7253\/revisions"}],"predecessor-version":[{"id":7254,"href":"https:\/\/universnews224.com\/index.php\/wp-json\/wp\/v2\/posts\/7253\/revisions\/7254"}],"wp:featuredmedia":[{"embeddable":true,"href":"https:\/\/universnews224.com\/index.php\/wp-json\/wp\/v2\/media\/7250"}],"wp:attachment":[{"href":"https:\/\/universnews224.com\/index.php\/wp-json\/wp\/v2\/media?parent=7253"}],"wp:term":[{"taxonomy":"category","embeddable":true,"href":"https:\/\/universnews224.com\/index.php\/wp-json\/wp\/v2\/categories?post=7253"},{"taxonomy":"post_tag","embeddable":true,"href":"https:\/\/universnews224.com\/index.php\/wp-json\/wp\/v2\/tags?post=7253"}],"curies":[{"name":"wp","href":"https:\/\/api.w.org\/{rel}","templated":true}]}}