{"id":7255,"date":"2024-12-31T23:22:41","date_gmt":"2024-12-31T22:22:41","guid":{"rendered":"https:\/\/universnews224.com\/?p=7255"},"modified":"2024-12-31T23:22:41","modified_gmt":"2024-12-31T22:22:41","slug":"general-mamadi-doumbouya-lannee-2025-sera-une-annee-electorale-cruciale-pour-parachever-le-retour-a-lordre-constitutionnel","status":"publish","type":"post","link":"https:\/\/universnews224.com\/index.php\/general-mamadi-doumbouya-lannee-2025-sera-une-annee-electorale-cruciale-pour-parachever-le-retour-a-lordre-constitutionnel\/","title":{"rendered":"G\u00e9n\u00e9ral Mamadi Doumbouya: \u201cL\u2019ann\u00e9e 2025 sera une ann\u00e9e \u00e9lectorale cruciale pour parachever le retour \u00e0 l\u2019ordre constitutionnel\u201d"},"content":{"rendered":"<p id=\"docs-internal-guid-91df2db0-7fff-9597-4dcf-defe0068246d\" dir=\"ltr\" style=\"line-height: 1.38;margin-top: 0.0pt;margin-bottom: 0.0pt\">\n<p dir=\"ltr\" style=\"line-height: 1.38;margin-top: 0.0pt;margin-bottom: 0.0pt\"><span style=\"font-size: 11pt;font-family: Arial, sans-serif;color: #000000;background-color: transparent;vertical-align: baseline\">Dans son adresse \u00e0 la nation \u00e0 l&rsquo;occasion du nouvel an ce mardi, 31 d\u00e9cembre 2024 , le pr\u00e9sident de la transition, le G\u00e9n\u00e9ral Mamadi Doumbouya a annonc\u00e9 que l&rsquo;ann\u00e9e 2025 sera une ann\u00e9e \u00e9lectorale pour parachever le retour \u00e0 l\u2019ordre constitutionnel.\u00a0<\/span><\/p>\n<p>&nbsp;<\/p>\n<p dir=\"ltr\" style=\"line-height: 1.38;margin-top: 0.0pt;margin-bottom: 0.0pt\"><span style=\"font-size: 11pt;font-family: Arial, sans-serif;color: #000000;background-color: transparent;vertical-align: baseline\">\u201cL\u2019ann\u00e9e 2025 sera une ann\u00e9e \u00e9lectorale cruciale pour parachever le retour \u00e0 l\u2019ordre constitutionnel.\u00a0 Ces diff\u00e9rents processus \u00e9lectoraux se veulent transparents, inclusifs, et respectueux des valeurs r\u00e9publicaines que nous partageons. Ils s\u2019inscrivent dans notre volont\u00e9 de b\u00e2tir une Guin\u00e9e moderne, o\u00f9 chaque citoyen a sa place et o\u00f9 les droits de tous sont garantis\u201d, a-t-il annonc\u00e9.\u00a0<\/span><\/p>\n<p>&nbsp;<\/p>\n<p dir=\"ltr\" style=\"line-height: 1.38;margin-top: 0.0pt;margin-bottom: 0.0pt\"><span style=\"font-size: 11pt;font-family: Arial, sans-serif;color: #000000;background-color: transparent;vertical-align: baseline\">Poursuivant, G\u00e9n\u00e9ral d&rsquo;Arm\u00e9e Mamadi Doumbouya a laiss\u00e9 entendre que le r\u00e9f\u00e9rendum pour l\u2019adoption de la nouvelle Constitution nous permettra de quitter la p\u00e9riode de Refondation pour aller vers le retour \u00e0 l\u2019ordre constitutionnel normal et \u00e9voluer davantage dans un \u00c9tat de d\u00e9mocratie participative.\u00a0<\/span><\/p>\n<p>&nbsp;<\/p>\n<p dir=\"ltr\" style=\"line-height: 1.38;margin-top: 0.0pt;margin-bottom: 0.0pt\"><span style=\"font-size: 11pt;font-family: Arial, sans-serif;color: #000000;background-color: transparent;vertical-align: baseline\">\u201cC\u2019est le souhait partag\u00e9 par l\u2019ensemble des Guin\u00e9ens et de la classe politique. Cela conforte notre ambition de b\u00e2tir, pour nous et les g\u00e9n\u00e9rations futures, une soci\u00e9t\u00e9 fond\u00e9e sur la paix, la justice, et le d\u00e9veloppement socio\u00e9conomique durable et responsable. Cela conforte notre ambition de b\u00e2tir, pour nous et les g\u00e9n\u00e9rations futures, une soci\u00e9t\u00e9 fond\u00e9e sur la paix, la justice, et le d\u00e9veloppement socio\u00e9conomique durable et responsable\u201d a d\u00e9clar\u00e9, le chef de l&rsquo;\u00c9tat guin\u00e9en.\u00a0<\/span><\/p>\n<p>&nbsp;<\/p>\n<p dir=\"ltr\" style=\"line-height: 1.38;margin-top: 0.0pt;margin-bottom: 0.0pt\"><span style=\"font-size: 11pt;font-family: Arial, sans-serif;color: #000000;background-color: transparent;vertical-align: baseline\">Pour mat\u00e9rialiser cette volont\u00e9, le colosse du septembre a indiqu\u00e9 qu&rsquo;il signera d\u00e8s le premier de l&rsquo;ann\u00e9e un d\u00e9cret fixant la date du r\u00e9f\u00e9rendum.\u00a0<\/span><\/p>\n<p>&nbsp;<\/p>\n<p dir=\"ltr\" style=\"line-height: 1.38;margin-top: 0.0pt;margin-bottom: 0.0pt\"><span style=\"font-size: 11pt;font-family: Arial, sans-serif;color: #000000;background-color: transparent;vertical-align: baseline\">\u201cD\u00e8s le premier trimestre de l\u2019ann\u00e9e 2025, je signerai un D\u00e9cret fixant la date du scrutin pour le r\u00e9f\u00e9rendum constitutionnel apr\u00e8s l\u2019\u00e9laboration du code \u00e9lectoral\u201d, a martel\u00e9 le chef de la junte militaire au pouvoir en Guin\u00e9e.\u00a0<\/span><\/p>\n<p>&nbsp;<\/p>\n","protected":false},"excerpt":{"rendered":"<p>Dans son adresse \u00e0 la nation \u00e0 l&rsquo;occasion du nouvel an ce mardi, 31 d\u00e9cembre<\/p>\n","protected":false},"author":2,"featured_media":7250,"comment_status":"closed","ping_status":"open","sticky":false,"template":"","format":"standard","meta":[],"categories":[3,4],"tags":[229],"yoast_head":"<!-- This site is optimized with the Yoast SEO plugin v19.13 - https:\/\/yoast.com\/wordpress\/plugins\/seo\/ -->\n<title>G\u00e9n\u00e9ral Mamadi Doumbouya: \u201cL\u2019ann\u00e9e 2025 sera une ann\u00e9e \u00e9lectorale cruciale pour parachever le retour \u00e0 l\u2019ordre constitutionnel\u201d - UNIVERSNEWS224<\/title>\n<meta name=\"robots\" content=\"index, follow, max-snippet:-1, max-image-preview:large, max-video-preview:-1\" \/>\n<link rel=\"canonical\" href=\"https:\/\/universnews224.com\/index.php\/general-mamadi-doumbouya-lannee-2025-sera-une-annee-electorale-cruciale-pour-parachever-le-retour-a-lordre-constitutionnel\/\" \/>\n<meta property=\"og:locale\" content=\"fr_FR\" \/>\n<meta property=\"og:type\" content=\"article\" \/>\n<meta property=\"og:title\" content=\"G\u00e9n\u00e9ral Mamadi Doumbouya: \u201cL\u2019ann\u00e9e 2025 sera une ann\u00e9e \u00e9lectorale cruciale pour parachever le retour \u00e0 l\u2019ordre constitutionnel\u201d - UNIVERSNEWS224\" \/>\n<meta property=\"og:description\" content=\"Dans son adresse \u00e0 la nation \u00e0 l&rsquo;occasion du nouvel an ce mardi, 31 d\u00e9cembre\" \/>\n<meta property=\"og:url\" content=\"https:\/\/universnews224.com\/index.php\/general-mamadi-doumbouya-lannee-2025-sera-une-annee-electorale-cruciale-pour-parachever-le-retour-a-lordre-constitutionnel\/\" \/>\n<meta property=\"og:site_name\" content=\"UNIVERSNEWS224\" \/>\n<meta property=\"article:published_time\" content=\"2024-12-31T22:22:41+00:00\" \/>\n<meta property=\"og:image\" content=\"https:\/\/universnews224.com\/wp-content\/uploads\/2024\/12\/1a1525ce-2755-480e-96b4-921266055092.jpeg\" \/>\n\t<meta property=\"og:image:width\" content=\"1920\" \/>\n\t<meta property=\"og:image:height\" content=\"1280\" \/>\n\t<meta property=\"og:image:type\" content=\"image\/jpeg\" \/>\n<meta name=\"author\" content=\"La R\u00e9daction\" \/>\n<meta name=\"twitter:label1\" content=\"\u00c9crit par\" \/>\n\t<meta name=\"twitter:data1\" content=\"La R\u00e9daction\" \/>\n\t<meta name=\"twitter:label2\" content=\"Dur\u00e9e de lecture estim\u00e9e\" \/>\n\t<meta name=\"twitter:data2\" content=\"2 minutes\" \/>\n<script type=\"application\/ld+json\" class=\"yoast-schema-graph\">{\"@context\":\"https:\/\/schema.org\",\"@graph\":[{\"@type\":\"Article\",\"@id\":\"https:\/\/universnews224.com\/index.php\/general-mamadi-doumbouya-lannee-2025-sera-une-annee-electorale-cruciale-pour-parachever-le-retour-a-lordre-constitutionnel\/#article\",\"isPartOf\":{\"@id\":\"https:\/\/universnews224.com\/index.php\/general-mamadi-doumbouya-lannee-2025-sera-une-annee-electorale-cruciale-pour-parachever-le-retour-a-lordre-constitutionnel\/\"},\"author\":{\"name\":\"La R\u00e9daction\",\"@id\":\"https:\/\/universnews224.com\/#\/schema\/person\/a4b7d4f94a4716df60456a491260485e\"},\"headline\":\"G\u00e9n\u00e9ral Mamadi Doumbouya: \u201cL\u2019ann\u00e9e 2025 sera une ann\u00e9e \u00e9lectorale cruciale pour parachever le retour \u00e0 l\u2019ordre constitutionnel\u201d\",\"datePublished\":\"2024-12-31T22:22:41+00:00\",\"dateModified\":\"2024-12-31T22:22:41+00:00\",\"mainEntityOfPage\":{\"@id\":\"https:\/\/universnews224.com\/index.php\/general-mamadi-doumbouya-lannee-2025-sera-une-annee-electorale-cruciale-pour-parachever-le-retour-a-lordre-constitutionnel\/\"},\"wordCount\":352,\"publisher\":{\"@id\":\"https:\/\/universnews224.com\/#organization\"},\"keywords\":[\"La une\"],\"articleSection\":[\"ACTU\",\"POLITIQUE\"],\"inLanguage\":\"fr-FR\"},{\"@type\":\"WebPage\",\"@id\":\"https:\/\/universnews224.com\/index.php\/general-mamadi-doumbouya-lannee-2025-sera-une-annee-electorale-cruciale-pour-parachever-le-retour-a-lordre-constitutionnel\/\",\"url\":\"https:\/\/universnews224.com\/index.php\/general-mamadi-doumbouya-lannee-2025-sera-une-annee-electorale-cruciale-pour-parachever-le-retour-a-lordre-constitutionnel\/\",\"name\":\"G\u00e9n\u00e9ral Mamadi Doumbouya: \u201cL\u2019ann\u00e9e 2025 sera une ann\u00e9e \u00e9lectorale cruciale pour parachever le retour \u00e0 l\u2019ordre constitutionnel\u201d - UNIVERSNEWS224\",\"isPartOf\":{\"@id\":\"https:\/\/universnews224.com\/#website\"},\"datePublished\":\"2024-12-31T22:22:41+00:00\",\"dateModified\":\"2024-12-31T22:22:41+00:00\",\"inLanguage\":\"fr-FR\",\"potentialAction\":[{\"@type\":\"ReadAction\",\"target\":[\"https:\/\/universnews224.com\/index.php\/general-mamadi-doumbouya-lannee-2025-sera-une-annee-electorale-cruciale-pour-parachever-le-retour-a-lordre-constitutionnel\/\"]}]},{\"@type\":\"WebSite\",\"@id\":\"https:\/\/universnews224.com\/#website\",\"url\":\"https:\/\/universnews224.com\/\",\"name\":\"UNIVERSNEWS224\",\"description\":\"\",\"publisher\":{\"@id\":\"https:\/\/universnews224.com\/#organization\"},\"potentialAction\":[{\"@type\":\"SearchAction\",\"target\":{\"@type\":\"EntryPoint\",\"urlTemplate\":\"https:\/\/universnews224.com\/?s={search_term_string}\"},\"query-input\":\"required name=search_term_string\"}],\"inLanguage\":\"fr-FR\"},{\"@type\":\"Organization\",\"@id\":\"https:\/\/universnews224.com\/#organization\",\"name\":\"UNIVERSNEWS224\",\"url\":\"https:\/\/universnews224.com\/\",\"logo\":{\"@type\":\"ImageObject\",\"inLanguage\":\"fr-FR\",\"@id\":\"https:\/\/universnews224.com\/#\/schema\/logo\/image\/\",\"url\":\"https:\/\/universnews224.com\/wp-content\/uploads\/2022\/08\/cropped-cropped-logoban.jpg\",\"contentUrl\":\"https:\/\/universnews224.com\/wp-content\/uploads\/2022\/08\/cropped-cropped-logoban.jpg\",\"width\":1080,\"height\":138,\"caption\":\"UNIVERSNEWS224\"},\"image\":{\"@id\":\"https:\/\/universnews224.com\/#\/schema\/logo\/image\/\"}},{\"@type\":\"Person\",\"@id\":\"https:\/\/universnews224.com\/#\/schema\/person\/a4b7d4f94a4716df60456a491260485e\",\"name\":\"La R\u00e9daction\",\"image\":{\"@type\":\"ImageObject\",\"inLanguage\":\"fr-FR\",\"@id\":\"https:\/\/universnews224.com\/#\/schema\/person\/image\/\",\"url\":\"https:\/\/secure.gravatar.com\/avatar\/edb90acc7752b23e1b3307ad36c14f0d?s=96&d=mm&r=g\",\"contentUrl\":\"https:\/\/secure.gravatar.com\/avatar\/edb90acc7752b23e1b3307ad36c14f0d?s=96&d=mm&r=g\",\"caption\":\"La R\u00e9daction\"},\"sameAs\":[\"https:\/\/universnews224.com\"],\"url\":\"https:\/\/universnews224.com\/index.php\/author\/m-camara\/\"}]}<\/script>\n<!-- \/ Yoast SEO plugin. -->","yoast_head_json":{"title":"G\u00e9n\u00e9ral Mamadi Doumbouya: \u201cL\u2019ann\u00e9e 2025 sera une ann\u00e9e \u00e9lectorale cruciale pour parachever le retour \u00e0 l\u2019ordre constitutionnel\u201d - UNIVERSNEWS224","robots":{"index":"index","follow":"follow","max-snippet":"max-snippet:-1","max-image-preview":"max-image-preview:large","max-video-preview":"max-video-preview:-1"},"canonical":"https:\/\/universnews224.com\/index.php\/general-mamadi-doumbouya-lannee-2025-sera-une-annee-electorale-cruciale-pour-parachever-le-retour-a-lordre-constitutionnel\/","og_locale":"fr_FR","og_type":"article","og_title":"G\u00e9n\u00e9ral Mamadi Doumbouya: \u201cL\u2019ann\u00e9e 2025 sera une ann\u00e9e \u00e9lectorale cruciale pour parachever le retour \u00e0 l\u2019ordre constitutionnel\u201d - UNIVERSNEWS224","og_description":"Dans son adresse \u00e0 la nation \u00e0 l&rsquo;occasion du nouvel an ce mardi, 31 d\u00e9cembre","og_url":"https:\/\/universnews224.com\/index.php\/general-mamadi-doumbouya-lannee-2025-sera-une-annee-electorale-cruciale-pour-parachever-le-retour-a-lordre-constitutionnel\/","og_site_name":"UNIVERSNEWS224","article_published_time":"2024-12-31T22:22:41+00:00","og_image":[{"width":1920,"height":1280,"url":"https:\/\/universnews224.com\/wp-content\/uploads\/2024\/12\/1a1525ce-2755-480e-96b4-921266055092.jpeg","type":"image\/jpeg"}],"author":"La R\u00e9daction","twitter_misc":{"\u00c9crit par":"La R\u00e9daction","Dur\u00e9e de lecture estim\u00e9e":"2 minutes"},"schema":{"@context":"https:\/\/schema.org","@graph":[{"@type":"Article","@id":"https:\/\/universnews224.com\/index.php\/general-mamadi-doumbouya-lannee-2025-sera-une-annee-electorale-cruciale-pour-parachever-le-retour-a-lordre-constitutionnel\/#article","isPartOf":{"@id":"https:\/\/universnews224.com\/index.php\/general-mamadi-doumbouya-lannee-2025-sera-une-annee-electorale-cruciale-pour-parachever-le-retour-a-lordre-constitutionnel\/"},"author":{"name":"La R\u00e9daction","@id":"https:\/\/universnews224.com\/#\/schema\/person\/a4b7d4f94a4716df60456a491260485e"},"headline":"G\u00e9n\u00e9ral Mamadi Doumbouya: \u201cL\u2019ann\u00e9e 2025 sera une ann\u00e9e \u00e9lectorale cruciale pour parachever le retour \u00e0 l\u2019ordre constitutionnel\u201d","datePublished":"2024-12-31T22:22:41+00:00","dateModified":"2024-12-31T22:22:41+00:00","mainEntityOfPage":{"@id":"https:\/\/universnews224.com\/index.php\/general-mamadi-doumbouya-lannee-2025-sera-une-annee-electorale-cruciale-pour-parachever-le-retour-a-lordre-constitutionnel\/"},"wordCount":352,"publisher":{"@id":"https:\/\/universnews224.com\/#organization"},"keywords":["La une"],"articleSection":["ACTU","POLITIQUE"],"inLanguage":"fr-FR"},{"@type":"WebPage","@id":"https:\/\/universnews224.com\/index.php\/general-mamadi-doumbouya-lannee-2025-sera-une-annee-electorale-cruciale-pour-parachever-le-retour-a-lordre-constitutionnel\/","url":"https:\/\/universnews224.com\/index.php\/general-mamadi-doumbouya-lannee-2025-sera-une-annee-electorale-cruciale-pour-parachever-le-retour-a-lordre-constitutionnel\/","name":"G\u00e9n\u00e9ral Mamadi Doumbouya: \u201cL\u2019ann\u00e9e 2025 sera une ann\u00e9e \u00e9lectorale cruciale pour parachever le retour \u00e0 l\u2019ordre constitutionnel\u201d - UNIVERSNEWS224","isPartOf":{"@id":"https:\/\/universnews224.com\/#website"},"datePublished":"2024-12-31T22:22:41+00:00","dateModified":"2024-12-31T22:22:41+00:00","inLanguage":"fr-FR","potentialAction":[{"@type":"ReadAction","target":["https:\/\/universnews224.com\/index.php\/general-mamadi-doumbouya-lannee-2025-sera-une-annee-electorale-cruciale-pour-parachever-le-retour-a-lordre-constitutionnel\/"]}]},{"@type":"WebSite","@id":"https:\/\/universnews224.com\/#website","url":"https:\/\/universnews224.com\/","name":"UNIVERSNEWS224","description":"","publisher":{"@id":"https:\/\/universnews224.com\/#organization"},"potentialAction":[{"@type":"SearchAction","target":{"@type":"EntryPoint","urlTemplate":"https:\/\/universnews224.com\/?s={search_term_string}"},"query-input":"required name=search_term_string"}],"inLanguage":"fr-FR"},{"@type":"Organization","@id":"https:\/\/universnews224.com\/#organization","name":"UNIVERSNEWS224","url":"https:\/\/universnews224.com\/","logo":{"@type":"ImageObject","inLanguage":"fr-FR","@id":"https:\/\/universnews224.com\/#\/schema\/logo\/image\/","url":"https:\/\/universnews224.com\/wp-content\/uploads\/2022\/08\/cropped-cropped-logoban.jpg","contentUrl":"https:\/\/universnews224.com\/wp-content\/uploads\/2022\/08\/cropped-cropped-logoban.jpg","width":1080,"height":138,"caption":"UNIVERSNEWS224"},"image":{"@id":"https:\/\/universnews224.com\/#\/schema\/logo\/image\/"}},{"@type":"Person","@id":"https:\/\/universnews224.com\/#\/schema\/person\/a4b7d4f94a4716df60456a491260485e","name":"La R\u00e9daction","image":{"@type":"ImageObject","inLanguage":"fr-FR","@id":"https:\/\/universnews224.com\/#\/schema\/person\/image\/","url":"https:\/\/secure.gravatar.com\/avatar\/edb90acc7752b23e1b3307ad36c14f0d?s=96&d=mm&r=g","contentUrl":"https:\/\/secure.gravatar.com\/avatar\/edb90acc7752b23e1b3307ad36c14f0d?s=96&d=mm&r=g","caption":"La R\u00e9daction"},"sameAs":["https:\/\/universnews224.com"],"url":"https:\/\/universnews224.com\/index.php\/author\/m-camara\/"}]}},"_links":{"self":[{"href":"https:\/\/universnews224.com\/index.php\/wp-json\/wp\/v2\/posts\/7255"}],"collection":[{"href":"https:\/\/universnews224.com\/index.php\/wp-json\/wp\/v2\/posts"}],"about":[{"href":"https:\/\/universnews224.com\/index.php\/wp-json\/wp\/v2\/types\/post"}],"author":[{"embeddable":true,"href":"https:\/\/universnews224.com\/index.php\/wp-json\/wp\/v2\/users\/2"}],"replies":[{"embeddable":true,"href":"https:\/\/universnews224.com\/index.php\/wp-json\/wp\/v2\/comments?post=7255"}],"version-history":[{"count":1,"href":"https:\/\/universnews224.com\/index.php\/wp-json\/wp\/v2\/posts\/7255\/revisions"}],"predecessor-version":[{"id":7256,"href":"https:\/\/universnews224.com\/index.php\/wp-json\/wp\/v2\/posts\/7255\/revisions\/7256"}],"wp:featuredmedia":[{"embeddable":true,"href":"https:\/\/universnews224.com\/index.php\/wp-json\/wp\/v2\/media\/7250"}],"wp:attachment":[{"href":"https:\/\/universnews224.com\/index.php\/wp-json\/wp\/v2\/media?parent=7255"}],"wp:term":[{"taxonomy":"category","embeddable":true,"href":"https:\/\/universnews224.com\/index.php\/wp-json\/wp\/v2\/categories?post=7255"},{"taxonomy":"post_tag","embeddable":true,"href":"https:\/\/universnews224.com\/index.php\/wp-json\/wp\/v2\/tags?post=7255"}],"curies":[{"name":"wp","href":"https:\/\/api.w.org\/{rel}","templated":true}]}}