{"id":7268,"date":"2025-01-04T17:52:30","date_gmt":"2025-01-04T16:52:30","guid":{"rendered":"https:\/\/universnews224.com\/?p=7268"},"modified":"2025-01-04T17:52:30","modified_gmt":"2025-01-04T16:52:30","slug":"mohamed-nabe-sur-la-manif-du-06-nous-estimons-que-rien-ne-peut-se-construire-dans-la-violence","status":"publish","type":"post","link":"https:\/\/universnews224.com\/index.php\/mohamed-nabe-sur-la-manif-du-06-nous-estimons-que-rien-ne-peut-se-construire-dans-la-violence\/","title":{"rendered":"Mohamed Nab\u00e9 sur la manif du 06: \u201cNous estimons que rien ne peut se construire dans la violence\u201d"},"content":{"rendered":"<p>Alors que les Forces vives de Guin\u00e9e pr\u00e9voient de prendre d&rsquo;assaut les rues de Conakry le 06 janvier prochain, pour exiger le d\u00e9part de la junte militaire au pouvoir en Guin\u00e9e, les voix s&rsquo;\u00e9l\u00e8vent au sein de l&rsquo;opinion pour appeler le gouvernement et l&rsquo;opposition au dialogue. C&rsquo;est le cas du pr\u00e9sident du parti Alliance pour le renouveau et le progr\u00e8s.<\/p>\n<p>\u00c0 l&rsquo;occasion du congr\u00e8s \u00e9lectif de son parti tenu ce samedi 04 janvier 2025, Mohamed Nab\u00e9 exprime ses vives inqui\u00e9tudes par rapport \u00e0 la manifestation des forces vives.<\/p>\n<p>&nbsp;<\/p>\n<p>Selon lui, notre pays est aujourd&rsquo;hui \u00e0 la crois\u00e9e des chemins, nous devons affronter ces moments d\u00e9cisifs avec intelligence et s\u00e9r\u00e9nit\u00e9.<\/p>\n<p>&nbsp;<\/p>\n<p>\u201cAutant \u00e0 l&rsquo;ARP nous d\u00e9fendons des principes, des valeurs telles que la libert\u00e9 de la presse, la libert\u00e9 d&rsquo;expression, l&rsquo;\u00e9galit\u00e9 de traitement face \u00e0 la justice et la lutte acharn\u00e9e pour un retour rapide \u00e0 l&rsquo;ordre constitutionnel autant au sein de l&rsquo;ARP nous estimons que rien ne peut se construire dans la violence\u00bb,<\/p>\n<p>a-t-il indiqu\u00e9 avant de lancer un appel pressant aux forces vives de Guin\u00e9e et au gouvernement de privil\u00e9gier le dialogue.<\/p>\n<p>&nbsp;<\/p>\n<p>\u00abNous lan\u00e7ons un appel pr\u00e9sent et patriotique a nos camarades des forces vives de Guin\u00e9e \u00e0 privil\u00e9gier le dialogue au d\u00e9triment des appels incessants syst\u00e9matiques de manifestations source potentielle de violences avec ses corollaires et ses cons\u00e9quences que nous connaissons tous. Je voudrais \u00e9galement lancer un appel aux autorit\u00e9s qui ont la chance aujourd&rsquo;hui de diriger notre pays. Nous exhortons les autorit\u00e9s de la transition \u00e0 tout mettre en \u0153uvre pour que la justice soit une v\u00e9ritable boussole de la transition et \u0153uvrer \u00e0 ce que la conduite de la transition soit v\u00e9ritablement inclusive\u00bb, a martel\u00e9 Mohamed Nab\u00e9.<\/p>\n<p>&nbsp;<\/p>\n<p>&nbsp;<\/p>\n","protected":false},"excerpt":{"rendered":"<p>Alors que les Forces vives de Guin\u00e9e pr\u00e9voient de prendre d&rsquo;assaut les rues de Conakry<\/p>\n","protected":false},"author":2,"featured_media":7269,"comment_status":"closed","ping_status":"open","sticky":false,"template":"","format":"standard","meta":[],"categories":[3,4],"tags":[237],"yoast_head":"<!-- This site is optimized with the Yoast SEO plugin v19.13 - https:\/\/yoast.com\/wordpress\/plugins\/seo\/ -->\n<title>Mohamed Nab\u00e9 sur la manif du 06: \u201cNous estimons que rien ne peut se construire dans la violence\u201d - UNIVERSNEWS224<\/title>\n<meta name=\"robots\" content=\"index, follow, max-snippet:-1, max-image-preview:large, max-video-preview:-1\" \/>\n<link rel=\"canonical\" href=\"https:\/\/universnews224.com\/index.php\/mohamed-nabe-sur-la-manif-du-06-nous-estimons-que-rien-ne-peut-se-construire-dans-la-violence\/\" \/>\n<meta property=\"og:locale\" content=\"fr_FR\" \/>\n<meta property=\"og:type\" content=\"article\" \/>\n<meta property=\"og:title\" content=\"Mohamed Nab\u00e9 sur la manif du 06: \u201cNous estimons que rien ne peut se construire dans la violence\u201d - UNIVERSNEWS224\" \/>\n<meta property=\"og:description\" content=\"Alors que les Forces vives de Guin\u00e9e pr\u00e9voient de prendre d&rsquo;assaut les rues de Conakry\" \/>\n<meta property=\"og:url\" content=\"https:\/\/universnews224.com\/index.php\/mohamed-nabe-sur-la-manif-du-06-nous-estimons-que-rien-ne-peut-se-construire-dans-la-violence\/\" \/>\n<meta property=\"og:site_name\" content=\"UNIVERSNEWS224\" \/>\n<meta property=\"article:published_time\" content=\"2025-01-04T16:52:30+00:00\" \/>\n<meta property=\"og:image\" content=\"https:\/\/universnews224.com\/wp-content\/uploads\/2025\/01\/IMG-20250104-WA0006.jpg\" \/>\n\t<meta property=\"og:image:width\" content=\"1080\" \/>\n\t<meta property=\"og:image:height\" content=\"486\" \/>\n\t<meta property=\"og:image:type\" content=\"image\/jpeg\" \/>\n<meta name=\"author\" content=\"La R\u00e9daction\" \/>\n<meta name=\"twitter:label1\" content=\"\u00c9crit par\" \/>\n\t<meta name=\"twitter:data1\" content=\"La R\u00e9daction\" \/>\n\t<meta name=\"twitter:label2\" content=\"Dur\u00e9e de lecture estim\u00e9e\" \/>\n\t<meta name=\"twitter:data2\" content=\"2 minutes\" \/>\n<script type=\"application\/ld+json\" class=\"yoast-schema-graph\">{\"@context\":\"https:\/\/schema.org\",\"@graph\":[{\"@type\":\"Article\",\"@id\":\"https:\/\/universnews224.com\/index.php\/mohamed-nabe-sur-la-manif-du-06-nous-estimons-que-rien-ne-peut-se-construire-dans-la-violence\/#article\",\"isPartOf\":{\"@id\":\"https:\/\/universnews224.com\/index.php\/mohamed-nabe-sur-la-manif-du-06-nous-estimons-que-rien-ne-peut-se-construire-dans-la-violence\/\"},\"author\":{\"name\":\"La R\u00e9daction\",\"@id\":\"https:\/\/universnews224.com\/#\/schema\/person\/a4b7d4f94a4716df60456a491260485e\"},\"headline\":\"Mohamed Nab\u00e9 sur la manif du 06: \u201cNous estimons que rien ne peut se construire dans la violence\u201d\",\"datePublished\":\"2025-01-04T16:52:30+00:00\",\"dateModified\":\"2025-01-04T16:52:30+00:00\",\"mainEntityOfPage\":{\"@id\":\"https:\/\/universnews224.com\/index.php\/mohamed-nabe-sur-la-manif-du-06-nous-estimons-que-rien-ne-peut-se-construire-dans-la-violence\/\"},\"wordCount\":320,\"publisher\":{\"@id\":\"https:\/\/universnews224.com\/#organization\"},\"keywords\":[\"A la une\"],\"articleSection\":[\"ACTU\",\"POLITIQUE\"],\"inLanguage\":\"fr-FR\"},{\"@type\":\"WebPage\",\"@id\":\"https:\/\/universnews224.com\/index.php\/mohamed-nabe-sur-la-manif-du-06-nous-estimons-que-rien-ne-peut-se-construire-dans-la-violence\/\",\"url\":\"https:\/\/universnews224.com\/index.php\/mohamed-nabe-sur-la-manif-du-06-nous-estimons-que-rien-ne-peut-se-construire-dans-la-violence\/\",\"name\":\"Mohamed Nab\u00e9 sur la manif du 06: \u201cNous estimons que rien ne peut se construire dans la violence\u201d - UNIVERSNEWS224\",\"isPartOf\":{\"@id\":\"https:\/\/universnews224.com\/#website\"},\"datePublished\":\"2025-01-04T16:52:30+00:00\",\"dateModified\":\"2025-01-04T16:52:30+00:00\",\"inLanguage\":\"fr-FR\",\"potentialAction\":[{\"@type\":\"ReadAction\",\"target\":[\"https:\/\/universnews224.com\/index.php\/mohamed-nabe-sur-la-manif-du-06-nous-estimons-que-rien-ne-peut-se-construire-dans-la-violence\/\"]}]},{\"@type\":\"WebSite\",\"@id\":\"https:\/\/universnews224.com\/#website\",\"url\":\"https:\/\/universnews224.com\/\",\"name\":\"UNIVERSNEWS224\",\"description\":\"\",\"publisher\":{\"@id\":\"https:\/\/universnews224.com\/#organization\"},\"potentialAction\":[{\"@type\":\"SearchAction\",\"target\":{\"@type\":\"EntryPoint\",\"urlTemplate\":\"https:\/\/universnews224.com\/?s={search_term_string}\"},\"query-input\":\"required name=search_term_string\"}],\"inLanguage\":\"fr-FR\"},{\"@type\":\"Organization\",\"@id\":\"https:\/\/universnews224.com\/#organization\",\"name\":\"UNIVERSNEWS224\",\"url\":\"https:\/\/universnews224.com\/\",\"logo\":{\"@type\":\"ImageObject\",\"inLanguage\":\"fr-FR\",\"@id\":\"https:\/\/universnews224.com\/#\/schema\/logo\/image\/\",\"url\":\"https:\/\/universnews224.com\/wp-content\/uploads\/2022\/08\/cropped-cropped-logoban.jpg\",\"contentUrl\":\"https:\/\/universnews224.com\/wp-content\/uploads\/2022\/08\/cropped-cropped-logoban.jpg\",\"width\":1080,\"height\":138,\"caption\":\"UNIVERSNEWS224\"},\"image\":{\"@id\":\"https:\/\/universnews224.com\/#\/schema\/logo\/image\/\"}},{\"@type\":\"Person\",\"@id\":\"https:\/\/universnews224.com\/#\/schema\/person\/a4b7d4f94a4716df60456a491260485e\",\"name\":\"La R\u00e9daction\",\"image\":{\"@type\":\"ImageObject\",\"inLanguage\":\"fr-FR\",\"@id\":\"https:\/\/universnews224.com\/#\/schema\/person\/image\/\",\"url\":\"https:\/\/secure.gravatar.com\/avatar\/edb90acc7752b23e1b3307ad36c14f0d?s=96&d=mm&r=g\",\"contentUrl\":\"https:\/\/secure.gravatar.com\/avatar\/edb90acc7752b23e1b3307ad36c14f0d?s=96&d=mm&r=g\",\"caption\":\"La R\u00e9daction\"},\"sameAs\":[\"https:\/\/universnews224.com\"],\"url\":\"https:\/\/universnews224.com\/index.php\/author\/m-camara\/\"}]}<\/script>\n<!-- \/ Yoast SEO plugin. -->","yoast_head_json":{"title":"Mohamed Nab\u00e9 sur la manif du 06: \u201cNous estimons que rien ne peut se construire dans la violence\u201d - UNIVERSNEWS224","robots":{"index":"index","follow":"follow","max-snippet":"max-snippet:-1","max-image-preview":"max-image-preview:large","max-video-preview":"max-video-preview:-1"},"canonical":"https:\/\/universnews224.com\/index.php\/mohamed-nabe-sur-la-manif-du-06-nous-estimons-que-rien-ne-peut-se-construire-dans-la-violence\/","og_locale":"fr_FR","og_type":"article","og_title":"Mohamed Nab\u00e9 sur la manif du 06: \u201cNous estimons que rien ne peut se construire dans la violence\u201d - UNIVERSNEWS224","og_description":"Alors que les Forces vives de Guin\u00e9e pr\u00e9voient de prendre d&rsquo;assaut les rues de Conakry","og_url":"https:\/\/universnews224.com\/index.php\/mohamed-nabe-sur-la-manif-du-06-nous-estimons-que-rien-ne-peut-se-construire-dans-la-violence\/","og_site_name":"UNIVERSNEWS224","article_published_time":"2025-01-04T16:52:30+00:00","og_image":[{"width":1080,"height":486,"url":"https:\/\/universnews224.com\/wp-content\/uploads\/2025\/01\/IMG-20250104-WA0006.jpg","type":"image\/jpeg"}],"author":"La R\u00e9daction","twitter_misc":{"\u00c9crit par":"La R\u00e9daction","Dur\u00e9e de lecture estim\u00e9e":"2 minutes"},"schema":{"@context":"https:\/\/schema.org","@graph":[{"@type":"Article","@id":"https:\/\/universnews224.com\/index.php\/mohamed-nabe-sur-la-manif-du-06-nous-estimons-que-rien-ne-peut-se-construire-dans-la-violence\/#article","isPartOf":{"@id":"https:\/\/universnews224.com\/index.php\/mohamed-nabe-sur-la-manif-du-06-nous-estimons-que-rien-ne-peut-se-construire-dans-la-violence\/"},"author":{"name":"La R\u00e9daction","@id":"https:\/\/universnews224.com\/#\/schema\/person\/a4b7d4f94a4716df60456a491260485e"},"headline":"Mohamed Nab\u00e9 sur la manif du 06: \u201cNous estimons que rien ne peut se construire dans la violence\u201d","datePublished":"2025-01-04T16:52:30+00:00","dateModified":"2025-01-04T16:52:30+00:00","mainEntityOfPage":{"@id":"https:\/\/universnews224.com\/index.php\/mohamed-nabe-sur-la-manif-du-06-nous-estimons-que-rien-ne-peut-se-construire-dans-la-violence\/"},"wordCount":320,"publisher":{"@id":"https:\/\/universnews224.com\/#organization"},"keywords":["A la une"],"articleSection":["ACTU","POLITIQUE"],"inLanguage":"fr-FR"},{"@type":"WebPage","@id":"https:\/\/universnews224.com\/index.php\/mohamed-nabe-sur-la-manif-du-06-nous-estimons-que-rien-ne-peut-se-construire-dans-la-violence\/","url":"https:\/\/universnews224.com\/index.php\/mohamed-nabe-sur-la-manif-du-06-nous-estimons-que-rien-ne-peut-se-construire-dans-la-violence\/","name":"Mohamed Nab\u00e9 sur la manif du 06: \u201cNous estimons que rien ne peut se construire dans la violence\u201d - UNIVERSNEWS224","isPartOf":{"@id":"https:\/\/universnews224.com\/#website"},"datePublished":"2025-01-04T16:52:30+00:00","dateModified":"2025-01-04T16:52:30+00:00","inLanguage":"fr-FR","potentialAction":[{"@type":"ReadAction","target":["https:\/\/universnews224.com\/index.php\/mohamed-nabe-sur-la-manif-du-06-nous-estimons-que-rien-ne-peut-se-construire-dans-la-violence\/"]}]},{"@type":"WebSite","@id":"https:\/\/universnews224.com\/#website","url":"https:\/\/universnews224.com\/","name":"UNIVERSNEWS224","description":"","publisher":{"@id":"https:\/\/universnews224.com\/#organization"},"potentialAction":[{"@type":"SearchAction","target":{"@type":"EntryPoint","urlTemplate":"https:\/\/universnews224.com\/?s={search_term_string}"},"query-input":"required name=search_term_string"}],"inLanguage":"fr-FR"},{"@type":"Organization","@id":"https:\/\/universnews224.com\/#organization","name":"UNIVERSNEWS224","url":"https:\/\/universnews224.com\/","logo":{"@type":"ImageObject","inLanguage":"fr-FR","@id":"https:\/\/universnews224.com\/#\/schema\/logo\/image\/","url":"https:\/\/universnews224.com\/wp-content\/uploads\/2022\/08\/cropped-cropped-logoban.jpg","contentUrl":"https:\/\/universnews224.com\/wp-content\/uploads\/2022\/08\/cropped-cropped-logoban.jpg","width":1080,"height":138,"caption":"UNIVERSNEWS224"},"image":{"@id":"https:\/\/universnews224.com\/#\/schema\/logo\/image\/"}},{"@type":"Person","@id":"https:\/\/universnews224.com\/#\/schema\/person\/a4b7d4f94a4716df60456a491260485e","name":"La R\u00e9daction","image":{"@type":"ImageObject","inLanguage":"fr-FR","@id":"https:\/\/universnews224.com\/#\/schema\/person\/image\/","url":"https:\/\/secure.gravatar.com\/avatar\/edb90acc7752b23e1b3307ad36c14f0d?s=96&d=mm&r=g","contentUrl":"https:\/\/secure.gravatar.com\/avatar\/edb90acc7752b23e1b3307ad36c14f0d?s=96&d=mm&r=g","caption":"La R\u00e9daction"},"sameAs":["https:\/\/universnews224.com"],"url":"https:\/\/universnews224.com\/index.php\/author\/m-camara\/"}]}},"_links":{"self":[{"href":"https:\/\/universnews224.com\/index.php\/wp-json\/wp\/v2\/posts\/7268"}],"collection":[{"href":"https:\/\/universnews224.com\/index.php\/wp-json\/wp\/v2\/posts"}],"about":[{"href":"https:\/\/universnews224.com\/index.php\/wp-json\/wp\/v2\/types\/post"}],"author":[{"embeddable":true,"href":"https:\/\/universnews224.com\/index.php\/wp-json\/wp\/v2\/users\/2"}],"replies":[{"embeddable":true,"href":"https:\/\/universnews224.com\/index.php\/wp-json\/wp\/v2\/comments?post=7268"}],"version-history":[{"count":1,"href":"https:\/\/universnews224.com\/index.php\/wp-json\/wp\/v2\/posts\/7268\/revisions"}],"predecessor-version":[{"id":7270,"href":"https:\/\/universnews224.com\/index.php\/wp-json\/wp\/v2\/posts\/7268\/revisions\/7270"}],"wp:featuredmedia":[{"embeddable":true,"href":"https:\/\/universnews224.com\/index.php\/wp-json\/wp\/v2\/media\/7269"}],"wp:attachment":[{"href":"https:\/\/universnews224.com\/index.php\/wp-json\/wp\/v2\/media?parent=7268"}],"wp:term":[{"taxonomy":"category","embeddable":true,"href":"https:\/\/universnews224.com\/index.php\/wp-json\/wp\/v2\/categories?post=7268"},{"taxonomy":"post_tag","embeddable":true,"href":"https:\/\/universnews224.com\/index.php\/wp-json\/wp\/v2\/tags?post=7268"}],"curies":[{"name":"wp","href":"https:\/\/api.w.org\/{rel}","templated":true}]}}