{"id":7271,"date":"2025-01-06T17:51:36","date_gmt":"2025-01-06T16:51:36","guid":{"rendered":"https:\/\/universnews224.com\/?p=7271"},"modified":"2025-01-06T17:51:36","modified_gmt":"2025-01-06T16:51:36","slug":"sos-pour-amadou-sidy-diallo-a-cause-de-22-millions-de-francs-guineens-ce-jeune-orphelin-risque-de-finir-sur-un-fauteuil-roulant","status":"publish","type":"post","link":"https:\/\/universnews224.com\/index.php\/sos-pour-amadou-sidy-diallo-a-cause-de-22-millions-de-francs-guineens-ce-jeune-orphelin-risque-de-finir-sur-un-fauteuil-roulant\/","title":{"rendered":"SOS pour Amadou Sidy Diallo: \u00c0 cause de 22 millions de francs guin\u00e9ens, ce jeune orphelin risque de finir sur un fauteuil roulant.\u00a0"},"content":{"rendered":"<p>Dipl\u00f4m\u00e9 de licence\/d\u00e9partement Chimie de l&rsquo;universit\u00e9 de Kindia et domicili\u00e9 \u00e0 Bonfi, dans la commune de Matam, Amadou Sidy Diallo souffre d&rsquo;une maladie rare, appel\u00e9e hernie discale m\u00e9dullaire. Dans un entretien qu\u2019il a accord\u00e9 \u00e0 un de nos journalistes ce dimanche 05 janvier 2024, ce jeune dipl\u00f4m\u00e9 \u00e2g\u00e9 seulement de vingt quatre (24) nous raconte comment il a chop\u00e9 cette maladie qui est entrain de le tuer \u00e0 petit feu.<a href=\"https:\/\/universnews224.com\/wp-content\/uploads\/2025\/01\/20250105_173459-scaled.jpg\"><img loading=\"lazy\" class=\"alignnone size-medium wp-image-7273\" src=\"https:\/\/universnews224.com\/wp-content\/uploads\/2025\/01\/20250105_173459-300x169.jpg\" alt=\"\" width=\"300\" height=\"169\" srcset=\"https:\/\/universnews224.com\/wp-content\/uploads\/2025\/01\/20250105_173459-300x169.jpg 300w, https:\/\/universnews224.com\/wp-content\/uploads\/2025\/01\/20250105_173459-1024x576.jpg 1024w, https:\/\/universnews224.com\/wp-content\/uploads\/2025\/01\/20250105_173459-768x432.jpg 768w, https:\/\/universnews224.com\/wp-content\/uploads\/2025\/01\/20250105_173459-1536x864.jpg 1536w, https:\/\/universnews224.com\/wp-content\/uploads\/2025\/01\/20250105_173459-2048x1153.jpg 2048w, https:\/\/universnews224.com\/wp-content\/uploads\/2025\/01\/20250105_173459-800x450.jpg 800w\" sizes=\"(max-width: 300px) 100vw, 300px\" \/><\/a><\/p>\n<p>\u201cJe souffre d&rsquo;une maladie il y a cela onze (11) mois. J&rsquo;ai eu cette maladie une nuit. J&rsquo;\u00e9tais couch\u00e9, au r\u00e9veil, j&rsquo;ai trouv\u00e9 que je n&rsquo;arrive pas \u00e0 faire des mouvements au niveau de mon cou. Comme \u00e7a, je me suis dit c&rsquo;est une simple mauvaise posture. C&rsquo;est ainsi, je suis all\u00e9 voir une veille, elle m&rsquo;a mass\u00e9. Pour moi, dans trois (3), la douleur allait dispara\u00eetre, mais j&rsquo;ai vu du jour au lendemain que la douleur ne fait que s&rsquo;accentuer. Par apr\u00e8s, on m&rsquo;a envoy\u00e9 \u00e0 l&rsquo;h\u00f4pital. J&rsquo;ai fait des examens et on m&rsquo;a prescrit des produits. Je les ai achet\u00e9, je prenais \u00e9galement ces produits, mais toujours, je ne voyais aucun r\u00e9sultat positif. Apr\u00e8s cela, les gens m&rsquo;ont dit, est-ce que quelqu&rsquo;un ne t&rsquo;a pas jet\u00e9 un sort? On m&rsquo;a dit d&rsquo;aller voir le traitement traditionnel. Je me suis d\u00e9plac\u00e9, je suis all\u00e9 dans un village \u00e0 Dubr\u00e9ka. J&rsquo;ai fait l\u00e0-bas un bon moment, mais toujours je ne voyais d&rsquo;am\u00e9lioration. Donc, je me suis retourn\u00e9 \u00e0 Conakry, encore je suis all\u00e9 \u00e0 Ignace Deen. On me dit que \u00e7a doit \u00eatre un probl\u00e8me des nerfs. Je me suis vu avec un neurologue. J&rsquo;ai fait un premier examen, on m&rsquo;a demand\u00e9 la radio, j&rsquo;ai fait \u00e7a. Ils n&rsquo;ont trouv\u00e9 aucun probl\u00e8me, on m&rsquo;a prescrit des m\u00e9dicaments, pensant que c&rsquo;\u00e9tait juste une douleur. Je les ai utilis\u00e9, mais l\u00e0 aussi, aucun r\u00e9sultat positif. Apr\u00e8s cela, on m&rsquo;a demand\u00e9 de faire le scanner, je l\u2019ai effectu\u00e9, l\u00e0 aussi, on a d\u00e9tect\u00e9 aucune maladie. On me dit que j\u2019ai une simple douleur. Apr\u00e8s ces examens, j\u2019ai vu mon mal ne fait que s\u2019aggraver du jour au lendemain. Je suis all\u00e9 revoir un m\u00e9decin neurologue, il m&rsquo;a demand\u00e9 de faire l&rsquo;IRM ( imagerie m\u00e9dicale) m\u00e9dullaire, j&rsquo;ai fait \u00e7a, par la gr\u00e2ce de Dieu, on a d\u00e9tect\u00e9 le probl\u00e8me. On m&rsquo;a dit que j&rsquo;ai un probl\u00e8me m\u00e9dullaire. Donc, une hernie discale qui a comprim\u00e9 ma moelle \u00e9pini\u00e8re. Cette maladie m&#8217;emp\u00eache de faire mes activit\u00e9s quotidienne. Ce c\u00f4t\u00e9 m\u00eame (gauche) est affaibli. Je n&rsquo;ai pas de force pour remuer ce son c\u00f4t\u00e9 gauche et je n&rsquo;arrive pas \u00e0 sentir ce c\u00f4t\u00e9. Je n&rsquo;ai pas \u00e9quilibre au sol, j&rsquo;ai la respiration qui se bloque parfois. J&rsquo;ai la constipation aussi. Attraper une telle maladie \u00e0 cet \u00e2ge, \u00e7a me d\u00e9boussole et je ne sais pas \u00e0 quel saint se vouer\u201d, a-t-il expliqu\u00e9. <a href=\"https:\/\/universnews224.com\/wp-content\/uploads\/2025\/01\/20250105_174339-scaled.jpg\"><img loading=\"lazy\" class=\"alignnone size-medium wp-image-7274\" src=\"https:\/\/universnews224.com\/wp-content\/uploads\/2025\/01\/20250105_174339-300x169.jpg\" alt=\"\" width=\"300\" height=\"169\" srcset=\"https:\/\/universnews224.com\/wp-content\/uploads\/2025\/01\/20250105_174339-300x169.jpg 300w, https:\/\/universnews224.com\/wp-content\/uploads\/2025\/01\/20250105_174339-1024x576.jpg 1024w, https:\/\/universnews224.com\/wp-content\/uploads\/2025\/01\/20250105_174339-768x432.jpg 768w, https:\/\/universnews224.com\/wp-content\/uploads\/2025\/01\/20250105_174339-1536x864.jpg 1536w, https:\/\/universnews224.com\/wp-content\/uploads\/2025\/01\/20250105_174339-2048x1153.jpg 2048w, https:\/\/universnews224.com\/wp-content\/uploads\/2025\/01\/20250105_174339-800x450.jpg 800w\" sizes=\"(max-width: 300px) 100vw, 300px\" \/><\/a><\/p>\n<p>Aujourd&rsquo;hui, ce jeune orphelin de p\u00e8re et de m\u00e8re a trouv\u00e9 un m\u00e9decin sp\u00e9cialiste qui lui a propos\u00e9 une intervention chirurgicale.<\/p>\n<p>Mais, cette op\u00e9ration devrait co\u00fbter pr\u00e8s vingt deux millions de francs guin\u00e9ens (22 000 000) Malheureusement, Amadou Sidy Diallo n\u2019a pas cet argent. C\u2019est pourquoi, il sollicite l\u2019aide des personnes de bonne volont\u00e9, tr\u00e8s particuli\u00e8rement le chef de l&rsquo;\u00c9tat G\u00e9n\u00e9ral Mamadi Doumbouya de l\u2019aider \u00e0 faire cette op\u00e9ration pour se tirer de cette souffrance qui l\u2019accable depuis des mois. <a href=\"https:\/\/universnews224.com\/wp-content\/uploads\/2025\/01\/20250105_173435-scaled.jpg\"><img loading=\"lazy\" class=\"alignnone size-medium wp-image-7272\" src=\"https:\/\/universnews224.com\/wp-content\/uploads\/2025\/01\/20250105_173435-300x169.jpg\" alt=\"\" width=\"300\" height=\"169\" srcset=\"https:\/\/universnews224.com\/wp-content\/uploads\/2025\/01\/20250105_173435-300x169.jpg 300w, https:\/\/universnews224.com\/wp-content\/uploads\/2025\/01\/20250105_173435-1024x576.jpg 1024w, https:\/\/universnews224.com\/wp-content\/uploads\/2025\/01\/20250105_173435-768x432.jpg 768w, https:\/\/universnews224.com\/wp-content\/uploads\/2025\/01\/20250105_173435-1536x864.jpg 1536w, https:\/\/universnews224.com\/wp-content\/uploads\/2025\/01\/20250105_173435-2048x1153.jpg 2048w, https:\/\/universnews224.com\/wp-content\/uploads\/2025\/01\/20250105_173435-800x450.jpg 800w\" sizes=\"(max-width: 300px) 100vw, 300px\" \/><\/a>\u201cPour intervention chirurgicale, on m&rsquo;a demand\u00e9 d&rsquo;abord de trouver des mat\u00e9riels pour l&rsquo;op\u00e9ration. Et ces mat\u00e9riels-l\u00e0 co\u00fbtent seize millions trois cent mille francs guin\u00e9ens 16 300 000 et cette somme est trop colossale pour moi. Il y a aussi les frais pour la chirurgie, l\u00e0 aussi, \u00e7a co\u00fbte \u00e0 cinq millions cinq mille francs guin\u00e9ens 5 500 000. Donc, les deux (2) font pr\u00e8s de vingt deux millions (22 000 000). C\u2019est pourquoi, je lance un appel \u00e0 toutes personnes de bonne volont\u00e9, mais tr\u00e8s particuli\u00e8rement, le chef de l&rsquo;\u00c9tat, G\u00e9n\u00e9ral Mamadi Doumbouya de me venir en aide. Car, c&rsquo;est ma vie qui est danger. Avec cette intervention qui va jusqu&rsquo;\u00e0 pr\u00e8s de vingt deux millions de francs guin\u00e9ens, je ne peux pas tenir \u00e7a tout seul. Je suis orphelin de p\u00e8re et de m\u00e8re et je n&rsquo;ai pas de soutien, si vous ne venez pas en aide, je risque de finir dans un fauteuil roulant. Et c&rsquo;est maintenant qu&rsquo;il faut r\u00e9agir\u201d a-t-il implor\u00e9.<\/p>\n<p>&nbsp;<\/p>\n<p>\u00c0 signaler que Amadou Sidy Diallo est joignable au 625566149<\/p>\n<p>&nbsp;<\/p>\n<p>&nbsp;<\/p>\n<p>Kamara<\/p>\n<p>&nbsp;<\/p>\n<p>611 46 04 10<\/p>\n","protected":false},"excerpt":{"rendered":"<p>Dipl\u00f4m\u00e9 de licence\/d\u00e9partement Chimie de l&rsquo;universit\u00e9 de Kindia et domicili\u00e9 \u00e0 Bonfi, dans la commune<\/p>\n","protected":false},"author":2,"featured_media":7273,"comment_status":"closed","ping_status":"open","sticky":false,"template":"","format":"standard","meta":[],"categories":[3,5],"tags":[237],"yoast_head":"<!-- This site is optimized with the Yoast SEO plugin v19.13 - https:\/\/yoast.com\/wordpress\/plugins\/seo\/ -->\n<title>SOS pour Amadou Sidy Diallo: \u00c0 cause de 22 millions de francs guin\u00e9ens, ce jeune orphelin risque de finir sur un fauteuil roulant.\u00a0 - UNIVERSNEWS224<\/title>\n<meta name=\"robots\" content=\"index, follow, max-snippet:-1, max-image-preview:large, max-video-preview:-1\" \/>\n<link rel=\"canonical\" href=\"https:\/\/universnews224.com\/index.php\/sos-pour-amadou-sidy-diallo-a-cause-de-22-millions-de-francs-guineens-ce-jeune-orphelin-risque-de-finir-sur-un-fauteuil-roulant\/\" \/>\n<meta property=\"og:locale\" content=\"fr_FR\" \/>\n<meta property=\"og:type\" content=\"article\" \/>\n<meta property=\"og:title\" content=\"SOS pour Amadou Sidy Diallo: \u00c0 cause de 22 millions de francs guin\u00e9ens, ce jeune orphelin risque de finir sur un fauteuil roulant.\u00a0 - UNIVERSNEWS224\" \/>\n<meta property=\"og:description\" content=\"Dipl\u00f4m\u00e9 de licence\/d\u00e9partement Chimie de l&rsquo;universit\u00e9 de Kindia et domicili\u00e9 \u00e0 Bonfi, dans la commune\" \/>\n<meta property=\"og:url\" content=\"https:\/\/universnews224.com\/index.php\/sos-pour-amadou-sidy-diallo-a-cause-de-22-millions-de-francs-guineens-ce-jeune-orphelin-risque-de-finir-sur-un-fauteuil-roulant\/\" \/>\n<meta property=\"og:site_name\" content=\"UNIVERSNEWS224\" \/>\n<meta property=\"article:published_time\" content=\"2025-01-06T16:51:36+00:00\" \/>\n<meta property=\"og:image\" content=\"https:\/\/universnews224.com\/wp-content\/uploads\/2025\/01\/20250105_173459-scaled.jpg\" \/>\n\t<meta property=\"og:image:width\" content=\"2560\" \/>\n\t<meta property=\"og:image:height\" content=\"1441\" \/>\n\t<meta property=\"og:image:type\" content=\"image\/jpeg\" \/>\n<meta name=\"author\" content=\"La R\u00e9daction\" \/>\n<meta name=\"twitter:label1\" content=\"\u00c9crit par\" \/>\n\t<meta name=\"twitter:data1\" content=\"La R\u00e9daction\" \/>\n\t<meta name=\"twitter:label2\" content=\"Dur\u00e9e de lecture estim\u00e9e\" \/>\n\t<meta name=\"twitter:data2\" content=\"5 minutes\" \/>\n<script type=\"application\/ld+json\" class=\"yoast-schema-graph\">{\"@context\":\"https:\/\/schema.org\",\"@graph\":[{\"@type\":\"Article\",\"@id\":\"https:\/\/universnews224.com\/index.php\/sos-pour-amadou-sidy-diallo-a-cause-de-22-millions-de-francs-guineens-ce-jeune-orphelin-risque-de-finir-sur-un-fauteuil-roulant\/#article\",\"isPartOf\":{\"@id\":\"https:\/\/universnews224.com\/index.php\/sos-pour-amadou-sidy-diallo-a-cause-de-22-millions-de-francs-guineens-ce-jeune-orphelin-risque-de-finir-sur-un-fauteuil-roulant\/\"},\"author\":{\"name\":\"La R\u00e9daction\",\"@id\":\"https:\/\/universnews224.com\/#\/schema\/person\/a4b7d4f94a4716df60456a491260485e\"},\"headline\":\"SOS pour Amadou Sidy Diallo: \u00c0 cause de 22 millions de francs guin\u00e9ens, ce jeune orphelin risque de finir sur un fauteuil roulant.\u00a0\",\"datePublished\":\"2025-01-06T16:51:36+00:00\",\"dateModified\":\"2025-01-06T16:51:36+00:00\",\"mainEntityOfPage\":{\"@id\":\"https:\/\/universnews224.com\/index.php\/sos-pour-amadou-sidy-diallo-a-cause-de-22-millions-de-francs-guineens-ce-jeune-orphelin-risque-de-finir-sur-un-fauteuil-roulant\/\"},\"wordCount\":795,\"publisher\":{\"@id\":\"https:\/\/universnews224.com\/#organization\"},\"keywords\":[\"A la une\"],\"articleSection\":[\"ACTU\",\"SOCI\u00c9T\u00c9\"],\"inLanguage\":\"fr-FR\"},{\"@type\":\"WebPage\",\"@id\":\"https:\/\/universnews224.com\/index.php\/sos-pour-amadou-sidy-diallo-a-cause-de-22-millions-de-francs-guineens-ce-jeune-orphelin-risque-de-finir-sur-un-fauteuil-roulant\/\",\"url\":\"https:\/\/universnews224.com\/index.php\/sos-pour-amadou-sidy-diallo-a-cause-de-22-millions-de-francs-guineens-ce-jeune-orphelin-risque-de-finir-sur-un-fauteuil-roulant\/\",\"name\":\"SOS pour Amadou Sidy Diallo: \u00c0 cause de 22 millions de francs guin\u00e9ens, ce jeune orphelin risque de finir sur un fauteuil roulant.\u00a0 - UNIVERSNEWS224\",\"isPartOf\":{\"@id\":\"https:\/\/universnews224.com\/#website\"},\"datePublished\":\"2025-01-06T16:51:36+00:00\",\"dateModified\":\"2025-01-06T16:51:36+00:00\",\"inLanguage\":\"fr-FR\",\"potentialAction\":[{\"@type\":\"ReadAction\",\"target\":[\"https:\/\/universnews224.com\/index.php\/sos-pour-amadou-sidy-diallo-a-cause-de-22-millions-de-francs-guineens-ce-jeune-orphelin-risque-de-finir-sur-un-fauteuil-roulant\/\"]}]},{\"@type\":\"WebSite\",\"@id\":\"https:\/\/universnews224.com\/#website\",\"url\":\"https:\/\/universnews224.com\/\",\"name\":\"UNIVERSNEWS224\",\"description\":\"\",\"publisher\":{\"@id\":\"https:\/\/universnews224.com\/#organization\"},\"potentialAction\":[{\"@type\":\"SearchAction\",\"target\":{\"@type\":\"EntryPoint\",\"urlTemplate\":\"https:\/\/universnews224.com\/?s={search_term_string}\"},\"query-input\":\"required name=search_term_string\"}],\"inLanguage\":\"fr-FR\"},{\"@type\":\"Organization\",\"@id\":\"https:\/\/universnews224.com\/#organization\",\"name\":\"UNIVERSNEWS224\",\"url\":\"https:\/\/universnews224.com\/\",\"logo\":{\"@type\":\"ImageObject\",\"inLanguage\":\"fr-FR\",\"@id\":\"https:\/\/universnews224.com\/#\/schema\/logo\/image\/\",\"url\":\"https:\/\/universnews224.com\/wp-content\/uploads\/2022\/08\/cropped-cropped-logoban.jpg\",\"contentUrl\":\"https:\/\/universnews224.com\/wp-content\/uploads\/2022\/08\/cropped-cropped-logoban.jpg\",\"width\":1080,\"height\":138,\"caption\":\"UNIVERSNEWS224\"},\"image\":{\"@id\":\"https:\/\/universnews224.com\/#\/schema\/logo\/image\/\"}},{\"@type\":\"Person\",\"@id\":\"https:\/\/universnews224.com\/#\/schema\/person\/a4b7d4f94a4716df60456a491260485e\",\"name\":\"La R\u00e9daction\",\"image\":{\"@type\":\"ImageObject\",\"inLanguage\":\"fr-FR\",\"@id\":\"https:\/\/universnews224.com\/#\/schema\/person\/image\/\",\"url\":\"https:\/\/secure.gravatar.com\/avatar\/edb90acc7752b23e1b3307ad36c14f0d?s=96&d=mm&r=g\",\"contentUrl\":\"https:\/\/secure.gravatar.com\/avatar\/edb90acc7752b23e1b3307ad36c14f0d?s=96&d=mm&r=g\",\"caption\":\"La R\u00e9daction\"},\"sameAs\":[\"https:\/\/universnews224.com\"],\"url\":\"https:\/\/universnews224.com\/index.php\/author\/m-camara\/\"}]}<\/script>\n<!-- \/ Yoast SEO plugin. -->","yoast_head_json":{"title":"SOS pour Amadou Sidy Diallo: \u00c0 cause de 22 millions de francs guin\u00e9ens, ce jeune orphelin risque de finir sur un fauteuil roulant.\u00a0 - UNIVERSNEWS224","robots":{"index":"index","follow":"follow","max-snippet":"max-snippet:-1","max-image-preview":"max-image-preview:large","max-video-preview":"max-video-preview:-1"},"canonical":"https:\/\/universnews224.com\/index.php\/sos-pour-amadou-sidy-diallo-a-cause-de-22-millions-de-francs-guineens-ce-jeune-orphelin-risque-de-finir-sur-un-fauteuil-roulant\/","og_locale":"fr_FR","og_type":"article","og_title":"SOS pour Amadou Sidy Diallo: \u00c0 cause de 22 millions de francs guin\u00e9ens, ce jeune orphelin risque de finir sur un fauteuil roulant.\u00a0 - UNIVERSNEWS224","og_description":"Dipl\u00f4m\u00e9 de licence\/d\u00e9partement Chimie de l&rsquo;universit\u00e9 de Kindia et domicili\u00e9 \u00e0 Bonfi, dans la commune","og_url":"https:\/\/universnews224.com\/index.php\/sos-pour-amadou-sidy-diallo-a-cause-de-22-millions-de-francs-guineens-ce-jeune-orphelin-risque-de-finir-sur-un-fauteuil-roulant\/","og_site_name":"UNIVERSNEWS224","article_published_time":"2025-01-06T16:51:36+00:00","og_image":[{"width":2560,"height":1441,"url":"https:\/\/universnews224.com\/wp-content\/uploads\/2025\/01\/20250105_173459-scaled.jpg","type":"image\/jpeg"}],"author":"La R\u00e9daction","twitter_misc":{"\u00c9crit par":"La R\u00e9daction","Dur\u00e9e de lecture estim\u00e9e":"5 minutes"},"schema":{"@context":"https:\/\/schema.org","@graph":[{"@type":"Article","@id":"https:\/\/universnews224.com\/index.php\/sos-pour-amadou-sidy-diallo-a-cause-de-22-millions-de-francs-guineens-ce-jeune-orphelin-risque-de-finir-sur-un-fauteuil-roulant\/#article","isPartOf":{"@id":"https:\/\/universnews224.com\/index.php\/sos-pour-amadou-sidy-diallo-a-cause-de-22-millions-de-francs-guineens-ce-jeune-orphelin-risque-de-finir-sur-un-fauteuil-roulant\/"},"author":{"name":"La R\u00e9daction","@id":"https:\/\/universnews224.com\/#\/schema\/person\/a4b7d4f94a4716df60456a491260485e"},"headline":"SOS pour Amadou Sidy Diallo: \u00c0 cause de 22 millions de francs guin\u00e9ens, ce jeune orphelin risque de finir sur un fauteuil roulant.\u00a0","datePublished":"2025-01-06T16:51:36+00:00","dateModified":"2025-01-06T16:51:36+00:00","mainEntityOfPage":{"@id":"https:\/\/universnews224.com\/index.php\/sos-pour-amadou-sidy-diallo-a-cause-de-22-millions-de-francs-guineens-ce-jeune-orphelin-risque-de-finir-sur-un-fauteuil-roulant\/"},"wordCount":795,"publisher":{"@id":"https:\/\/universnews224.com\/#organization"},"keywords":["A la une"],"articleSection":["ACTU","SOCI\u00c9T\u00c9"],"inLanguage":"fr-FR"},{"@type":"WebPage","@id":"https:\/\/universnews224.com\/index.php\/sos-pour-amadou-sidy-diallo-a-cause-de-22-millions-de-francs-guineens-ce-jeune-orphelin-risque-de-finir-sur-un-fauteuil-roulant\/","url":"https:\/\/universnews224.com\/index.php\/sos-pour-amadou-sidy-diallo-a-cause-de-22-millions-de-francs-guineens-ce-jeune-orphelin-risque-de-finir-sur-un-fauteuil-roulant\/","name":"SOS pour Amadou Sidy Diallo: \u00c0 cause de 22 millions de francs guin\u00e9ens, ce jeune orphelin risque de finir sur un fauteuil roulant.\u00a0 - UNIVERSNEWS224","isPartOf":{"@id":"https:\/\/universnews224.com\/#website"},"datePublished":"2025-01-06T16:51:36+00:00","dateModified":"2025-01-06T16:51:36+00:00","inLanguage":"fr-FR","potentialAction":[{"@type":"ReadAction","target":["https:\/\/universnews224.com\/index.php\/sos-pour-amadou-sidy-diallo-a-cause-de-22-millions-de-francs-guineens-ce-jeune-orphelin-risque-de-finir-sur-un-fauteuil-roulant\/"]}]},{"@type":"WebSite","@id":"https:\/\/universnews224.com\/#website","url":"https:\/\/universnews224.com\/","name":"UNIVERSNEWS224","description":"","publisher":{"@id":"https:\/\/universnews224.com\/#organization"},"potentialAction":[{"@type":"SearchAction","target":{"@type":"EntryPoint","urlTemplate":"https:\/\/universnews224.com\/?s={search_term_string}"},"query-input":"required name=search_term_string"}],"inLanguage":"fr-FR"},{"@type":"Organization","@id":"https:\/\/universnews224.com\/#organization","name":"UNIVERSNEWS224","url":"https:\/\/universnews224.com\/","logo":{"@type":"ImageObject","inLanguage":"fr-FR","@id":"https:\/\/universnews224.com\/#\/schema\/logo\/image\/","url":"https:\/\/universnews224.com\/wp-content\/uploads\/2022\/08\/cropped-cropped-logoban.jpg","contentUrl":"https:\/\/universnews224.com\/wp-content\/uploads\/2022\/08\/cropped-cropped-logoban.jpg","width":1080,"height":138,"caption":"UNIVERSNEWS224"},"image":{"@id":"https:\/\/universnews224.com\/#\/schema\/logo\/image\/"}},{"@type":"Person","@id":"https:\/\/universnews224.com\/#\/schema\/person\/a4b7d4f94a4716df60456a491260485e","name":"La R\u00e9daction","image":{"@type":"ImageObject","inLanguage":"fr-FR","@id":"https:\/\/universnews224.com\/#\/schema\/person\/image\/","url":"https:\/\/secure.gravatar.com\/avatar\/edb90acc7752b23e1b3307ad36c14f0d?s=96&d=mm&r=g","contentUrl":"https:\/\/secure.gravatar.com\/avatar\/edb90acc7752b23e1b3307ad36c14f0d?s=96&d=mm&r=g","caption":"La R\u00e9daction"},"sameAs":["https:\/\/universnews224.com"],"url":"https:\/\/universnews224.com\/index.php\/author\/m-camara\/"}]}},"_links":{"self":[{"href":"https:\/\/universnews224.com\/index.php\/wp-json\/wp\/v2\/posts\/7271"}],"collection":[{"href":"https:\/\/universnews224.com\/index.php\/wp-json\/wp\/v2\/posts"}],"about":[{"href":"https:\/\/universnews224.com\/index.php\/wp-json\/wp\/v2\/types\/post"}],"author":[{"embeddable":true,"href":"https:\/\/universnews224.com\/index.php\/wp-json\/wp\/v2\/users\/2"}],"replies":[{"embeddable":true,"href":"https:\/\/universnews224.com\/index.php\/wp-json\/wp\/v2\/comments?post=7271"}],"version-history":[{"count":1,"href":"https:\/\/universnews224.com\/index.php\/wp-json\/wp\/v2\/posts\/7271\/revisions"}],"predecessor-version":[{"id":7275,"href":"https:\/\/universnews224.com\/index.php\/wp-json\/wp\/v2\/posts\/7271\/revisions\/7275"}],"wp:featuredmedia":[{"embeddable":true,"href":"https:\/\/universnews224.com\/index.php\/wp-json\/wp\/v2\/media\/7273"}],"wp:attachment":[{"href":"https:\/\/universnews224.com\/index.php\/wp-json\/wp\/v2\/media?parent=7271"}],"wp:term":[{"taxonomy":"category","embeddable":true,"href":"https:\/\/universnews224.com\/index.php\/wp-json\/wp\/v2\/categories?post=7271"},{"taxonomy":"post_tag","embeddable":true,"href":"https:\/\/universnews224.com\/index.php\/wp-json\/wp\/v2\/tags?post=7271"}],"curies":[{"name":"wp","href":"https:\/\/api.w.org\/{rel}","templated":true}]}}