{"id":7276,"date":"2025-01-06T17:59:13","date_gmt":"2025-01-06T16:59:13","guid":{"rendered":"https:\/\/universnews224.com\/?p=7276"},"modified":"2025-01-06T17:59:13","modified_gmt":"2025-01-06T16:59:13","slug":"investiture-de-john-dramani-mahama-doumbouya-sera-demain-a-accra","status":"publish","type":"post","link":"https:\/\/universnews224.com\/index.php\/investiture-de-john-dramani-mahama-doumbouya-sera-demain-a-accra\/","title":{"rendered":"Investiture de John Dramani Mahama : Doumbouya sera demain \u00e0 Accra"},"content":{"rendered":"<p id=\"docs-internal-guid-291b1d16-7fff-fe42-4e32-d6ad22d33041\" dir=\"ltr\" style=\"line-height: 1.38;margin-top: 0.0pt;margin-bottom: 0.0pt\">\n<p dir=\"ltr\" style=\"line-height: 1.38;margin-top: 0.0pt;margin-bottom: 0.0pt\"><span style=\"font-size: 11pt;font-family: Arial, sans-serif;color: #000000;background-color: transparent;vertical-align: baseline\">Le chef de l\u2019Etat guin\u00e9en le g\u00e9n\u00e9ral Mamadi Doumbouya est attendu demain mardi, 7 janvier pour Accra, capitale de la r\u00e9publique du Ghana.<\/span><\/p>\n<p dir=\"ltr\">\n<p dir=\"ltr\" style=\"line-height: 1.38;margin-top: 0.0pt;margin-bottom: 0.0pt\"><span style=\"font-size: 11pt;font-family: Arial, sans-serif;color: #000000;background-color: transparent;vertical-align: baseline\">\u201cDans un esprit panafricain, le Pr\u00e9sident de la R\u00e9publique, Chef de l\u2019\u00c9tat, Son Excellence le G\u00e9n\u00e9ral Mamadi DOUMBOUYA quittera Conakry ce Mardi le 07 Janvier 2025 pour prendre part, le m\u00eame jour, \u00e0 la c\u00e9r\u00e9monie d\u2019investiture du Pr\u00e9sident de la R\u00e9publique du Ghana, Son Excellence Monsieur John Dramani MAHAMA \u00bb, a indiqu\u00e9 la Pr\u00e9sidence de la r\u00e9publique dans un communiqu\u00e9 sign\u00e9 du cabinet civil. Ajoutant que le \u00ab c\u00e9r\u00e9monial de d\u00e9part pr\u00e9vu \u00e0 07 heures 00 \u00e0 l\u2019A\u00e9roport International Ahmed S\u00e9kou TOUR\u00c9 \u00bb.<a href=\"https:\/\/universnews224.com\/wp-content\/uploads\/2025\/01\/FB_IMG_1736178887960.jpg\"><img loading=\"lazy\" class=\"alignnone size-medium wp-image-7277\" src=\"https:\/\/universnews224.com\/wp-content\/uploads\/2025\/01\/FB_IMG_1736178887960-218x300.jpg\" alt=\"\" width=\"218\" height=\"300\" srcset=\"https:\/\/universnews224.com\/wp-content\/uploads\/2025\/01\/FB_IMG_1736178887960-218x300.jpg 218w, https:\/\/universnews224.com\/wp-content\/uploads\/2025\/01\/FB_IMG_1736178887960-745x1024.jpg 745w, https:\/\/universnews224.com\/wp-content\/uploads\/2025\/01\/FB_IMG_1736178887960-768x1055.jpg 768w, https:\/\/universnews224.com\/wp-content\/uploads\/2025\/01\/FB_IMG_1736178887960.jpg 1080w\" sizes=\"(max-width: 218px) 100vw, 218px\" \/><\/a><\/span><\/p>\n<p>&nbsp;<\/p>\n","protected":false},"excerpt":{"rendered":"<p>Le chef de l\u2019Etat guin\u00e9en le g\u00e9n\u00e9ral Mamadi Doumbouya est attendu demain mardi, 7 janvier<\/p>\n","protected":false},"author":2,"featured_media":6407,"comment_status":"closed","ping_status":"open","sticky":false,"template":"","format":"standard","meta":[],"categories":[3,5],"tags":[237],"yoast_head":"<!-- This site is optimized with the Yoast SEO plugin v19.13 - https:\/\/yoast.com\/wordpress\/plugins\/seo\/ -->\n<title>Investiture de John Dramani Mahama : Doumbouya sera demain \u00e0 Accra - UNIVERSNEWS224<\/title>\n<meta name=\"robots\" content=\"index, follow, max-snippet:-1, max-image-preview:large, max-video-preview:-1\" \/>\n<link rel=\"canonical\" href=\"https:\/\/universnews224.com\/index.php\/investiture-de-john-dramani-mahama-doumbouya-sera-demain-a-accra\/\" \/>\n<meta property=\"og:locale\" content=\"fr_FR\" \/>\n<meta property=\"og:type\" content=\"article\" \/>\n<meta property=\"og:title\" content=\"Investiture de John Dramani Mahama : Doumbouya sera demain \u00e0 Accra - UNIVERSNEWS224\" \/>\n<meta property=\"og:description\" content=\"Le chef de l\u2019Etat guin\u00e9en le g\u00e9n\u00e9ral Mamadi Doumbouya est attendu demain mardi, 7 janvier\" \/>\n<meta property=\"og:url\" content=\"https:\/\/universnews224.com\/index.php\/investiture-de-john-dramani-mahama-doumbouya-sera-demain-a-accra\/\" \/>\n<meta property=\"og:site_name\" content=\"UNIVERSNEWS224\" \/>\n<meta property=\"article:published_time\" content=\"2025-01-06T16:59:13+00:00\" \/>\n<meta property=\"og:image\" content=\"https:\/\/universnews224.com\/wp-content\/uploads\/2024\/09\/Mamadi-Doumbouya-1.jpg\" \/>\n\t<meta property=\"og:image:width\" content=\"700\" \/>\n\t<meta property=\"og:image:height\" content=\"319\" \/>\n\t<meta property=\"og:image:type\" content=\"image\/jpeg\" \/>\n<meta name=\"author\" content=\"La R\u00e9daction\" \/>\n<meta name=\"twitter:label1\" content=\"\u00c9crit par\" \/>\n\t<meta name=\"twitter:data1\" content=\"La R\u00e9daction\" \/>\n\t<meta name=\"twitter:label2\" content=\"Dur\u00e9e de lecture estim\u00e9e\" \/>\n\t<meta name=\"twitter:data2\" content=\"1 minute\" \/>\n<script type=\"application\/ld+json\" class=\"yoast-schema-graph\">{\"@context\":\"https:\/\/schema.org\",\"@graph\":[{\"@type\":\"Article\",\"@id\":\"https:\/\/universnews224.com\/index.php\/investiture-de-john-dramani-mahama-doumbouya-sera-demain-a-accra\/#article\",\"isPartOf\":{\"@id\":\"https:\/\/universnews224.com\/index.php\/investiture-de-john-dramani-mahama-doumbouya-sera-demain-a-accra\/\"},\"author\":{\"name\":\"La R\u00e9daction\",\"@id\":\"https:\/\/universnews224.com\/#\/schema\/person\/a4b7d4f94a4716df60456a491260485e\"},\"headline\":\"Investiture de John Dramani Mahama : Doumbouya sera demain \u00e0 Accra\",\"datePublished\":\"2025-01-06T16:59:13+00:00\",\"dateModified\":\"2025-01-06T16:59:13+00:00\",\"mainEntityOfPage\":{\"@id\":\"https:\/\/universnews224.com\/index.php\/investiture-de-john-dramani-mahama-doumbouya-sera-demain-a-accra\/\"},\"wordCount\":130,\"publisher\":{\"@id\":\"https:\/\/universnews224.com\/#organization\"},\"keywords\":[\"A la une\"],\"articleSection\":[\"ACTU\",\"SOCI\u00c9T\u00c9\"],\"inLanguage\":\"fr-FR\"},{\"@type\":\"WebPage\",\"@id\":\"https:\/\/universnews224.com\/index.php\/investiture-de-john-dramani-mahama-doumbouya-sera-demain-a-accra\/\",\"url\":\"https:\/\/universnews224.com\/index.php\/investiture-de-john-dramani-mahama-doumbouya-sera-demain-a-accra\/\",\"name\":\"Investiture de John Dramani Mahama : Doumbouya sera demain \u00e0 Accra - UNIVERSNEWS224\",\"isPartOf\":{\"@id\":\"https:\/\/universnews224.com\/#website\"},\"datePublished\":\"2025-01-06T16:59:13+00:00\",\"dateModified\":\"2025-01-06T16:59:13+00:00\",\"inLanguage\":\"fr-FR\",\"potentialAction\":[{\"@type\":\"ReadAction\",\"target\":[\"https:\/\/universnews224.com\/index.php\/investiture-de-john-dramani-mahama-doumbouya-sera-demain-a-accra\/\"]}]},{\"@type\":\"WebSite\",\"@id\":\"https:\/\/universnews224.com\/#website\",\"url\":\"https:\/\/universnews224.com\/\",\"name\":\"UNIVERSNEWS224\",\"description\":\"\",\"publisher\":{\"@id\":\"https:\/\/universnews224.com\/#organization\"},\"potentialAction\":[{\"@type\":\"SearchAction\",\"target\":{\"@type\":\"EntryPoint\",\"urlTemplate\":\"https:\/\/universnews224.com\/?s={search_term_string}\"},\"query-input\":\"required name=search_term_string\"}],\"inLanguage\":\"fr-FR\"},{\"@type\":\"Organization\",\"@id\":\"https:\/\/universnews224.com\/#organization\",\"name\":\"UNIVERSNEWS224\",\"url\":\"https:\/\/universnews224.com\/\",\"logo\":{\"@type\":\"ImageObject\",\"inLanguage\":\"fr-FR\",\"@id\":\"https:\/\/universnews224.com\/#\/schema\/logo\/image\/\",\"url\":\"https:\/\/universnews224.com\/wp-content\/uploads\/2022\/08\/cropped-cropped-logoban.jpg\",\"contentUrl\":\"https:\/\/universnews224.com\/wp-content\/uploads\/2022\/08\/cropped-cropped-logoban.jpg\",\"width\":1080,\"height\":138,\"caption\":\"UNIVERSNEWS224\"},\"image\":{\"@id\":\"https:\/\/universnews224.com\/#\/schema\/logo\/image\/\"}},{\"@type\":\"Person\",\"@id\":\"https:\/\/universnews224.com\/#\/schema\/person\/a4b7d4f94a4716df60456a491260485e\",\"name\":\"La R\u00e9daction\",\"image\":{\"@type\":\"ImageObject\",\"inLanguage\":\"fr-FR\",\"@id\":\"https:\/\/universnews224.com\/#\/schema\/person\/image\/\",\"url\":\"https:\/\/secure.gravatar.com\/avatar\/edb90acc7752b23e1b3307ad36c14f0d?s=96&d=mm&r=g\",\"contentUrl\":\"https:\/\/secure.gravatar.com\/avatar\/edb90acc7752b23e1b3307ad36c14f0d?s=96&d=mm&r=g\",\"caption\":\"La R\u00e9daction\"},\"sameAs\":[\"https:\/\/universnews224.com\"],\"url\":\"https:\/\/universnews224.com\/index.php\/author\/m-camara\/\"}]}<\/script>\n<!-- \/ Yoast SEO plugin. -->","yoast_head_json":{"title":"Investiture de John Dramani Mahama : Doumbouya sera demain \u00e0 Accra - UNIVERSNEWS224","robots":{"index":"index","follow":"follow","max-snippet":"max-snippet:-1","max-image-preview":"max-image-preview:large","max-video-preview":"max-video-preview:-1"},"canonical":"https:\/\/universnews224.com\/index.php\/investiture-de-john-dramani-mahama-doumbouya-sera-demain-a-accra\/","og_locale":"fr_FR","og_type":"article","og_title":"Investiture de John Dramani Mahama : Doumbouya sera demain \u00e0 Accra - UNIVERSNEWS224","og_description":"Le chef de l\u2019Etat guin\u00e9en le g\u00e9n\u00e9ral Mamadi Doumbouya est attendu demain mardi, 7 janvier","og_url":"https:\/\/universnews224.com\/index.php\/investiture-de-john-dramani-mahama-doumbouya-sera-demain-a-accra\/","og_site_name":"UNIVERSNEWS224","article_published_time":"2025-01-06T16:59:13+00:00","og_image":[{"width":700,"height":319,"url":"https:\/\/universnews224.com\/wp-content\/uploads\/2024\/09\/Mamadi-Doumbouya-1.jpg","type":"image\/jpeg"}],"author":"La R\u00e9daction","twitter_misc":{"\u00c9crit par":"La R\u00e9daction","Dur\u00e9e de lecture estim\u00e9e":"1 minute"},"schema":{"@context":"https:\/\/schema.org","@graph":[{"@type":"Article","@id":"https:\/\/universnews224.com\/index.php\/investiture-de-john-dramani-mahama-doumbouya-sera-demain-a-accra\/#article","isPartOf":{"@id":"https:\/\/universnews224.com\/index.php\/investiture-de-john-dramani-mahama-doumbouya-sera-demain-a-accra\/"},"author":{"name":"La R\u00e9daction","@id":"https:\/\/universnews224.com\/#\/schema\/person\/a4b7d4f94a4716df60456a491260485e"},"headline":"Investiture de John Dramani Mahama : Doumbouya sera demain \u00e0 Accra","datePublished":"2025-01-06T16:59:13+00:00","dateModified":"2025-01-06T16:59:13+00:00","mainEntityOfPage":{"@id":"https:\/\/universnews224.com\/index.php\/investiture-de-john-dramani-mahama-doumbouya-sera-demain-a-accra\/"},"wordCount":130,"publisher":{"@id":"https:\/\/universnews224.com\/#organization"},"keywords":["A la une"],"articleSection":["ACTU","SOCI\u00c9T\u00c9"],"inLanguage":"fr-FR"},{"@type":"WebPage","@id":"https:\/\/universnews224.com\/index.php\/investiture-de-john-dramani-mahama-doumbouya-sera-demain-a-accra\/","url":"https:\/\/universnews224.com\/index.php\/investiture-de-john-dramani-mahama-doumbouya-sera-demain-a-accra\/","name":"Investiture de John Dramani Mahama : Doumbouya sera demain \u00e0 Accra - UNIVERSNEWS224","isPartOf":{"@id":"https:\/\/universnews224.com\/#website"},"datePublished":"2025-01-06T16:59:13+00:00","dateModified":"2025-01-06T16:59:13+00:00","inLanguage":"fr-FR","potentialAction":[{"@type":"ReadAction","target":["https:\/\/universnews224.com\/index.php\/investiture-de-john-dramani-mahama-doumbouya-sera-demain-a-accra\/"]}]},{"@type":"WebSite","@id":"https:\/\/universnews224.com\/#website","url":"https:\/\/universnews224.com\/","name":"UNIVERSNEWS224","description":"","publisher":{"@id":"https:\/\/universnews224.com\/#organization"},"potentialAction":[{"@type":"SearchAction","target":{"@type":"EntryPoint","urlTemplate":"https:\/\/universnews224.com\/?s={search_term_string}"},"query-input":"required name=search_term_string"}],"inLanguage":"fr-FR"},{"@type":"Organization","@id":"https:\/\/universnews224.com\/#organization","name":"UNIVERSNEWS224","url":"https:\/\/universnews224.com\/","logo":{"@type":"ImageObject","inLanguage":"fr-FR","@id":"https:\/\/universnews224.com\/#\/schema\/logo\/image\/","url":"https:\/\/universnews224.com\/wp-content\/uploads\/2022\/08\/cropped-cropped-logoban.jpg","contentUrl":"https:\/\/universnews224.com\/wp-content\/uploads\/2022\/08\/cropped-cropped-logoban.jpg","width":1080,"height":138,"caption":"UNIVERSNEWS224"},"image":{"@id":"https:\/\/universnews224.com\/#\/schema\/logo\/image\/"}},{"@type":"Person","@id":"https:\/\/universnews224.com\/#\/schema\/person\/a4b7d4f94a4716df60456a491260485e","name":"La R\u00e9daction","image":{"@type":"ImageObject","inLanguage":"fr-FR","@id":"https:\/\/universnews224.com\/#\/schema\/person\/image\/","url":"https:\/\/secure.gravatar.com\/avatar\/edb90acc7752b23e1b3307ad36c14f0d?s=96&d=mm&r=g","contentUrl":"https:\/\/secure.gravatar.com\/avatar\/edb90acc7752b23e1b3307ad36c14f0d?s=96&d=mm&r=g","caption":"La R\u00e9daction"},"sameAs":["https:\/\/universnews224.com"],"url":"https:\/\/universnews224.com\/index.php\/author\/m-camara\/"}]}},"_links":{"self":[{"href":"https:\/\/universnews224.com\/index.php\/wp-json\/wp\/v2\/posts\/7276"}],"collection":[{"href":"https:\/\/universnews224.com\/index.php\/wp-json\/wp\/v2\/posts"}],"about":[{"href":"https:\/\/universnews224.com\/index.php\/wp-json\/wp\/v2\/types\/post"}],"author":[{"embeddable":true,"href":"https:\/\/universnews224.com\/index.php\/wp-json\/wp\/v2\/users\/2"}],"replies":[{"embeddable":true,"href":"https:\/\/universnews224.com\/index.php\/wp-json\/wp\/v2\/comments?post=7276"}],"version-history":[{"count":1,"href":"https:\/\/universnews224.com\/index.php\/wp-json\/wp\/v2\/posts\/7276\/revisions"}],"predecessor-version":[{"id":7278,"href":"https:\/\/universnews224.com\/index.php\/wp-json\/wp\/v2\/posts\/7276\/revisions\/7278"}],"wp:featuredmedia":[{"embeddable":true,"href":"https:\/\/universnews224.com\/index.php\/wp-json\/wp\/v2\/media\/6407"}],"wp:attachment":[{"href":"https:\/\/universnews224.com\/index.php\/wp-json\/wp\/v2\/media?parent=7276"}],"wp:term":[{"taxonomy":"category","embeddable":true,"href":"https:\/\/universnews224.com\/index.php\/wp-json\/wp\/v2\/categories?post=7276"},{"taxonomy":"post_tag","embeddable":true,"href":"https:\/\/universnews224.com\/index.php\/wp-json\/wp\/v2\/tags?post=7276"}],"curies":[{"name":"wp","href":"https:\/\/api.w.org\/{rel}","templated":true}]}}