{"id":7279,"date":"2025-01-07T19:08:41","date_gmt":"2025-01-07T18:08:41","guid":{"rendered":"https:\/\/universnews224.com\/?p=7279"},"modified":"2025-01-07T19:08:41","modified_gmt":"2025-01-07T18:08:41","slug":"urgent-aliou-bah-ecope-de-deux-ans-de-prison-ferme","status":"publish","type":"post","link":"https:\/\/universnews224.com\/index.php\/urgent-aliou-bah-ecope-de-deux-ans-de-prison-ferme\/","title":{"rendered":"Urgent: Aliou Bah \u00e9cope de deux ans de prison ferme\u00a0"},"content":{"rendered":"<p>Le verdict tant attendu est finalement tomb\u00e9 ce mardi 7 janvier 2025, au tribunal de premi\u00e8re instance de Kaloum. Le leader du MoDeL, poursuivi pour offense et diffamation \u00e0 l\u2019encontre du chef de l\u2019Etat par le biais d\u2019un syst\u00e8me informatique, \u00e9cope d\u2019une condamnation de 2 ans de prison ferme.<\/p>\n<p>&nbsp;<\/p>\n<p>Le pr\u00e9sident du tribunal a vraisemblablement donn\u00e9 suite aux r\u00e9quisitions du parquet. Aliou Bah et ses avocats ont 15 jours pour relever appel de cette d\u00e9cision.<\/p>\n<p>R\u00e9daction<\/p>\n<p><span class=\"post-title\">\u00a0<\/span><\/p>\n","protected":false},"excerpt":{"rendered":"<p>Le verdict tant attendu est finalement tomb\u00e9 ce mardi 7 janvier 2025, au tribunal de<\/p>\n","protected":false},"author":2,"featured_media":7280,"comment_status":"closed","ping_status":"open","sticky":false,"template":"","format":"standard","meta":[],"categories":[3,4],"tags":[237],"yoast_head":"<!-- This site is optimized with the Yoast SEO plugin v19.13 - https:\/\/yoast.com\/wordpress\/plugins\/seo\/ -->\n<title>Urgent: Aliou Bah \u00e9cope de deux ans de prison ferme\u00a0 - UNIVERSNEWS224<\/title>\n<meta name=\"robots\" content=\"index, follow, max-snippet:-1, max-image-preview:large, max-video-preview:-1\" \/>\n<link rel=\"canonical\" href=\"https:\/\/universnews224.com\/index.php\/urgent-aliou-bah-ecope-de-deux-ans-de-prison-ferme\/\" \/>\n<meta property=\"og:locale\" content=\"fr_FR\" \/>\n<meta property=\"og:type\" content=\"article\" \/>\n<meta property=\"og:title\" content=\"Urgent: Aliou Bah \u00e9cope de deux ans de prison ferme\u00a0 - UNIVERSNEWS224\" \/>\n<meta property=\"og:description\" content=\"Le verdict tant attendu est finalement tomb\u00e9 ce mardi 7 janvier 2025, au tribunal de\" \/>\n<meta property=\"og:url\" content=\"https:\/\/universnews224.com\/index.php\/urgent-aliou-bah-ecope-de-deux-ans-de-prison-ferme\/\" \/>\n<meta property=\"og:site_name\" content=\"UNIVERSNEWS224\" \/>\n<meta property=\"article:published_time\" content=\"2025-01-07T18:08:41+00:00\" \/>\n<meta property=\"og:image\" content=\"https:\/\/universnews224.com\/wp-content\/uploads\/2025\/01\/IMG-20250107-WA0000-720x375-1.jpg\" \/>\n\t<meta property=\"og:image:width\" content=\"720\" \/>\n\t<meta property=\"og:image:height\" content=\"375\" \/>\n\t<meta property=\"og:image:type\" content=\"image\/jpeg\" \/>\n<meta name=\"author\" content=\"La R\u00e9daction\" \/>\n<meta name=\"twitter:label1\" content=\"\u00c9crit par\" \/>\n\t<meta name=\"twitter:data1\" content=\"La R\u00e9daction\" \/>\n\t<meta name=\"twitter:label2\" content=\"Dur\u00e9e de lecture estim\u00e9e\" \/>\n\t<meta name=\"twitter:data2\" content=\"1 minute\" \/>\n<script type=\"application\/ld+json\" class=\"yoast-schema-graph\">{\"@context\":\"https:\/\/schema.org\",\"@graph\":[{\"@type\":\"Article\",\"@id\":\"https:\/\/universnews224.com\/index.php\/urgent-aliou-bah-ecope-de-deux-ans-de-prison-ferme\/#article\",\"isPartOf\":{\"@id\":\"https:\/\/universnews224.com\/index.php\/urgent-aliou-bah-ecope-de-deux-ans-de-prison-ferme\/\"},\"author\":{\"name\":\"La R\u00e9daction\",\"@id\":\"https:\/\/universnews224.com\/#\/schema\/person\/a4b7d4f94a4716df60456a491260485e\"},\"headline\":\"Urgent: Aliou Bah \u00e9cope de deux ans de prison ferme\u00a0\",\"datePublished\":\"2025-01-07T18:08:41+00:00\",\"dateModified\":\"2025-01-07T18:08:41+00:00\",\"mainEntityOfPage\":{\"@id\":\"https:\/\/universnews224.com\/index.php\/urgent-aliou-bah-ecope-de-deux-ans-de-prison-ferme\/\"},\"wordCount\":92,\"publisher\":{\"@id\":\"https:\/\/universnews224.com\/#organization\"},\"keywords\":[\"A la une\"],\"articleSection\":[\"ACTU\",\"POLITIQUE\"],\"inLanguage\":\"fr-FR\"},{\"@type\":\"WebPage\",\"@id\":\"https:\/\/universnews224.com\/index.php\/urgent-aliou-bah-ecope-de-deux-ans-de-prison-ferme\/\",\"url\":\"https:\/\/universnews224.com\/index.php\/urgent-aliou-bah-ecope-de-deux-ans-de-prison-ferme\/\",\"name\":\"Urgent: Aliou Bah \u00e9cope de deux ans de prison ferme\u00a0 - UNIVERSNEWS224\",\"isPartOf\":{\"@id\":\"https:\/\/universnews224.com\/#website\"},\"datePublished\":\"2025-01-07T18:08:41+00:00\",\"dateModified\":\"2025-01-07T18:08:41+00:00\",\"inLanguage\":\"fr-FR\",\"potentialAction\":[{\"@type\":\"ReadAction\",\"target\":[\"https:\/\/universnews224.com\/index.php\/urgent-aliou-bah-ecope-de-deux-ans-de-prison-ferme\/\"]}]},{\"@type\":\"WebSite\",\"@id\":\"https:\/\/universnews224.com\/#website\",\"url\":\"https:\/\/universnews224.com\/\",\"name\":\"UNIVERSNEWS224\",\"description\":\"\",\"publisher\":{\"@id\":\"https:\/\/universnews224.com\/#organization\"},\"potentialAction\":[{\"@type\":\"SearchAction\",\"target\":{\"@type\":\"EntryPoint\",\"urlTemplate\":\"https:\/\/universnews224.com\/?s={search_term_string}\"},\"query-input\":\"required name=search_term_string\"}],\"inLanguage\":\"fr-FR\"},{\"@type\":\"Organization\",\"@id\":\"https:\/\/universnews224.com\/#organization\",\"name\":\"UNIVERSNEWS224\",\"url\":\"https:\/\/universnews224.com\/\",\"logo\":{\"@type\":\"ImageObject\",\"inLanguage\":\"fr-FR\",\"@id\":\"https:\/\/universnews224.com\/#\/schema\/logo\/image\/\",\"url\":\"https:\/\/universnews224.com\/wp-content\/uploads\/2022\/08\/cropped-cropped-logoban.jpg\",\"contentUrl\":\"https:\/\/universnews224.com\/wp-content\/uploads\/2022\/08\/cropped-cropped-logoban.jpg\",\"width\":1080,\"height\":138,\"caption\":\"UNIVERSNEWS224\"},\"image\":{\"@id\":\"https:\/\/universnews224.com\/#\/schema\/logo\/image\/\"}},{\"@type\":\"Person\",\"@id\":\"https:\/\/universnews224.com\/#\/schema\/person\/a4b7d4f94a4716df60456a491260485e\",\"name\":\"La R\u00e9daction\",\"image\":{\"@type\":\"ImageObject\",\"inLanguage\":\"fr-FR\",\"@id\":\"https:\/\/universnews224.com\/#\/schema\/person\/image\/\",\"url\":\"https:\/\/secure.gravatar.com\/avatar\/edb90acc7752b23e1b3307ad36c14f0d?s=96&d=mm&r=g\",\"contentUrl\":\"https:\/\/secure.gravatar.com\/avatar\/edb90acc7752b23e1b3307ad36c14f0d?s=96&d=mm&r=g\",\"caption\":\"La R\u00e9daction\"},\"sameAs\":[\"https:\/\/universnews224.com\"],\"url\":\"https:\/\/universnews224.com\/index.php\/author\/m-camara\/\"}]}<\/script>\n<!-- \/ Yoast SEO plugin. -->","yoast_head_json":{"title":"Urgent: Aliou Bah \u00e9cope de deux ans de prison ferme\u00a0 - UNIVERSNEWS224","robots":{"index":"index","follow":"follow","max-snippet":"max-snippet:-1","max-image-preview":"max-image-preview:large","max-video-preview":"max-video-preview:-1"},"canonical":"https:\/\/universnews224.com\/index.php\/urgent-aliou-bah-ecope-de-deux-ans-de-prison-ferme\/","og_locale":"fr_FR","og_type":"article","og_title":"Urgent: Aliou Bah \u00e9cope de deux ans de prison ferme\u00a0 - UNIVERSNEWS224","og_description":"Le verdict tant attendu est finalement tomb\u00e9 ce mardi 7 janvier 2025, au tribunal de","og_url":"https:\/\/universnews224.com\/index.php\/urgent-aliou-bah-ecope-de-deux-ans-de-prison-ferme\/","og_site_name":"UNIVERSNEWS224","article_published_time":"2025-01-07T18:08:41+00:00","og_image":[{"width":720,"height":375,"url":"https:\/\/universnews224.com\/wp-content\/uploads\/2025\/01\/IMG-20250107-WA0000-720x375-1.jpg","type":"image\/jpeg"}],"author":"La R\u00e9daction","twitter_misc":{"\u00c9crit par":"La R\u00e9daction","Dur\u00e9e de lecture estim\u00e9e":"1 minute"},"schema":{"@context":"https:\/\/schema.org","@graph":[{"@type":"Article","@id":"https:\/\/universnews224.com\/index.php\/urgent-aliou-bah-ecope-de-deux-ans-de-prison-ferme\/#article","isPartOf":{"@id":"https:\/\/universnews224.com\/index.php\/urgent-aliou-bah-ecope-de-deux-ans-de-prison-ferme\/"},"author":{"name":"La R\u00e9daction","@id":"https:\/\/universnews224.com\/#\/schema\/person\/a4b7d4f94a4716df60456a491260485e"},"headline":"Urgent: Aliou Bah \u00e9cope de deux ans de prison ferme\u00a0","datePublished":"2025-01-07T18:08:41+00:00","dateModified":"2025-01-07T18:08:41+00:00","mainEntityOfPage":{"@id":"https:\/\/universnews224.com\/index.php\/urgent-aliou-bah-ecope-de-deux-ans-de-prison-ferme\/"},"wordCount":92,"publisher":{"@id":"https:\/\/universnews224.com\/#organization"},"keywords":["A la une"],"articleSection":["ACTU","POLITIQUE"],"inLanguage":"fr-FR"},{"@type":"WebPage","@id":"https:\/\/universnews224.com\/index.php\/urgent-aliou-bah-ecope-de-deux-ans-de-prison-ferme\/","url":"https:\/\/universnews224.com\/index.php\/urgent-aliou-bah-ecope-de-deux-ans-de-prison-ferme\/","name":"Urgent: Aliou Bah \u00e9cope de deux ans de prison ferme\u00a0 - UNIVERSNEWS224","isPartOf":{"@id":"https:\/\/universnews224.com\/#website"},"datePublished":"2025-01-07T18:08:41+00:00","dateModified":"2025-01-07T18:08:41+00:00","inLanguage":"fr-FR","potentialAction":[{"@type":"ReadAction","target":["https:\/\/universnews224.com\/index.php\/urgent-aliou-bah-ecope-de-deux-ans-de-prison-ferme\/"]}]},{"@type":"WebSite","@id":"https:\/\/universnews224.com\/#website","url":"https:\/\/universnews224.com\/","name":"UNIVERSNEWS224","description":"","publisher":{"@id":"https:\/\/universnews224.com\/#organization"},"potentialAction":[{"@type":"SearchAction","target":{"@type":"EntryPoint","urlTemplate":"https:\/\/universnews224.com\/?s={search_term_string}"},"query-input":"required name=search_term_string"}],"inLanguage":"fr-FR"},{"@type":"Organization","@id":"https:\/\/universnews224.com\/#organization","name":"UNIVERSNEWS224","url":"https:\/\/universnews224.com\/","logo":{"@type":"ImageObject","inLanguage":"fr-FR","@id":"https:\/\/universnews224.com\/#\/schema\/logo\/image\/","url":"https:\/\/universnews224.com\/wp-content\/uploads\/2022\/08\/cropped-cropped-logoban.jpg","contentUrl":"https:\/\/universnews224.com\/wp-content\/uploads\/2022\/08\/cropped-cropped-logoban.jpg","width":1080,"height":138,"caption":"UNIVERSNEWS224"},"image":{"@id":"https:\/\/universnews224.com\/#\/schema\/logo\/image\/"}},{"@type":"Person","@id":"https:\/\/universnews224.com\/#\/schema\/person\/a4b7d4f94a4716df60456a491260485e","name":"La R\u00e9daction","image":{"@type":"ImageObject","inLanguage":"fr-FR","@id":"https:\/\/universnews224.com\/#\/schema\/person\/image\/","url":"https:\/\/secure.gravatar.com\/avatar\/edb90acc7752b23e1b3307ad36c14f0d?s=96&d=mm&r=g","contentUrl":"https:\/\/secure.gravatar.com\/avatar\/edb90acc7752b23e1b3307ad36c14f0d?s=96&d=mm&r=g","caption":"La R\u00e9daction"},"sameAs":["https:\/\/universnews224.com"],"url":"https:\/\/universnews224.com\/index.php\/author\/m-camara\/"}]}},"_links":{"self":[{"href":"https:\/\/universnews224.com\/index.php\/wp-json\/wp\/v2\/posts\/7279"}],"collection":[{"href":"https:\/\/universnews224.com\/index.php\/wp-json\/wp\/v2\/posts"}],"about":[{"href":"https:\/\/universnews224.com\/index.php\/wp-json\/wp\/v2\/types\/post"}],"author":[{"embeddable":true,"href":"https:\/\/universnews224.com\/index.php\/wp-json\/wp\/v2\/users\/2"}],"replies":[{"embeddable":true,"href":"https:\/\/universnews224.com\/index.php\/wp-json\/wp\/v2\/comments?post=7279"}],"version-history":[{"count":1,"href":"https:\/\/universnews224.com\/index.php\/wp-json\/wp\/v2\/posts\/7279\/revisions"}],"predecessor-version":[{"id":7281,"href":"https:\/\/universnews224.com\/index.php\/wp-json\/wp\/v2\/posts\/7279\/revisions\/7281"}],"wp:featuredmedia":[{"embeddable":true,"href":"https:\/\/universnews224.com\/index.php\/wp-json\/wp\/v2\/media\/7280"}],"wp:attachment":[{"href":"https:\/\/universnews224.com\/index.php\/wp-json\/wp\/v2\/media?parent=7279"}],"wp:term":[{"taxonomy":"category","embeddable":true,"href":"https:\/\/universnews224.com\/index.php\/wp-json\/wp\/v2\/categories?post=7279"},{"taxonomy":"post_tag","embeddable":true,"href":"https:\/\/universnews224.com\/index.php\/wp-json\/wp\/v2\/tags?post=7279"}],"curies":[{"name":"wp","href":"https:\/\/api.w.org\/{rel}","templated":true}]}}