{"id":7282,"date":"2025-01-07T19:10:55","date_gmt":"2025-01-07T18:10:55","guid":{"rendered":"https:\/\/universnews224.com\/?p=7282"},"modified":"2025-01-07T19:10:55","modified_gmt":"2025-01-07T18:10:55","slug":"restriction-des-medias-en-ligne-les-associations-de-presse-expriment-leur-regret-face-a-cette-atteinte-grave-a-la-liberte-de-la-presse","status":"publish","type":"post","link":"https:\/\/universnews224.com\/index.php\/restriction-des-medias-en-ligne-les-associations-de-presse-expriment-leur-regret-face-a-cette-atteinte-grave-a-la-liberte-de-la-presse\/","title":{"rendered":"Restriction des m\u00e9dias en ligne: les associations de presse expriment leur regret face \u00e0 cette atteinte grave \u00e0 la libert\u00e9 de la presse"},"content":{"rendered":"<p style=\"margin: 0px 0px 17px;text-align: justify;color: #222222;font-family: 'Open Sans';background-color: #f3f3f3\">Les Associations de la presse en ligne de Guin\u00e9e expriment leur profond regret face aux restrictions subies par plusieurs sites d\u2019information membres depuis 48 heures.<\/p>\n<p style=\"margin: 0px 0px 17px;text-align: justify;color: #222222;font-family: 'Open Sans';background-color: #f3f3f3\">Ces limitations rendent quasi impossible l\u2019acc\u00e8s \u00e0 ces plateformes pour les lecteurs situ\u00e9s en Guin\u00e9e, \u00e0 moins d\u2019activer un r\u00e9seau priv\u00e9 virtuel (VPN).<\/p>\n<p style=\"margin: 0px 0px 17px;text-align: justify;color: #222222;font-family: 'Open Sans';background-color: #f3f3f3\">Cette situation engendre des pr\u00e9judices importants, non seulement pour les m\u00e9dias concern\u00e9s, mais \u00e9galement pour leurs lecteurs et partenaires. Plus grave encore, elle constitue une atteinte s\u00e9rieuse \u00e0 la libert\u00e9 de la presse, un pilier fondamental de toute soci\u00e9t\u00e9 d\u00e9mocratique.<\/p>\n<p style=\"margin: 0px 0px 17px;text-align: justify;color: #222222;font-family: 'Open Sans';background-color: #f3f3f3\">Les Associations rappellent qu\u2019elles ont toujours exhort\u00e9 leurs membres \u00e0 traiter les informations avec professionnalisme et rigueur. Elles s\u2019\u00e9tonnent donc de cette mesure, d\u2019autant plus qu\u2019aucune accusation formelle n\u2019a \u00e9t\u00e9 formul\u00e9e \u00e0 l\u2019encontre des m\u00e9dias quant \u00e0 leur couverture des r\u00e9cents \u00e9v\u00e9nements.<\/p>\n<p style=\"margin: 0px 0px 17px;text-align: justify;color: #222222;font-family: 'Open Sans';background-color: #f3f3f3\">\u00a0M\u00eame dans l\u2019\u00e9ventualit\u00e9 de reproches justifi\u00e9s, les Associations de presse en ligne insistent sur le respect des proc\u00e9dures l\u00e9gales pr\u00e9vues \u00e0 cet effet. Elles appellent les autorit\u00e9s \u00e0 privil\u00e9gier le dialogue et l\u2019application des lois en vigueur, plut\u00f4t que de recourir \u00e0 des pratiques d\u00e9tourn\u00e9es qui fragilisent le paysage m\u00e9diatique national.<\/p>\n<p style=\"margin: 0px 0px 17px;text-align: justify;color: #222222;font-family: 'Open Sans';background-color: #f3f3f3\">Elles r\u00e9it\u00e8rent leur engagement en faveur d\u2019une presse responsable et professionnelle, tout en appelant \u00e0 la lev\u00e9e imm\u00e9diate des restrictions impos\u00e9es aux m\u00e9dias en ligne, dans l\u2019int\u00e9r\u00eat de la d\u00e9mocratie et du droit \u00e0 l\u2019information pour tous les citoyens guin\u00e9ens.<\/p>\n<p style=\"margin: 0px 0px 17px;text-align: justify;color: #222222;font-family: 'Open Sans';background-color: #f3f3f3\">\u00a0AGUIPEL REMIGUI UPLG UFSIG<\/p>\n<p style=\"margin: 0px;text-align: justify;color: #222222;font-family: 'Open Sans';background-color: #f3f3f3\">Conakry le 7 janvier 2025<\/p>\n","protected":false},"excerpt":{"rendered":"<p>Les Associations de la presse en ligne de Guin\u00e9e expriment leur profond regret face aux<\/p>\n","protected":false},"author":2,"featured_media":7283,"comment_status":"closed","ping_status":"open","sticky":false,"template":"","format":"standard","meta":[],"categories":[1],"tags":[237],"yoast_head":"<!-- This site is optimized with the Yoast SEO plugin v19.13 - https:\/\/yoast.com\/wordpress\/plugins\/seo\/ -->\n<title>Restriction des m\u00e9dias en ligne: les associations de presse expriment leur regret face \u00e0 cette atteinte grave \u00e0 la libert\u00e9 de la presse - UNIVERSNEWS224<\/title>\n<meta name=\"robots\" content=\"index, follow, max-snippet:-1, max-image-preview:large, max-video-preview:-1\" \/>\n<link rel=\"canonical\" href=\"https:\/\/universnews224.com\/index.php\/restriction-des-medias-en-ligne-les-associations-de-presse-expriment-leur-regret-face-a-cette-atteinte-grave-a-la-liberte-de-la-presse\/\" \/>\n<meta property=\"og:locale\" content=\"fr_FR\" \/>\n<meta property=\"og:type\" content=\"article\" \/>\n<meta property=\"og:title\" content=\"Restriction des m\u00e9dias en ligne: les associations de presse expriment leur regret face \u00e0 cette atteinte grave \u00e0 la libert\u00e9 de la presse - UNIVERSNEWS224\" \/>\n<meta property=\"og:description\" content=\"Les Associations de la presse en ligne de Guin\u00e9e expriment leur profond regret face aux\" \/>\n<meta property=\"og:url\" content=\"https:\/\/universnews224.com\/index.php\/restriction-des-medias-en-ligne-les-associations-de-presse-expriment-leur-regret-face-a-cette-atteinte-grave-a-la-liberte-de-la-presse\/\" \/>\n<meta property=\"og:site_name\" content=\"UNIVERSNEWS224\" \/>\n<meta property=\"article:published_time\" content=\"2025-01-07T18:10:55+00:00\" \/>\n<meta property=\"og:image\" content=\"https:\/\/universnews224.com\/wp-content\/uploads\/2025\/01\/09359dfe1d5a2975.png\" \/>\n\t<meta property=\"og:image:width\" content=\"549\" \/>\n\t<meta property=\"og:image:height\" content=\"349\" \/>\n\t<meta property=\"og:image:type\" content=\"image\/png\" \/>\n<meta name=\"author\" content=\"La R\u00e9daction\" \/>\n<meta name=\"twitter:label1\" content=\"\u00c9crit par\" \/>\n\t<meta name=\"twitter:data1\" content=\"La R\u00e9daction\" \/>\n\t<meta name=\"twitter:label2\" content=\"Dur\u00e9e de lecture estim\u00e9e\" \/>\n\t<meta name=\"twitter:data2\" content=\"2 minutes\" \/>\n<script type=\"application\/ld+json\" class=\"yoast-schema-graph\">{\"@context\":\"https:\/\/schema.org\",\"@graph\":[{\"@type\":\"Article\",\"@id\":\"https:\/\/universnews224.com\/index.php\/restriction-des-medias-en-ligne-les-associations-de-presse-expriment-leur-regret-face-a-cette-atteinte-grave-a-la-liberte-de-la-presse\/#article\",\"isPartOf\":{\"@id\":\"https:\/\/universnews224.com\/index.php\/restriction-des-medias-en-ligne-les-associations-de-presse-expriment-leur-regret-face-a-cette-atteinte-grave-a-la-liberte-de-la-presse\/\"},\"author\":{\"name\":\"La R\u00e9daction\",\"@id\":\"https:\/\/universnews224.com\/#\/schema\/person\/a4b7d4f94a4716df60456a491260485e\"},\"headline\":\"Restriction des m\u00e9dias en ligne: les associations de presse expriment leur regret face \u00e0 cette atteinte grave \u00e0 la libert\u00e9 de la presse\",\"datePublished\":\"2025-01-07T18:10:55+00:00\",\"dateModified\":\"2025-01-07T18:10:55+00:00\",\"mainEntityOfPage\":{\"@id\":\"https:\/\/universnews224.com\/index.php\/restriction-des-medias-en-ligne-les-associations-de-presse-expriment-leur-regret-face-a-cette-atteinte-grave-a-la-liberte-de-la-presse\/\"},\"wordCount\":288,\"publisher\":{\"@id\":\"https:\/\/universnews224.com\/#organization\"},\"keywords\":[\"A la une\"],\"inLanguage\":\"fr-FR\"},{\"@type\":\"WebPage\",\"@id\":\"https:\/\/universnews224.com\/index.php\/restriction-des-medias-en-ligne-les-associations-de-presse-expriment-leur-regret-face-a-cette-atteinte-grave-a-la-liberte-de-la-presse\/\",\"url\":\"https:\/\/universnews224.com\/index.php\/restriction-des-medias-en-ligne-les-associations-de-presse-expriment-leur-regret-face-a-cette-atteinte-grave-a-la-liberte-de-la-presse\/\",\"name\":\"Restriction des m\u00e9dias en ligne: les associations de presse expriment leur regret face \u00e0 cette atteinte grave \u00e0 la libert\u00e9 de la presse - UNIVERSNEWS224\",\"isPartOf\":{\"@id\":\"https:\/\/universnews224.com\/#website\"},\"datePublished\":\"2025-01-07T18:10:55+00:00\",\"dateModified\":\"2025-01-07T18:10:55+00:00\",\"inLanguage\":\"fr-FR\",\"potentialAction\":[{\"@type\":\"ReadAction\",\"target\":[\"https:\/\/universnews224.com\/index.php\/restriction-des-medias-en-ligne-les-associations-de-presse-expriment-leur-regret-face-a-cette-atteinte-grave-a-la-liberte-de-la-presse\/\"]}]},{\"@type\":\"WebSite\",\"@id\":\"https:\/\/universnews224.com\/#website\",\"url\":\"https:\/\/universnews224.com\/\",\"name\":\"UNIVERSNEWS224\",\"description\":\"\",\"publisher\":{\"@id\":\"https:\/\/universnews224.com\/#organization\"},\"potentialAction\":[{\"@type\":\"SearchAction\",\"target\":{\"@type\":\"EntryPoint\",\"urlTemplate\":\"https:\/\/universnews224.com\/?s={search_term_string}\"},\"query-input\":\"required name=search_term_string\"}],\"inLanguage\":\"fr-FR\"},{\"@type\":\"Organization\",\"@id\":\"https:\/\/universnews224.com\/#organization\",\"name\":\"UNIVERSNEWS224\",\"url\":\"https:\/\/universnews224.com\/\",\"logo\":{\"@type\":\"ImageObject\",\"inLanguage\":\"fr-FR\",\"@id\":\"https:\/\/universnews224.com\/#\/schema\/logo\/image\/\",\"url\":\"https:\/\/universnews224.com\/wp-content\/uploads\/2022\/08\/cropped-cropped-logoban.jpg\",\"contentUrl\":\"https:\/\/universnews224.com\/wp-content\/uploads\/2022\/08\/cropped-cropped-logoban.jpg\",\"width\":1080,\"height\":138,\"caption\":\"UNIVERSNEWS224\"},\"image\":{\"@id\":\"https:\/\/universnews224.com\/#\/schema\/logo\/image\/\"}},{\"@type\":\"Person\",\"@id\":\"https:\/\/universnews224.com\/#\/schema\/person\/a4b7d4f94a4716df60456a491260485e\",\"name\":\"La R\u00e9daction\",\"image\":{\"@type\":\"ImageObject\",\"inLanguage\":\"fr-FR\",\"@id\":\"https:\/\/universnews224.com\/#\/schema\/person\/image\/\",\"url\":\"https:\/\/secure.gravatar.com\/avatar\/edb90acc7752b23e1b3307ad36c14f0d?s=96&d=mm&r=g\",\"contentUrl\":\"https:\/\/secure.gravatar.com\/avatar\/edb90acc7752b23e1b3307ad36c14f0d?s=96&d=mm&r=g\",\"caption\":\"La R\u00e9daction\"},\"sameAs\":[\"https:\/\/universnews224.com\"],\"url\":\"https:\/\/universnews224.com\/index.php\/author\/m-camara\/\"}]}<\/script>\n<!-- \/ Yoast SEO plugin. -->","yoast_head_json":{"title":"Restriction des m\u00e9dias en ligne: les associations de presse expriment leur regret face \u00e0 cette atteinte grave \u00e0 la libert\u00e9 de la presse - UNIVERSNEWS224","robots":{"index":"index","follow":"follow","max-snippet":"max-snippet:-1","max-image-preview":"max-image-preview:large","max-video-preview":"max-video-preview:-1"},"canonical":"https:\/\/universnews224.com\/index.php\/restriction-des-medias-en-ligne-les-associations-de-presse-expriment-leur-regret-face-a-cette-atteinte-grave-a-la-liberte-de-la-presse\/","og_locale":"fr_FR","og_type":"article","og_title":"Restriction des m\u00e9dias en ligne: les associations de presse expriment leur regret face \u00e0 cette atteinte grave \u00e0 la libert\u00e9 de la presse - UNIVERSNEWS224","og_description":"Les Associations de la presse en ligne de Guin\u00e9e expriment leur profond regret face aux","og_url":"https:\/\/universnews224.com\/index.php\/restriction-des-medias-en-ligne-les-associations-de-presse-expriment-leur-regret-face-a-cette-atteinte-grave-a-la-liberte-de-la-presse\/","og_site_name":"UNIVERSNEWS224","article_published_time":"2025-01-07T18:10:55+00:00","og_image":[{"width":549,"height":349,"url":"https:\/\/universnews224.com\/wp-content\/uploads\/2025\/01\/09359dfe1d5a2975.png","type":"image\/png"}],"author":"La R\u00e9daction","twitter_misc":{"\u00c9crit par":"La R\u00e9daction","Dur\u00e9e de lecture estim\u00e9e":"2 minutes"},"schema":{"@context":"https:\/\/schema.org","@graph":[{"@type":"Article","@id":"https:\/\/universnews224.com\/index.php\/restriction-des-medias-en-ligne-les-associations-de-presse-expriment-leur-regret-face-a-cette-atteinte-grave-a-la-liberte-de-la-presse\/#article","isPartOf":{"@id":"https:\/\/universnews224.com\/index.php\/restriction-des-medias-en-ligne-les-associations-de-presse-expriment-leur-regret-face-a-cette-atteinte-grave-a-la-liberte-de-la-presse\/"},"author":{"name":"La R\u00e9daction","@id":"https:\/\/universnews224.com\/#\/schema\/person\/a4b7d4f94a4716df60456a491260485e"},"headline":"Restriction des m\u00e9dias en ligne: les associations de presse expriment leur regret face \u00e0 cette atteinte grave \u00e0 la libert\u00e9 de la presse","datePublished":"2025-01-07T18:10:55+00:00","dateModified":"2025-01-07T18:10:55+00:00","mainEntityOfPage":{"@id":"https:\/\/universnews224.com\/index.php\/restriction-des-medias-en-ligne-les-associations-de-presse-expriment-leur-regret-face-a-cette-atteinte-grave-a-la-liberte-de-la-presse\/"},"wordCount":288,"publisher":{"@id":"https:\/\/universnews224.com\/#organization"},"keywords":["A la une"],"inLanguage":"fr-FR"},{"@type":"WebPage","@id":"https:\/\/universnews224.com\/index.php\/restriction-des-medias-en-ligne-les-associations-de-presse-expriment-leur-regret-face-a-cette-atteinte-grave-a-la-liberte-de-la-presse\/","url":"https:\/\/universnews224.com\/index.php\/restriction-des-medias-en-ligne-les-associations-de-presse-expriment-leur-regret-face-a-cette-atteinte-grave-a-la-liberte-de-la-presse\/","name":"Restriction des m\u00e9dias en ligne: les associations de presse expriment leur regret face \u00e0 cette atteinte grave \u00e0 la libert\u00e9 de la presse - UNIVERSNEWS224","isPartOf":{"@id":"https:\/\/universnews224.com\/#website"},"datePublished":"2025-01-07T18:10:55+00:00","dateModified":"2025-01-07T18:10:55+00:00","inLanguage":"fr-FR","potentialAction":[{"@type":"ReadAction","target":["https:\/\/universnews224.com\/index.php\/restriction-des-medias-en-ligne-les-associations-de-presse-expriment-leur-regret-face-a-cette-atteinte-grave-a-la-liberte-de-la-presse\/"]}]},{"@type":"WebSite","@id":"https:\/\/universnews224.com\/#website","url":"https:\/\/universnews224.com\/","name":"UNIVERSNEWS224","description":"","publisher":{"@id":"https:\/\/universnews224.com\/#organization"},"potentialAction":[{"@type":"SearchAction","target":{"@type":"EntryPoint","urlTemplate":"https:\/\/universnews224.com\/?s={search_term_string}"},"query-input":"required name=search_term_string"}],"inLanguage":"fr-FR"},{"@type":"Organization","@id":"https:\/\/universnews224.com\/#organization","name":"UNIVERSNEWS224","url":"https:\/\/universnews224.com\/","logo":{"@type":"ImageObject","inLanguage":"fr-FR","@id":"https:\/\/universnews224.com\/#\/schema\/logo\/image\/","url":"https:\/\/universnews224.com\/wp-content\/uploads\/2022\/08\/cropped-cropped-logoban.jpg","contentUrl":"https:\/\/universnews224.com\/wp-content\/uploads\/2022\/08\/cropped-cropped-logoban.jpg","width":1080,"height":138,"caption":"UNIVERSNEWS224"},"image":{"@id":"https:\/\/universnews224.com\/#\/schema\/logo\/image\/"}},{"@type":"Person","@id":"https:\/\/universnews224.com\/#\/schema\/person\/a4b7d4f94a4716df60456a491260485e","name":"La R\u00e9daction","image":{"@type":"ImageObject","inLanguage":"fr-FR","@id":"https:\/\/universnews224.com\/#\/schema\/person\/image\/","url":"https:\/\/secure.gravatar.com\/avatar\/edb90acc7752b23e1b3307ad36c14f0d?s=96&d=mm&r=g","contentUrl":"https:\/\/secure.gravatar.com\/avatar\/edb90acc7752b23e1b3307ad36c14f0d?s=96&d=mm&r=g","caption":"La R\u00e9daction"},"sameAs":["https:\/\/universnews224.com"],"url":"https:\/\/universnews224.com\/index.php\/author\/m-camara\/"}]}},"_links":{"self":[{"href":"https:\/\/universnews224.com\/index.php\/wp-json\/wp\/v2\/posts\/7282"}],"collection":[{"href":"https:\/\/universnews224.com\/index.php\/wp-json\/wp\/v2\/posts"}],"about":[{"href":"https:\/\/universnews224.com\/index.php\/wp-json\/wp\/v2\/types\/post"}],"author":[{"embeddable":true,"href":"https:\/\/universnews224.com\/index.php\/wp-json\/wp\/v2\/users\/2"}],"replies":[{"embeddable":true,"href":"https:\/\/universnews224.com\/index.php\/wp-json\/wp\/v2\/comments?post=7282"}],"version-history":[{"count":1,"href":"https:\/\/universnews224.com\/index.php\/wp-json\/wp\/v2\/posts\/7282\/revisions"}],"predecessor-version":[{"id":7284,"href":"https:\/\/universnews224.com\/index.php\/wp-json\/wp\/v2\/posts\/7282\/revisions\/7284"}],"wp:featuredmedia":[{"embeddable":true,"href":"https:\/\/universnews224.com\/index.php\/wp-json\/wp\/v2\/media\/7283"}],"wp:attachment":[{"href":"https:\/\/universnews224.com\/index.php\/wp-json\/wp\/v2\/media?parent=7282"}],"wp:term":[{"taxonomy":"category","embeddable":true,"href":"https:\/\/universnews224.com\/index.php\/wp-json\/wp\/v2\/categories?post=7282"},{"taxonomy":"post_tag","embeddable":true,"href":"https:\/\/universnews224.com\/index.php\/wp-json\/wp\/v2\/tags?post=7282"}],"curies":[{"name":"wp","href":"https:\/\/api.w.org\/{rel}","templated":true}]}}