{"id":7285,"date":"2025-01-07T19:13:32","date_gmt":"2025-01-07T18:13:32","guid":{"rendered":"https:\/\/universnews224.com\/?p=7285"},"modified":"2025-01-07T19:13:32","modified_gmt":"2025-01-07T18:13:32","slug":"ousmane-daddy-camara-sur-les-propos-dalpha-conde-quand-les-gens-disent-quil-est-burkinabe-et-quil-est-le-fils-bobo-madou-il-a-vraiment-demontre-cette-fois-ci","status":"publish","type":"post","link":"https:\/\/universnews224.com\/index.php\/ousmane-daddy-camara-sur-les-propos-dalpha-conde-quand-les-gens-disent-quil-est-burkinabe-et-quil-est-le-fils-bobo-madou-il-a-vraiment-demontre-cette-fois-ci\/","title":{"rendered":"Ousmane Daddy Camara sur les propos d&rsquo;Alpha Cond\u00e9: \u201cQuand les gens disent qu&rsquo;il est Burkinab\u00e9 et qu&rsquo;il est le fils Bobo Madou, il a vraiment d\u00e9montr\u00e9 cette fois-ci\u201d\u00a0"},"content":{"rendered":"<p>\u00c0 la veille de la manifestation des Forces Vives de Guin\u00e9e pour exiger le d\u00e9part de junte au pouvoir \u00e0 Conakry et la mise en place d&rsquo;une transition civile, l&rsquo;ancien pr\u00e9sident de la R\u00e9publique Prof. Alpha Cond\u00e9 a appel\u00e9 l&rsquo;arm\u00e9e guin\u00e9enne \u00e0 un soul\u00e8vement contre les autorit\u00e9s de la transition.<\/p>\n<p>En conf\u00e9rence de presse ce mercredi, 7 janvier 2024, \u00e0 son si\u00e8ge sis \u00e0 Matoto Ousmane Daddy Camara, pr\u00e9sident du parti du RGT a vigoureusement d\u00e9nonc\u00e9 ces propos de l&rsquo;ancien d&rsquo;\u00c9tat.<\/p>\n<p>Selon le pr\u00e9sident de la Coalition pour une Alternance D\u00e9mocratique, cette prise de parole de l&rsquo;ex-pr\u00e9sident prouve \u00e0 suffisance qu&rsquo;il n&rsquo;aime pas la Guin\u00e9e.<\/p>\n<p>(\u2026) Aujourd\u2019hui, nous nous retrouvons avec certaines personnes malheureusement qui ne se g\u00eanent pas d&rsquo;appeler les gens \u00e0 l&rsquo;insurrection dans notre pays, qui ne se g\u00eanent pas \u00e0 appeler \u00e0 la guerre civile. Ce qui est tr\u00e8s dommage. Nous nous sommes battus pour le professeur Alpha Cond\u00e9 ici. Les guin\u00e9ens l&rsquo;ont aim\u00e9, les femmes l&rsquo;ont aim\u00e9, les hommes l&rsquo;ont aim\u00e9. Nullement, il n&rsquo;a le droit de demander qu&rsquo;il ait une guerre pour qu&rsquo;il revienne au pouvoir. Mais, ce n&rsquo;est pas \u00e9tonnant parce que ce qu&rsquo;on dit sur lui qu&rsquo;il n&rsquo;est pas guin\u00e9en, il vient de montrer.Parce qu&rsquo;on ne peut pas \u00eatre patriote d&rsquo;un pays et avoir le courage d&rsquo;appeler \u00e0 l&rsquo;insurrection. Il a g\u00e9r\u00e9 pendant 11 ans, on l&rsquo;a soutenu et aim\u00e9. On a fourni beaucoup d&rsquo;efforts pour que ces mandats soient une r\u00e9ussite. Il n&rsquo;a nullement le droit demander une guerre civile dans notre pays pour qu&rsquo;il revienne au pouvoir. Quand les gens disent qu&rsquo;il est Burkinab\u00e9 et qu&rsquo;il est le fils Bobo Madou, il a vraiment d\u00e9montr\u00e9 cette fois-ci. \u00c7a se voit qu&rsquo;il n&rsquo;est pas guin\u00e9en, sinon aucun bon guin\u00e9en ne demandera une guerre civile pour le retour \u00e0 l\u2019ordre constitutionnel. Il y a beaucoup de mani\u00e8re pour revenir au pouvoir ou pour avoir le pouvoir de fa\u00e7on d\u00e9mocratique. Nous, nous demandons de d\u00e9veloppement, nous demandons l&rsquo;autosuffisance alimentaire dans notre pays. C&rsquo;est \u00e7a notre inqui\u00e9tude\u201d, a t-il d\u00e9plor\u00e9.<\/p>\n<p>&nbsp;<\/p>\n","protected":false},"excerpt":{"rendered":"<p>\u00c0 la veille de la manifestation des Forces Vives de Guin\u00e9e pour exiger le d\u00e9part<\/p>\n","protected":false},"author":2,"featured_media":7286,"comment_status":"closed","ping_status":"open","sticky":false,"template":"","format":"standard","meta":[],"categories":[3,4],"tags":[237],"yoast_head":"<!-- This site is optimized with the Yoast SEO plugin v19.13 - https:\/\/yoast.com\/wordpress\/plugins\/seo\/ -->\n<title>Ousmane Daddy Camara sur les propos d&#039;Alpha Cond\u00e9: \u201cQuand les gens disent qu&#039;il est Burkinab\u00e9 et qu&#039;il est le fils Bobo Madou, il a vraiment d\u00e9montr\u00e9 cette fois-ci\u201d\u00a0 - UNIVERSNEWS224<\/title>\n<meta name=\"robots\" content=\"index, follow, max-snippet:-1, max-image-preview:large, max-video-preview:-1\" \/>\n<link rel=\"canonical\" href=\"https:\/\/universnews224.com\/index.php\/ousmane-daddy-camara-sur-les-propos-dalpha-conde-quand-les-gens-disent-quil-est-burkinabe-et-quil-est-le-fils-bobo-madou-il-a-vraiment-demontre-cette-fois-ci\/\" \/>\n<meta property=\"og:locale\" content=\"fr_FR\" \/>\n<meta property=\"og:type\" content=\"article\" \/>\n<meta property=\"og:title\" content=\"Ousmane Daddy Camara sur les propos d&#039;Alpha Cond\u00e9: \u201cQuand les gens disent qu&#039;il est Burkinab\u00e9 et qu&#039;il est le fils Bobo Madou, il a vraiment d\u00e9montr\u00e9 cette fois-ci\u201d\u00a0 - UNIVERSNEWS224\" \/>\n<meta property=\"og:description\" content=\"\u00c0 la veille de la manifestation des Forces Vives de Guin\u00e9e pour exiger le d\u00e9part\" \/>\n<meta property=\"og:url\" content=\"https:\/\/universnews224.com\/index.php\/ousmane-daddy-camara-sur-les-propos-dalpha-conde-quand-les-gens-disent-quil-est-burkinabe-et-quil-est-le-fils-bobo-madou-il-a-vraiment-demontre-cette-fois-ci\/\" \/>\n<meta property=\"og:site_name\" content=\"UNIVERSNEWS224\" \/>\n<meta property=\"article:published_time\" content=\"2025-01-07T18:13:32+00:00\" \/>\n<meta property=\"og:image\" content=\"https:\/\/universnews224.com\/wp-content\/uploads\/2025\/01\/20250107_113804-scaled.jpg\" \/>\n\t<meta property=\"og:image:width\" content=\"2560\" \/>\n\t<meta property=\"og:image:height\" content=\"1441\" \/>\n\t<meta property=\"og:image:type\" content=\"image\/jpeg\" \/>\n<meta name=\"author\" content=\"La R\u00e9daction\" \/>\n<meta name=\"twitter:label1\" content=\"\u00c9crit par\" \/>\n\t<meta name=\"twitter:data1\" content=\"La R\u00e9daction\" \/>\n\t<meta name=\"twitter:label2\" content=\"Dur\u00e9e de lecture estim\u00e9e\" \/>\n\t<meta name=\"twitter:data2\" content=\"2 minutes\" \/>\n<script type=\"application\/ld+json\" class=\"yoast-schema-graph\">{\"@context\":\"https:\/\/schema.org\",\"@graph\":[{\"@type\":\"Article\",\"@id\":\"https:\/\/universnews224.com\/index.php\/ousmane-daddy-camara-sur-les-propos-dalpha-conde-quand-les-gens-disent-quil-est-burkinabe-et-quil-est-le-fils-bobo-madou-il-a-vraiment-demontre-cette-fois-ci\/#article\",\"isPartOf\":{\"@id\":\"https:\/\/universnews224.com\/index.php\/ousmane-daddy-camara-sur-les-propos-dalpha-conde-quand-les-gens-disent-quil-est-burkinabe-et-quil-est-le-fils-bobo-madou-il-a-vraiment-demontre-cette-fois-ci\/\"},\"author\":{\"name\":\"La R\u00e9daction\",\"@id\":\"https:\/\/universnews224.com\/#\/schema\/person\/a4b7d4f94a4716df60456a491260485e\"},\"headline\":\"Ousmane Daddy Camara sur les propos d&rsquo;Alpha Cond\u00e9: \u201cQuand les gens disent qu&rsquo;il est Burkinab\u00e9 et qu&rsquo;il est le fils Bobo Madou, il a vraiment d\u00e9montr\u00e9 cette fois-ci\u201d\u00a0\",\"datePublished\":\"2025-01-07T18:13:32+00:00\",\"dateModified\":\"2025-01-07T18:13:32+00:00\",\"mainEntityOfPage\":{\"@id\":\"https:\/\/universnews224.com\/index.php\/ousmane-daddy-camara-sur-les-propos-dalpha-conde-quand-les-gens-disent-quil-est-burkinabe-et-quil-est-le-fils-bobo-madou-il-a-vraiment-demontre-cette-fois-ci\/\"},\"wordCount\":386,\"publisher\":{\"@id\":\"https:\/\/universnews224.com\/#organization\"},\"keywords\":[\"A la une\"],\"articleSection\":[\"ACTU\",\"POLITIQUE\"],\"inLanguage\":\"fr-FR\"},{\"@type\":\"WebPage\",\"@id\":\"https:\/\/universnews224.com\/index.php\/ousmane-daddy-camara-sur-les-propos-dalpha-conde-quand-les-gens-disent-quil-est-burkinabe-et-quil-est-le-fils-bobo-madou-il-a-vraiment-demontre-cette-fois-ci\/\",\"url\":\"https:\/\/universnews224.com\/index.php\/ousmane-daddy-camara-sur-les-propos-dalpha-conde-quand-les-gens-disent-quil-est-burkinabe-et-quil-est-le-fils-bobo-madou-il-a-vraiment-demontre-cette-fois-ci\/\",\"name\":\"Ousmane Daddy Camara sur les propos d'Alpha Cond\u00e9: \u201cQuand les gens disent qu'il est Burkinab\u00e9 et qu'il est le fils Bobo Madou, il a vraiment d\u00e9montr\u00e9 cette fois-ci\u201d\u00a0 - UNIVERSNEWS224\",\"isPartOf\":{\"@id\":\"https:\/\/universnews224.com\/#website\"},\"datePublished\":\"2025-01-07T18:13:32+00:00\",\"dateModified\":\"2025-01-07T18:13:32+00:00\",\"inLanguage\":\"fr-FR\",\"potentialAction\":[{\"@type\":\"ReadAction\",\"target\":[\"https:\/\/universnews224.com\/index.php\/ousmane-daddy-camara-sur-les-propos-dalpha-conde-quand-les-gens-disent-quil-est-burkinabe-et-quil-est-le-fils-bobo-madou-il-a-vraiment-demontre-cette-fois-ci\/\"]}]},{\"@type\":\"WebSite\",\"@id\":\"https:\/\/universnews224.com\/#website\",\"url\":\"https:\/\/universnews224.com\/\",\"name\":\"UNIVERSNEWS224\",\"description\":\"\",\"publisher\":{\"@id\":\"https:\/\/universnews224.com\/#organization\"},\"potentialAction\":[{\"@type\":\"SearchAction\",\"target\":{\"@type\":\"EntryPoint\",\"urlTemplate\":\"https:\/\/universnews224.com\/?s={search_term_string}\"},\"query-input\":\"required name=search_term_string\"}],\"inLanguage\":\"fr-FR\"},{\"@type\":\"Organization\",\"@id\":\"https:\/\/universnews224.com\/#organization\",\"name\":\"UNIVERSNEWS224\",\"url\":\"https:\/\/universnews224.com\/\",\"logo\":{\"@type\":\"ImageObject\",\"inLanguage\":\"fr-FR\",\"@id\":\"https:\/\/universnews224.com\/#\/schema\/logo\/image\/\",\"url\":\"https:\/\/universnews224.com\/wp-content\/uploads\/2022\/08\/cropped-cropped-logoban.jpg\",\"contentUrl\":\"https:\/\/universnews224.com\/wp-content\/uploads\/2022\/08\/cropped-cropped-logoban.jpg\",\"width\":1080,\"height\":138,\"caption\":\"UNIVERSNEWS224\"},\"image\":{\"@id\":\"https:\/\/universnews224.com\/#\/schema\/logo\/image\/\"}},{\"@type\":\"Person\",\"@id\":\"https:\/\/universnews224.com\/#\/schema\/person\/a4b7d4f94a4716df60456a491260485e\",\"name\":\"La R\u00e9daction\",\"image\":{\"@type\":\"ImageObject\",\"inLanguage\":\"fr-FR\",\"@id\":\"https:\/\/universnews224.com\/#\/schema\/person\/image\/\",\"url\":\"https:\/\/secure.gravatar.com\/avatar\/edb90acc7752b23e1b3307ad36c14f0d?s=96&d=mm&r=g\",\"contentUrl\":\"https:\/\/secure.gravatar.com\/avatar\/edb90acc7752b23e1b3307ad36c14f0d?s=96&d=mm&r=g\",\"caption\":\"La R\u00e9daction\"},\"sameAs\":[\"https:\/\/universnews224.com\"],\"url\":\"https:\/\/universnews224.com\/index.php\/author\/m-camara\/\"}]}<\/script>\n<!-- \/ Yoast SEO plugin. -->","yoast_head_json":{"title":"Ousmane Daddy Camara sur les propos d'Alpha Cond\u00e9: \u201cQuand les gens disent qu'il est Burkinab\u00e9 et qu'il est le fils Bobo Madou, il a vraiment d\u00e9montr\u00e9 cette fois-ci\u201d\u00a0 - UNIVERSNEWS224","robots":{"index":"index","follow":"follow","max-snippet":"max-snippet:-1","max-image-preview":"max-image-preview:large","max-video-preview":"max-video-preview:-1"},"canonical":"https:\/\/universnews224.com\/index.php\/ousmane-daddy-camara-sur-les-propos-dalpha-conde-quand-les-gens-disent-quil-est-burkinabe-et-quil-est-le-fils-bobo-madou-il-a-vraiment-demontre-cette-fois-ci\/","og_locale":"fr_FR","og_type":"article","og_title":"Ousmane Daddy Camara sur les propos d'Alpha Cond\u00e9: \u201cQuand les gens disent qu'il est Burkinab\u00e9 et qu'il est le fils Bobo Madou, il a vraiment d\u00e9montr\u00e9 cette fois-ci\u201d\u00a0 - UNIVERSNEWS224","og_description":"\u00c0 la veille de la manifestation des Forces Vives de Guin\u00e9e pour exiger le d\u00e9part","og_url":"https:\/\/universnews224.com\/index.php\/ousmane-daddy-camara-sur-les-propos-dalpha-conde-quand-les-gens-disent-quil-est-burkinabe-et-quil-est-le-fils-bobo-madou-il-a-vraiment-demontre-cette-fois-ci\/","og_site_name":"UNIVERSNEWS224","article_published_time":"2025-01-07T18:13:32+00:00","og_image":[{"width":2560,"height":1441,"url":"https:\/\/universnews224.com\/wp-content\/uploads\/2025\/01\/20250107_113804-scaled.jpg","type":"image\/jpeg"}],"author":"La R\u00e9daction","twitter_misc":{"\u00c9crit par":"La R\u00e9daction","Dur\u00e9e de lecture estim\u00e9e":"2 minutes"},"schema":{"@context":"https:\/\/schema.org","@graph":[{"@type":"Article","@id":"https:\/\/universnews224.com\/index.php\/ousmane-daddy-camara-sur-les-propos-dalpha-conde-quand-les-gens-disent-quil-est-burkinabe-et-quil-est-le-fils-bobo-madou-il-a-vraiment-demontre-cette-fois-ci\/#article","isPartOf":{"@id":"https:\/\/universnews224.com\/index.php\/ousmane-daddy-camara-sur-les-propos-dalpha-conde-quand-les-gens-disent-quil-est-burkinabe-et-quil-est-le-fils-bobo-madou-il-a-vraiment-demontre-cette-fois-ci\/"},"author":{"name":"La R\u00e9daction","@id":"https:\/\/universnews224.com\/#\/schema\/person\/a4b7d4f94a4716df60456a491260485e"},"headline":"Ousmane Daddy Camara sur les propos d&rsquo;Alpha Cond\u00e9: \u201cQuand les gens disent qu&rsquo;il est Burkinab\u00e9 et qu&rsquo;il est le fils Bobo Madou, il a vraiment d\u00e9montr\u00e9 cette fois-ci\u201d\u00a0","datePublished":"2025-01-07T18:13:32+00:00","dateModified":"2025-01-07T18:13:32+00:00","mainEntityOfPage":{"@id":"https:\/\/universnews224.com\/index.php\/ousmane-daddy-camara-sur-les-propos-dalpha-conde-quand-les-gens-disent-quil-est-burkinabe-et-quil-est-le-fils-bobo-madou-il-a-vraiment-demontre-cette-fois-ci\/"},"wordCount":386,"publisher":{"@id":"https:\/\/universnews224.com\/#organization"},"keywords":["A la une"],"articleSection":["ACTU","POLITIQUE"],"inLanguage":"fr-FR"},{"@type":"WebPage","@id":"https:\/\/universnews224.com\/index.php\/ousmane-daddy-camara-sur-les-propos-dalpha-conde-quand-les-gens-disent-quil-est-burkinabe-et-quil-est-le-fils-bobo-madou-il-a-vraiment-demontre-cette-fois-ci\/","url":"https:\/\/universnews224.com\/index.php\/ousmane-daddy-camara-sur-les-propos-dalpha-conde-quand-les-gens-disent-quil-est-burkinabe-et-quil-est-le-fils-bobo-madou-il-a-vraiment-demontre-cette-fois-ci\/","name":"Ousmane Daddy Camara sur les propos d'Alpha Cond\u00e9: \u201cQuand les gens disent qu'il est Burkinab\u00e9 et qu'il est le fils Bobo Madou, il a vraiment d\u00e9montr\u00e9 cette fois-ci\u201d\u00a0 - UNIVERSNEWS224","isPartOf":{"@id":"https:\/\/universnews224.com\/#website"},"datePublished":"2025-01-07T18:13:32+00:00","dateModified":"2025-01-07T18:13:32+00:00","inLanguage":"fr-FR","potentialAction":[{"@type":"ReadAction","target":["https:\/\/universnews224.com\/index.php\/ousmane-daddy-camara-sur-les-propos-dalpha-conde-quand-les-gens-disent-quil-est-burkinabe-et-quil-est-le-fils-bobo-madou-il-a-vraiment-demontre-cette-fois-ci\/"]}]},{"@type":"WebSite","@id":"https:\/\/universnews224.com\/#website","url":"https:\/\/universnews224.com\/","name":"UNIVERSNEWS224","description":"","publisher":{"@id":"https:\/\/universnews224.com\/#organization"},"potentialAction":[{"@type":"SearchAction","target":{"@type":"EntryPoint","urlTemplate":"https:\/\/universnews224.com\/?s={search_term_string}"},"query-input":"required name=search_term_string"}],"inLanguage":"fr-FR"},{"@type":"Organization","@id":"https:\/\/universnews224.com\/#organization","name":"UNIVERSNEWS224","url":"https:\/\/universnews224.com\/","logo":{"@type":"ImageObject","inLanguage":"fr-FR","@id":"https:\/\/universnews224.com\/#\/schema\/logo\/image\/","url":"https:\/\/universnews224.com\/wp-content\/uploads\/2022\/08\/cropped-cropped-logoban.jpg","contentUrl":"https:\/\/universnews224.com\/wp-content\/uploads\/2022\/08\/cropped-cropped-logoban.jpg","width":1080,"height":138,"caption":"UNIVERSNEWS224"},"image":{"@id":"https:\/\/universnews224.com\/#\/schema\/logo\/image\/"}},{"@type":"Person","@id":"https:\/\/universnews224.com\/#\/schema\/person\/a4b7d4f94a4716df60456a491260485e","name":"La R\u00e9daction","image":{"@type":"ImageObject","inLanguage":"fr-FR","@id":"https:\/\/universnews224.com\/#\/schema\/person\/image\/","url":"https:\/\/secure.gravatar.com\/avatar\/edb90acc7752b23e1b3307ad36c14f0d?s=96&d=mm&r=g","contentUrl":"https:\/\/secure.gravatar.com\/avatar\/edb90acc7752b23e1b3307ad36c14f0d?s=96&d=mm&r=g","caption":"La R\u00e9daction"},"sameAs":["https:\/\/universnews224.com"],"url":"https:\/\/universnews224.com\/index.php\/author\/m-camara\/"}]}},"_links":{"self":[{"href":"https:\/\/universnews224.com\/index.php\/wp-json\/wp\/v2\/posts\/7285"}],"collection":[{"href":"https:\/\/universnews224.com\/index.php\/wp-json\/wp\/v2\/posts"}],"about":[{"href":"https:\/\/universnews224.com\/index.php\/wp-json\/wp\/v2\/types\/post"}],"author":[{"embeddable":true,"href":"https:\/\/universnews224.com\/index.php\/wp-json\/wp\/v2\/users\/2"}],"replies":[{"embeddable":true,"href":"https:\/\/universnews224.com\/index.php\/wp-json\/wp\/v2\/comments?post=7285"}],"version-history":[{"count":1,"href":"https:\/\/universnews224.com\/index.php\/wp-json\/wp\/v2\/posts\/7285\/revisions"}],"predecessor-version":[{"id":7287,"href":"https:\/\/universnews224.com\/index.php\/wp-json\/wp\/v2\/posts\/7285\/revisions\/7287"}],"wp:featuredmedia":[{"embeddable":true,"href":"https:\/\/universnews224.com\/index.php\/wp-json\/wp\/v2\/media\/7286"}],"wp:attachment":[{"href":"https:\/\/universnews224.com\/index.php\/wp-json\/wp\/v2\/media?parent=7285"}],"wp:term":[{"taxonomy":"category","embeddable":true,"href":"https:\/\/universnews224.com\/index.php\/wp-json\/wp\/v2\/categories?post=7285"},{"taxonomy":"post_tag","embeddable":true,"href":"https:\/\/universnews224.com\/index.php\/wp-json\/wp\/v2\/tags?post=7285"}],"curies":[{"name":"wp","href":"https:\/\/api.w.org\/{rel}","templated":true}]}}