{"id":7288,"date":"2025-01-07T19:18:04","date_gmt":"2025-01-07T18:18:04","guid":{"rendered":"https:\/\/universnews224.com\/?p=7288"},"modified":"2025-01-07T19:18:04","modified_gmt":"2025-01-07T18:18:04","slug":"condamnation-daliou-bah-cellou-dalein-diallo-denonce-une-sentence-absurde-digne-des-regimes-les-plus-liberticides","status":"publish","type":"post","link":"https:\/\/universnews224.com\/index.php\/condamnation-daliou-bah-cellou-dalein-diallo-denonce-une-sentence-absurde-digne-des-regimes-les-plus-liberticides\/","title":{"rendered":"Condamnation d\u2019Aliou Bah : Cellou Dalein Diallo d\u00e9nonce une \u2018\u2019sentence absurde, digne des r\u00e9gimes les plus liberticides\u2019\u2019"},"content":{"rendered":"<p style=\"margin: 0px 0px 1em;padding: 0px;border: 0px;line-height: inherit;font-family: 'Helvetica Neue', Helvetica, Roboto, Arial, sans-serif;vertical-align: baseline;text-align: justify\">Quelques heures apr\u00e8s la condamnation de l\u2019homme politique Aliou Bah, \u00e0 2 ans de prison par le Tribunal de Premi\u00e8re instance de Kaloum, l\u2019ancien premier ministre, Cellou Dalein Diallo a r\u00e9agi. Le leader de l\u2019Union des Forces D\u00e9mocratique de Guin\u00e9e (UFDG) s\u2019est insurg\u00e9 contre ce qu\u2019il qualifie de farce judiciaire.<\/p>\n<p style=\"margin: 0px 0px 1em;padding: 0px;border: 0px;line-height: inherit;font-family: 'Helvetica Neue', Helvetica, Roboto, Arial, sans-serif;vertical-align: baseline;text-align: justify\">Pour Cellou Dalein Diallo, le seul crime du leader du MoDeL, est d\u2019avoir d\u00e9nonc\u00e9 les d\u00e9rives autoritaires et les atteintes syst\u00e9matiques aux droits humains perp\u00e9tr\u00e9es par le pouvoir en place. Il a par ailleurs d\u00e9nonc\u00e9 la d\u00e9cision de justice qui est intervenue. Selon lui, elle constitue une d\u00e9claration de guerre contre la libert\u00e9 d\u2019expression, mais aussi un recul pour la d\u00e9mocratie.<\/p>\n<p>\u00a0\u00bb<\/p>\n<p>Je d\u00e9nonce la farce judiciaire qui s\u2019est jou\u00e9e ce mardi 07 janvier 2025 au Tribunal de Premi\u00e8re Instance de Kaloum. Sur la base d\u2019accusations aussi grotesques qu\u2019inqui\u00e9tantes, le Pr\u00e9sident du Model, Aliou BAH, a \u00e9t\u00e9 condamn\u00e9 \u00e0 deux ans de prison ferme pour offense au Chef de l\u2019Etat.<\/p>\n<div class=\"jeg_ad jeg_ad_article jnews_content_inline_3_ads  \">\n<div class=\"ads-wrapper align-center \"><\/div>\n<\/div>\n<p>Son \u00ab d\u00e9lit \u00bb ? Exercer ce qui reste d\u2019un droit fondamental dans un pays o\u00f9 les libert\u00e9s se meurent \u00e0 petit feu : d\u00e9noncer les d\u00e9rives autoritaires et les atteintes syst\u00e9matiques aux droits humains perp\u00e9tr\u00e9es par une junte ivre de pouvoir.<\/p>\n<p>Cette sentence absurde, digne des r\u00e9gimes les plus liberticides, ne saurait \u00eatre interpr\u00e9t\u00e9e autrement que comme une d\u00e9claration de guerre ouverte contre la libert\u00e9 d\u2019expression et une tentative d\u2019intimidation orchestr\u00e9e pour r\u00e9duire toute opposition au silence.<\/p>\n<p>Ce verdict r\u00e9voltant marque une journ\u00e9e funeste pour la d\u00e9mocratie, les libert\u00e9s et les droits humains en Guin\u00e9e. Il vient s\u2019ajouter \u00e0 la longue liste des actes autoritaires et liberticides d\u2019un pouvoir pr\u00eat \u00e0 tout pour faire taire toutes les voix dissonantes.<\/p>\n<p>Je condamne avec la plus grande fermet\u00e9 cette mascarade judiciaire et exige la lib\u00e9ration imm\u00e9diate et inconditionnelle du Pr\u00e9sident du Model.<\/p>\n<p>Le peuple guin\u00e9en ne se laissera pas r\u00e9duire au silence par la terreur judiciaire d\u2019une junte aux abois\u2019\u2019, a-t-il post\u00e9 sur sa page Facebook.<\/p>\n","protected":false},"excerpt":{"rendered":"<p>Quelques heures apr\u00e8s la condamnation de l\u2019homme politique Aliou Bah, \u00e0 2 ans de prison<\/p>\n","protected":false},"author":2,"featured_media":7289,"comment_status":"closed","ping_status":"open","sticky":false,"template":"","format":"standard","meta":[],"categories":[3,4],"tags":[237],"yoast_head":"<!-- This site is optimized with the Yoast SEO plugin v19.13 - https:\/\/yoast.com\/wordpress\/plugins\/seo\/ -->\n<title>Condamnation d\u2019Aliou Bah : Cellou Dalein Diallo d\u00e9nonce une \u2018\u2019sentence absurde, digne des r\u00e9gimes les plus liberticides\u2019\u2019 - UNIVERSNEWS224<\/title>\n<meta name=\"robots\" content=\"index, follow, max-snippet:-1, max-image-preview:large, max-video-preview:-1\" \/>\n<link rel=\"canonical\" href=\"https:\/\/universnews224.com\/index.php\/condamnation-daliou-bah-cellou-dalein-diallo-denonce-une-sentence-absurde-digne-des-regimes-les-plus-liberticides\/\" \/>\n<meta property=\"og:locale\" content=\"fr_FR\" \/>\n<meta property=\"og:type\" content=\"article\" \/>\n<meta property=\"og:title\" content=\"Condamnation d\u2019Aliou Bah : Cellou Dalein Diallo d\u00e9nonce une \u2018\u2019sentence absurde, digne des r\u00e9gimes les plus liberticides\u2019\u2019 - UNIVERSNEWS224\" \/>\n<meta property=\"og:description\" content=\"Quelques heures apr\u00e8s la condamnation de l\u2019homme politique Aliou Bah, \u00e0 2 ans de prison\" \/>\n<meta property=\"og:url\" content=\"https:\/\/universnews224.com\/index.php\/condamnation-daliou-bah-cellou-dalein-diallo-denonce-une-sentence-absurde-digne-des-regimes-les-plus-liberticides\/\" \/>\n<meta property=\"og:site_name\" content=\"UNIVERSNEWS224\" \/>\n<meta property=\"article:published_time\" content=\"2025-01-07T18:18:04+00:00\" \/>\n<meta property=\"og:image\" content=\"https:\/\/universnews224.com\/wp-content\/uploads\/2025\/01\/IMG-20240827-WA0015-2-720x375-1.jpg\" \/>\n\t<meta property=\"og:image:width\" content=\"720\" \/>\n\t<meta property=\"og:image:height\" content=\"375\" \/>\n\t<meta property=\"og:image:type\" content=\"image\/jpeg\" \/>\n<meta name=\"author\" content=\"La R\u00e9daction\" \/>\n<meta name=\"twitter:label1\" content=\"\u00c9crit par\" \/>\n\t<meta name=\"twitter:data1\" content=\"La R\u00e9daction\" \/>\n\t<meta name=\"twitter:label2\" content=\"Dur\u00e9e de lecture estim\u00e9e\" \/>\n\t<meta name=\"twitter:data2\" content=\"2 minutes\" \/>\n<script type=\"application\/ld+json\" class=\"yoast-schema-graph\">{\"@context\":\"https:\/\/schema.org\",\"@graph\":[{\"@type\":\"Article\",\"@id\":\"https:\/\/universnews224.com\/index.php\/condamnation-daliou-bah-cellou-dalein-diallo-denonce-une-sentence-absurde-digne-des-regimes-les-plus-liberticides\/#article\",\"isPartOf\":{\"@id\":\"https:\/\/universnews224.com\/index.php\/condamnation-daliou-bah-cellou-dalein-diallo-denonce-une-sentence-absurde-digne-des-regimes-les-plus-liberticides\/\"},\"author\":{\"name\":\"La R\u00e9daction\",\"@id\":\"https:\/\/universnews224.com\/#\/schema\/person\/a4b7d4f94a4716df60456a491260485e\"},\"headline\":\"Condamnation d\u2019Aliou Bah : Cellou Dalein Diallo d\u00e9nonce une \u2018\u2019sentence absurde, digne des r\u00e9gimes les plus liberticides\u2019\u2019\",\"datePublished\":\"2025-01-07T18:18:04+00:00\",\"dateModified\":\"2025-01-07T18:18:04+00:00\",\"mainEntityOfPage\":{\"@id\":\"https:\/\/universnews224.com\/index.php\/condamnation-daliou-bah-cellou-dalein-diallo-denonce-une-sentence-absurde-digne-des-regimes-les-plus-liberticides\/\"},\"wordCount\":391,\"publisher\":{\"@id\":\"https:\/\/universnews224.com\/#organization\"},\"keywords\":[\"A la une\"],\"articleSection\":[\"ACTU\",\"POLITIQUE\"],\"inLanguage\":\"fr-FR\"},{\"@type\":\"WebPage\",\"@id\":\"https:\/\/universnews224.com\/index.php\/condamnation-daliou-bah-cellou-dalein-diallo-denonce-une-sentence-absurde-digne-des-regimes-les-plus-liberticides\/\",\"url\":\"https:\/\/universnews224.com\/index.php\/condamnation-daliou-bah-cellou-dalein-diallo-denonce-une-sentence-absurde-digne-des-regimes-les-plus-liberticides\/\",\"name\":\"Condamnation d\u2019Aliou Bah : Cellou Dalein Diallo d\u00e9nonce une \u2018\u2019sentence absurde, digne des r\u00e9gimes les plus liberticides\u2019\u2019 - UNIVERSNEWS224\",\"isPartOf\":{\"@id\":\"https:\/\/universnews224.com\/#website\"},\"datePublished\":\"2025-01-07T18:18:04+00:00\",\"dateModified\":\"2025-01-07T18:18:04+00:00\",\"inLanguage\":\"fr-FR\",\"potentialAction\":[{\"@type\":\"ReadAction\",\"target\":[\"https:\/\/universnews224.com\/index.php\/condamnation-daliou-bah-cellou-dalein-diallo-denonce-une-sentence-absurde-digne-des-regimes-les-plus-liberticides\/\"]}]},{\"@type\":\"WebSite\",\"@id\":\"https:\/\/universnews224.com\/#website\",\"url\":\"https:\/\/universnews224.com\/\",\"name\":\"UNIVERSNEWS224\",\"description\":\"\",\"publisher\":{\"@id\":\"https:\/\/universnews224.com\/#organization\"},\"potentialAction\":[{\"@type\":\"SearchAction\",\"target\":{\"@type\":\"EntryPoint\",\"urlTemplate\":\"https:\/\/universnews224.com\/?s={search_term_string}\"},\"query-input\":\"required name=search_term_string\"}],\"inLanguage\":\"fr-FR\"},{\"@type\":\"Organization\",\"@id\":\"https:\/\/universnews224.com\/#organization\",\"name\":\"UNIVERSNEWS224\",\"url\":\"https:\/\/universnews224.com\/\",\"logo\":{\"@type\":\"ImageObject\",\"inLanguage\":\"fr-FR\",\"@id\":\"https:\/\/universnews224.com\/#\/schema\/logo\/image\/\",\"url\":\"https:\/\/universnews224.com\/wp-content\/uploads\/2022\/08\/cropped-cropped-logoban.jpg\",\"contentUrl\":\"https:\/\/universnews224.com\/wp-content\/uploads\/2022\/08\/cropped-cropped-logoban.jpg\",\"width\":1080,\"height\":138,\"caption\":\"UNIVERSNEWS224\"},\"image\":{\"@id\":\"https:\/\/universnews224.com\/#\/schema\/logo\/image\/\"}},{\"@type\":\"Person\",\"@id\":\"https:\/\/universnews224.com\/#\/schema\/person\/a4b7d4f94a4716df60456a491260485e\",\"name\":\"La R\u00e9daction\",\"image\":{\"@type\":\"ImageObject\",\"inLanguage\":\"fr-FR\",\"@id\":\"https:\/\/universnews224.com\/#\/schema\/person\/image\/\",\"url\":\"https:\/\/secure.gravatar.com\/avatar\/edb90acc7752b23e1b3307ad36c14f0d?s=96&d=mm&r=g\",\"contentUrl\":\"https:\/\/secure.gravatar.com\/avatar\/edb90acc7752b23e1b3307ad36c14f0d?s=96&d=mm&r=g\",\"caption\":\"La R\u00e9daction\"},\"sameAs\":[\"https:\/\/universnews224.com\"],\"url\":\"https:\/\/universnews224.com\/index.php\/author\/m-camara\/\"}]}<\/script>\n<!-- \/ Yoast SEO plugin. -->","yoast_head_json":{"title":"Condamnation d\u2019Aliou Bah : Cellou Dalein Diallo d\u00e9nonce une \u2018\u2019sentence absurde, digne des r\u00e9gimes les plus liberticides\u2019\u2019 - UNIVERSNEWS224","robots":{"index":"index","follow":"follow","max-snippet":"max-snippet:-1","max-image-preview":"max-image-preview:large","max-video-preview":"max-video-preview:-1"},"canonical":"https:\/\/universnews224.com\/index.php\/condamnation-daliou-bah-cellou-dalein-diallo-denonce-une-sentence-absurde-digne-des-regimes-les-plus-liberticides\/","og_locale":"fr_FR","og_type":"article","og_title":"Condamnation d\u2019Aliou Bah : Cellou Dalein Diallo d\u00e9nonce une \u2018\u2019sentence absurde, digne des r\u00e9gimes les plus liberticides\u2019\u2019 - UNIVERSNEWS224","og_description":"Quelques heures apr\u00e8s la condamnation de l\u2019homme politique Aliou Bah, \u00e0 2 ans de prison","og_url":"https:\/\/universnews224.com\/index.php\/condamnation-daliou-bah-cellou-dalein-diallo-denonce-une-sentence-absurde-digne-des-regimes-les-plus-liberticides\/","og_site_name":"UNIVERSNEWS224","article_published_time":"2025-01-07T18:18:04+00:00","og_image":[{"width":720,"height":375,"url":"https:\/\/universnews224.com\/wp-content\/uploads\/2025\/01\/IMG-20240827-WA0015-2-720x375-1.jpg","type":"image\/jpeg"}],"author":"La R\u00e9daction","twitter_misc":{"\u00c9crit par":"La R\u00e9daction","Dur\u00e9e de lecture estim\u00e9e":"2 minutes"},"schema":{"@context":"https:\/\/schema.org","@graph":[{"@type":"Article","@id":"https:\/\/universnews224.com\/index.php\/condamnation-daliou-bah-cellou-dalein-diallo-denonce-une-sentence-absurde-digne-des-regimes-les-plus-liberticides\/#article","isPartOf":{"@id":"https:\/\/universnews224.com\/index.php\/condamnation-daliou-bah-cellou-dalein-diallo-denonce-une-sentence-absurde-digne-des-regimes-les-plus-liberticides\/"},"author":{"name":"La R\u00e9daction","@id":"https:\/\/universnews224.com\/#\/schema\/person\/a4b7d4f94a4716df60456a491260485e"},"headline":"Condamnation d\u2019Aliou Bah : Cellou Dalein Diallo d\u00e9nonce une \u2018\u2019sentence absurde, digne des r\u00e9gimes les plus liberticides\u2019\u2019","datePublished":"2025-01-07T18:18:04+00:00","dateModified":"2025-01-07T18:18:04+00:00","mainEntityOfPage":{"@id":"https:\/\/universnews224.com\/index.php\/condamnation-daliou-bah-cellou-dalein-diallo-denonce-une-sentence-absurde-digne-des-regimes-les-plus-liberticides\/"},"wordCount":391,"publisher":{"@id":"https:\/\/universnews224.com\/#organization"},"keywords":["A la une"],"articleSection":["ACTU","POLITIQUE"],"inLanguage":"fr-FR"},{"@type":"WebPage","@id":"https:\/\/universnews224.com\/index.php\/condamnation-daliou-bah-cellou-dalein-diallo-denonce-une-sentence-absurde-digne-des-regimes-les-plus-liberticides\/","url":"https:\/\/universnews224.com\/index.php\/condamnation-daliou-bah-cellou-dalein-diallo-denonce-une-sentence-absurde-digne-des-regimes-les-plus-liberticides\/","name":"Condamnation d\u2019Aliou Bah : Cellou Dalein Diallo d\u00e9nonce une \u2018\u2019sentence absurde, digne des r\u00e9gimes les plus liberticides\u2019\u2019 - UNIVERSNEWS224","isPartOf":{"@id":"https:\/\/universnews224.com\/#website"},"datePublished":"2025-01-07T18:18:04+00:00","dateModified":"2025-01-07T18:18:04+00:00","inLanguage":"fr-FR","potentialAction":[{"@type":"ReadAction","target":["https:\/\/universnews224.com\/index.php\/condamnation-daliou-bah-cellou-dalein-diallo-denonce-une-sentence-absurde-digne-des-regimes-les-plus-liberticides\/"]}]},{"@type":"WebSite","@id":"https:\/\/universnews224.com\/#website","url":"https:\/\/universnews224.com\/","name":"UNIVERSNEWS224","description":"","publisher":{"@id":"https:\/\/universnews224.com\/#organization"},"potentialAction":[{"@type":"SearchAction","target":{"@type":"EntryPoint","urlTemplate":"https:\/\/universnews224.com\/?s={search_term_string}"},"query-input":"required name=search_term_string"}],"inLanguage":"fr-FR"},{"@type":"Organization","@id":"https:\/\/universnews224.com\/#organization","name":"UNIVERSNEWS224","url":"https:\/\/universnews224.com\/","logo":{"@type":"ImageObject","inLanguage":"fr-FR","@id":"https:\/\/universnews224.com\/#\/schema\/logo\/image\/","url":"https:\/\/universnews224.com\/wp-content\/uploads\/2022\/08\/cropped-cropped-logoban.jpg","contentUrl":"https:\/\/universnews224.com\/wp-content\/uploads\/2022\/08\/cropped-cropped-logoban.jpg","width":1080,"height":138,"caption":"UNIVERSNEWS224"},"image":{"@id":"https:\/\/universnews224.com\/#\/schema\/logo\/image\/"}},{"@type":"Person","@id":"https:\/\/universnews224.com\/#\/schema\/person\/a4b7d4f94a4716df60456a491260485e","name":"La R\u00e9daction","image":{"@type":"ImageObject","inLanguage":"fr-FR","@id":"https:\/\/universnews224.com\/#\/schema\/person\/image\/","url":"https:\/\/secure.gravatar.com\/avatar\/edb90acc7752b23e1b3307ad36c14f0d?s=96&d=mm&r=g","contentUrl":"https:\/\/secure.gravatar.com\/avatar\/edb90acc7752b23e1b3307ad36c14f0d?s=96&d=mm&r=g","caption":"La R\u00e9daction"},"sameAs":["https:\/\/universnews224.com"],"url":"https:\/\/universnews224.com\/index.php\/author\/m-camara\/"}]}},"_links":{"self":[{"href":"https:\/\/universnews224.com\/index.php\/wp-json\/wp\/v2\/posts\/7288"}],"collection":[{"href":"https:\/\/universnews224.com\/index.php\/wp-json\/wp\/v2\/posts"}],"about":[{"href":"https:\/\/universnews224.com\/index.php\/wp-json\/wp\/v2\/types\/post"}],"author":[{"embeddable":true,"href":"https:\/\/universnews224.com\/index.php\/wp-json\/wp\/v2\/users\/2"}],"replies":[{"embeddable":true,"href":"https:\/\/universnews224.com\/index.php\/wp-json\/wp\/v2\/comments?post=7288"}],"version-history":[{"count":1,"href":"https:\/\/universnews224.com\/index.php\/wp-json\/wp\/v2\/posts\/7288\/revisions"}],"predecessor-version":[{"id":7290,"href":"https:\/\/universnews224.com\/index.php\/wp-json\/wp\/v2\/posts\/7288\/revisions\/7290"}],"wp:featuredmedia":[{"embeddable":true,"href":"https:\/\/universnews224.com\/index.php\/wp-json\/wp\/v2\/media\/7289"}],"wp:attachment":[{"href":"https:\/\/universnews224.com\/index.php\/wp-json\/wp\/v2\/media?parent=7288"}],"wp:term":[{"taxonomy":"category","embeddable":true,"href":"https:\/\/universnews224.com\/index.php\/wp-json\/wp\/v2\/categories?post=7288"},{"taxonomy":"post_tag","embeddable":true,"href":"https:\/\/universnews224.com\/index.php\/wp-json\/wp\/v2\/tags?post=7288"}],"curies":[{"name":"wp","href":"https:\/\/api.w.org\/{rel}","templated":true}]}}