{"id":7291,"date":"2025-01-08T22:45:18","date_gmt":"2025-01-08T21:45:18","guid":{"rendered":"https:\/\/universnews224.com\/?p=7291"},"modified":"2025-01-08T22:45:18","modified_gmt":"2025-01-08T21:45:18","slug":"entrepreneuriat-un-centre-de-formation-professionnelle-en-couture-ouvre-ses-portes-a-conakry","status":"publish","type":"post","link":"https:\/\/universnews224.com\/index.php\/entrepreneuriat-un-centre-de-formation-professionnelle-en-couture-ouvre-ses-portes-a-conakry\/","title":{"rendered":"Entrepreneuriat : Un centre de formation professionnelle en couture ouvre ses portes \u00e0 Conakry."},"content":{"rendered":"<p dir=\"ltr\" style=\"line-height: 1.38;margin-top: 0.0pt;margin-bottom: 0.0pt\"><span style=\"font-size: 11pt;font-family: Arial, sans-serif;color: #000000;background-color: transparent;vertical-align: baseline\">L\u2019\u00e9ducation des jeunes filles repr\u00e9sente un enjeu crucial pour leur \u00e9mancipation et leur avenir. Les ateliers de couture, s\u2019inscrivant dans cette dynamique, jouent un r\u00f4le fondamental en int\u00e9grant l\u2019alphab\u00e9tisation \u00e0 leur formation, offrant ainsi des comp\u00e9tences pratiques et \u00e9ducatives.\u00a0<\/span><\/p>\n<p dir=\"ltr\">\n<p dir=\"ltr\" style=\"line-height: 1.38;margin-top: 0.0pt;margin-bottom: 0.0pt\"><span style=\"font-size: 11pt;font-family: Arial, sans-serif;color: #000000;background-color: transparent;vertical-align: baseline\">C&rsquo;est \u00e0 cette occasion que la fondatrice du\u00a0 centre de formation \u00ab\u00a0KADIYOU-KMB\u00a0\u00bb Mme Kadiatou Sylla a proc\u00e9d\u00e9 ce mercredi 08 janvier 2024, au lancement officiel de son tout premier atelier de formation des jeunes filles afin de lutter contre le ch\u00f4mage et la migration clandestine. C&rsquo;est dans le quartier Petit Simbaya dans la commune de Ratoma que la c\u00e9r\u00e9monie s&rsquo;est d\u00e9roul\u00e9e. Dans ce centre, des jeunes (filles et gar\u00e7ons) \u00e2g\u00e9s d\u2019au moins 18 \u00e0\u00a0 25 ans suivront des formations th\u00e9ories et pratiques durant six mois pour \u00eatre des cr\u00e9ateurs de mode.<a href=\"https:\/\/universnews224.com\/wp-content\/uploads\/2025\/01\/IMG-20250108-WA0002.jpg\"><img loading=\"lazy\" class=\"alignnone size-medium wp-image-7292\" src=\"https:\/\/universnews224.com\/wp-content\/uploads\/2025\/01\/IMG-20250108-WA0002-300x232.jpg\" alt=\"\" width=\"300\" height=\"232\" srcset=\"https:\/\/universnews224.com\/wp-content\/uploads\/2025\/01\/IMG-20250108-WA0002-300x232.jpg 300w, https:\/\/universnews224.com\/wp-content\/uploads\/2025\/01\/IMG-20250108-WA0002-1024x791.jpg 1024w, https:\/\/universnews224.com\/wp-content\/uploads\/2025\/01\/IMG-20250108-WA0002-768x593.jpg 768w, https:\/\/universnews224.com\/wp-content\/uploads\/2025\/01\/IMG-20250108-WA0002.jpg 1080w\" sizes=\"(max-width: 300px) 100vw, 300px\" \/><\/a><\/span><\/p>\n<p dir=\"ltr\" style=\"line-height: 1.38;margin-top: 0.0pt;margin-bottom: 0.0pt\"><span style=\"font-size: 11pt;font-family: Arial, sans-serif;color: #000000;background-color: transparent;vertical-align: baseline\">\u00ab Ce projet coudre pour s&rsquo;\u00e9panouir est notre fa\u00e7on d&rsquo;apporter notre grain de sable \u00e0 la construction au grand \u00e9difice qui abritera les filles et femmes autonomes de notre pays. Ce projet se promet d&rsquo;offrir des formations professionnelles de qualit\u00e9s pour ces dames, ceci pour promouvoir le m\u00e9tier de couture pour promouvoir leurs insertions professionnelles. Nous avons planifi\u00e9 le projet sur six (6) mois Janvier \u00e0 Juin 2025 avec des modules tous choisis pour atteindre les objectifs de ce projet. Cr\u00e9ation des v\u00eatements simples (Chemise, robe et ensemble). Conception des v\u00eatements c\u00e9r\u00e9moniaux (Mariage, bapt\u00eame et autre). Conception des mod\u00e8les de la coupe s\u00e9n\u00e9galaise le Perlage (&#8230;) \u00bb, a soulign\u00e9 la fondatrice Kadiatou Sylla. <a href=\"https:\/\/universnews224.com\/wp-content\/uploads\/2025\/01\/IMG-20250108-WA0001.jpg\"><img loading=\"lazy\" class=\"alignnone size-medium wp-image-7293\" src=\"https:\/\/universnews224.com\/wp-content\/uploads\/2025\/01\/IMG-20250108-WA0001-300x169.jpg\" alt=\"\" width=\"300\" height=\"169\" srcset=\"https:\/\/universnews224.com\/wp-content\/uploads\/2025\/01\/IMG-20250108-WA0001-300x169.jpg 300w, https:\/\/universnews224.com\/wp-content\/uploads\/2025\/01\/IMG-20250108-WA0001-1024x576.jpg 1024w, https:\/\/universnews224.com\/wp-content\/uploads\/2025\/01\/IMG-20250108-WA0001-768x432.jpg 768w, https:\/\/universnews224.com\/wp-content\/uploads\/2025\/01\/IMG-20250108-WA0001-800x450.jpg 800w, https:\/\/universnews224.com\/wp-content\/uploads\/2025\/01\/IMG-20250108-WA0001.jpg 1032w\" sizes=\"(max-width: 300px) 100vw, 300px\" \/><\/a><\/span><\/p>\n<p dir=\"ltr\" style=\"line-height: 1.38;margin-top: 0.0pt;margin-bottom: 0.0pt\"><span style=\"font-size: 11pt;font-family: Arial, sans-serif;color: #000000;background-color: transparent;vertical-align: baseline\">\u00abLe choix de ces modules n&rsquo;est pas fortuit, il concourt \u00e0 adapter la formation aux besoins de nos femmes qui veulent \u00eatre toujours belles dans ces tenues. Sur un total de 15 filles et femmes, les participantes auront aussi l&rsquo;occasion de suivre des cours d&rsquo;alphab\u00e9tisation pour les aider \u00e0 mieux communiquer avec leurs futures client\u00e8les. Nous avons pens\u00e9 que leur apprentissage de base en alphab\u00e9tisation n&rsquo;est pas un aspect \u00e0 ne pas n\u00e9gliger et d&rsquo;ailleurs nous en faisons l&rsquo;un des objectifs cl\u00e9s \u00bb, a-t-elle affirm\u00e9. <\/span><\/p>\n<p>&nbsp;<\/p>\n<p dir=\"ltr\" style=\"line-height: 1.38;margin-top: 0.0pt;margin-bottom: 0.0pt\"><span style=\"font-size: 11pt;font-family: Arial, sans-serif;color: #000000;background-color: transparent;vertical-align: baseline\">De son c\u00f4t\u00e9, Mme Bintou Manet Grovogui membres de la Conf\u00e9d\u00e9ration Nationale des femmes et filles de Guin\u00e9e (CONAFEG) a remerci\u00e9 l&rsquo;organisatrice\u00a0 avant de d\u00e9livrer des conseils aux apprenants. <a href=\"https:\/\/universnews224.com\/wp-content\/uploads\/2025\/01\/IMG-20250108-WA0004.jpg\"><img loading=\"lazy\" class=\"alignnone size-medium wp-image-7294\" src=\"https:\/\/universnews224.com\/wp-content\/uploads\/2025\/01\/IMG-20250108-WA0004-289x300.jpg\" alt=\"\" width=\"289\" height=\"300\" srcset=\"https:\/\/universnews224.com\/wp-content\/uploads\/2025\/01\/IMG-20250108-WA0004-289x300.jpg 289w, https:\/\/universnews224.com\/wp-content\/uploads\/2025\/01\/IMG-20250108-WA0004-768x797.jpg 768w, https:\/\/universnews224.com\/wp-content\/uploads\/2025\/01\/IMG-20250108-WA0004.jpg 969w\" sizes=\"(max-width: 289px) 100vw, 289px\" \/><\/a><\/span><\/p>\n<p dir=\"ltr\" style=\"line-height: 1.38;margin-top: 0.0pt;margin-bottom: 0.0pt\"><span style=\"font-size: 11pt;font-family: Arial, sans-serif;color: #000000;background-color: transparent;vertical-align: baseline\">\u00ab J&rsquo;ai \u00e9t\u00e9 invit\u00e9 \u00e0 ce lancement pour venir vraiment soutenir l&rsquo;initiative et donner mon mot de conseil pour les filles qui sont d\u00e9j\u00e0 s\u00e9lectionn\u00e9es pour faire cette formation. En fait, c&rsquo;est juste dans le sens des objectifs que la CONAFEG s&rsquo;est fix\u00e9e. La promotion, l&rsquo;autonomisation des femmes \u00e0 travers leurs activit\u00e9s \u00e9conomiques. Donc, initiative qui consiste \u00e0 prendre des femmes, \u00e0 les performer dans la couture, dans tous ces \u00e9l\u00e9ments, le perlage, le stylisme, la mode et tout, vraiment c&rsquo;est un honneur pour moi. Je demande \u00e0 toutes les femmes qui ont d\u00e9j\u00e0 un certain niveau de chercher au moins \u00e0 mettre autour d&rsquo;elles dix femmes ou dix jeunes filles pour les sortir de la gal\u00e8re, de la pauvret\u00e9 et de tous les d\u00e9lires. Donc une telle initiative c&rsquo;est \u00e0 soutenir \u00bb, a indiqu\u00e9 Hadja Man\u00e8t de la CONAFEG.\u00a0<\/span><\/p>\n<p>&nbsp;<\/p>\n<p dir=\"ltr\" style=\"line-height: 1.38;margin-top: 0.0pt;margin-bottom: 0.0pt\"><span style=\"font-size: 11pt;font-family: Arial, sans-serif;color: #000000;background-color: transparent;vertical-align: baseline\">Pour sa part,\u00a0 Mme Tour\u00e9 Virginie Directrice g\u00e9n\u00e9rale du Fonds d&rsquo;appui aux femmes et filles a,\u00a0 \u00e0 son tour insister sur la formation des jeunes filles. <\/span><\/p>\n<p dir=\"ltr\" style=\"line-height: 1.38;margin-top: 0.0pt;margin-bottom: 0.0pt\"><span style=\"font-size: 11pt;font-family: Arial, sans-serif;color: #000000;background-color: transparent;vertical-align: baseline\"><a href=\"https:\/\/universnews224.com\/wp-content\/uploads\/2025\/01\/IMG-20250108-WA0003.jpg\"><img loading=\"lazy\" class=\"alignnone size-medium wp-image-7295\" src=\"https:\/\/universnews224.com\/wp-content\/uploads\/2025\/01\/IMG-20250108-WA0003-300x235.jpg\" alt=\"\" width=\"300\" height=\"235\" srcset=\"https:\/\/universnews224.com\/wp-content\/uploads\/2025\/01\/IMG-20250108-WA0003-300x235.jpg 300w, https:\/\/universnews224.com\/wp-content\/uploads\/2025\/01\/IMG-20250108-WA0003-1024x802.jpg 1024w, https:\/\/universnews224.com\/wp-content\/uploads\/2025\/01\/IMG-20250108-WA0003-768x602.jpg 768w, https:\/\/universnews224.com\/wp-content\/uploads\/2025\/01\/IMG-20250108-WA0003.jpg 1080w\" sizes=\"(max-width: 300px) 100vw, 300px\" \/><\/a>\u00ab Aujourd\u2019hui nous devons sauver leur avenir en les donnant des formations. Parce que s&rsquo;ils ne sont pas form\u00e9s, ils ne sont pas gagnants. Je veux que celles qui ont pris l&rsquo;engagement, d&rsquo;aller sur cette voie de volont\u00e9. Si c&rsquo;est leur volont\u00e9, leur vision, elles peuvent r\u00e9ussir \u00bb, \u00e0 donn\u00e9 comme conseils.<\/span><\/p>\n<p>&nbsp;<\/p>\n<p dir=\"ltr\" style=\"line-height: 1.38;margin-top: 0.0pt;margin-bottom: 0.0pt\"><span style=\"font-size: 11pt;font-family: Arial, sans-serif;color: #000000;background-color: transparent;vertical-align: baseline\">Sana Sylla.<\/span><\/p>\n","protected":false},"excerpt":{"rendered":"<p>L\u2019\u00e9ducation des jeunes filles repr\u00e9sente un enjeu crucial pour leur \u00e9mancipation et leur avenir. Les<\/p>\n","protected":false},"author":2,"featured_media":7293,"comment_status":"closed","ping_status":"open","sticky":false,"template":"","format":"standard","meta":[],"categories":[3,5],"tags":[237],"yoast_head":"<!-- This site is optimized with the Yoast SEO plugin v19.13 - https:\/\/yoast.com\/wordpress\/plugins\/seo\/ -->\n<title>Entrepreneuriat : Un centre de formation professionnelle en couture ouvre ses portes \u00e0 Conakry. - UNIVERSNEWS224<\/title>\n<meta name=\"robots\" content=\"index, follow, max-snippet:-1, max-image-preview:large, max-video-preview:-1\" \/>\n<link rel=\"canonical\" href=\"https:\/\/universnews224.com\/index.php\/entrepreneuriat-un-centre-de-formation-professionnelle-en-couture-ouvre-ses-portes-a-conakry\/\" \/>\n<meta property=\"og:locale\" content=\"fr_FR\" \/>\n<meta property=\"og:type\" content=\"article\" \/>\n<meta property=\"og:title\" content=\"Entrepreneuriat : Un centre de formation professionnelle en couture ouvre ses portes \u00e0 Conakry. - UNIVERSNEWS224\" \/>\n<meta property=\"og:description\" content=\"L\u2019\u00e9ducation des jeunes filles repr\u00e9sente un enjeu crucial pour leur \u00e9mancipation et leur avenir. Les\" \/>\n<meta property=\"og:url\" content=\"https:\/\/universnews224.com\/index.php\/entrepreneuriat-un-centre-de-formation-professionnelle-en-couture-ouvre-ses-portes-a-conakry\/\" \/>\n<meta property=\"og:site_name\" content=\"UNIVERSNEWS224\" \/>\n<meta property=\"article:published_time\" content=\"2025-01-08T21:45:18+00:00\" \/>\n<meta property=\"og:image\" content=\"https:\/\/universnews224.com\/wp-content\/uploads\/2025\/01\/IMG-20250108-WA0001.jpg\" \/>\n\t<meta property=\"og:image:width\" content=\"1032\" \/>\n\t<meta property=\"og:image:height\" content=\"581\" \/>\n\t<meta property=\"og:image:type\" content=\"image\/jpeg\" \/>\n<meta name=\"author\" content=\"La R\u00e9daction\" \/>\n<meta name=\"twitter:label1\" content=\"\u00c9crit par\" \/>\n\t<meta name=\"twitter:data1\" content=\"La R\u00e9daction\" \/>\n\t<meta name=\"twitter:label2\" content=\"Dur\u00e9e de lecture estim\u00e9e\" \/>\n\t<meta name=\"twitter:data2\" content=\"4 minutes\" \/>\n<script type=\"application\/ld+json\" class=\"yoast-schema-graph\">{\"@context\":\"https:\/\/schema.org\",\"@graph\":[{\"@type\":\"Article\",\"@id\":\"https:\/\/universnews224.com\/index.php\/entrepreneuriat-un-centre-de-formation-professionnelle-en-couture-ouvre-ses-portes-a-conakry\/#article\",\"isPartOf\":{\"@id\":\"https:\/\/universnews224.com\/index.php\/entrepreneuriat-un-centre-de-formation-professionnelle-en-couture-ouvre-ses-portes-a-conakry\/\"},\"author\":{\"name\":\"La R\u00e9daction\",\"@id\":\"https:\/\/universnews224.com\/#\/schema\/person\/a4b7d4f94a4716df60456a491260485e\"},\"headline\":\"Entrepreneuriat : Un centre de formation professionnelle en couture ouvre ses portes \u00e0 Conakry.\",\"datePublished\":\"2025-01-08T21:45:18+00:00\",\"dateModified\":\"2025-01-08T21:45:18+00:00\",\"mainEntityOfPage\":{\"@id\":\"https:\/\/universnews224.com\/index.php\/entrepreneuriat-un-centre-de-formation-professionnelle-en-couture-ouvre-ses-portes-a-conakry\/\"},\"wordCount\":617,\"publisher\":{\"@id\":\"https:\/\/universnews224.com\/#organization\"},\"keywords\":[\"A la une\"],\"articleSection\":[\"ACTU\",\"SOCI\u00c9T\u00c9\"],\"inLanguage\":\"fr-FR\"},{\"@type\":\"WebPage\",\"@id\":\"https:\/\/universnews224.com\/index.php\/entrepreneuriat-un-centre-de-formation-professionnelle-en-couture-ouvre-ses-portes-a-conakry\/\",\"url\":\"https:\/\/universnews224.com\/index.php\/entrepreneuriat-un-centre-de-formation-professionnelle-en-couture-ouvre-ses-portes-a-conakry\/\",\"name\":\"Entrepreneuriat : Un centre de formation professionnelle en couture ouvre ses portes \u00e0 Conakry. - UNIVERSNEWS224\",\"isPartOf\":{\"@id\":\"https:\/\/universnews224.com\/#website\"},\"datePublished\":\"2025-01-08T21:45:18+00:00\",\"dateModified\":\"2025-01-08T21:45:18+00:00\",\"inLanguage\":\"fr-FR\",\"potentialAction\":[{\"@type\":\"ReadAction\",\"target\":[\"https:\/\/universnews224.com\/index.php\/entrepreneuriat-un-centre-de-formation-professionnelle-en-couture-ouvre-ses-portes-a-conakry\/\"]}]},{\"@type\":\"WebSite\",\"@id\":\"https:\/\/universnews224.com\/#website\",\"url\":\"https:\/\/universnews224.com\/\",\"name\":\"UNIVERSNEWS224\",\"description\":\"\",\"publisher\":{\"@id\":\"https:\/\/universnews224.com\/#organization\"},\"potentialAction\":[{\"@type\":\"SearchAction\",\"target\":{\"@type\":\"EntryPoint\",\"urlTemplate\":\"https:\/\/universnews224.com\/?s={search_term_string}\"},\"query-input\":\"required name=search_term_string\"}],\"inLanguage\":\"fr-FR\"},{\"@type\":\"Organization\",\"@id\":\"https:\/\/universnews224.com\/#organization\",\"name\":\"UNIVERSNEWS224\",\"url\":\"https:\/\/universnews224.com\/\",\"logo\":{\"@type\":\"ImageObject\",\"inLanguage\":\"fr-FR\",\"@id\":\"https:\/\/universnews224.com\/#\/schema\/logo\/image\/\",\"url\":\"https:\/\/universnews224.com\/wp-content\/uploads\/2022\/08\/cropped-cropped-logoban.jpg\",\"contentUrl\":\"https:\/\/universnews224.com\/wp-content\/uploads\/2022\/08\/cropped-cropped-logoban.jpg\",\"width\":1080,\"height\":138,\"caption\":\"UNIVERSNEWS224\"},\"image\":{\"@id\":\"https:\/\/universnews224.com\/#\/schema\/logo\/image\/\"}},{\"@type\":\"Person\",\"@id\":\"https:\/\/universnews224.com\/#\/schema\/person\/a4b7d4f94a4716df60456a491260485e\",\"name\":\"La R\u00e9daction\",\"image\":{\"@type\":\"ImageObject\",\"inLanguage\":\"fr-FR\",\"@id\":\"https:\/\/universnews224.com\/#\/schema\/person\/image\/\",\"url\":\"https:\/\/secure.gravatar.com\/avatar\/edb90acc7752b23e1b3307ad36c14f0d?s=96&d=mm&r=g\",\"contentUrl\":\"https:\/\/secure.gravatar.com\/avatar\/edb90acc7752b23e1b3307ad36c14f0d?s=96&d=mm&r=g\",\"caption\":\"La R\u00e9daction\"},\"sameAs\":[\"https:\/\/universnews224.com\"],\"url\":\"https:\/\/universnews224.com\/index.php\/author\/m-camara\/\"}]}<\/script>\n<!-- \/ Yoast SEO plugin. -->","yoast_head_json":{"title":"Entrepreneuriat : Un centre de formation professionnelle en couture ouvre ses portes \u00e0 Conakry. - UNIVERSNEWS224","robots":{"index":"index","follow":"follow","max-snippet":"max-snippet:-1","max-image-preview":"max-image-preview:large","max-video-preview":"max-video-preview:-1"},"canonical":"https:\/\/universnews224.com\/index.php\/entrepreneuriat-un-centre-de-formation-professionnelle-en-couture-ouvre-ses-portes-a-conakry\/","og_locale":"fr_FR","og_type":"article","og_title":"Entrepreneuriat : Un centre de formation professionnelle en couture ouvre ses portes \u00e0 Conakry. - UNIVERSNEWS224","og_description":"L\u2019\u00e9ducation des jeunes filles repr\u00e9sente un enjeu crucial pour leur \u00e9mancipation et leur avenir. Les","og_url":"https:\/\/universnews224.com\/index.php\/entrepreneuriat-un-centre-de-formation-professionnelle-en-couture-ouvre-ses-portes-a-conakry\/","og_site_name":"UNIVERSNEWS224","article_published_time":"2025-01-08T21:45:18+00:00","og_image":[{"width":1032,"height":581,"url":"https:\/\/universnews224.com\/wp-content\/uploads\/2025\/01\/IMG-20250108-WA0001.jpg","type":"image\/jpeg"}],"author":"La R\u00e9daction","twitter_misc":{"\u00c9crit par":"La R\u00e9daction","Dur\u00e9e de lecture estim\u00e9e":"4 minutes"},"schema":{"@context":"https:\/\/schema.org","@graph":[{"@type":"Article","@id":"https:\/\/universnews224.com\/index.php\/entrepreneuriat-un-centre-de-formation-professionnelle-en-couture-ouvre-ses-portes-a-conakry\/#article","isPartOf":{"@id":"https:\/\/universnews224.com\/index.php\/entrepreneuriat-un-centre-de-formation-professionnelle-en-couture-ouvre-ses-portes-a-conakry\/"},"author":{"name":"La R\u00e9daction","@id":"https:\/\/universnews224.com\/#\/schema\/person\/a4b7d4f94a4716df60456a491260485e"},"headline":"Entrepreneuriat : Un centre de formation professionnelle en couture ouvre ses portes \u00e0 Conakry.","datePublished":"2025-01-08T21:45:18+00:00","dateModified":"2025-01-08T21:45:18+00:00","mainEntityOfPage":{"@id":"https:\/\/universnews224.com\/index.php\/entrepreneuriat-un-centre-de-formation-professionnelle-en-couture-ouvre-ses-portes-a-conakry\/"},"wordCount":617,"publisher":{"@id":"https:\/\/universnews224.com\/#organization"},"keywords":["A la une"],"articleSection":["ACTU","SOCI\u00c9T\u00c9"],"inLanguage":"fr-FR"},{"@type":"WebPage","@id":"https:\/\/universnews224.com\/index.php\/entrepreneuriat-un-centre-de-formation-professionnelle-en-couture-ouvre-ses-portes-a-conakry\/","url":"https:\/\/universnews224.com\/index.php\/entrepreneuriat-un-centre-de-formation-professionnelle-en-couture-ouvre-ses-portes-a-conakry\/","name":"Entrepreneuriat : Un centre de formation professionnelle en couture ouvre ses portes \u00e0 Conakry. - UNIVERSNEWS224","isPartOf":{"@id":"https:\/\/universnews224.com\/#website"},"datePublished":"2025-01-08T21:45:18+00:00","dateModified":"2025-01-08T21:45:18+00:00","inLanguage":"fr-FR","potentialAction":[{"@type":"ReadAction","target":["https:\/\/universnews224.com\/index.php\/entrepreneuriat-un-centre-de-formation-professionnelle-en-couture-ouvre-ses-portes-a-conakry\/"]}]},{"@type":"WebSite","@id":"https:\/\/universnews224.com\/#website","url":"https:\/\/universnews224.com\/","name":"UNIVERSNEWS224","description":"","publisher":{"@id":"https:\/\/universnews224.com\/#organization"},"potentialAction":[{"@type":"SearchAction","target":{"@type":"EntryPoint","urlTemplate":"https:\/\/universnews224.com\/?s={search_term_string}"},"query-input":"required name=search_term_string"}],"inLanguage":"fr-FR"},{"@type":"Organization","@id":"https:\/\/universnews224.com\/#organization","name":"UNIVERSNEWS224","url":"https:\/\/universnews224.com\/","logo":{"@type":"ImageObject","inLanguage":"fr-FR","@id":"https:\/\/universnews224.com\/#\/schema\/logo\/image\/","url":"https:\/\/universnews224.com\/wp-content\/uploads\/2022\/08\/cropped-cropped-logoban.jpg","contentUrl":"https:\/\/universnews224.com\/wp-content\/uploads\/2022\/08\/cropped-cropped-logoban.jpg","width":1080,"height":138,"caption":"UNIVERSNEWS224"},"image":{"@id":"https:\/\/universnews224.com\/#\/schema\/logo\/image\/"}},{"@type":"Person","@id":"https:\/\/universnews224.com\/#\/schema\/person\/a4b7d4f94a4716df60456a491260485e","name":"La R\u00e9daction","image":{"@type":"ImageObject","inLanguage":"fr-FR","@id":"https:\/\/universnews224.com\/#\/schema\/person\/image\/","url":"https:\/\/secure.gravatar.com\/avatar\/edb90acc7752b23e1b3307ad36c14f0d?s=96&d=mm&r=g","contentUrl":"https:\/\/secure.gravatar.com\/avatar\/edb90acc7752b23e1b3307ad36c14f0d?s=96&d=mm&r=g","caption":"La R\u00e9daction"},"sameAs":["https:\/\/universnews224.com"],"url":"https:\/\/universnews224.com\/index.php\/author\/m-camara\/"}]}},"_links":{"self":[{"href":"https:\/\/universnews224.com\/index.php\/wp-json\/wp\/v2\/posts\/7291"}],"collection":[{"href":"https:\/\/universnews224.com\/index.php\/wp-json\/wp\/v2\/posts"}],"about":[{"href":"https:\/\/universnews224.com\/index.php\/wp-json\/wp\/v2\/types\/post"}],"author":[{"embeddable":true,"href":"https:\/\/universnews224.com\/index.php\/wp-json\/wp\/v2\/users\/2"}],"replies":[{"embeddable":true,"href":"https:\/\/universnews224.com\/index.php\/wp-json\/wp\/v2\/comments?post=7291"}],"version-history":[{"count":1,"href":"https:\/\/universnews224.com\/index.php\/wp-json\/wp\/v2\/posts\/7291\/revisions"}],"predecessor-version":[{"id":7296,"href":"https:\/\/universnews224.com\/index.php\/wp-json\/wp\/v2\/posts\/7291\/revisions\/7296"}],"wp:featuredmedia":[{"embeddable":true,"href":"https:\/\/universnews224.com\/index.php\/wp-json\/wp\/v2\/media\/7293"}],"wp:attachment":[{"href":"https:\/\/universnews224.com\/index.php\/wp-json\/wp\/v2\/media?parent=7291"}],"wp:term":[{"taxonomy":"category","embeddable":true,"href":"https:\/\/universnews224.com\/index.php\/wp-json\/wp\/v2\/categories?post=7291"},{"taxonomy":"post_tag","embeddable":true,"href":"https:\/\/universnews224.com\/index.php\/wp-json\/wp\/v2\/tags?post=7291"}],"curies":[{"name":"wp","href":"https:\/\/api.w.org\/{rel}","templated":true}]}}