{"id":7299,"date":"2025-01-09T00:15:59","date_gmt":"2025-01-08T23:15:59","guid":{"rendered":"https:\/\/universnews224.com\/?p=7299"},"modified":"2025-01-09T00:15:59","modified_gmt":"2025-01-08T23:15:59","slug":"tchad-un-commando-arme-attaque-le-palais-presidentiel-avant-detre-maitrise","status":"publish","type":"post","link":"https:\/\/universnews224.com\/index.php\/tchad-un-commando-arme-attaque-le-palais-presidentiel-avant-detre-maitrise\/","title":{"rendered":"Tchad: un commando arm\u00e9 attaque le palais pr\u00e9sidentiel avant d\u2019\u00eatre ma\u00eetris\u00e9"},"content":{"rendered":"<p style=\"margin: 0px 0px 17px;text-align: justify;color: #222222;font-family: 'Open Sans';background-color: #f3f3f3\"><span>Des hommes arm\u00e9s se sont introduits mercredi dans le palais pr\u00e9sidentiel o\u00f9 ils ont \u00e9t\u00e9 rapidement ma\u00eetris\u00e9s par la garde. Le gouvernement assure que la situation est \u00abtotalement sous contr\u00f4le\u00bb.<\/span><\/p>\n<p style=\"margin: 0px 0px 17px;text-align: justify;color: #222222;font-family: 'Open Sans';background-color: #f3f3f3\"><span>Un commando lourdement arm\u00e9 a attaqu\u00e9 mercredi soir le palais pr\u00e9sidentiel tchadien dans la capitale N\u2019Djamena avant d\u2019\u00eatre rapidement maitris\u00e9 par la garde pr\u00e9sidentielle, selon le gouvernement et des sources s\u00e9curitaires.\u00a0<\/span><\/p>\n<p style=\"margin: 0px 0px 17px;text-align: justify;color: #222222;font-family: 'Open Sans';background-color: #f3f3f3\"><span>\u00abLa situation est totalement ma\u00eetris\u00e9e. (\u2026) Toute cette tentative de d\u00e9stabilisation a \u00e9t\u00e9 \u00e9radiqu\u00e9e\u00bb, a d\u00e9clar\u00e9 le ministre tchadien des Affaires \u00e9trang\u00e8res, Abderaman Koulamallah, dans une vid\u00e9o publi\u00e9e dans la soir\u00e9e sur Facebook.<\/span><\/p>\n<p style=\"margin: 0px 0px 17px;text-align: justify;color: #222222;font-family: 'Open Sans';background-color: #f3f3f3\"><span>Selon plusieurs sources s\u00e9curitaires, le commando s\u2019est introduit dans le palais pr\u00e9sidentiel, o\u00f9 il a \u00e9t\u00e9 rapidement ma\u00eetris\u00e9 par la garde pr\u00e9sidentielle. Le ministre, qui s\u2019exprimait arme \u00e0 la ceinture et entour\u00e9 de soldats depuis le palais pr\u00e9sidentiel, n\u2019a pas donn\u00e9 plus de pr\u00e9cisions sur les auteurs et la nature de l\u2019attaque, dans son message diffus\u00e9 en direct et destin\u00e9 \u00e0 rassurer la population.<\/span><\/p>\n<p style=\"margin: 0px 0px 17px;text-align: justify;color: #222222;font-family: 'Open Sans';background-color: #f3f3f3\"><span>Aucun bilan de cette attaque, apparemment lanc\u00e9e peu apr\u00e8s 19H45 (18H45 GMT), n\u2019\u00e9tait \u00e0 ce stade donn\u00e9 par les autorit\u00e9s.\u00a0<\/span><\/p>\n<p style=\"margin: 0px 0px 17px;text-align: justify;color: #222222;font-family: 'Open Sans';background-color: #f3f3f3\"><span>L\u2019une des sources s\u00e9curitaires a indiqu\u00e9 que les assaillants faisaient partie du groupe djihadiste Boko Haram, que les forces de s\u00e9curit\u00e9 tchadienne combattent dans la r\u00e9gion du lac Tchad (ouest), frontali\u00e8re du Cameroun, du Nigeria et du Niger.<\/span><\/p>\n<p style=\"margin: 0px 0px 17px;text-align: justify;color: #222222;font-family: 'Open Sans';background-color: #f3f3f3\"><span>L\u2019attaque a eu lieu quelques heures apr\u00e8s la visite \u00e0 N\u2019Djamena du ministre chinois des Affaires \u00e9trang\u00e8res, Wang Yi, qui a eu plusieurs entretiens avec des dirigeants tchadiens, dont un \u00e0 la pr\u00e9sidence avec le chef de l\u2019\u00c9tat Mahamat Idriss D\u00e9by Itno.<\/span><\/p>\n<p style=\"margin: 0px 0px 17px;text-align: justify;color: #222222;font-family: 'Open Sans';background-color: #f3f3f3\"><span>Des tirs nourris ont \u00e9t\u00e9 entendus pendant pr\u00e8s d\u2019une heure dans les quartiers proches de la pr\u00e9sidence, avant de cesser vers 20H50 (19H50 GMT), ont constat\u00e9 des journalistes de l\u2019AFP.<\/span><\/p>\n<p style=\"margin: 0px 0px 17px;text-align: justify;color: #222222;font-family: 'Open Sans';background-color: #f3f3f3\"><span>Op\u00e9ration antidjihadiste<\/span><\/p>\n<p style=\"margin: 0px 0px 17px;text-align: justify;color: #222222;font-family: 'Open Sans';background-color: #f3f3f3\"><span>Toutes les voies menant vers la pr\u00e9sidence ont \u00e9t\u00e9 rapidement ferm\u00e9es \u00e0 la circulation. Des chars ont \u00e9t\u00e9 d\u00e9ploy\u00e9s dans les rues, dont l\u2019un devant le commissariat central, et des policiers en armes post\u00e9s aux angles des rues. Dans ces quartiers du centre de la capitale, les gens, visiblement inquiets, se sont press\u00e9s de reprendre leur voiture ou moto pour rentrer chez eux.<\/span><\/p>\n<p style=\"margin: 0px 0px 17px;text-align: justify;color: #222222;font-family: 'Open Sans';background-color: #f3f3f3\"><span>Le Tchad a annonc\u00e9 par surprise fin novembre dernier qu\u2019il mettait fin \u00e0 l\u2019accord militaire entre Paris et N\u2019Djamena, actant la fin de soixante ans de coop\u00e9ration militaire depuis la fin de la colonisation fran\u00e7aise. Selon le pr\u00e9sident D\u00e9by, ces accords \u00e9taient \u00abcompl\u00e9tement obsol\u00e8tes\u00bb, face \u00abaux r\u00e9alit\u00e9s politiques et g\u00e9ostrat\u00e9giques de notre temps\u00bb.<\/span><\/p>\n<p style=\"margin: 0px 0px 17px;text-align: justify;color: #222222;font-family: 'Open Sans';background-color: #f3f3f3\">\n<p style=\"margin: 0px 0px 17px;text-align: justify;color: #222222;font-family: 'Open Sans';background-color: #f3f3f3\"><span>AFP<\/span><\/p>\n","protected":false},"excerpt":{"rendered":"<p>Des hommes arm\u00e9s se sont introduits mercredi dans le palais pr\u00e9sidentiel o\u00f9 ils ont \u00e9t\u00e9<\/p>\n","protected":false},"author":2,"featured_media":7300,"comment_status":"closed","ping_status":"open","sticky":false,"template":"","format":"standard","meta":[],"categories":[3,4],"tags":[237],"yoast_head":"<!-- This site is optimized with the Yoast SEO plugin v19.13 - https:\/\/yoast.com\/wordpress\/plugins\/seo\/ -->\n<title>Tchad: un commando arm\u00e9 attaque le palais pr\u00e9sidentiel avant d\u2019\u00eatre ma\u00eetris\u00e9 - UNIVERSNEWS224<\/title>\n<meta name=\"robots\" content=\"index, follow, max-snippet:-1, max-image-preview:large, max-video-preview:-1\" \/>\n<link rel=\"canonical\" href=\"https:\/\/universnews224.com\/index.php\/tchad-un-commando-arme-attaque-le-palais-presidentiel-avant-detre-maitrise\/\" \/>\n<meta property=\"og:locale\" content=\"fr_FR\" \/>\n<meta property=\"og:type\" content=\"article\" \/>\n<meta property=\"og:title\" content=\"Tchad: un commando arm\u00e9 attaque le palais pr\u00e9sidentiel avant d\u2019\u00eatre ma\u00eetris\u00e9 - UNIVERSNEWS224\" \/>\n<meta property=\"og:description\" content=\"Des hommes arm\u00e9s se sont introduits mercredi dans le palais pr\u00e9sidentiel o\u00f9 ils ont \u00e9t\u00e9\" \/>\n<meta property=\"og:url\" content=\"https:\/\/universnews224.com\/index.php\/tchad-un-commando-arme-attaque-le-palais-presidentiel-avant-detre-maitrise\/\" \/>\n<meta property=\"og:site_name\" content=\"UNIVERSNEWS224\" \/>\n<meta property=\"article:published_time\" content=\"2025-01-08T23:15:59+00:00\" \/>\n<meta property=\"og:image\" content=\"https:\/\/universnews224.com\/wp-content\/uploads\/2025\/01\/IMG_9409.jpeg\" \/>\n\t<meta property=\"og:image:width\" content=\"1024\" \/>\n\t<meta property=\"og:image:height\" content=\"683\" \/>\n\t<meta property=\"og:image:type\" content=\"image\/jpeg\" \/>\n<meta name=\"author\" content=\"La R\u00e9daction\" \/>\n<meta name=\"twitter:label1\" content=\"\u00c9crit par\" \/>\n\t<meta name=\"twitter:data1\" content=\"La R\u00e9daction\" \/>\n\t<meta name=\"twitter:label2\" content=\"Dur\u00e9e de lecture estim\u00e9e\" \/>\n\t<meta name=\"twitter:data2\" content=\"3 minutes\" \/>\n<script type=\"application\/ld+json\" class=\"yoast-schema-graph\">{\"@context\":\"https:\/\/schema.org\",\"@graph\":[{\"@type\":\"Article\",\"@id\":\"https:\/\/universnews224.com\/index.php\/tchad-un-commando-arme-attaque-le-palais-presidentiel-avant-detre-maitrise\/#article\",\"isPartOf\":{\"@id\":\"https:\/\/universnews224.com\/index.php\/tchad-un-commando-arme-attaque-le-palais-presidentiel-avant-detre-maitrise\/\"},\"author\":{\"name\":\"La R\u00e9daction\",\"@id\":\"https:\/\/universnews224.com\/#\/schema\/person\/a4b7d4f94a4716df60456a491260485e\"},\"headline\":\"Tchad: un commando arm\u00e9 attaque le palais pr\u00e9sidentiel avant d\u2019\u00eatre ma\u00eetris\u00e9\",\"datePublished\":\"2025-01-08T23:15:59+00:00\",\"dateModified\":\"2025-01-08T23:15:59+00:00\",\"mainEntityOfPage\":{\"@id\":\"https:\/\/universnews224.com\/index.php\/tchad-un-commando-arme-attaque-le-palais-presidentiel-avant-detre-maitrise\/\"},\"wordCount\":483,\"publisher\":{\"@id\":\"https:\/\/universnews224.com\/#organization\"},\"keywords\":[\"A la une\"],\"articleSection\":[\"ACTU\",\"POLITIQUE\"],\"inLanguage\":\"fr-FR\"},{\"@type\":\"WebPage\",\"@id\":\"https:\/\/universnews224.com\/index.php\/tchad-un-commando-arme-attaque-le-palais-presidentiel-avant-detre-maitrise\/\",\"url\":\"https:\/\/universnews224.com\/index.php\/tchad-un-commando-arme-attaque-le-palais-presidentiel-avant-detre-maitrise\/\",\"name\":\"Tchad: un commando arm\u00e9 attaque le palais pr\u00e9sidentiel avant d\u2019\u00eatre ma\u00eetris\u00e9 - UNIVERSNEWS224\",\"isPartOf\":{\"@id\":\"https:\/\/universnews224.com\/#website\"},\"datePublished\":\"2025-01-08T23:15:59+00:00\",\"dateModified\":\"2025-01-08T23:15:59+00:00\",\"inLanguage\":\"fr-FR\",\"potentialAction\":[{\"@type\":\"ReadAction\",\"target\":[\"https:\/\/universnews224.com\/index.php\/tchad-un-commando-arme-attaque-le-palais-presidentiel-avant-detre-maitrise\/\"]}]},{\"@type\":\"WebSite\",\"@id\":\"https:\/\/universnews224.com\/#website\",\"url\":\"https:\/\/universnews224.com\/\",\"name\":\"UNIVERSNEWS224\",\"description\":\"\",\"publisher\":{\"@id\":\"https:\/\/universnews224.com\/#organization\"},\"potentialAction\":[{\"@type\":\"SearchAction\",\"target\":{\"@type\":\"EntryPoint\",\"urlTemplate\":\"https:\/\/universnews224.com\/?s={search_term_string}\"},\"query-input\":\"required name=search_term_string\"}],\"inLanguage\":\"fr-FR\"},{\"@type\":\"Organization\",\"@id\":\"https:\/\/universnews224.com\/#organization\",\"name\":\"UNIVERSNEWS224\",\"url\":\"https:\/\/universnews224.com\/\",\"logo\":{\"@type\":\"ImageObject\",\"inLanguage\":\"fr-FR\",\"@id\":\"https:\/\/universnews224.com\/#\/schema\/logo\/image\/\",\"url\":\"https:\/\/universnews224.com\/wp-content\/uploads\/2022\/08\/cropped-cropped-logoban.jpg\",\"contentUrl\":\"https:\/\/universnews224.com\/wp-content\/uploads\/2022\/08\/cropped-cropped-logoban.jpg\",\"width\":1080,\"height\":138,\"caption\":\"UNIVERSNEWS224\"},\"image\":{\"@id\":\"https:\/\/universnews224.com\/#\/schema\/logo\/image\/\"}},{\"@type\":\"Person\",\"@id\":\"https:\/\/universnews224.com\/#\/schema\/person\/a4b7d4f94a4716df60456a491260485e\",\"name\":\"La R\u00e9daction\",\"image\":{\"@type\":\"ImageObject\",\"inLanguage\":\"fr-FR\",\"@id\":\"https:\/\/universnews224.com\/#\/schema\/person\/image\/\",\"url\":\"https:\/\/secure.gravatar.com\/avatar\/edb90acc7752b23e1b3307ad36c14f0d?s=96&d=mm&r=g\",\"contentUrl\":\"https:\/\/secure.gravatar.com\/avatar\/edb90acc7752b23e1b3307ad36c14f0d?s=96&d=mm&r=g\",\"caption\":\"La R\u00e9daction\"},\"sameAs\":[\"https:\/\/universnews224.com\"],\"url\":\"https:\/\/universnews224.com\/index.php\/author\/m-camara\/\"}]}<\/script>\n<!-- \/ Yoast SEO plugin. -->","yoast_head_json":{"title":"Tchad: un commando arm\u00e9 attaque le palais pr\u00e9sidentiel avant d\u2019\u00eatre ma\u00eetris\u00e9 - UNIVERSNEWS224","robots":{"index":"index","follow":"follow","max-snippet":"max-snippet:-1","max-image-preview":"max-image-preview:large","max-video-preview":"max-video-preview:-1"},"canonical":"https:\/\/universnews224.com\/index.php\/tchad-un-commando-arme-attaque-le-palais-presidentiel-avant-detre-maitrise\/","og_locale":"fr_FR","og_type":"article","og_title":"Tchad: un commando arm\u00e9 attaque le palais pr\u00e9sidentiel avant d\u2019\u00eatre ma\u00eetris\u00e9 - UNIVERSNEWS224","og_description":"Des hommes arm\u00e9s se sont introduits mercredi dans le palais pr\u00e9sidentiel o\u00f9 ils ont \u00e9t\u00e9","og_url":"https:\/\/universnews224.com\/index.php\/tchad-un-commando-arme-attaque-le-palais-presidentiel-avant-detre-maitrise\/","og_site_name":"UNIVERSNEWS224","article_published_time":"2025-01-08T23:15:59+00:00","og_image":[{"width":1024,"height":683,"url":"https:\/\/universnews224.com\/wp-content\/uploads\/2025\/01\/IMG_9409.jpeg","type":"image\/jpeg"}],"author":"La R\u00e9daction","twitter_misc":{"\u00c9crit par":"La R\u00e9daction","Dur\u00e9e de lecture estim\u00e9e":"3 minutes"},"schema":{"@context":"https:\/\/schema.org","@graph":[{"@type":"Article","@id":"https:\/\/universnews224.com\/index.php\/tchad-un-commando-arme-attaque-le-palais-presidentiel-avant-detre-maitrise\/#article","isPartOf":{"@id":"https:\/\/universnews224.com\/index.php\/tchad-un-commando-arme-attaque-le-palais-presidentiel-avant-detre-maitrise\/"},"author":{"name":"La R\u00e9daction","@id":"https:\/\/universnews224.com\/#\/schema\/person\/a4b7d4f94a4716df60456a491260485e"},"headline":"Tchad: un commando arm\u00e9 attaque le palais pr\u00e9sidentiel avant d\u2019\u00eatre ma\u00eetris\u00e9","datePublished":"2025-01-08T23:15:59+00:00","dateModified":"2025-01-08T23:15:59+00:00","mainEntityOfPage":{"@id":"https:\/\/universnews224.com\/index.php\/tchad-un-commando-arme-attaque-le-palais-presidentiel-avant-detre-maitrise\/"},"wordCount":483,"publisher":{"@id":"https:\/\/universnews224.com\/#organization"},"keywords":["A la une"],"articleSection":["ACTU","POLITIQUE"],"inLanguage":"fr-FR"},{"@type":"WebPage","@id":"https:\/\/universnews224.com\/index.php\/tchad-un-commando-arme-attaque-le-palais-presidentiel-avant-detre-maitrise\/","url":"https:\/\/universnews224.com\/index.php\/tchad-un-commando-arme-attaque-le-palais-presidentiel-avant-detre-maitrise\/","name":"Tchad: un commando arm\u00e9 attaque le palais pr\u00e9sidentiel avant d\u2019\u00eatre ma\u00eetris\u00e9 - UNIVERSNEWS224","isPartOf":{"@id":"https:\/\/universnews224.com\/#website"},"datePublished":"2025-01-08T23:15:59+00:00","dateModified":"2025-01-08T23:15:59+00:00","inLanguage":"fr-FR","potentialAction":[{"@type":"ReadAction","target":["https:\/\/universnews224.com\/index.php\/tchad-un-commando-arme-attaque-le-palais-presidentiel-avant-detre-maitrise\/"]}]},{"@type":"WebSite","@id":"https:\/\/universnews224.com\/#website","url":"https:\/\/universnews224.com\/","name":"UNIVERSNEWS224","description":"","publisher":{"@id":"https:\/\/universnews224.com\/#organization"},"potentialAction":[{"@type":"SearchAction","target":{"@type":"EntryPoint","urlTemplate":"https:\/\/universnews224.com\/?s={search_term_string}"},"query-input":"required name=search_term_string"}],"inLanguage":"fr-FR"},{"@type":"Organization","@id":"https:\/\/universnews224.com\/#organization","name":"UNIVERSNEWS224","url":"https:\/\/universnews224.com\/","logo":{"@type":"ImageObject","inLanguage":"fr-FR","@id":"https:\/\/universnews224.com\/#\/schema\/logo\/image\/","url":"https:\/\/universnews224.com\/wp-content\/uploads\/2022\/08\/cropped-cropped-logoban.jpg","contentUrl":"https:\/\/universnews224.com\/wp-content\/uploads\/2022\/08\/cropped-cropped-logoban.jpg","width":1080,"height":138,"caption":"UNIVERSNEWS224"},"image":{"@id":"https:\/\/universnews224.com\/#\/schema\/logo\/image\/"}},{"@type":"Person","@id":"https:\/\/universnews224.com\/#\/schema\/person\/a4b7d4f94a4716df60456a491260485e","name":"La R\u00e9daction","image":{"@type":"ImageObject","inLanguage":"fr-FR","@id":"https:\/\/universnews224.com\/#\/schema\/person\/image\/","url":"https:\/\/secure.gravatar.com\/avatar\/edb90acc7752b23e1b3307ad36c14f0d?s=96&d=mm&r=g","contentUrl":"https:\/\/secure.gravatar.com\/avatar\/edb90acc7752b23e1b3307ad36c14f0d?s=96&d=mm&r=g","caption":"La R\u00e9daction"},"sameAs":["https:\/\/universnews224.com"],"url":"https:\/\/universnews224.com\/index.php\/author\/m-camara\/"}]}},"_links":{"self":[{"href":"https:\/\/universnews224.com\/index.php\/wp-json\/wp\/v2\/posts\/7299"}],"collection":[{"href":"https:\/\/universnews224.com\/index.php\/wp-json\/wp\/v2\/posts"}],"about":[{"href":"https:\/\/universnews224.com\/index.php\/wp-json\/wp\/v2\/types\/post"}],"author":[{"embeddable":true,"href":"https:\/\/universnews224.com\/index.php\/wp-json\/wp\/v2\/users\/2"}],"replies":[{"embeddable":true,"href":"https:\/\/universnews224.com\/index.php\/wp-json\/wp\/v2\/comments?post=7299"}],"version-history":[{"count":1,"href":"https:\/\/universnews224.com\/index.php\/wp-json\/wp\/v2\/posts\/7299\/revisions"}],"predecessor-version":[{"id":7301,"href":"https:\/\/universnews224.com\/index.php\/wp-json\/wp\/v2\/posts\/7299\/revisions\/7301"}],"wp:featuredmedia":[{"embeddable":true,"href":"https:\/\/universnews224.com\/index.php\/wp-json\/wp\/v2\/media\/7300"}],"wp:attachment":[{"href":"https:\/\/universnews224.com\/index.php\/wp-json\/wp\/v2\/media?parent=7299"}],"wp:term":[{"taxonomy":"category","embeddable":true,"href":"https:\/\/universnews224.com\/index.php\/wp-json\/wp\/v2\/categories?post=7299"},{"taxonomy":"post_tag","embeddable":true,"href":"https:\/\/universnews224.com\/index.php\/wp-json\/wp\/v2\/tags?post=7299"}],"curies":[{"name":"wp","href":"https:\/\/api.w.org\/{rel}","templated":true}]}}