{"id":7307,"date":"2025-01-10T00:13:57","date_gmt":"2025-01-09T23:13:57","guid":{"rendered":"https:\/\/universnews224.com\/?p=7307"},"modified":"2025-01-10T00:13:57","modified_gmt":"2025-01-09T23:13:57","slug":"ousmane-gaoual-diallo-aucun-responsable-politique-nest-pousse-a-lexil","status":"publish","type":"post","link":"https:\/\/universnews224.com\/index.php\/ousmane-gaoual-diallo-aucun-responsable-politique-nest-pousse-a-lexil\/","title":{"rendered":"Ousmane Gaoual Diallo : \u2018\u2019Aucun responsable politique n\u2019est pouss\u00e9 \u00e0 l\u2019exil\u2019\u2019"},"content":{"rendered":"<p style=\"margin: 0px 0px 1em;text-align: justify;background-color: #f3f3f3;border: 0px;line-height: inherit;font-family: 'Helvetica Neue', Helvetica, Roboto, Arial, sans-serif;vertical-align: baseline\">Dans une interview sur les ondes de RFI, ce jeudi 9 janvier, Ousmane Gaoual Diallo, ministre des transports et porte-parole du gouvernement, a tenu \u00e0 clarifier la position des autorit\u00e9s sur la condamnation d\u2019Aliou Bah, pr\u00e9sident du parti MoDeL, \u00e0 deux ans de prison pour offense et diffamation contre le chef de l\u2019Etat.<\/p>\n<p style=\"margin: 0px 0px 1em;text-align: justify;background-color: #f3f3f3;border: 0px;line-height: inherit;font-family: 'Helvetica Neue', Helvetica, Roboto, Arial, sans-serif;vertical-align: baseline\">Pour le porte-parole du gouvernement, il est primordial de distinguer entre critique l\u00e9gitime et diffamation.<\/p>\n<p style=\"margin: 0px 0px 1em;text-align: justify;background-color: #f3f3f3;border: 0px;line-height: inherit;font-family: 'Helvetica Neue', Helvetica, Roboto, Arial, sans-serif;vertical-align: baseline\">\u2019Il faut faire la distinction entre la critique, la diffamation, parce que la diffamation est sanctionn\u00e9e p\u00e9nalement, alors que la critique elle, est accept\u00e9e dans les d\u00e9mocraties en construction que nous essayons de faire dans nos pays. Donc, il ne faut pas consid\u00e9rer que ce soit une volont\u00e9 des autorit\u00e9s de museler ou de pousser \u00e0 l\u2019exil\u2019\u2019, a-t-il affirm\u00e9.<\/p>\n<div class=\"jeg_ad jeg_ad_article jnews_content_inline_3_ads  \" style=\"background-color: #f3f3f3;margin: 0px 0px 1.25em;padding: 0px;border: 0px;line-height: inherit;font-family: 'Helvetica Neue', Helvetica, Roboto, Arial, sans-serif;vertical-align: baseline;text-align: center\">\n<div class=\"ads-wrapper align-center \" style=\"margin: 1em 0px;padding: 0px;border: 0px;font: inherit;vertical-align: baseline\"><\/div>\n<\/div>\n<p style=\"margin: 0px 0px 1em;text-align: justify;background-color: #f3f3f3;border: 0px;line-height: inherit;font-family: 'Helvetica Neue', Helvetica, Roboto, Arial, sans-serif;vertical-align: baseline\">Poursuivant, il rejette \u00e9galement l\u2019id\u00e9e selon laquelle, les autorit\u00e9s chercheraient \u00e0 museler les opposants ou \u00e0 pousser certains acteurs politiques \u00e0 l\u2019exil. \u2018\u2019Il ne faut pas consid\u00e9rer que ce soit une volont\u00e9 des autorit\u00e9s de museler ou de pousser \u00e0 l\u2019exil\u2019\u2019.<\/p>\n<p style=\"margin: 0px 0px 1em;text-align: justify;background-color: #f3f3f3;border: 0px;line-height: inherit;font-family: 'Helvetica Neue', Helvetica, Roboto, Arial, sans-serif;vertical-align: baseline\">Plu loin, il a \u00e9galement soulign\u00e9 que la condamnation d\u2019Aliou Bah s\u2019inscrit dans un processus judiciaire en cours et qu\u2019il ne souhaitait pas commenter une affaire pendante devant la justice. Toutefois, il a exprim\u00e9 l\u2019espoir que la situation pourrait \u00e9voluer.<\/p>\n<p style=\"margin: 0px 0px 1em;text-align: justify;background-color: #f3f3f3;border: 0px;line-height: inherit;font-family: 'Helvetica Neue', Helvetica, Roboto, Arial, sans-serif;vertical-align: baseline\">\u2018\u2019J\u2019ose esp\u00e9rer qu\u2019ils seront plus cl\u00e9ments \u00e0 l\u2019\u00e9tape suivante. Oui, parce que les avocats font appel. Donc, j\u2019ose esp\u00e9rer qu\u2019ils seront cl\u00e9ments et que cela va amener aussi \u00e0 d\u00e9velopper des discours plus apaisants pour faire en sorte que le vivre ensemble dans notre pays soit quelque chose d\u2019important pour chaque acteur\u2019\u2019, a-t-il argu\u00e9.<\/p>\n<p style=\"margin: 0px 0px 1em;text-align: justify;background-color: #f3f3f3;border: 0px;line-height: inherit;font-family: 'Helvetica Neue', Helvetica, Roboto, Arial, sans-serif;vertical-align: baseline\">En ce qui concerne les cas de figures politiques comme Cellou Dalein Diallo ou Sidya Tour\u00e9, souvent consid\u00e9r\u00e9s comme \u00e9tant en exil, Ousmane Gaoual Diallo a r\u00e9fut\u00e9 cette perception.<\/p>\n<p style=\"margin: 0px 0px 1em;text-align: justify;background-color: #f3f3f3;border: 0px;line-height: inherit;font-family: 'Helvetica Neue', Helvetica, Roboto, Arial, sans-serif;vertical-align: baseline\">\u2018\u2019D\u2019abord, je ne vois pas pourquoi Cellou et Sidya, comme vous les citez, se consid\u00e8rent comme \u00e9tant en exil, puisque personne ne les a mis en exil. Sidya, par exemple, ne fait l\u2019objet d\u2019aucune poursuite dans son pays et n\u2019est pas interdit de revenir\u2019\u2019, a-t-il d\u00e9clar\u00e9.<\/p>\n<p style=\"margin: 0px 0px 1em;text-align: justify;background-color: #f3f3f3;border: 0px;line-height: inherit;font-family: 'Helvetica Neue', Helvetica, Roboto, Arial, sans-serif;vertical-align: baseline\">Le ministre a \u00e9galement insist\u00e9 sur le fait que les partis politiques, y compris ceux dirig\u00e9s par ces figures, continuent de fonctionner en Guin\u00e9e.<\/p>\n<p style=\"margin: 0px 0px 1em;text-align: justify;background-color: #f3f3f3;border: 0px;line-height: inherit;font-family: 'Helvetica Neue', Helvetica, Roboto, Arial, sans-serif;vertical-align: baseline\">\u2018\u2019Les partis politiques qu\u2019ils pr\u00e9sident, organisent des activit\u00e9s hebdomadaires tous les samedis et se livrent \u00e0 des critiques souvent tr\u00e8s s\u00e9v\u00e8res contre les autorit\u00e9s, et leurs si\u00e8ges n\u2019ont pas fait l\u2019objet de fermeture. Moi, je rappelle ici que, sous le r\u00e9gime d\u2019Alpha Cond\u00e9, le si\u00e8ge de l\u2019UFDG avait fait l\u2019objet de fermeture pendant plus d\u2019un an. Je ne vois pas pourquoi ils consid\u00e8rent que l\u2019alternative qu\u2019ils proposent est l\u2019exil ou le silence, ce qui n\u2019est pas du tout la r\u00e9alit\u00e9 de la situation de notre pays\u2019\u2019, a-t-il r\u00e9fut\u00e9.<\/p>\n","protected":false},"excerpt":{"rendered":"<p>Dans une interview sur les ondes de RFI, ce jeudi 9 janvier, Ousmane Gaoual Diallo,<\/p>\n","protected":false},"author":2,"featured_media":7308,"comment_status":"closed","ping_status":"open","sticky":false,"template":"","format":"standard","meta":[],"categories":[3,5],"tags":[237],"yoast_head":"<!-- This site is optimized with the Yoast SEO plugin v19.13 - https:\/\/yoast.com\/wordpress\/plugins\/seo\/ -->\n<title>Ousmane Gaoual Diallo : \u2018\u2019Aucun responsable politique n\u2019est pouss\u00e9 \u00e0 l\u2019exil\u2019\u2019 - UNIVERSNEWS224<\/title>\n<meta name=\"robots\" content=\"index, follow, max-snippet:-1, max-image-preview:large, max-video-preview:-1\" \/>\n<link rel=\"canonical\" href=\"https:\/\/universnews224.com\/index.php\/ousmane-gaoual-diallo-aucun-responsable-politique-nest-pousse-a-lexil\/\" \/>\n<meta property=\"og:locale\" content=\"fr_FR\" \/>\n<meta property=\"og:type\" content=\"article\" \/>\n<meta property=\"og:title\" content=\"Ousmane Gaoual Diallo : \u2018\u2019Aucun responsable politique n\u2019est pouss\u00e9 \u00e0 l\u2019exil\u2019\u2019 - UNIVERSNEWS224\" \/>\n<meta property=\"og:description\" content=\"Dans une interview sur les ondes de RFI, ce jeudi 9 janvier, Ousmane Gaoual Diallo,\" \/>\n<meta property=\"og:url\" content=\"https:\/\/universnews224.com\/index.php\/ousmane-gaoual-diallo-aucun-responsable-politique-nest-pousse-a-lexil\/\" \/>\n<meta property=\"og:site_name\" content=\"UNIVERSNEWS224\" \/>\n<meta property=\"article:published_time\" content=\"2025-01-09T23:13:57+00:00\" \/>\n<meta property=\"og:image\" content=\"https:\/\/universnews224.com\/wp-content\/uploads\/2025\/01\/ousmane-gaoual-au-micro-750x430-1-750x375-1.jpg\" \/>\n\t<meta property=\"og:image:width\" content=\"750\" \/>\n\t<meta property=\"og:image:height\" content=\"375\" \/>\n\t<meta property=\"og:image:type\" content=\"image\/jpeg\" \/>\n<meta name=\"author\" content=\"La R\u00e9daction\" \/>\n<meta name=\"twitter:label1\" content=\"\u00c9crit par\" \/>\n\t<meta name=\"twitter:data1\" content=\"La R\u00e9daction\" \/>\n\t<meta name=\"twitter:label2\" content=\"Dur\u00e9e de lecture estim\u00e9e\" \/>\n\t<meta name=\"twitter:data2\" content=\"3 minutes\" \/>\n<script type=\"application\/ld+json\" class=\"yoast-schema-graph\">{\"@context\":\"https:\/\/schema.org\",\"@graph\":[{\"@type\":\"Article\",\"@id\":\"https:\/\/universnews224.com\/index.php\/ousmane-gaoual-diallo-aucun-responsable-politique-nest-pousse-a-lexil\/#article\",\"isPartOf\":{\"@id\":\"https:\/\/universnews224.com\/index.php\/ousmane-gaoual-diallo-aucun-responsable-politique-nest-pousse-a-lexil\/\"},\"author\":{\"name\":\"La R\u00e9daction\",\"@id\":\"https:\/\/universnews224.com\/#\/schema\/person\/a4b7d4f94a4716df60456a491260485e\"},\"headline\":\"Ousmane Gaoual Diallo : \u2018\u2019Aucun responsable politique n\u2019est pouss\u00e9 \u00e0 l\u2019exil\u2019\u2019\",\"datePublished\":\"2025-01-09T23:13:57+00:00\",\"dateModified\":\"2025-01-09T23:13:57+00:00\",\"mainEntityOfPage\":{\"@id\":\"https:\/\/universnews224.com\/index.php\/ousmane-gaoual-diallo-aucun-responsable-politique-nest-pousse-a-lexil\/\"},\"wordCount\":517,\"publisher\":{\"@id\":\"https:\/\/universnews224.com\/#organization\"},\"keywords\":[\"A la une\"],\"articleSection\":[\"ACTU\",\"SOCI\u00c9T\u00c9\"],\"inLanguage\":\"fr-FR\"},{\"@type\":\"WebPage\",\"@id\":\"https:\/\/universnews224.com\/index.php\/ousmane-gaoual-diallo-aucun-responsable-politique-nest-pousse-a-lexil\/\",\"url\":\"https:\/\/universnews224.com\/index.php\/ousmane-gaoual-diallo-aucun-responsable-politique-nest-pousse-a-lexil\/\",\"name\":\"Ousmane Gaoual Diallo : \u2018\u2019Aucun responsable politique n\u2019est pouss\u00e9 \u00e0 l\u2019exil\u2019\u2019 - UNIVERSNEWS224\",\"isPartOf\":{\"@id\":\"https:\/\/universnews224.com\/#website\"},\"datePublished\":\"2025-01-09T23:13:57+00:00\",\"dateModified\":\"2025-01-09T23:13:57+00:00\",\"inLanguage\":\"fr-FR\",\"potentialAction\":[{\"@type\":\"ReadAction\",\"target\":[\"https:\/\/universnews224.com\/index.php\/ousmane-gaoual-diallo-aucun-responsable-politique-nest-pousse-a-lexil\/\"]}]},{\"@type\":\"WebSite\",\"@id\":\"https:\/\/universnews224.com\/#website\",\"url\":\"https:\/\/universnews224.com\/\",\"name\":\"UNIVERSNEWS224\",\"description\":\"\",\"publisher\":{\"@id\":\"https:\/\/universnews224.com\/#organization\"},\"potentialAction\":[{\"@type\":\"SearchAction\",\"target\":{\"@type\":\"EntryPoint\",\"urlTemplate\":\"https:\/\/universnews224.com\/?s={search_term_string}\"},\"query-input\":\"required name=search_term_string\"}],\"inLanguage\":\"fr-FR\"},{\"@type\":\"Organization\",\"@id\":\"https:\/\/universnews224.com\/#organization\",\"name\":\"UNIVERSNEWS224\",\"url\":\"https:\/\/universnews224.com\/\",\"logo\":{\"@type\":\"ImageObject\",\"inLanguage\":\"fr-FR\",\"@id\":\"https:\/\/universnews224.com\/#\/schema\/logo\/image\/\",\"url\":\"https:\/\/universnews224.com\/wp-content\/uploads\/2022\/08\/cropped-cropped-logoban.jpg\",\"contentUrl\":\"https:\/\/universnews224.com\/wp-content\/uploads\/2022\/08\/cropped-cropped-logoban.jpg\",\"width\":1080,\"height\":138,\"caption\":\"UNIVERSNEWS224\"},\"image\":{\"@id\":\"https:\/\/universnews224.com\/#\/schema\/logo\/image\/\"}},{\"@type\":\"Person\",\"@id\":\"https:\/\/universnews224.com\/#\/schema\/person\/a4b7d4f94a4716df60456a491260485e\",\"name\":\"La R\u00e9daction\",\"image\":{\"@type\":\"ImageObject\",\"inLanguage\":\"fr-FR\",\"@id\":\"https:\/\/universnews224.com\/#\/schema\/person\/image\/\",\"url\":\"https:\/\/secure.gravatar.com\/avatar\/edb90acc7752b23e1b3307ad36c14f0d?s=96&d=mm&r=g\",\"contentUrl\":\"https:\/\/secure.gravatar.com\/avatar\/edb90acc7752b23e1b3307ad36c14f0d?s=96&d=mm&r=g\",\"caption\":\"La R\u00e9daction\"},\"sameAs\":[\"https:\/\/universnews224.com\"],\"url\":\"https:\/\/universnews224.com\/index.php\/author\/m-camara\/\"}]}<\/script>\n<!-- \/ Yoast SEO plugin. -->","yoast_head_json":{"title":"Ousmane Gaoual Diallo : \u2018\u2019Aucun responsable politique n\u2019est pouss\u00e9 \u00e0 l\u2019exil\u2019\u2019 - UNIVERSNEWS224","robots":{"index":"index","follow":"follow","max-snippet":"max-snippet:-1","max-image-preview":"max-image-preview:large","max-video-preview":"max-video-preview:-1"},"canonical":"https:\/\/universnews224.com\/index.php\/ousmane-gaoual-diallo-aucun-responsable-politique-nest-pousse-a-lexil\/","og_locale":"fr_FR","og_type":"article","og_title":"Ousmane Gaoual Diallo : \u2018\u2019Aucun responsable politique n\u2019est pouss\u00e9 \u00e0 l\u2019exil\u2019\u2019 - UNIVERSNEWS224","og_description":"Dans une interview sur les ondes de RFI, ce jeudi 9 janvier, Ousmane Gaoual Diallo,","og_url":"https:\/\/universnews224.com\/index.php\/ousmane-gaoual-diallo-aucun-responsable-politique-nest-pousse-a-lexil\/","og_site_name":"UNIVERSNEWS224","article_published_time":"2025-01-09T23:13:57+00:00","og_image":[{"width":750,"height":375,"url":"https:\/\/universnews224.com\/wp-content\/uploads\/2025\/01\/ousmane-gaoual-au-micro-750x430-1-750x375-1.jpg","type":"image\/jpeg"}],"author":"La R\u00e9daction","twitter_misc":{"\u00c9crit par":"La R\u00e9daction","Dur\u00e9e de lecture estim\u00e9e":"3 minutes"},"schema":{"@context":"https:\/\/schema.org","@graph":[{"@type":"Article","@id":"https:\/\/universnews224.com\/index.php\/ousmane-gaoual-diallo-aucun-responsable-politique-nest-pousse-a-lexil\/#article","isPartOf":{"@id":"https:\/\/universnews224.com\/index.php\/ousmane-gaoual-diallo-aucun-responsable-politique-nest-pousse-a-lexil\/"},"author":{"name":"La R\u00e9daction","@id":"https:\/\/universnews224.com\/#\/schema\/person\/a4b7d4f94a4716df60456a491260485e"},"headline":"Ousmane Gaoual Diallo : \u2018\u2019Aucun responsable politique n\u2019est pouss\u00e9 \u00e0 l\u2019exil\u2019\u2019","datePublished":"2025-01-09T23:13:57+00:00","dateModified":"2025-01-09T23:13:57+00:00","mainEntityOfPage":{"@id":"https:\/\/universnews224.com\/index.php\/ousmane-gaoual-diallo-aucun-responsable-politique-nest-pousse-a-lexil\/"},"wordCount":517,"publisher":{"@id":"https:\/\/universnews224.com\/#organization"},"keywords":["A la une"],"articleSection":["ACTU","SOCI\u00c9T\u00c9"],"inLanguage":"fr-FR"},{"@type":"WebPage","@id":"https:\/\/universnews224.com\/index.php\/ousmane-gaoual-diallo-aucun-responsable-politique-nest-pousse-a-lexil\/","url":"https:\/\/universnews224.com\/index.php\/ousmane-gaoual-diallo-aucun-responsable-politique-nest-pousse-a-lexil\/","name":"Ousmane Gaoual Diallo : \u2018\u2019Aucun responsable politique n\u2019est pouss\u00e9 \u00e0 l\u2019exil\u2019\u2019 - UNIVERSNEWS224","isPartOf":{"@id":"https:\/\/universnews224.com\/#website"},"datePublished":"2025-01-09T23:13:57+00:00","dateModified":"2025-01-09T23:13:57+00:00","inLanguage":"fr-FR","potentialAction":[{"@type":"ReadAction","target":["https:\/\/universnews224.com\/index.php\/ousmane-gaoual-diallo-aucun-responsable-politique-nest-pousse-a-lexil\/"]}]},{"@type":"WebSite","@id":"https:\/\/universnews224.com\/#website","url":"https:\/\/universnews224.com\/","name":"UNIVERSNEWS224","description":"","publisher":{"@id":"https:\/\/universnews224.com\/#organization"},"potentialAction":[{"@type":"SearchAction","target":{"@type":"EntryPoint","urlTemplate":"https:\/\/universnews224.com\/?s={search_term_string}"},"query-input":"required name=search_term_string"}],"inLanguage":"fr-FR"},{"@type":"Organization","@id":"https:\/\/universnews224.com\/#organization","name":"UNIVERSNEWS224","url":"https:\/\/universnews224.com\/","logo":{"@type":"ImageObject","inLanguage":"fr-FR","@id":"https:\/\/universnews224.com\/#\/schema\/logo\/image\/","url":"https:\/\/universnews224.com\/wp-content\/uploads\/2022\/08\/cropped-cropped-logoban.jpg","contentUrl":"https:\/\/universnews224.com\/wp-content\/uploads\/2022\/08\/cropped-cropped-logoban.jpg","width":1080,"height":138,"caption":"UNIVERSNEWS224"},"image":{"@id":"https:\/\/universnews224.com\/#\/schema\/logo\/image\/"}},{"@type":"Person","@id":"https:\/\/universnews224.com\/#\/schema\/person\/a4b7d4f94a4716df60456a491260485e","name":"La R\u00e9daction","image":{"@type":"ImageObject","inLanguage":"fr-FR","@id":"https:\/\/universnews224.com\/#\/schema\/person\/image\/","url":"https:\/\/secure.gravatar.com\/avatar\/edb90acc7752b23e1b3307ad36c14f0d?s=96&d=mm&r=g","contentUrl":"https:\/\/secure.gravatar.com\/avatar\/edb90acc7752b23e1b3307ad36c14f0d?s=96&d=mm&r=g","caption":"La R\u00e9daction"},"sameAs":["https:\/\/universnews224.com"],"url":"https:\/\/universnews224.com\/index.php\/author\/m-camara\/"}]}},"_links":{"self":[{"href":"https:\/\/universnews224.com\/index.php\/wp-json\/wp\/v2\/posts\/7307"}],"collection":[{"href":"https:\/\/universnews224.com\/index.php\/wp-json\/wp\/v2\/posts"}],"about":[{"href":"https:\/\/universnews224.com\/index.php\/wp-json\/wp\/v2\/types\/post"}],"author":[{"embeddable":true,"href":"https:\/\/universnews224.com\/index.php\/wp-json\/wp\/v2\/users\/2"}],"replies":[{"embeddable":true,"href":"https:\/\/universnews224.com\/index.php\/wp-json\/wp\/v2\/comments?post=7307"}],"version-history":[{"count":1,"href":"https:\/\/universnews224.com\/index.php\/wp-json\/wp\/v2\/posts\/7307\/revisions"}],"predecessor-version":[{"id":7309,"href":"https:\/\/universnews224.com\/index.php\/wp-json\/wp\/v2\/posts\/7307\/revisions\/7309"}],"wp:featuredmedia":[{"embeddable":true,"href":"https:\/\/universnews224.com\/index.php\/wp-json\/wp\/v2\/media\/7308"}],"wp:attachment":[{"href":"https:\/\/universnews224.com\/index.php\/wp-json\/wp\/v2\/media?parent=7307"}],"wp:term":[{"taxonomy":"category","embeddable":true,"href":"https:\/\/universnews224.com\/index.php\/wp-json\/wp\/v2\/categories?post=7307"},{"taxonomy":"post_tag","embeddable":true,"href":"https:\/\/universnews224.com\/index.php\/wp-json\/wp\/v2\/tags?post=7307"}],"curies":[{"name":"wp","href":"https:\/\/api.w.org\/{rel}","templated":true}]}}