{"id":7310,"date":"2025-01-10T00:16:05","date_gmt":"2025-01-09T23:16:05","guid":{"rendered":"https:\/\/universnews224.com\/?p=7310"},"modified":"2025-01-10T00:16:05","modified_gmt":"2025-01-09T23:16:05","slug":"ousmane-gaoual-diallo-nous-avons-organise-des-centaines-de-manifestations-de-rejouissance-pour-appeler-a-la-candidature-du-president-doumbouya","status":"publish","type":"post","link":"https:\/\/universnews224.com\/index.php\/ousmane-gaoual-diallo-nous-avons-organise-des-centaines-de-manifestations-de-rejouissance-pour-appeler-a-la-candidature-du-president-doumbouya\/","title":{"rendered":"Ousmane Gaoual Diallo: \u2018\u2019Nous avons organis\u00e9 des centaines de manifestations de r\u00e9jouissance pour appeler \u00e0 la candidature du pr\u00e9sident Doumbouya\u2019\u2019"},"content":{"rendered":"<p style=\"margin: 0px 0px 1em;text-align: justify;background-color: #f3f3f3;border: 0px;line-height: inherit;font-family: 'Helvetica Neue', Helvetica, Roboto, Arial, sans-serif;vertical-align: baseline\">Lors d\u2019une interview accord\u00e9e \u00e0 nos confr\u00e8res de RFI ce jeudi 9 janvier 2025, Ousmane Gaoual Diallo, ministre des transports et porte-parole du gouvernement, s\u2019est exprim\u00e9 sur une \u00e9ventuelle candidature du pr\u00e9sident de la transition, G\u00e9n\u00e9ral Mamadi Doumbouya, \u00e0 la prochaine \u00e9lection pr\u00e9sidentielle.<\/p>\n<p style=\"margin: 0px 0px 1em;text-align: justify;background-color: #f3f3f3;border: 0px;line-height: inherit;font-family: 'Helvetica Neue', Helvetica, Roboto, Arial, sans-serif;vertical-align: baseline\">Selon Ousmane Gaoual, \u2018\u2019nous souhaitons qu\u2019il soit candidat, parce que nous esp\u00e9rons qu\u2019il peut apporter plus de r\u00e9ponses aux attentes des populations en termes de d\u00e9veloppement, d\u2019unit\u00e9 du pays, d\u2019apaisement que n\u2019importe quel autre leader. Maintenant, la d\u00e9cision lui revient \u00e0 lui\u2019\u2019.<\/p>\n<p style=\"margin: 0px 0px 1em;text-align: justify;background-color: #f3f3f3;border: 0px;line-height: inherit;font-family: 'Helvetica Neue', Helvetica, Roboto, Arial, sans-serif;vertical-align: baseline\">Et de poursuivre : \u2018\u2019Il peut promettre qu\u2019il va rendre le pouvoir. Si les populations guin\u00e9ennes lui font appel, il sera oblig\u00e9 de r\u00e9pondre positivement \u00e0 l\u2019appel du peuple de Guin\u00e9e\u2019\u2019.<\/p>\n<div class=\"jeg_ad jeg_ad_article jnews_content_inline_3_ads  \" style=\"background-color: #f3f3f3;margin: 0px 0px 1.25em;padding: 0px;border: 0px;line-height: inherit;font-family: 'Helvetica Neue', Helvetica, Roboto, Arial, sans-serif;vertical-align: baseline;text-align: center\">\n<div class=\"ads-wrapper align-center \" style=\"margin: 1em 0px;padding: 0px;border: 0px;font: inherit;vertical-align: baseline\"><\/div>\n<\/div>\n<p style=\"margin: 0px 0px 1em;text-align: justify;background-color: #f3f3f3;border: 0px;line-height: inherit;font-family: 'Helvetica Neue', Helvetica, Roboto, Arial, sans-serif;vertical-align: baseline\">\u00c0 la question de savoir le g\u00e9n\u00e9ral Mamadi Doumbouya tiendra sa promesse, celle de ne pas se pr\u00e9senter \u00e0 l\u2019\u00e9lection pr\u00e9sidentielle? Il r\u00e9pond : \u2018\u2019Je n\u2019en sais rien s\u2019il ne va pas tenir. Pour l\u2019instant, il ne s\u2019est pas prononc\u00e9, mais l\u2019immense majorit\u00e9 de nos concitoyens souhaiterait que le pr\u00e9sident soit candidat et qu\u2019il continue les transformations qu\u2019il est en train de faire pour la Guin\u00e9e\u2019\u2019, a-t-il d\u00e9clar\u00e9.<\/p>\n<p style=\"margin: 0px 0px 1em;text-align: justify;background-color: #f3f3f3;border: 0px;line-height: inherit;font-family: 'Helvetica Neue', Helvetica, Roboto, Arial, sans-serif;vertical-align: baseline\">En ce qui concerne l\u2019organisation du troph\u00e9e dot\u00e9 du pr\u00e9sident de la transition qui a d\u2019ailleurs vir\u00e9 au drame le 1er d\u00e9cembre dernier \u00e0 N\u2019Z\u00e9r\u00e9kor\u00e9, le porte-parole du gouvernement estime que cela ne sera pas un obstacle pour la candidature du g\u00e9n\u00e9ral Mamadi Doumbouya.<\/p>\n<p style=\"margin: 0px 0px 1em;text-align: justify;background-color: #f3f3f3;border: 0px;line-height: inherit;font-family: 'Helvetica Neue', Helvetica, Roboto, Arial, sans-serif;vertical-align: baseline\">\u2018\u2019Nous avons organis\u00e9 des centaines de manifestations de r\u00e9jouissance pour appeler \u00e0 la candidature du pr\u00e9sident Doumbouya. Celui-ci a connu un drame. Je ne pense pas que \u00e7a puisse ternir l\u2019image de qui que ce soit, parce que les drames \u00e7a arrive\u2019\u2019, a-t-il affirm\u00e9.<\/p>\n","protected":false},"excerpt":{"rendered":"<p>Lors d\u2019une interview accord\u00e9e \u00e0 nos confr\u00e8res de RFI ce jeudi 9 janvier 2025, Ousmane<\/p>\n","protected":false},"author":2,"featured_media":7308,"comment_status":"closed","ping_status":"open","sticky":false,"template":"","format":"standard","meta":[],"categories":[3,4],"tags":[237],"yoast_head":"<!-- This site is optimized with the Yoast SEO plugin v19.13 - https:\/\/yoast.com\/wordpress\/plugins\/seo\/ -->\n<title>Ousmane Gaoual Diallo: \u2018\u2019Nous avons organis\u00e9 des centaines de manifestations de r\u00e9jouissance pour appeler \u00e0 la candidature du pr\u00e9sident Doumbouya\u2019\u2019 - UNIVERSNEWS224<\/title>\n<meta name=\"robots\" content=\"index, follow, max-snippet:-1, max-image-preview:large, max-video-preview:-1\" \/>\n<link rel=\"canonical\" href=\"https:\/\/universnews224.com\/index.php\/ousmane-gaoual-diallo-nous-avons-organise-des-centaines-de-manifestations-de-rejouissance-pour-appeler-a-la-candidature-du-president-doumbouya\/\" \/>\n<meta property=\"og:locale\" content=\"fr_FR\" \/>\n<meta property=\"og:type\" content=\"article\" \/>\n<meta property=\"og:title\" content=\"Ousmane Gaoual Diallo: \u2018\u2019Nous avons organis\u00e9 des centaines de manifestations de r\u00e9jouissance pour appeler \u00e0 la candidature du pr\u00e9sident Doumbouya\u2019\u2019 - UNIVERSNEWS224\" \/>\n<meta property=\"og:description\" content=\"Lors d\u2019une interview accord\u00e9e \u00e0 nos confr\u00e8res de RFI ce jeudi 9 janvier 2025, Ousmane\" \/>\n<meta property=\"og:url\" content=\"https:\/\/universnews224.com\/index.php\/ousmane-gaoual-diallo-nous-avons-organise-des-centaines-de-manifestations-de-rejouissance-pour-appeler-a-la-candidature-du-president-doumbouya\/\" \/>\n<meta property=\"og:site_name\" content=\"UNIVERSNEWS224\" \/>\n<meta property=\"article:published_time\" content=\"2025-01-09T23:16:05+00:00\" \/>\n<meta property=\"og:image\" content=\"https:\/\/universnews224.com\/wp-content\/uploads\/2025\/01\/ousmane-gaoual-au-micro-750x430-1-750x375-1.jpg\" \/>\n\t<meta property=\"og:image:width\" content=\"750\" \/>\n\t<meta property=\"og:image:height\" content=\"375\" \/>\n\t<meta property=\"og:image:type\" content=\"image\/jpeg\" \/>\n<meta name=\"author\" content=\"La R\u00e9daction\" \/>\n<meta name=\"twitter:label1\" content=\"\u00c9crit par\" \/>\n\t<meta name=\"twitter:data1\" content=\"La R\u00e9daction\" \/>\n\t<meta name=\"twitter:label2\" content=\"Dur\u00e9e de lecture estim\u00e9e\" \/>\n\t<meta name=\"twitter:data2\" content=\"2 minutes\" \/>\n<script type=\"application\/ld+json\" class=\"yoast-schema-graph\">{\"@context\":\"https:\/\/schema.org\",\"@graph\":[{\"@type\":\"Article\",\"@id\":\"https:\/\/universnews224.com\/index.php\/ousmane-gaoual-diallo-nous-avons-organise-des-centaines-de-manifestations-de-rejouissance-pour-appeler-a-la-candidature-du-president-doumbouya\/#article\",\"isPartOf\":{\"@id\":\"https:\/\/universnews224.com\/index.php\/ousmane-gaoual-diallo-nous-avons-organise-des-centaines-de-manifestations-de-rejouissance-pour-appeler-a-la-candidature-du-president-doumbouya\/\"},\"author\":{\"name\":\"La R\u00e9daction\",\"@id\":\"https:\/\/universnews224.com\/#\/schema\/person\/a4b7d4f94a4716df60456a491260485e\"},\"headline\":\"Ousmane Gaoual Diallo: \u2018\u2019Nous avons organis\u00e9 des centaines de manifestations de r\u00e9jouissance pour appeler \u00e0 la candidature du pr\u00e9sident Doumbouya\u2019\u2019\",\"datePublished\":\"2025-01-09T23:16:05+00:00\",\"dateModified\":\"2025-01-09T23:16:05+00:00\",\"mainEntityOfPage\":{\"@id\":\"https:\/\/universnews224.com\/index.php\/ousmane-gaoual-diallo-nous-avons-organise-des-centaines-de-manifestations-de-rejouissance-pour-appeler-a-la-candidature-du-president-doumbouya\/\"},\"wordCount\":332,\"publisher\":{\"@id\":\"https:\/\/universnews224.com\/#organization\"},\"keywords\":[\"A la une\"],\"articleSection\":[\"ACTU\",\"POLITIQUE\"],\"inLanguage\":\"fr-FR\"},{\"@type\":\"WebPage\",\"@id\":\"https:\/\/universnews224.com\/index.php\/ousmane-gaoual-diallo-nous-avons-organise-des-centaines-de-manifestations-de-rejouissance-pour-appeler-a-la-candidature-du-president-doumbouya\/\",\"url\":\"https:\/\/universnews224.com\/index.php\/ousmane-gaoual-diallo-nous-avons-organise-des-centaines-de-manifestations-de-rejouissance-pour-appeler-a-la-candidature-du-president-doumbouya\/\",\"name\":\"Ousmane Gaoual Diallo: \u2018\u2019Nous avons organis\u00e9 des centaines de manifestations de r\u00e9jouissance pour appeler \u00e0 la candidature du pr\u00e9sident Doumbouya\u2019\u2019 - UNIVERSNEWS224\",\"isPartOf\":{\"@id\":\"https:\/\/universnews224.com\/#website\"},\"datePublished\":\"2025-01-09T23:16:05+00:00\",\"dateModified\":\"2025-01-09T23:16:05+00:00\",\"inLanguage\":\"fr-FR\",\"potentialAction\":[{\"@type\":\"ReadAction\",\"target\":[\"https:\/\/universnews224.com\/index.php\/ousmane-gaoual-diallo-nous-avons-organise-des-centaines-de-manifestations-de-rejouissance-pour-appeler-a-la-candidature-du-president-doumbouya\/\"]}]},{\"@type\":\"WebSite\",\"@id\":\"https:\/\/universnews224.com\/#website\",\"url\":\"https:\/\/universnews224.com\/\",\"name\":\"UNIVERSNEWS224\",\"description\":\"\",\"publisher\":{\"@id\":\"https:\/\/universnews224.com\/#organization\"},\"potentialAction\":[{\"@type\":\"SearchAction\",\"target\":{\"@type\":\"EntryPoint\",\"urlTemplate\":\"https:\/\/universnews224.com\/?s={search_term_string}\"},\"query-input\":\"required name=search_term_string\"}],\"inLanguage\":\"fr-FR\"},{\"@type\":\"Organization\",\"@id\":\"https:\/\/universnews224.com\/#organization\",\"name\":\"UNIVERSNEWS224\",\"url\":\"https:\/\/universnews224.com\/\",\"logo\":{\"@type\":\"ImageObject\",\"inLanguage\":\"fr-FR\",\"@id\":\"https:\/\/universnews224.com\/#\/schema\/logo\/image\/\",\"url\":\"https:\/\/universnews224.com\/wp-content\/uploads\/2022\/08\/cropped-cropped-logoban.jpg\",\"contentUrl\":\"https:\/\/universnews224.com\/wp-content\/uploads\/2022\/08\/cropped-cropped-logoban.jpg\",\"width\":1080,\"height\":138,\"caption\":\"UNIVERSNEWS224\"},\"image\":{\"@id\":\"https:\/\/universnews224.com\/#\/schema\/logo\/image\/\"}},{\"@type\":\"Person\",\"@id\":\"https:\/\/universnews224.com\/#\/schema\/person\/a4b7d4f94a4716df60456a491260485e\",\"name\":\"La R\u00e9daction\",\"image\":{\"@type\":\"ImageObject\",\"inLanguage\":\"fr-FR\",\"@id\":\"https:\/\/universnews224.com\/#\/schema\/person\/image\/\",\"url\":\"https:\/\/secure.gravatar.com\/avatar\/edb90acc7752b23e1b3307ad36c14f0d?s=96&d=mm&r=g\",\"contentUrl\":\"https:\/\/secure.gravatar.com\/avatar\/edb90acc7752b23e1b3307ad36c14f0d?s=96&d=mm&r=g\",\"caption\":\"La R\u00e9daction\"},\"sameAs\":[\"https:\/\/universnews224.com\"],\"url\":\"https:\/\/universnews224.com\/index.php\/author\/m-camara\/\"}]}<\/script>\n<!-- \/ Yoast SEO plugin. -->","yoast_head_json":{"title":"Ousmane Gaoual Diallo: \u2018\u2019Nous avons organis\u00e9 des centaines de manifestations de r\u00e9jouissance pour appeler \u00e0 la candidature du pr\u00e9sident Doumbouya\u2019\u2019 - UNIVERSNEWS224","robots":{"index":"index","follow":"follow","max-snippet":"max-snippet:-1","max-image-preview":"max-image-preview:large","max-video-preview":"max-video-preview:-1"},"canonical":"https:\/\/universnews224.com\/index.php\/ousmane-gaoual-diallo-nous-avons-organise-des-centaines-de-manifestations-de-rejouissance-pour-appeler-a-la-candidature-du-president-doumbouya\/","og_locale":"fr_FR","og_type":"article","og_title":"Ousmane Gaoual Diallo: \u2018\u2019Nous avons organis\u00e9 des centaines de manifestations de r\u00e9jouissance pour appeler \u00e0 la candidature du pr\u00e9sident Doumbouya\u2019\u2019 - UNIVERSNEWS224","og_description":"Lors d\u2019une interview accord\u00e9e \u00e0 nos confr\u00e8res de RFI ce jeudi 9 janvier 2025, Ousmane","og_url":"https:\/\/universnews224.com\/index.php\/ousmane-gaoual-diallo-nous-avons-organise-des-centaines-de-manifestations-de-rejouissance-pour-appeler-a-la-candidature-du-president-doumbouya\/","og_site_name":"UNIVERSNEWS224","article_published_time":"2025-01-09T23:16:05+00:00","og_image":[{"width":750,"height":375,"url":"https:\/\/universnews224.com\/wp-content\/uploads\/2025\/01\/ousmane-gaoual-au-micro-750x430-1-750x375-1.jpg","type":"image\/jpeg"}],"author":"La R\u00e9daction","twitter_misc":{"\u00c9crit par":"La R\u00e9daction","Dur\u00e9e de lecture estim\u00e9e":"2 minutes"},"schema":{"@context":"https:\/\/schema.org","@graph":[{"@type":"Article","@id":"https:\/\/universnews224.com\/index.php\/ousmane-gaoual-diallo-nous-avons-organise-des-centaines-de-manifestations-de-rejouissance-pour-appeler-a-la-candidature-du-president-doumbouya\/#article","isPartOf":{"@id":"https:\/\/universnews224.com\/index.php\/ousmane-gaoual-diallo-nous-avons-organise-des-centaines-de-manifestations-de-rejouissance-pour-appeler-a-la-candidature-du-president-doumbouya\/"},"author":{"name":"La R\u00e9daction","@id":"https:\/\/universnews224.com\/#\/schema\/person\/a4b7d4f94a4716df60456a491260485e"},"headline":"Ousmane Gaoual Diallo: \u2018\u2019Nous avons organis\u00e9 des centaines de manifestations de r\u00e9jouissance pour appeler \u00e0 la candidature du pr\u00e9sident Doumbouya\u2019\u2019","datePublished":"2025-01-09T23:16:05+00:00","dateModified":"2025-01-09T23:16:05+00:00","mainEntityOfPage":{"@id":"https:\/\/universnews224.com\/index.php\/ousmane-gaoual-diallo-nous-avons-organise-des-centaines-de-manifestations-de-rejouissance-pour-appeler-a-la-candidature-du-president-doumbouya\/"},"wordCount":332,"publisher":{"@id":"https:\/\/universnews224.com\/#organization"},"keywords":["A la une"],"articleSection":["ACTU","POLITIQUE"],"inLanguage":"fr-FR"},{"@type":"WebPage","@id":"https:\/\/universnews224.com\/index.php\/ousmane-gaoual-diallo-nous-avons-organise-des-centaines-de-manifestations-de-rejouissance-pour-appeler-a-la-candidature-du-president-doumbouya\/","url":"https:\/\/universnews224.com\/index.php\/ousmane-gaoual-diallo-nous-avons-organise-des-centaines-de-manifestations-de-rejouissance-pour-appeler-a-la-candidature-du-president-doumbouya\/","name":"Ousmane Gaoual Diallo: \u2018\u2019Nous avons organis\u00e9 des centaines de manifestations de r\u00e9jouissance pour appeler \u00e0 la candidature du pr\u00e9sident Doumbouya\u2019\u2019 - UNIVERSNEWS224","isPartOf":{"@id":"https:\/\/universnews224.com\/#website"},"datePublished":"2025-01-09T23:16:05+00:00","dateModified":"2025-01-09T23:16:05+00:00","inLanguage":"fr-FR","potentialAction":[{"@type":"ReadAction","target":["https:\/\/universnews224.com\/index.php\/ousmane-gaoual-diallo-nous-avons-organise-des-centaines-de-manifestations-de-rejouissance-pour-appeler-a-la-candidature-du-president-doumbouya\/"]}]},{"@type":"WebSite","@id":"https:\/\/universnews224.com\/#website","url":"https:\/\/universnews224.com\/","name":"UNIVERSNEWS224","description":"","publisher":{"@id":"https:\/\/universnews224.com\/#organization"},"potentialAction":[{"@type":"SearchAction","target":{"@type":"EntryPoint","urlTemplate":"https:\/\/universnews224.com\/?s={search_term_string}"},"query-input":"required name=search_term_string"}],"inLanguage":"fr-FR"},{"@type":"Organization","@id":"https:\/\/universnews224.com\/#organization","name":"UNIVERSNEWS224","url":"https:\/\/universnews224.com\/","logo":{"@type":"ImageObject","inLanguage":"fr-FR","@id":"https:\/\/universnews224.com\/#\/schema\/logo\/image\/","url":"https:\/\/universnews224.com\/wp-content\/uploads\/2022\/08\/cropped-cropped-logoban.jpg","contentUrl":"https:\/\/universnews224.com\/wp-content\/uploads\/2022\/08\/cropped-cropped-logoban.jpg","width":1080,"height":138,"caption":"UNIVERSNEWS224"},"image":{"@id":"https:\/\/universnews224.com\/#\/schema\/logo\/image\/"}},{"@type":"Person","@id":"https:\/\/universnews224.com\/#\/schema\/person\/a4b7d4f94a4716df60456a491260485e","name":"La R\u00e9daction","image":{"@type":"ImageObject","inLanguage":"fr-FR","@id":"https:\/\/universnews224.com\/#\/schema\/person\/image\/","url":"https:\/\/secure.gravatar.com\/avatar\/edb90acc7752b23e1b3307ad36c14f0d?s=96&d=mm&r=g","contentUrl":"https:\/\/secure.gravatar.com\/avatar\/edb90acc7752b23e1b3307ad36c14f0d?s=96&d=mm&r=g","caption":"La R\u00e9daction"},"sameAs":["https:\/\/universnews224.com"],"url":"https:\/\/universnews224.com\/index.php\/author\/m-camara\/"}]}},"_links":{"self":[{"href":"https:\/\/universnews224.com\/index.php\/wp-json\/wp\/v2\/posts\/7310"}],"collection":[{"href":"https:\/\/universnews224.com\/index.php\/wp-json\/wp\/v2\/posts"}],"about":[{"href":"https:\/\/universnews224.com\/index.php\/wp-json\/wp\/v2\/types\/post"}],"author":[{"embeddable":true,"href":"https:\/\/universnews224.com\/index.php\/wp-json\/wp\/v2\/users\/2"}],"replies":[{"embeddable":true,"href":"https:\/\/universnews224.com\/index.php\/wp-json\/wp\/v2\/comments?post=7310"}],"version-history":[{"count":1,"href":"https:\/\/universnews224.com\/index.php\/wp-json\/wp\/v2\/posts\/7310\/revisions"}],"predecessor-version":[{"id":7311,"href":"https:\/\/universnews224.com\/index.php\/wp-json\/wp\/v2\/posts\/7310\/revisions\/7311"}],"wp:featuredmedia":[{"embeddable":true,"href":"https:\/\/universnews224.com\/index.php\/wp-json\/wp\/v2\/media\/7308"}],"wp:attachment":[{"href":"https:\/\/universnews224.com\/index.php\/wp-json\/wp\/v2\/media?parent=7310"}],"wp:term":[{"taxonomy":"category","embeddable":true,"href":"https:\/\/universnews224.com\/index.php\/wp-json\/wp\/v2\/categories?post=7310"},{"taxonomy":"post_tag","embeddable":true,"href":"https:\/\/universnews224.com\/index.php\/wp-json\/wp\/v2\/tags?post=7310"}],"curies":[{"name":"wp","href":"https:\/\/api.w.org\/{rel}","templated":true}]}}