{"id":7314,"date":"2025-01-10T00:19:41","date_gmt":"2025-01-09T23:19:41","guid":{"rendered":"https:\/\/universnews224.com\/?p=7314"},"modified":"2025-01-10T00:19:41","modified_gmt":"2025-01-09T23:19:41","slug":"guinee-les-mouvements-politiques-exercant-sans-autorisation-sommes-de-cesser-leurs-activites","status":"publish","type":"post","link":"https:\/\/universnews224.com\/index.php\/guinee-les-mouvements-politiques-exercant-sans-autorisation-sommes-de-cesser-leurs-activites\/","title":{"rendered":"Guin\u00e9e : les mouvements politiques exer\u00e7ant sans autorisation somm\u00e9s de cesser leurs activit\u00e9s"},"content":{"rendered":"<p dir=\"ltr\" style=\"line-height: 1.38;margin-top: 0.0pt;margin-bottom: 0.0pt\"><span style=\"font-size: 11pt;font-family: Arial, sans-serif;color: #000000;background-color: transparent;vertical-align: baseline\">Dans un communiqu\u00e9 publi\u00e9 ce jeudi \u00e0 la t\u00e9l\u00e9vision nationale, le ministre de l\u2019administration du territoire et de la d\u00e9centralisation a dit constater avec regret la prolif\u00e9ration des mouvements politiques sans autorisation administrative pr\u00e9alable.<\/span><\/p>\n<p>&nbsp;<\/p>\n<p dir=\"ltr\" style=\"line-height: 1.38;margin-top: 0.0pt;margin-bottom: 0.0pt\"><span style=\"font-size: 11pt;font-family: Arial, sans-serif;color: #000000;background-color: transparent;vertical-align: baseline\">Cet \u00e9tat de fait est contraire aux dispositions de la loi organique L91-2, CTRN du 23 d\u00e9cembre 1991, portant charte des partis politiques, rappelle le MATD.<\/span><\/p>\n<p dir=\"ltr\" style=\"line-height: 1.38;margin-top: 0.0pt;margin-bottom: 0.0pt\"><span style=\"font-size: 11pt;font-family: Arial, sans-serif;color: #000000;background-color: transparent;vertical-align: baseline\">Cons\u00e9quemment, il demande \u00e0 tous ces mouvements politiques de cesser imm\u00e9diatement leurs activit\u00e9s et de soumettre une demande d\u2019autorisation administrative aupr\u00e8s du minist\u00e8re de tutelle pour leur existence l\u00e9gale.<\/span><\/p>\n<p dir=\"ltr\">\n<p dir=\"ltr\" style=\"line-height: 1.38;margin-top: 0.0pt;margin-bottom: 0.0pt\"><span style=\"font-size: 11pt;font-family: Arial, sans-serif;color: #000000;background-color: transparent;vertical-align: baseline\">Par ailleurs, le ministre de l\u2019administration du territoire invite les institutions nationales et internationales, les partenaires techniques et financiers \u00e0 cesser toute collaboration avec les 54 partis politiques suspendus jusqu\u2019au 31 janvier 2025, conform\u00e9ment aux conclusions du rapport final de l\u2019\u00e9valuation des partis politiques de 2024.<\/span><\/p>\n<p>&nbsp;<\/p>\n<p dir=\"ltr\" style=\"line-height: 1.38;margin-top: 0.0pt;margin-bottom: 0.0pt\"><span style=\"font-size: 11pt;font-family: Arial, sans-serif;color: #000000;background-color: transparent;vertical-align: baseline\">En ce qui concerne les partis politiques en litige interne, le MATD les prie de se conformer aux d\u00e9cisions de justice ou de faire preuve de retenue avant le d\u00e9nouement de leur situation pendante devant les juridictions comp\u00e9tentes.<\/span><\/p>\n<p>&nbsp;<\/p>\n<p dir=\"ltr\" style=\"line-height: 1.38;margin-top: 0.0pt;margin-bottom: 0.0pt\"><span style=\"font-size: 11pt;font-family: Arial, sans-serif;color: #000000;background-color: transparent;vertical-align: baseline\">Le ministre de l\u2019administration du territoire et de la d\u00e9centralisation a rassur\u00e9 les acteurs politiques en situation r\u00e9guli\u00e8re que les activit\u00e9s politiques sont autoris\u00e9es conform\u00e9ment aux dispositions l\u00e9gales et r\u00e9glementaires en la mati\u00e8re et dans le cadre de l\u2019orientation du pr\u00e9sident de la transition, lors de son adresse \u00e0 la nation du 31 d\u00e9cembre 2024.<\/span><\/p>\n<p>&nbsp;<\/p>\n","protected":false},"excerpt":{"rendered":"<p>Dans un communiqu\u00e9 publi\u00e9 ce jeudi \u00e0 la t\u00e9l\u00e9vision nationale, le ministre de l\u2019administration du<\/p>\n","protected":false},"author":2,"featured_media":7315,"comment_status":"closed","ping_status":"open","sticky":false,"template":"","format":"standard","meta":[],"categories":[3,4],"tags":[237],"yoast_head":"<!-- This site is optimized with the Yoast SEO plugin v19.13 - https:\/\/yoast.com\/wordpress\/plugins\/seo\/ -->\n<title>Guin\u00e9e : les mouvements politiques exer\u00e7ant sans autorisation somm\u00e9s de cesser leurs activit\u00e9s - UNIVERSNEWS224<\/title>\n<meta name=\"robots\" content=\"index, follow, max-snippet:-1, max-image-preview:large, max-video-preview:-1\" \/>\n<link rel=\"canonical\" href=\"https:\/\/universnews224.com\/index.php\/guinee-les-mouvements-politiques-exercant-sans-autorisation-sommes-de-cesser-leurs-activites\/\" \/>\n<meta property=\"og:locale\" content=\"fr_FR\" \/>\n<meta property=\"og:type\" content=\"article\" \/>\n<meta property=\"og:title\" content=\"Guin\u00e9e : les mouvements politiques exer\u00e7ant sans autorisation somm\u00e9s de cesser leurs activit\u00e9s - UNIVERSNEWS224\" \/>\n<meta property=\"og:description\" content=\"Dans un communiqu\u00e9 publi\u00e9 ce jeudi \u00e0 la t\u00e9l\u00e9vision nationale, le ministre de l\u2019administration du\" \/>\n<meta property=\"og:url\" content=\"https:\/\/universnews224.com\/index.php\/guinee-les-mouvements-politiques-exercant-sans-autorisation-sommes-de-cesser-leurs-activites\/\" \/>\n<meta property=\"og:site_name\" content=\"UNIVERSNEWS224\" \/>\n<meta property=\"article:published_time\" content=\"2025-01-09T23:19:41+00:00\" \/>\n<meta property=\"og:image\" content=\"https:\/\/universnews224.com\/wp-content\/uploads\/2025\/01\/kalil-conde-et-douumbouya-2.jpeg\" \/>\n\t<meta property=\"og:image:width\" content=\"526\" \/>\n\t<meta property=\"og:image:height\" content=\"391\" \/>\n\t<meta property=\"og:image:type\" content=\"image\/jpeg\" \/>\n<meta name=\"author\" content=\"La R\u00e9daction\" \/>\n<meta name=\"twitter:label1\" content=\"\u00c9crit par\" \/>\n\t<meta name=\"twitter:data1\" content=\"La R\u00e9daction\" \/>\n\t<meta name=\"twitter:label2\" content=\"Dur\u00e9e de lecture estim\u00e9e\" \/>\n\t<meta name=\"twitter:data2\" content=\"2 minutes\" \/>\n<script type=\"application\/ld+json\" class=\"yoast-schema-graph\">{\"@context\":\"https:\/\/schema.org\",\"@graph\":[{\"@type\":\"Article\",\"@id\":\"https:\/\/universnews224.com\/index.php\/guinee-les-mouvements-politiques-exercant-sans-autorisation-sommes-de-cesser-leurs-activites\/#article\",\"isPartOf\":{\"@id\":\"https:\/\/universnews224.com\/index.php\/guinee-les-mouvements-politiques-exercant-sans-autorisation-sommes-de-cesser-leurs-activites\/\"},\"author\":{\"name\":\"La R\u00e9daction\",\"@id\":\"https:\/\/universnews224.com\/#\/schema\/person\/a4b7d4f94a4716df60456a491260485e\"},\"headline\":\"Guin\u00e9e : les mouvements politiques exer\u00e7ant sans autorisation somm\u00e9s de cesser leurs activit\u00e9s\",\"datePublished\":\"2025-01-09T23:19:41+00:00\",\"dateModified\":\"2025-01-09T23:19:41+00:00\",\"mainEntityOfPage\":{\"@id\":\"https:\/\/universnews224.com\/index.php\/guinee-les-mouvements-politiques-exercant-sans-autorisation-sommes-de-cesser-leurs-activites\/\"},\"wordCount\":271,\"publisher\":{\"@id\":\"https:\/\/universnews224.com\/#organization\"},\"keywords\":[\"A la une\"],\"articleSection\":[\"ACTU\",\"POLITIQUE\"],\"inLanguage\":\"fr-FR\"},{\"@type\":\"WebPage\",\"@id\":\"https:\/\/universnews224.com\/index.php\/guinee-les-mouvements-politiques-exercant-sans-autorisation-sommes-de-cesser-leurs-activites\/\",\"url\":\"https:\/\/universnews224.com\/index.php\/guinee-les-mouvements-politiques-exercant-sans-autorisation-sommes-de-cesser-leurs-activites\/\",\"name\":\"Guin\u00e9e : les mouvements politiques exer\u00e7ant sans autorisation somm\u00e9s de cesser leurs activit\u00e9s - UNIVERSNEWS224\",\"isPartOf\":{\"@id\":\"https:\/\/universnews224.com\/#website\"},\"datePublished\":\"2025-01-09T23:19:41+00:00\",\"dateModified\":\"2025-01-09T23:19:41+00:00\",\"inLanguage\":\"fr-FR\",\"potentialAction\":[{\"@type\":\"ReadAction\",\"target\":[\"https:\/\/universnews224.com\/index.php\/guinee-les-mouvements-politiques-exercant-sans-autorisation-sommes-de-cesser-leurs-activites\/\"]}]},{\"@type\":\"WebSite\",\"@id\":\"https:\/\/universnews224.com\/#website\",\"url\":\"https:\/\/universnews224.com\/\",\"name\":\"UNIVERSNEWS224\",\"description\":\"\",\"publisher\":{\"@id\":\"https:\/\/universnews224.com\/#organization\"},\"potentialAction\":[{\"@type\":\"SearchAction\",\"target\":{\"@type\":\"EntryPoint\",\"urlTemplate\":\"https:\/\/universnews224.com\/?s={search_term_string}\"},\"query-input\":\"required name=search_term_string\"}],\"inLanguage\":\"fr-FR\"},{\"@type\":\"Organization\",\"@id\":\"https:\/\/universnews224.com\/#organization\",\"name\":\"UNIVERSNEWS224\",\"url\":\"https:\/\/universnews224.com\/\",\"logo\":{\"@type\":\"ImageObject\",\"inLanguage\":\"fr-FR\",\"@id\":\"https:\/\/universnews224.com\/#\/schema\/logo\/image\/\",\"url\":\"https:\/\/universnews224.com\/wp-content\/uploads\/2022\/08\/cropped-cropped-logoban.jpg\",\"contentUrl\":\"https:\/\/universnews224.com\/wp-content\/uploads\/2022\/08\/cropped-cropped-logoban.jpg\",\"width\":1080,\"height\":138,\"caption\":\"UNIVERSNEWS224\"},\"image\":{\"@id\":\"https:\/\/universnews224.com\/#\/schema\/logo\/image\/\"}},{\"@type\":\"Person\",\"@id\":\"https:\/\/universnews224.com\/#\/schema\/person\/a4b7d4f94a4716df60456a491260485e\",\"name\":\"La R\u00e9daction\",\"image\":{\"@type\":\"ImageObject\",\"inLanguage\":\"fr-FR\",\"@id\":\"https:\/\/universnews224.com\/#\/schema\/person\/image\/\",\"url\":\"https:\/\/secure.gravatar.com\/avatar\/edb90acc7752b23e1b3307ad36c14f0d?s=96&d=mm&r=g\",\"contentUrl\":\"https:\/\/secure.gravatar.com\/avatar\/edb90acc7752b23e1b3307ad36c14f0d?s=96&d=mm&r=g\",\"caption\":\"La R\u00e9daction\"},\"sameAs\":[\"https:\/\/universnews224.com\"],\"url\":\"https:\/\/universnews224.com\/index.php\/author\/m-camara\/\"}]}<\/script>\n<!-- \/ Yoast SEO plugin. -->","yoast_head_json":{"title":"Guin\u00e9e : les mouvements politiques exer\u00e7ant sans autorisation somm\u00e9s de cesser leurs activit\u00e9s - UNIVERSNEWS224","robots":{"index":"index","follow":"follow","max-snippet":"max-snippet:-1","max-image-preview":"max-image-preview:large","max-video-preview":"max-video-preview:-1"},"canonical":"https:\/\/universnews224.com\/index.php\/guinee-les-mouvements-politiques-exercant-sans-autorisation-sommes-de-cesser-leurs-activites\/","og_locale":"fr_FR","og_type":"article","og_title":"Guin\u00e9e : les mouvements politiques exer\u00e7ant sans autorisation somm\u00e9s de cesser leurs activit\u00e9s - UNIVERSNEWS224","og_description":"Dans un communiqu\u00e9 publi\u00e9 ce jeudi \u00e0 la t\u00e9l\u00e9vision nationale, le ministre de l\u2019administration du","og_url":"https:\/\/universnews224.com\/index.php\/guinee-les-mouvements-politiques-exercant-sans-autorisation-sommes-de-cesser-leurs-activites\/","og_site_name":"UNIVERSNEWS224","article_published_time":"2025-01-09T23:19:41+00:00","og_image":[{"width":526,"height":391,"url":"https:\/\/universnews224.com\/wp-content\/uploads\/2025\/01\/kalil-conde-et-douumbouya-2.jpeg","type":"image\/jpeg"}],"author":"La R\u00e9daction","twitter_misc":{"\u00c9crit par":"La R\u00e9daction","Dur\u00e9e de lecture estim\u00e9e":"2 minutes"},"schema":{"@context":"https:\/\/schema.org","@graph":[{"@type":"Article","@id":"https:\/\/universnews224.com\/index.php\/guinee-les-mouvements-politiques-exercant-sans-autorisation-sommes-de-cesser-leurs-activites\/#article","isPartOf":{"@id":"https:\/\/universnews224.com\/index.php\/guinee-les-mouvements-politiques-exercant-sans-autorisation-sommes-de-cesser-leurs-activites\/"},"author":{"name":"La R\u00e9daction","@id":"https:\/\/universnews224.com\/#\/schema\/person\/a4b7d4f94a4716df60456a491260485e"},"headline":"Guin\u00e9e : les mouvements politiques exer\u00e7ant sans autorisation somm\u00e9s de cesser leurs activit\u00e9s","datePublished":"2025-01-09T23:19:41+00:00","dateModified":"2025-01-09T23:19:41+00:00","mainEntityOfPage":{"@id":"https:\/\/universnews224.com\/index.php\/guinee-les-mouvements-politiques-exercant-sans-autorisation-sommes-de-cesser-leurs-activites\/"},"wordCount":271,"publisher":{"@id":"https:\/\/universnews224.com\/#organization"},"keywords":["A la une"],"articleSection":["ACTU","POLITIQUE"],"inLanguage":"fr-FR"},{"@type":"WebPage","@id":"https:\/\/universnews224.com\/index.php\/guinee-les-mouvements-politiques-exercant-sans-autorisation-sommes-de-cesser-leurs-activites\/","url":"https:\/\/universnews224.com\/index.php\/guinee-les-mouvements-politiques-exercant-sans-autorisation-sommes-de-cesser-leurs-activites\/","name":"Guin\u00e9e : les mouvements politiques exer\u00e7ant sans autorisation somm\u00e9s de cesser leurs activit\u00e9s - UNIVERSNEWS224","isPartOf":{"@id":"https:\/\/universnews224.com\/#website"},"datePublished":"2025-01-09T23:19:41+00:00","dateModified":"2025-01-09T23:19:41+00:00","inLanguage":"fr-FR","potentialAction":[{"@type":"ReadAction","target":["https:\/\/universnews224.com\/index.php\/guinee-les-mouvements-politiques-exercant-sans-autorisation-sommes-de-cesser-leurs-activites\/"]}]},{"@type":"WebSite","@id":"https:\/\/universnews224.com\/#website","url":"https:\/\/universnews224.com\/","name":"UNIVERSNEWS224","description":"","publisher":{"@id":"https:\/\/universnews224.com\/#organization"},"potentialAction":[{"@type":"SearchAction","target":{"@type":"EntryPoint","urlTemplate":"https:\/\/universnews224.com\/?s={search_term_string}"},"query-input":"required name=search_term_string"}],"inLanguage":"fr-FR"},{"@type":"Organization","@id":"https:\/\/universnews224.com\/#organization","name":"UNIVERSNEWS224","url":"https:\/\/universnews224.com\/","logo":{"@type":"ImageObject","inLanguage":"fr-FR","@id":"https:\/\/universnews224.com\/#\/schema\/logo\/image\/","url":"https:\/\/universnews224.com\/wp-content\/uploads\/2022\/08\/cropped-cropped-logoban.jpg","contentUrl":"https:\/\/universnews224.com\/wp-content\/uploads\/2022\/08\/cropped-cropped-logoban.jpg","width":1080,"height":138,"caption":"UNIVERSNEWS224"},"image":{"@id":"https:\/\/universnews224.com\/#\/schema\/logo\/image\/"}},{"@type":"Person","@id":"https:\/\/universnews224.com\/#\/schema\/person\/a4b7d4f94a4716df60456a491260485e","name":"La R\u00e9daction","image":{"@type":"ImageObject","inLanguage":"fr-FR","@id":"https:\/\/universnews224.com\/#\/schema\/person\/image\/","url":"https:\/\/secure.gravatar.com\/avatar\/edb90acc7752b23e1b3307ad36c14f0d?s=96&d=mm&r=g","contentUrl":"https:\/\/secure.gravatar.com\/avatar\/edb90acc7752b23e1b3307ad36c14f0d?s=96&d=mm&r=g","caption":"La R\u00e9daction"},"sameAs":["https:\/\/universnews224.com"],"url":"https:\/\/universnews224.com\/index.php\/author\/m-camara\/"}]}},"_links":{"self":[{"href":"https:\/\/universnews224.com\/index.php\/wp-json\/wp\/v2\/posts\/7314"}],"collection":[{"href":"https:\/\/universnews224.com\/index.php\/wp-json\/wp\/v2\/posts"}],"about":[{"href":"https:\/\/universnews224.com\/index.php\/wp-json\/wp\/v2\/types\/post"}],"author":[{"embeddable":true,"href":"https:\/\/universnews224.com\/index.php\/wp-json\/wp\/v2\/users\/2"}],"replies":[{"embeddable":true,"href":"https:\/\/universnews224.com\/index.php\/wp-json\/wp\/v2\/comments?post=7314"}],"version-history":[{"count":1,"href":"https:\/\/universnews224.com\/index.php\/wp-json\/wp\/v2\/posts\/7314\/revisions"}],"predecessor-version":[{"id":7316,"href":"https:\/\/universnews224.com\/index.php\/wp-json\/wp\/v2\/posts\/7314\/revisions\/7316"}],"wp:featuredmedia":[{"embeddable":true,"href":"https:\/\/universnews224.com\/index.php\/wp-json\/wp\/v2\/media\/7315"}],"wp:attachment":[{"href":"https:\/\/universnews224.com\/index.php\/wp-json\/wp\/v2\/media?parent=7314"}],"wp:term":[{"taxonomy":"category","embeddable":true,"href":"https:\/\/universnews224.com\/index.php\/wp-json\/wp\/v2\/categories?post=7314"},{"taxonomy":"post_tag","embeddable":true,"href":"https:\/\/universnews224.com\/index.php\/wp-json\/wp\/v2\/tags?post=7314"}],"curies":[{"name":"wp","href":"https:\/\/api.w.org\/{rel}","templated":true}]}}