{"id":7336,"date":"2025-01-13T22:05:54","date_gmt":"2025-01-13T21:05:54","guid":{"rendered":"https:\/\/universnews224.com\/?p=7336"},"modified":"2025-01-13T22:05:54","modified_gmt":"2025-01-13T21:05:54","slug":"primature-le-premier-ministre-amadou-oury-bah-reunit-ses-predecesseurs-pour-un-echange-inclusif","status":"publish","type":"post","link":"https:\/\/universnews224.com\/index.php\/primature-le-premier-ministre-amadou-oury-bah-reunit-ses-predecesseurs-pour-un-echange-inclusif\/","title":{"rendered":"PRIMATURE : LE PREMIER MINISTRE AMADOU OURY BAH R\u00c9UNIT SES PR\u00c9D\u00c9CESSEURS POUR UN \u00c9CHANGE INCLUSIF"},"content":{"rendered":"<p style=\"color: #000000;font-family: sans-serif;font-size: 12.8px;text-align: justify\"><b><span style=\"font-family: 'Century Gothic', sans-serif\">Conakry, le 13 janvier 2025<\/span><\/b><span style=\"font-family: 'Century Gothic', sans-serif\">\u00a0\u2013 Dans une d\u00e9marche marqu\u00e9e par la volont\u00e9 d\u2019inclusivit\u00e9 et de dialogue pr\u00f4n\u00e9e par le Pr\u00e9sident de la R\u00e9publique, le G\u00e9n\u00e9ral Mamadi Doumbouya, le Premier Ministre, Chef du Gouvernement, Amadou Oury Bah, a accueilli ce lundi ses pr\u00e9d\u00e9cesseurs \u00e0 la Primature. Cette rencontre, empreinte de convivialit\u00e9 et de respect mutuel, illustre la vision de gouvernance participative mise en avant par les autorit\u00e9s au plus haut niveau.<\/span><\/p>\n<p style=\"color: #000000;font-family: sans-serif;font-size: 12.8px;text-align: justify\"><span style=\"font-family: 'Century Gothic', sans-serif\">L\u2019ancien Premier ministre, Kabin\u00e8 Komara, s\u2019est f\u00e9licit\u00e9 de cette initiative qu\u2019il a qualifi\u00e9e de pr\u00e9cieuse et porteuse d\u2019espoir :\u00a0<b><i>\u00ab Nous avons \u00e9t\u00e9 chaleureusement re\u00e7us par le Premier Ministre, qui, au nom du Pr\u00e9sident de la R\u00e9publique et du Gouvernement, nous a adress\u00e9 ses v\u0153ux de bonheur et de prosp\u00e9rit\u00e9. Il a partag\u00e9 avec nous les grandes priorit\u00e9s nationales, notamment celles li\u00e9es \u00e0 la paix, \u00e0 l\u2019entente nationale, au retour \u00e0 l\u2019ordre constitutionnel et \u00e0 l\u2019apaisement du climat politique, des objectifs que nous soutenons pleinement.<\/i><\/b>\u00a0\u00bb<\/span><\/p>\n<p style=\"color: #000000;font-family: sans-serif;font-size: 12.8px;text-align: justify\"><span style=\"font-family: 'Century Gothic', sans-serif\">Il a \u00e9galement salu\u00e9 l\u2019approche collaborative adopt\u00e9e par le Premier Ministre et le Chef de l\u2019\u00c9tat, mettant en avant l\u2019importance de tirer parti de l\u2019exp\u00e9rience et des conseils des anciens responsables gouvernementaux : \u00ab\u00a0<b><i>Cette volont\u00e9 d\u2019inclure les exp\u00e9riences pass\u00e9es dans la r\u00e9flexion actuelle est \u00e0 la fois novatrice et n\u00e9cessaire. Nous esp\u00e9rons que de telles initiatives se poursuivront, car elles contribuent au renforcement de l\u2019unit\u00e9 et \u00e0 une meilleure gouvernance.<\/i><\/b>\u00a0\u00bb<\/span><\/p>\n<p style=\"color: #000000;font-family: sans-serif;font-size: 12.8px;text-align: justify\"><span style=\"font-family: 'Century Gothic', sans-serif\">Au-del\u00e0 des \u00e9changes institutionnels, cette rencontre a \u00e9t\u00e9 l\u2019occasion de r\u00e9it\u00e9rer des v\u0153ux de sant\u00e9, de succ\u00e8s et de prosp\u00e9rit\u00e9 \u00e0 l\u2019endroit du Pr\u00e9sident de la R\u00e9publique, du Gouvernement, et du peuple de Guin\u00e9e.<\/span><\/p>\n<p style=\"color: #000000;font-family: sans-serif;font-size: 12.8px;text-align: justify\"><span style=\"font-family: 'Century Gothic', sans-serif\">Ce geste hautement symbolique traduit l\u2019engagement des autorit\u00e9s actuelles \u00e0 construire une Guin\u00e9e unie et r\u00e9solument tourn\u00e9e vers l\u2019avenir, en capitalisant sur les acquis du pass\u00e9 tout en int\u00e9grant des perspectives nouvelles.<\/span><\/p>\n<p style=\"color: #000000;font-family: sans-serif;font-size: 12.8px;text-align: justify\"><b><span style=\"font-family: 'Century Gothic', sans-serif\">Cellule de Communication du Gouvernement<\/span><\/b><span style=\"font-family: 'Century Gothic', sans-serif\">.<\/span><\/p>\n<div class=\"signature-text\" style=\"color: #888888;font-family: sans-serif;font-size: 12.8px\">\n<p style=\"text-align: justify\"><span lang=\"fr-GN\" style=\"font-family: 'Century Gothic', sans-serif\">\u00a0<\/span><\/p>\n<\/div>\n","protected":false},"excerpt":{"rendered":"<p>Conakry, le 13 janvier 2025\u00a0\u2013 Dans une d\u00e9marche marqu\u00e9e par la volont\u00e9 d\u2019inclusivit\u00e9 et de<\/p>\n","protected":false},"author":2,"featured_media":7337,"comment_status":"closed","ping_status":"open","sticky":false,"template":"","format":"standard","meta":[],"categories":[3,5],"tags":[237],"yoast_head":"<!-- This site is optimized with the Yoast SEO plugin v19.13 - https:\/\/yoast.com\/wordpress\/plugins\/seo\/ -->\n<title>PRIMATURE : LE PREMIER MINISTRE AMADOU OURY BAH R\u00c9UNIT SES PR\u00c9D\u00c9CESSEURS POUR UN \u00c9CHANGE INCLUSIF - UNIVERSNEWS224<\/title>\n<meta name=\"robots\" content=\"index, follow, max-snippet:-1, max-image-preview:large, max-video-preview:-1\" \/>\n<link rel=\"canonical\" href=\"https:\/\/universnews224.com\/index.php\/primature-le-premier-ministre-amadou-oury-bah-reunit-ses-predecesseurs-pour-un-echange-inclusif\/\" \/>\n<meta property=\"og:locale\" content=\"fr_FR\" \/>\n<meta property=\"og:type\" content=\"article\" \/>\n<meta property=\"og:title\" content=\"PRIMATURE : LE PREMIER MINISTRE AMADOU OURY BAH R\u00c9UNIT SES PR\u00c9D\u00c9CESSEURS POUR UN \u00c9CHANGE INCLUSIF - UNIVERSNEWS224\" \/>\n<meta property=\"og:description\" content=\"Conakry, le 13 janvier 2025\u00a0\u2013 Dans une d\u00e9marche marqu\u00e9e par la volont\u00e9 d\u2019inclusivit\u00e9 et de\" \/>\n<meta property=\"og:url\" content=\"https:\/\/universnews224.com\/index.php\/primature-le-premier-ministre-amadou-oury-bah-reunit-ses-predecesseurs-pour-un-echange-inclusif\/\" \/>\n<meta property=\"og:site_name\" content=\"UNIVERSNEWS224\" \/>\n<meta property=\"article:published_time\" content=\"2025-01-13T21:05:54+00:00\" \/>\n<meta property=\"og:image\" content=\"https:\/\/universnews224.com\/wp-content\/uploads\/2025\/01\/IMG_7645.jpeg\" \/>\n\t<meta property=\"og:image:width\" content=\"750\" \/>\n\t<meta property=\"og:image:height\" content=\"375\" \/>\n\t<meta property=\"og:image:type\" content=\"image\/jpeg\" \/>\n<meta name=\"author\" content=\"La R\u00e9daction\" \/>\n<meta name=\"twitter:label1\" content=\"\u00c9crit par\" \/>\n\t<meta name=\"twitter:data1\" content=\"La R\u00e9daction\" \/>\n\t<meta name=\"twitter:label2\" content=\"Dur\u00e9e de lecture estim\u00e9e\" \/>\n\t<meta name=\"twitter:data2\" content=\"2 minutes\" \/>\n<script type=\"application\/ld+json\" class=\"yoast-schema-graph\">{\"@context\":\"https:\/\/schema.org\",\"@graph\":[{\"@type\":\"Article\",\"@id\":\"https:\/\/universnews224.com\/index.php\/primature-le-premier-ministre-amadou-oury-bah-reunit-ses-predecesseurs-pour-un-echange-inclusif\/#article\",\"isPartOf\":{\"@id\":\"https:\/\/universnews224.com\/index.php\/primature-le-premier-ministre-amadou-oury-bah-reunit-ses-predecesseurs-pour-un-echange-inclusif\/\"},\"author\":{\"name\":\"La R\u00e9daction\",\"@id\":\"https:\/\/universnews224.com\/#\/schema\/person\/a4b7d4f94a4716df60456a491260485e\"},\"headline\":\"PRIMATURE : LE PREMIER MINISTRE AMADOU OURY BAH R\u00c9UNIT SES PR\u00c9D\u00c9CESSEURS POUR UN \u00c9CHANGE INCLUSIF\",\"datePublished\":\"2025-01-13T21:05:54+00:00\",\"dateModified\":\"2025-01-13T21:05:54+00:00\",\"mainEntityOfPage\":{\"@id\":\"https:\/\/universnews224.com\/index.php\/primature-le-premier-ministre-amadou-oury-bah-reunit-ses-predecesseurs-pour-un-echange-inclusif\/\"},\"wordCount\":358,\"publisher\":{\"@id\":\"https:\/\/universnews224.com\/#organization\"},\"keywords\":[\"A la une\"],\"articleSection\":[\"ACTU\",\"SOCI\u00c9T\u00c9\"],\"inLanguage\":\"fr-FR\"},{\"@type\":\"WebPage\",\"@id\":\"https:\/\/universnews224.com\/index.php\/primature-le-premier-ministre-amadou-oury-bah-reunit-ses-predecesseurs-pour-un-echange-inclusif\/\",\"url\":\"https:\/\/universnews224.com\/index.php\/primature-le-premier-ministre-amadou-oury-bah-reunit-ses-predecesseurs-pour-un-echange-inclusif\/\",\"name\":\"PRIMATURE : LE PREMIER MINISTRE AMADOU OURY BAH R\u00c9UNIT SES PR\u00c9D\u00c9CESSEURS POUR UN \u00c9CHANGE INCLUSIF - UNIVERSNEWS224\",\"isPartOf\":{\"@id\":\"https:\/\/universnews224.com\/#website\"},\"datePublished\":\"2025-01-13T21:05:54+00:00\",\"dateModified\":\"2025-01-13T21:05:54+00:00\",\"inLanguage\":\"fr-FR\",\"potentialAction\":[{\"@type\":\"ReadAction\",\"target\":[\"https:\/\/universnews224.com\/index.php\/primature-le-premier-ministre-amadou-oury-bah-reunit-ses-predecesseurs-pour-un-echange-inclusif\/\"]}]},{\"@type\":\"WebSite\",\"@id\":\"https:\/\/universnews224.com\/#website\",\"url\":\"https:\/\/universnews224.com\/\",\"name\":\"UNIVERSNEWS224\",\"description\":\"\",\"publisher\":{\"@id\":\"https:\/\/universnews224.com\/#organization\"},\"potentialAction\":[{\"@type\":\"SearchAction\",\"target\":{\"@type\":\"EntryPoint\",\"urlTemplate\":\"https:\/\/universnews224.com\/?s={search_term_string}\"},\"query-input\":\"required name=search_term_string\"}],\"inLanguage\":\"fr-FR\"},{\"@type\":\"Organization\",\"@id\":\"https:\/\/universnews224.com\/#organization\",\"name\":\"UNIVERSNEWS224\",\"url\":\"https:\/\/universnews224.com\/\",\"logo\":{\"@type\":\"ImageObject\",\"inLanguage\":\"fr-FR\",\"@id\":\"https:\/\/universnews224.com\/#\/schema\/logo\/image\/\",\"url\":\"https:\/\/universnews224.com\/wp-content\/uploads\/2022\/08\/cropped-cropped-logoban.jpg\",\"contentUrl\":\"https:\/\/universnews224.com\/wp-content\/uploads\/2022\/08\/cropped-cropped-logoban.jpg\",\"width\":1080,\"height\":138,\"caption\":\"UNIVERSNEWS224\"},\"image\":{\"@id\":\"https:\/\/universnews224.com\/#\/schema\/logo\/image\/\"}},{\"@type\":\"Person\",\"@id\":\"https:\/\/universnews224.com\/#\/schema\/person\/a4b7d4f94a4716df60456a491260485e\",\"name\":\"La R\u00e9daction\",\"image\":{\"@type\":\"ImageObject\",\"inLanguage\":\"fr-FR\",\"@id\":\"https:\/\/universnews224.com\/#\/schema\/person\/image\/\",\"url\":\"https:\/\/secure.gravatar.com\/avatar\/edb90acc7752b23e1b3307ad36c14f0d?s=96&d=mm&r=g\",\"contentUrl\":\"https:\/\/secure.gravatar.com\/avatar\/edb90acc7752b23e1b3307ad36c14f0d?s=96&d=mm&r=g\",\"caption\":\"La R\u00e9daction\"},\"sameAs\":[\"https:\/\/universnews224.com\"],\"url\":\"https:\/\/universnews224.com\/index.php\/author\/m-camara\/\"}]}<\/script>\n<!-- \/ Yoast SEO plugin. -->","yoast_head_json":{"title":"PRIMATURE : LE PREMIER MINISTRE AMADOU OURY BAH R\u00c9UNIT SES PR\u00c9D\u00c9CESSEURS POUR UN \u00c9CHANGE INCLUSIF - UNIVERSNEWS224","robots":{"index":"index","follow":"follow","max-snippet":"max-snippet:-1","max-image-preview":"max-image-preview:large","max-video-preview":"max-video-preview:-1"},"canonical":"https:\/\/universnews224.com\/index.php\/primature-le-premier-ministre-amadou-oury-bah-reunit-ses-predecesseurs-pour-un-echange-inclusif\/","og_locale":"fr_FR","og_type":"article","og_title":"PRIMATURE : LE PREMIER MINISTRE AMADOU OURY BAH R\u00c9UNIT SES PR\u00c9D\u00c9CESSEURS POUR UN \u00c9CHANGE INCLUSIF - UNIVERSNEWS224","og_description":"Conakry, le 13 janvier 2025\u00a0\u2013 Dans une d\u00e9marche marqu\u00e9e par la volont\u00e9 d\u2019inclusivit\u00e9 et de","og_url":"https:\/\/universnews224.com\/index.php\/primature-le-premier-ministre-amadou-oury-bah-reunit-ses-predecesseurs-pour-un-echange-inclusif\/","og_site_name":"UNIVERSNEWS224","article_published_time":"2025-01-13T21:05:54+00:00","og_image":[{"width":750,"height":375,"url":"https:\/\/universnews224.com\/wp-content\/uploads\/2025\/01\/IMG_7645.jpeg","type":"image\/jpeg"}],"author":"La R\u00e9daction","twitter_misc":{"\u00c9crit par":"La R\u00e9daction","Dur\u00e9e de lecture estim\u00e9e":"2 minutes"},"schema":{"@context":"https:\/\/schema.org","@graph":[{"@type":"Article","@id":"https:\/\/universnews224.com\/index.php\/primature-le-premier-ministre-amadou-oury-bah-reunit-ses-predecesseurs-pour-un-echange-inclusif\/#article","isPartOf":{"@id":"https:\/\/universnews224.com\/index.php\/primature-le-premier-ministre-amadou-oury-bah-reunit-ses-predecesseurs-pour-un-echange-inclusif\/"},"author":{"name":"La R\u00e9daction","@id":"https:\/\/universnews224.com\/#\/schema\/person\/a4b7d4f94a4716df60456a491260485e"},"headline":"PRIMATURE : LE PREMIER MINISTRE AMADOU OURY BAH R\u00c9UNIT SES PR\u00c9D\u00c9CESSEURS POUR UN \u00c9CHANGE INCLUSIF","datePublished":"2025-01-13T21:05:54+00:00","dateModified":"2025-01-13T21:05:54+00:00","mainEntityOfPage":{"@id":"https:\/\/universnews224.com\/index.php\/primature-le-premier-ministre-amadou-oury-bah-reunit-ses-predecesseurs-pour-un-echange-inclusif\/"},"wordCount":358,"publisher":{"@id":"https:\/\/universnews224.com\/#organization"},"keywords":["A la une"],"articleSection":["ACTU","SOCI\u00c9T\u00c9"],"inLanguage":"fr-FR"},{"@type":"WebPage","@id":"https:\/\/universnews224.com\/index.php\/primature-le-premier-ministre-amadou-oury-bah-reunit-ses-predecesseurs-pour-un-echange-inclusif\/","url":"https:\/\/universnews224.com\/index.php\/primature-le-premier-ministre-amadou-oury-bah-reunit-ses-predecesseurs-pour-un-echange-inclusif\/","name":"PRIMATURE : LE PREMIER MINISTRE AMADOU OURY BAH R\u00c9UNIT SES PR\u00c9D\u00c9CESSEURS POUR UN \u00c9CHANGE INCLUSIF - UNIVERSNEWS224","isPartOf":{"@id":"https:\/\/universnews224.com\/#website"},"datePublished":"2025-01-13T21:05:54+00:00","dateModified":"2025-01-13T21:05:54+00:00","inLanguage":"fr-FR","potentialAction":[{"@type":"ReadAction","target":["https:\/\/universnews224.com\/index.php\/primature-le-premier-ministre-amadou-oury-bah-reunit-ses-predecesseurs-pour-un-echange-inclusif\/"]}]},{"@type":"WebSite","@id":"https:\/\/universnews224.com\/#website","url":"https:\/\/universnews224.com\/","name":"UNIVERSNEWS224","description":"","publisher":{"@id":"https:\/\/universnews224.com\/#organization"},"potentialAction":[{"@type":"SearchAction","target":{"@type":"EntryPoint","urlTemplate":"https:\/\/universnews224.com\/?s={search_term_string}"},"query-input":"required name=search_term_string"}],"inLanguage":"fr-FR"},{"@type":"Organization","@id":"https:\/\/universnews224.com\/#organization","name":"UNIVERSNEWS224","url":"https:\/\/universnews224.com\/","logo":{"@type":"ImageObject","inLanguage":"fr-FR","@id":"https:\/\/universnews224.com\/#\/schema\/logo\/image\/","url":"https:\/\/universnews224.com\/wp-content\/uploads\/2022\/08\/cropped-cropped-logoban.jpg","contentUrl":"https:\/\/universnews224.com\/wp-content\/uploads\/2022\/08\/cropped-cropped-logoban.jpg","width":1080,"height":138,"caption":"UNIVERSNEWS224"},"image":{"@id":"https:\/\/universnews224.com\/#\/schema\/logo\/image\/"}},{"@type":"Person","@id":"https:\/\/universnews224.com\/#\/schema\/person\/a4b7d4f94a4716df60456a491260485e","name":"La R\u00e9daction","image":{"@type":"ImageObject","inLanguage":"fr-FR","@id":"https:\/\/universnews224.com\/#\/schema\/person\/image\/","url":"https:\/\/secure.gravatar.com\/avatar\/edb90acc7752b23e1b3307ad36c14f0d?s=96&d=mm&r=g","contentUrl":"https:\/\/secure.gravatar.com\/avatar\/edb90acc7752b23e1b3307ad36c14f0d?s=96&d=mm&r=g","caption":"La R\u00e9daction"},"sameAs":["https:\/\/universnews224.com"],"url":"https:\/\/universnews224.com\/index.php\/author\/m-camara\/"}]}},"_links":{"self":[{"href":"https:\/\/universnews224.com\/index.php\/wp-json\/wp\/v2\/posts\/7336"}],"collection":[{"href":"https:\/\/universnews224.com\/index.php\/wp-json\/wp\/v2\/posts"}],"about":[{"href":"https:\/\/universnews224.com\/index.php\/wp-json\/wp\/v2\/types\/post"}],"author":[{"embeddable":true,"href":"https:\/\/universnews224.com\/index.php\/wp-json\/wp\/v2\/users\/2"}],"replies":[{"embeddable":true,"href":"https:\/\/universnews224.com\/index.php\/wp-json\/wp\/v2\/comments?post=7336"}],"version-history":[{"count":1,"href":"https:\/\/universnews224.com\/index.php\/wp-json\/wp\/v2\/posts\/7336\/revisions"}],"predecessor-version":[{"id":7338,"href":"https:\/\/universnews224.com\/index.php\/wp-json\/wp\/v2\/posts\/7336\/revisions\/7338"}],"wp:featuredmedia":[{"embeddable":true,"href":"https:\/\/universnews224.com\/index.php\/wp-json\/wp\/v2\/media\/7337"}],"wp:attachment":[{"href":"https:\/\/universnews224.com\/index.php\/wp-json\/wp\/v2\/media?parent=7336"}],"wp:term":[{"taxonomy":"category","embeddable":true,"href":"https:\/\/universnews224.com\/index.php\/wp-json\/wp\/v2\/categories?post=7336"},{"taxonomy":"post_tag","embeddable":true,"href":"https:\/\/universnews224.com\/index.php\/wp-json\/wp\/v2\/tags?post=7336"}],"curies":[{"name":"wp","href":"https:\/\/api.w.org\/{rel}","templated":true}]}}