{"id":7339,"date":"2025-01-15T21:33:35","date_gmt":"2025-01-15T20:33:35","guid":{"rendered":"https:\/\/universnews224.com\/?p=7339"},"modified":"2025-01-15T21:33:35","modified_gmt":"2025-01-15T20:33:35","slug":"missira-sidibe-la-fille-ainee-de-lex-dg-de-logp-mandian-sidibe-je-suis-inquiete-pour-ma-securite-lettre-ouverte","status":"publish","type":"post","link":"https:\/\/universnews224.com\/index.php\/missira-sidibe-la-fille-ainee-de-lex-dg-de-logp-mandian-sidibe-je-suis-inquiete-pour-ma-securite-lettre-ouverte\/","title":{"rendered":"Missira Sidib\u00e9, la fille a\u00een\u00e9e de l\u2019ex DG de l\u2019OGP Mandian Sidib\u00e9: \u00ab Je suis inqui\u00e8te pour ma s\u00e9curit\u00e9 \u00bb (Lettre ouverte)"},"content":{"rendered":"<p style=\"margin: 0px 0px 17px;text-align: justify;color: #222222;font-family: 'Open Sans';background-color: #f3f3f3\">Depuis l\u2019incarc\u00e9ration de son p\u00e8re \u00e0 la Maison Centrale de Coronthie, Missira Sidib\u00e9, Ing\u00e9nieure Informaticienne, domicili\u00e9e \u00e0 Sangoyah, dans la Commune de Matoto \u00e0 Conakry, fait l\u2019objet de menaces et d\u2019intimidation, au point qu\u2019elle s\u2019inqui\u00e8te d\u00e9sormais pour sa s\u00e9curit\u00e9. Elle revient, dans une lettre ouverte, sur le film d\u2019une visite ind\u00e9sirable qu\u2019elle a re\u00e7ue \u00e0 son domicile, le mardi 14 janvier 2025, renfor\u00e7ant du coup, les inqui\u00e9tudes qui sont les siennes par rapport \u00e0 sa s\u00e9curit\u00e9.<\/p>\n<p style=\"margin: 0px 0px 17px;text-align: justify;color: #222222;font-family: 'Open Sans';background-color: #f3f3f3\"><span style=\"font-weight: bold\">Ci-dessous sa Lettre ouverte\u00a0:<\/span><\/p>\n<p style=\"margin: 0px 0px 17px;text-align: justify;color: #222222;font-family: 'Open Sans';background-color: #f3f3f3\"><span style=\"color: #333333;font-family: 'Helvetica Neue', Helvetica, Roboto, Arial, sans-serif\">Que cherchent les \u00e9missaires suspects de Monsieur Thierno Mamadou Bah (Conseiller Personnel du Pr\u00e9sident de la R\u00e9publique et Pr\u00e9sident du Conseil d\u2019Administration de l\u2019OGP) \u00e0 mon domicile conjugal sis \u00e0 Sangoyah ?<\/span><\/p>\n<p style=\"margin: 0px 0px 1em;text-align: justify;background-color: #f3f3f3;border: 0px;line-height: inherit;font-family: 'Helvetica Neue', Helvetica, Roboto, Arial, sans-serif;vertical-align: baseline\">En effet, le mardi 14 janvier 2025, la nuit tombante, j\u2019ai re\u00e7u un coup de fil anonyme. Je d\u00e9croche le t\u00e9l\u00e9phone, apr\u00e8s plusieurs h\u00e9sitations. Au bout du fil, se pr\u00e9sente un certain Mohamed Traor\u00e9, l\u2019assistant du Pr\u00e9sident du Conseil d\u2019Administration de l\u2019OGP. Connaissant cette personne que je voyais r\u00e9guli\u00e8rement au domicile de mon p\u00e8re au quartier Camayenne. J\u2019\u00e9tais finalement rassur\u00e9e.<\/p>\n<p style=\"margin: 0px 0px 1em;text-align: justify;background-color: #f3f3f3;border: 0px;line-height: inherit;font-family: 'Helvetica Neue', Helvetica, Roboto, Arial, sans-serif;vertical-align: baseline\">Monsieur Traor\u00e9 dit qu\u2019il est porteur d\u2019un message de son patron \u00e0 mon endroit. Je lui r\u00e9ponds que je suis d\u00e9j\u00e0 rentr\u00e9e \u00e0 la maison et qu\u2019il serait souhaitable de discuter au t\u00e9l\u00e9phone. Monsieur Traor\u00e9 d\u00e9cline cette proposition et insiste \u00e0 me rencontrer cette soir\u00e9e, fut-il \u00e0 mon domicile, au regard, mart\u00e8le-t-il, de l\u2019urgence du message dont il est porteur.<\/p>\n<p style=\"margin: 0px 0px 17px;text-align: justify;color: #222222;font-family: 'Open Sans';background-color: #f3f3f3\"><span style=\"color: #333333;font-family: 'Helvetica Neue', Helvetica, Roboto, Arial, sans-serif\">Partag\u00e9e entre la peur et la panique, en raison de la situation tr\u00e8s sensible de mon p\u00e8re, je me suis r\u00e9solue \u00e0 recevoir l\u2019\u00e9missaire du PCA de l\u2019OGP, en indiquant mon domicile conjugal \u00e0 celui-ci. Une fois en face de moi et de mon mari, qui sommes \u00e9tonn\u00e9s de savoir comment notre h\u00f4te a pu avoir mon contact t\u00e9l\u00e9phonique, Monsieur Mohamed d\u00e9clare : \u00ab C\u2019est le PCA qui m\u2019envoie vers vous. Vous savez qu\u2019il est un ami de longue date \u00e0 votre p\u00e8re, actuellement en difficult\u00e9. Le PCA est en train de l\u2019aider \u00e0 s\u2019en sortir. Mais, il voudrait savoir si tu es en contact avec ton p\u00e8re \u00bb. Je r\u00e9ponds en ces termes : \u00ab Depuis deux jours, je n\u2019ai pas pu acc\u00e9der \u00e0 la Maison Centrale o\u00f9 l\u2019on exige d\u00e9sormais une autorisation pr\u00e9alable de la CRIEF et mon p\u00e8re a laiss\u00e9 tous ses t\u00e9l\u00e9phones avec son avocat depuis le jour de son incarc\u00e9ration. Donc, je suis sans nouvelles de mon p\u00e8re depuis deux jours \u00bb.<\/span><\/p>\n<p style=\"margin: 0px 0px 17px;text-align: justify;color: #222222;font-family: 'Open Sans';background-color: #f3f3f3\"><span style=\"color: #333333;font-family: 'Helvetica Neue', Helvetica, Roboto, Arial, sans-serif\">Monsieur Mohamed Traor\u00e9 de poursuivre : \u00ab Alors, lorsque vous aurez l\u2019occasion de le rencontrer physiquement, rassurez-le du soutien du PCA et invitez-le \u00e0 cesser de citer des noms dans son dossier. Il a dit pendant son audition, qu\u2019il a donn\u00e9 de l\u2019argent \u00e0 telles et telles personnes. \u00c7a ce n\u2019est pas bon. Le PCA me charge \u00e9galement de vous dire de l\u2019appeler ou de lui envoyer un message dans lequel vous reconna\u00eetrez les fautes de votre p\u00e8re et pr\u00e9senterez des excuses au nom de celui-ci \u00e0 l\u2019adresse du Pr\u00e9sident. Le PCA va transf\u00e9rer votre message au Pr\u00e9sident, en se joignant \u00e0 vous pour solliciter la cl\u00e9mence du Pr\u00e9sident \u00bb.<\/span><\/p>\n<p style=\"margin: 0px 0px 17px;text-align: justify;color: #222222;font-family: 'Open Sans';background-color: #f3f3f3\"><span style=\"color: #333333;font-family: 'Helvetica Neue', Helvetica, Roboto, Arial, sans-serif\">Je r\u00e9ponds en disant : \u00ab Ce sont les d\u00e9tracteurs de mon p\u00e8re qui ont propag\u00e9 ces fausses rumeurs, dans l\u2019intention de le nuire aupr\u00e8s de toutes les bonnes personnes qui pourraient lui apporter leur soutien. \u00c0 la suite de ces all\u00e9gations mensong\u00e8res que j\u2019ai apprises sur les r\u00e9seaux sociaux, je m\u2019\u00e9tais rapproch\u00e9e de mon p\u00e8re \u00e0 la Maison Centrale pour en savoir davantage. Il a jur\u00e9 de n\u2019avoir jamais pos\u00e9 de tels actes depuis l\u2019entame de sa proc\u00e9dure jusqu\u2019\u00e0 la date de notre entretien. Mon p\u00e8re n\u2019a cit\u00e9 aucun nom et n\u2019a incrimin\u00e9 personne, soyez-en rassur\u00e9 \u00bb.<\/span><\/p>\n<p style=\"margin: 0px 0px 17px;text-align: justify;color: #222222;font-family: 'Open Sans';background-color: #f3f3f3\"><span style=\"color: #333333;font-family: 'Helvetica Neue', Helvetica, Roboto, Arial, sans-serif\">\u00c0 l\u2019issue d\u2019une longue discussion avec moi, Monsieur Mohamed Traor\u00e9 se retira. Vigilants, mon mari et moi avons gard\u00e9 notre visiteur \u00e0 l\u2019\u0153il sur une longue distance. Soudain, deux messieurs se trouvant \u00e0 motos sortent de leur cachette et rejoignent Mohamed Traor\u00e9 sur la route. L\u2019un des motards embarque Mohamed Traor\u00e9 et mes visiteurs ind\u00e9sirables ont finalement disparu de nos regards.<\/span><\/p>\n<p style=\"margin: 0px 0px 17px;text-align: justify;color: #222222;font-family: 'Open Sans';background-color: #f3f3f3\"><span style=\"color: #333333;font-family: 'Helvetica Neue', Helvetica, Roboto, Arial, sans-serif\">\u00c0 pr\u00e9ciser que la veille de l\u2019arrestation de mon p\u00e8re, celui-ci avait re\u00e7u, \u00e0 son domicile, la visite du m\u00eame nomm\u00e9 Mohamed Traor\u00e9, qui \u00e9tait encore porteur d\u2019un message bancal et d\u2019une enveloppe symbolique de soutien du PCA. \u00c0 cette occasion, Traor\u00e9 avait pos\u00e9 un certain nombre de questions suspectes provenant de son patron et auxquelles mon p\u00e8re \u00e9tait invit\u00e9 \u00e0 apporter des r\u00e9ponses. Ensuite, Traor\u00e9 d\u00e9clara : \u00ab Mon patron dit de lui \u00e9crire, en ma pr\u00e9sence, un message via WhatsApp, dans lequel tu reconna\u00eetras ton tort et pr\u00e9senteras des excuses au Pr\u00e9sident. Le PCA se chargera de transf\u00e9rer le message au Pr\u00e9sident, tout en appuyant tes excuses \u00bb. Abasourdi et m\u00e9fiant, mon p\u00e8re a promit d\u2019envoyer le message sollicit\u00e9 un peu plus tard. Apr\u00e8s le d\u00e9part de Traor\u00e9, le chauffeur de mon p\u00e8re \u00e9tait \u00e9tonn\u00e9 de constater que sa voiture faisait l\u2019objet d\u2019une filature d\u2019agents de la DST arborant des tenues civiles et empruntant trois motos. Ce dispositif s\u2019\u00e9tait poursuivi jusqu\u2019\u00e0 l\u2019arriv\u00e9e de mon p\u00e8re dans la cour de la CRIEF le lendemain de la visite de Mohamed Traor\u00e9. Tous les proches de mon p\u00e8re sont t\u00e9moins de cette sc\u00e8ne. Ce sont \u00e9galement des agents d\u00e9guis\u00e9s en civils qui ont interpell\u00e9, vendredi dernier, Monsieur Ibrahima Traor\u00e9, l\u2019ancien DAF de l\u2019OGP, avant de le mettre \u00e0 la disposition des enqu\u00eateurs de l\u2019ORDEF.<\/span><\/p>\n<p style=\"margin: 0px 0px 1em;text-align: justify;background-color: #f3f3f3;border: 0px;line-height: inherit;font-family: 'Helvetica Neue', Helvetica, Roboto, Arial, sans-serif;vertical-align: baseline\">Des interrogations m\u00e9ritent d\u2019\u00eatre pos\u00e9es apr\u00e8s toutes ces tournures :<\/p>\n<p style=\"margin: 0px 0px 1em;text-align: justify;background-color: #f3f3f3;border: 0px;line-height: inherit;font-family: 'Helvetica Neue', Helvetica, Roboto, Arial, sans-serif;vertical-align: baseline\">\u2013 Est-ce \u00e0 dire que ce sont les m\u00eames agents qui ont accompagn\u00e9 Mohamed Traor\u00e9 \u00e0 mon domicile ? Rien n\u2019est moins s\u00fbr.<\/p>\n<p style=\"margin: 0px 0px 1em;text-align: justify;background-color: #f3f3f3;border: 0px;line-height: inherit;font-family: 'Helvetica Neue', Helvetica, Roboto, Arial, sans-serif;vertical-align: baseline\">\u2013 Pourquoi m\u2019inviter \u00e0 faire porter des charges par mon p\u00e8re et pr\u00e9senter ensuite des excuses au nom de ce dernier ?<\/p>\n<p style=\"margin: 0px 0px 1em;text-align: justify;background-color: #f3f3f3;border: 0px;line-height: inherit;font-family: 'Helvetica Neue', Helvetica, Roboto, Arial, sans-serif;vertical-align: baseline\">\u2013 Y a-t-il une barri\u00e8re entre le PCA et mon p\u00e8re ?<\/p>\n<p style=\"margin: 0px 0px 1em;text-align: justify;background-color: #f3f3f3;border: 0px;line-height: inherit;font-family: 'Helvetica Neue', Helvetica, Roboto, Arial, sans-serif;vertical-align: baseline\">\u2013 Pourquoi le PCA n\u2019est-il pas all\u00e9, lui-m\u00eame, \u00e0 la Maison Centrale, s\u2019enqu\u00e9rir des nouvelles de mon p\u00e8re qu\u2019il dit \u00eatre son ami de longue date ?<\/p>\n<p style=\"margin: 0px 0px 1em;text-align: justify;background-color: #f3f3f3;border: 0px;line-height: inherit;font-family: 'Helvetica Neue', Helvetica, Roboto, Arial, sans-serif;vertical-align: baseline\">\u2013 Que cache r\u00e9ellement la d\u00e9marche du PCA depuis le d\u00e9but des ennuis judiciaires de mon p\u00e8re ?<\/p>\n<p style=\"margin: 0px 0px 1em;text-align: justify;background-color: #f3f3f3;border: 0px;line-height: inherit;font-family: 'Helvetica Neue', Helvetica, Roboto, Arial, sans-serif;vertical-align: baseline\">Je prends l\u2019opinion nationale et internationale \u00e0 t\u00e9moin de ce qui pourrait m\u2019arriver. Ma s\u00e9curit\u00e9 et celle de toute notre famille m\u2019inqui\u00e8te. Toujours est-il que nous ferons tout pour pr\u00e9server notre honneur et notre dignit\u00e9, tout en restant fid\u00e8les et loyaux au G\u00e9n\u00e9ral Mamadi Doumbouya, qui a tout donn\u00e9 \u00e0 mon p\u00e8re.<\/p>\n<p style=\"margin: 0px 0px 1em;text-align: justify;background-color: #f3f3f3;border: 0px;line-height: inherit;font-family: 'Helvetica Neue', Helvetica, Roboto, Arial, sans-serif;vertical-align: baseline\">\u00a0<span style=\"margin: 0px;padding: 0px;border: 0px;font-style: inherit;font-variant: inherit;font-weight: bold;font-size: inherit;line-height: inherit;font-family: inherit;vertical-align: baseline\">Missira Sidib\u00e9, fille a\u00een\u00e9e de Mandian Sidib\u00e9, Ex DG de l\u2019OGP<\/span><\/p>\n","protected":false},"excerpt":{"rendered":"<p>Depuis l\u2019incarc\u00e9ration de son p\u00e8re \u00e0 la Maison Centrale de Coronthie, Missira Sidib\u00e9, Ing\u00e9nieure Informaticienne,<\/p>\n","protected":false},"author":2,"featured_media":7340,"comment_status":"closed","ping_status":"open","sticky":false,"template":"","format":"standard","meta":[],"categories":[3,5],"tags":[237],"yoast_head":"<!-- This site is optimized with the Yoast SEO plugin v19.13 - https:\/\/yoast.com\/wordpress\/plugins\/seo\/ -->\n<title>Missira Sidib\u00e9, la fille a\u00een\u00e9e de l\u2019ex DG de l\u2019OGP Mandian Sidib\u00e9: \u00ab Je suis inqui\u00e8te pour ma s\u00e9curit\u00e9 \u00bb (Lettre ouverte) - UNIVERSNEWS224<\/title>\n<meta name=\"robots\" content=\"index, follow, max-snippet:-1, max-image-preview:large, max-video-preview:-1\" \/>\n<link rel=\"canonical\" href=\"https:\/\/universnews224.com\/index.php\/missira-sidibe-la-fille-ainee-de-lex-dg-de-logp-mandian-sidibe-je-suis-inquiete-pour-ma-securite-lettre-ouverte\/\" \/>\n<meta property=\"og:locale\" content=\"fr_FR\" \/>\n<meta property=\"og:type\" content=\"article\" \/>\n<meta property=\"og:title\" content=\"Missira Sidib\u00e9, la fille a\u00een\u00e9e de l\u2019ex DG de l\u2019OGP Mandian Sidib\u00e9: \u00ab Je suis inqui\u00e8te pour ma s\u00e9curit\u00e9 \u00bb (Lettre ouverte) - UNIVERSNEWS224\" \/>\n<meta property=\"og:description\" content=\"Depuis l\u2019incarc\u00e9ration de son p\u00e8re \u00e0 la Maison Centrale de Coronthie, Missira Sidib\u00e9, Ing\u00e9nieure Informaticienne,\" \/>\n<meta property=\"og:url\" content=\"https:\/\/universnews224.com\/index.php\/missira-sidibe-la-fille-ainee-de-lex-dg-de-logp-mandian-sidibe-je-suis-inquiete-pour-ma-securite-lettre-ouverte\/\" \/>\n<meta property=\"og:site_name\" content=\"UNIVERSNEWS224\" \/>\n<meta property=\"article:published_time\" content=\"2025-01-15T20:33:35+00:00\" \/>\n<meta property=\"og:image\" content=\"https:\/\/universnews224.com\/wp-content\/uploads\/2025\/01\/Fille-de-Mandian-Sidibe.jpg\" \/>\n\t<meta property=\"og:image:width\" content=\"700\" \/>\n\t<meta property=\"og:image:height\" content=\"375\" \/>\n\t<meta property=\"og:image:type\" content=\"image\/jpeg\" \/>\n<meta name=\"author\" content=\"La R\u00e9daction\" \/>\n<meta name=\"twitter:label1\" content=\"\u00c9crit par\" \/>\n\t<meta name=\"twitter:data1\" content=\"La R\u00e9daction\" \/>\n\t<meta name=\"twitter:label2\" content=\"Dur\u00e9e de lecture estim\u00e9e\" \/>\n\t<meta name=\"twitter:data2\" content=\"6 minutes\" \/>\n<script type=\"application\/ld+json\" class=\"yoast-schema-graph\">{\"@context\":\"https:\/\/schema.org\",\"@graph\":[{\"@type\":\"Article\",\"@id\":\"https:\/\/universnews224.com\/index.php\/missira-sidibe-la-fille-ainee-de-lex-dg-de-logp-mandian-sidibe-je-suis-inquiete-pour-ma-securite-lettre-ouverte\/#article\",\"isPartOf\":{\"@id\":\"https:\/\/universnews224.com\/index.php\/missira-sidibe-la-fille-ainee-de-lex-dg-de-logp-mandian-sidibe-je-suis-inquiete-pour-ma-securite-lettre-ouverte\/\"},\"author\":{\"name\":\"La R\u00e9daction\",\"@id\":\"https:\/\/universnews224.com\/#\/schema\/person\/a4b7d4f94a4716df60456a491260485e\"},\"headline\":\"Missira Sidib\u00e9, la fille a\u00een\u00e9e de l\u2019ex DG de l\u2019OGP Mandian Sidib\u00e9: \u00ab Je suis inqui\u00e8te pour ma s\u00e9curit\u00e9 \u00bb (Lettre ouverte)\",\"datePublished\":\"2025-01-15T20:33:35+00:00\",\"dateModified\":\"2025-01-15T20:33:35+00:00\",\"mainEntityOfPage\":{\"@id\":\"https:\/\/universnews224.com\/index.php\/missira-sidibe-la-fille-ainee-de-lex-dg-de-logp-mandian-sidibe-je-suis-inquiete-pour-ma-securite-lettre-ouverte\/\"},\"wordCount\":1218,\"publisher\":{\"@id\":\"https:\/\/universnews224.com\/#organization\"},\"keywords\":[\"A la une\"],\"articleSection\":[\"ACTU\",\"SOCI\u00c9T\u00c9\"],\"inLanguage\":\"fr-FR\"},{\"@type\":\"WebPage\",\"@id\":\"https:\/\/universnews224.com\/index.php\/missira-sidibe-la-fille-ainee-de-lex-dg-de-logp-mandian-sidibe-je-suis-inquiete-pour-ma-securite-lettre-ouverte\/\",\"url\":\"https:\/\/universnews224.com\/index.php\/missira-sidibe-la-fille-ainee-de-lex-dg-de-logp-mandian-sidibe-je-suis-inquiete-pour-ma-securite-lettre-ouverte\/\",\"name\":\"Missira Sidib\u00e9, la fille a\u00een\u00e9e de l\u2019ex DG de l\u2019OGP Mandian Sidib\u00e9: \u00ab Je suis inqui\u00e8te pour ma s\u00e9curit\u00e9 \u00bb (Lettre ouverte) - UNIVERSNEWS224\",\"isPartOf\":{\"@id\":\"https:\/\/universnews224.com\/#website\"},\"datePublished\":\"2025-01-15T20:33:35+00:00\",\"dateModified\":\"2025-01-15T20:33:35+00:00\",\"inLanguage\":\"fr-FR\",\"potentialAction\":[{\"@type\":\"ReadAction\",\"target\":[\"https:\/\/universnews224.com\/index.php\/missira-sidibe-la-fille-ainee-de-lex-dg-de-logp-mandian-sidibe-je-suis-inquiete-pour-ma-securite-lettre-ouverte\/\"]}]},{\"@type\":\"WebSite\",\"@id\":\"https:\/\/universnews224.com\/#website\",\"url\":\"https:\/\/universnews224.com\/\",\"name\":\"UNIVERSNEWS224\",\"description\":\"\",\"publisher\":{\"@id\":\"https:\/\/universnews224.com\/#organization\"},\"potentialAction\":[{\"@type\":\"SearchAction\",\"target\":{\"@type\":\"EntryPoint\",\"urlTemplate\":\"https:\/\/universnews224.com\/?s={search_term_string}\"},\"query-input\":\"required name=search_term_string\"}],\"inLanguage\":\"fr-FR\"},{\"@type\":\"Organization\",\"@id\":\"https:\/\/universnews224.com\/#organization\",\"name\":\"UNIVERSNEWS224\",\"url\":\"https:\/\/universnews224.com\/\",\"logo\":{\"@type\":\"ImageObject\",\"inLanguage\":\"fr-FR\",\"@id\":\"https:\/\/universnews224.com\/#\/schema\/logo\/image\/\",\"url\":\"https:\/\/universnews224.com\/wp-content\/uploads\/2022\/08\/cropped-cropped-logoban.jpg\",\"contentUrl\":\"https:\/\/universnews224.com\/wp-content\/uploads\/2022\/08\/cropped-cropped-logoban.jpg\",\"width\":1080,\"height\":138,\"caption\":\"UNIVERSNEWS224\"},\"image\":{\"@id\":\"https:\/\/universnews224.com\/#\/schema\/logo\/image\/\"}},{\"@type\":\"Person\",\"@id\":\"https:\/\/universnews224.com\/#\/schema\/person\/a4b7d4f94a4716df60456a491260485e\",\"name\":\"La R\u00e9daction\",\"image\":{\"@type\":\"ImageObject\",\"inLanguage\":\"fr-FR\",\"@id\":\"https:\/\/universnews224.com\/#\/schema\/person\/image\/\",\"url\":\"https:\/\/secure.gravatar.com\/avatar\/edb90acc7752b23e1b3307ad36c14f0d?s=96&d=mm&r=g\",\"contentUrl\":\"https:\/\/secure.gravatar.com\/avatar\/edb90acc7752b23e1b3307ad36c14f0d?s=96&d=mm&r=g\",\"caption\":\"La R\u00e9daction\"},\"sameAs\":[\"https:\/\/universnews224.com\"],\"url\":\"https:\/\/universnews224.com\/index.php\/author\/m-camara\/\"}]}<\/script>\n<!-- \/ Yoast SEO plugin. -->","yoast_head_json":{"title":"Missira Sidib\u00e9, la fille a\u00een\u00e9e de l\u2019ex DG de l\u2019OGP Mandian Sidib\u00e9: \u00ab Je suis inqui\u00e8te pour ma s\u00e9curit\u00e9 \u00bb (Lettre ouverte) - UNIVERSNEWS224","robots":{"index":"index","follow":"follow","max-snippet":"max-snippet:-1","max-image-preview":"max-image-preview:large","max-video-preview":"max-video-preview:-1"},"canonical":"https:\/\/universnews224.com\/index.php\/missira-sidibe-la-fille-ainee-de-lex-dg-de-logp-mandian-sidibe-je-suis-inquiete-pour-ma-securite-lettre-ouverte\/","og_locale":"fr_FR","og_type":"article","og_title":"Missira Sidib\u00e9, la fille a\u00een\u00e9e de l\u2019ex DG de l\u2019OGP Mandian Sidib\u00e9: \u00ab Je suis inqui\u00e8te pour ma s\u00e9curit\u00e9 \u00bb (Lettre ouverte) - UNIVERSNEWS224","og_description":"Depuis l\u2019incarc\u00e9ration de son p\u00e8re \u00e0 la Maison Centrale de Coronthie, Missira Sidib\u00e9, Ing\u00e9nieure Informaticienne,","og_url":"https:\/\/universnews224.com\/index.php\/missira-sidibe-la-fille-ainee-de-lex-dg-de-logp-mandian-sidibe-je-suis-inquiete-pour-ma-securite-lettre-ouverte\/","og_site_name":"UNIVERSNEWS224","article_published_time":"2025-01-15T20:33:35+00:00","og_image":[{"width":700,"height":375,"url":"https:\/\/universnews224.com\/wp-content\/uploads\/2025\/01\/Fille-de-Mandian-Sidibe.jpg","type":"image\/jpeg"}],"author":"La R\u00e9daction","twitter_misc":{"\u00c9crit par":"La R\u00e9daction","Dur\u00e9e de lecture estim\u00e9e":"6 minutes"},"schema":{"@context":"https:\/\/schema.org","@graph":[{"@type":"Article","@id":"https:\/\/universnews224.com\/index.php\/missira-sidibe-la-fille-ainee-de-lex-dg-de-logp-mandian-sidibe-je-suis-inquiete-pour-ma-securite-lettre-ouverte\/#article","isPartOf":{"@id":"https:\/\/universnews224.com\/index.php\/missira-sidibe-la-fille-ainee-de-lex-dg-de-logp-mandian-sidibe-je-suis-inquiete-pour-ma-securite-lettre-ouverte\/"},"author":{"name":"La R\u00e9daction","@id":"https:\/\/universnews224.com\/#\/schema\/person\/a4b7d4f94a4716df60456a491260485e"},"headline":"Missira Sidib\u00e9, la fille a\u00een\u00e9e de l\u2019ex DG de l\u2019OGP Mandian Sidib\u00e9: \u00ab Je suis inqui\u00e8te pour ma s\u00e9curit\u00e9 \u00bb (Lettre ouverte)","datePublished":"2025-01-15T20:33:35+00:00","dateModified":"2025-01-15T20:33:35+00:00","mainEntityOfPage":{"@id":"https:\/\/universnews224.com\/index.php\/missira-sidibe-la-fille-ainee-de-lex-dg-de-logp-mandian-sidibe-je-suis-inquiete-pour-ma-securite-lettre-ouverte\/"},"wordCount":1218,"publisher":{"@id":"https:\/\/universnews224.com\/#organization"},"keywords":["A la une"],"articleSection":["ACTU","SOCI\u00c9T\u00c9"],"inLanguage":"fr-FR"},{"@type":"WebPage","@id":"https:\/\/universnews224.com\/index.php\/missira-sidibe-la-fille-ainee-de-lex-dg-de-logp-mandian-sidibe-je-suis-inquiete-pour-ma-securite-lettre-ouverte\/","url":"https:\/\/universnews224.com\/index.php\/missira-sidibe-la-fille-ainee-de-lex-dg-de-logp-mandian-sidibe-je-suis-inquiete-pour-ma-securite-lettre-ouverte\/","name":"Missira Sidib\u00e9, la fille a\u00een\u00e9e de l\u2019ex DG de l\u2019OGP Mandian Sidib\u00e9: \u00ab Je suis inqui\u00e8te pour ma s\u00e9curit\u00e9 \u00bb (Lettre ouverte) - UNIVERSNEWS224","isPartOf":{"@id":"https:\/\/universnews224.com\/#website"},"datePublished":"2025-01-15T20:33:35+00:00","dateModified":"2025-01-15T20:33:35+00:00","inLanguage":"fr-FR","potentialAction":[{"@type":"ReadAction","target":["https:\/\/universnews224.com\/index.php\/missira-sidibe-la-fille-ainee-de-lex-dg-de-logp-mandian-sidibe-je-suis-inquiete-pour-ma-securite-lettre-ouverte\/"]}]},{"@type":"WebSite","@id":"https:\/\/universnews224.com\/#website","url":"https:\/\/universnews224.com\/","name":"UNIVERSNEWS224","description":"","publisher":{"@id":"https:\/\/universnews224.com\/#organization"},"potentialAction":[{"@type":"SearchAction","target":{"@type":"EntryPoint","urlTemplate":"https:\/\/universnews224.com\/?s={search_term_string}"},"query-input":"required name=search_term_string"}],"inLanguage":"fr-FR"},{"@type":"Organization","@id":"https:\/\/universnews224.com\/#organization","name":"UNIVERSNEWS224","url":"https:\/\/universnews224.com\/","logo":{"@type":"ImageObject","inLanguage":"fr-FR","@id":"https:\/\/universnews224.com\/#\/schema\/logo\/image\/","url":"https:\/\/universnews224.com\/wp-content\/uploads\/2022\/08\/cropped-cropped-logoban.jpg","contentUrl":"https:\/\/universnews224.com\/wp-content\/uploads\/2022\/08\/cropped-cropped-logoban.jpg","width":1080,"height":138,"caption":"UNIVERSNEWS224"},"image":{"@id":"https:\/\/universnews224.com\/#\/schema\/logo\/image\/"}},{"@type":"Person","@id":"https:\/\/universnews224.com\/#\/schema\/person\/a4b7d4f94a4716df60456a491260485e","name":"La R\u00e9daction","image":{"@type":"ImageObject","inLanguage":"fr-FR","@id":"https:\/\/universnews224.com\/#\/schema\/person\/image\/","url":"https:\/\/secure.gravatar.com\/avatar\/edb90acc7752b23e1b3307ad36c14f0d?s=96&d=mm&r=g","contentUrl":"https:\/\/secure.gravatar.com\/avatar\/edb90acc7752b23e1b3307ad36c14f0d?s=96&d=mm&r=g","caption":"La R\u00e9daction"},"sameAs":["https:\/\/universnews224.com"],"url":"https:\/\/universnews224.com\/index.php\/author\/m-camara\/"}]}},"_links":{"self":[{"href":"https:\/\/universnews224.com\/index.php\/wp-json\/wp\/v2\/posts\/7339"}],"collection":[{"href":"https:\/\/universnews224.com\/index.php\/wp-json\/wp\/v2\/posts"}],"about":[{"href":"https:\/\/universnews224.com\/index.php\/wp-json\/wp\/v2\/types\/post"}],"author":[{"embeddable":true,"href":"https:\/\/universnews224.com\/index.php\/wp-json\/wp\/v2\/users\/2"}],"replies":[{"embeddable":true,"href":"https:\/\/universnews224.com\/index.php\/wp-json\/wp\/v2\/comments?post=7339"}],"version-history":[{"count":1,"href":"https:\/\/universnews224.com\/index.php\/wp-json\/wp\/v2\/posts\/7339\/revisions"}],"predecessor-version":[{"id":7341,"href":"https:\/\/universnews224.com\/index.php\/wp-json\/wp\/v2\/posts\/7339\/revisions\/7341"}],"wp:featuredmedia":[{"embeddable":true,"href":"https:\/\/universnews224.com\/index.php\/wp-json\/wp\/v2\/media\/7340"}],"wp:attachment":[{"href":"https:\/\/universnews224.com\/index.php\/wp-json\/wp\/v2\/media?parent=7339"}],"wp:term":[{"taxonomy":"category","embeddable":true,"href":"https:\/\/universnews224.com\/index.php\/wp-json\/wp\/v2\/categories?post=7339"},{"taxonomy":"post_tag","embeddable":true,"href":"https:\/\/universnews224.com\/index.php\/wp-json\/wp\/v2\/tags?post=7339"}],"curies":[{"name":"wp","href":"https:\/\/api.w.org\/{rel}","templated":true}]}}