{"id":7345,"date":"2025-01-16T23:28:16","date_gmt":"2025-01-16T22:28:16","guid":{"rendered":"https:\/\/universnews224.com\/?p=7345"},"modified":"2025-01-17T12:37:29","modified_gmt":"2025-01-17T11:37:29","slug":"souleymane-souza-konate-nous-ne-pouvons-pas-la-paix-lorsque-vous-continuez-a-institutionnaliser-linjustice","status":"publish","type":"post","link":"https:\/\/universnews224.com\/index.php\/souleymane-souza-konate-nous-ne-pouvons-pas-la-paix-lorsque-vous-continuez-a-institutionnaliser-linjustice\/","title":{"rendered":"Souleymane Souza Konat\u00e9: \u201cNous ne pouvons construire pas\u00a0 la paix , lorsque vous continuez \u00e0 institutionnaliser l&rsquo;injustice\u00a0\u00bb.\u00a0"},"content":{"rendered":"<p><span style=\"font-weight: 400\">Le pr\u00e9sident de la Commission de Communication de l&rsquo;ANAD et Conseiller en communication de Cellou Dalein Diallo s&rsquo;est prononc\u00e9 ce jeudi, 16 janvier 2025 sur l&rsquo;arrestation et la mise en mandat de d\u00e9p\u00f4t de certains responsables de l&rsquo;UFDG, \u00e0 la veille de la manifestation du 6 janvier dernier.\u00a0<\/span><\/p>\n<p><span style=\"font-weight: 400\">Alors que ces responsables du parti dirig\u00e9 par Cellou Dalein Diallo ne savent toujours pas les raisons de leur incarc\u00e9ration \u00e0 la maison centrale, Souleymane Souza Konat\u00e9 a dress\u00e9 un sombre de la justice guin\u00e9enne.\u00a0<\/span><\/p>\n<p><span style=\"font-weight: 400\">Selon lui, la justice guin\u00e9enne est devenue un outil au service de l&rsquo;ex\u00e9cutif pour faire taire toutes les voix dissonantes.\u00a0<\/span><\/p>\n<p><span style=\"font-weight: 400\">\u201cChaque fois que je parle de la justice de notre pays, je parle avec beaucoup d&rsquo;amertume. Parce que notre appareil judiciaire est devenu un outil au service de l&rsquo;ex\u00e9cutif pour faire taire toutes les voix dissonantes. L\u00e0 o\u00f9 la justice devrait \u00eatre la solution c&rsquo;est l\u00e0 o\u00f9 elle est devenu v\u00e9ritable probl\u00e8me. Les gens ont \u00e9t\u00e9 arr\u00eat\u00e9s \u00e0 la veille de la manifestation, on ne sait pas ce qu&rsquo;on les repproche et puis ils ont pass\u00e9 3 jours \u00e0 la gendarmerie et apr\u00e8s le troisi\u00e8me jours, ils sont pass\u00e9s automatiquement sous mandat de d\u00e9p\u00f4t par le procureur du TPI de Dixinn qui dit qu&rsquo;il ouvre une information judiciaire. Et jusqu&rsquo;\u00e0 date nous ne savons pas, les gens sont d\u00e9tenus \u00e0 la maison centrale. Nous ne pouvons pas construire la paix, nous ne pouvons pas construire l&rsquo;unit\u00e9 nationale, nous ne pouvons r\u00e9concilier les guin\u00e9ens, lorsque vous continuez \u00e0 institutionnaliser l&rsquo;injustice. Notre appareil judiciaire doit se r\u00e9veiller. Partout o\u00f9 il y a eu des probl\u00e8mes, c&rsquo;est parce que la justice n&rsquo;a \u00e9t\u00e9 au rendez-vous. Ceux qui se sont engag\u00e9s le 5 septembre que la justice allait la boussole pour orienter les actions de la transition, aujourd&rsquo;hui doivent baisser la t\u00eate parce que notre appareil judiciaire est devenu le mal pour le peuple de Guin\u00e9e\u201d, a t-il d\u00e9nonc\u00e9 sur les antenne de la radio Nostalgie Guin\u00e9e dans l&rsquo;\u00e9mission Africa2015.<\/span><\/p>\n<p>&nbsp;<\/p>\n<p>&nbsp;<\/p>\n","protected":false},"excerpt":{"rendered":"<p>Le pr\u00e9sident de la Commission de Communication de l&rsquo;ANAD et Conseiller en communication de Cellou<\/p>\n","protected":false},"author":2,"featured_media":6937,"comment_status":"closed","ping_status":"open","sticky":false,"template":"","format":"standard","meta":[],"categories":[3,4],"tags":[237],"yoast_head":"<!-- This site is optimized with the Yoast SEO plugin v19.13 - https:\/\/yoast.com\/wordpress\/plugins\/seo\/ -->\n<title>Souleymane Souza Konat\u00e9: \u201cNous ne pouvons construire pas\u00a0 la paix , lorsque vous continuez \u00e0 institutionnaliser l&#039;injustice&quot;.\u00a0 - UNIVERSNEWS224<\/title>\n<meta name=\"robots\" content=\"index, follow, max-snippet:-1, max-image-preview:large, max-video-preview:-1\" \/>\n<link rel=\"canonical\" href=\"https:\/\/universnews224.com\/index.php\/souleymane-souza-konate-nous-ne-pouvons-pas-la-paix-lorsque-vous-continuez-a-institutionnaliser-linjustice\/\" \/>\n<meta property=\"og:locale\" content=\"fr_FR\" \/>\n<meta property=\"og:type\" content=\"article\" \/>\n<meta property=\"og:title\" content=\"Souleymane Souza Konat\u00e9: \u201cNous ne pouvons construire pas\u00a0 la paix , lorsque vous continuez \u00e0 institutionnaliser l&#039;injustice&quot;.\u00a0 - UNIVERSNEWS224\" \/>\n<meta property=\"og:description\" content=\"Le pr\u00e9sident de la Commission de Communication de l&rsquo;ANAD et Conseiller en communication de Cellou\" \/>\n<meta property=\"og:url\" content=\"https:\/\/universnews224.com\/index.php\/souleymane-souza-konate-nous-ne-pouvons-pas-la-paix-lorsque-vous-continuez-a-institutionnaliser-linjustice\/\" \/>\n<meta property=\"og:site_name\" content=\"UNIVERSNEWS224\" \/>\n<meta property=\"article:published_time\" content=\"2025-01-16T22:28:16+00:00\" \/>\n<meta property=\"article:modified_time\" content=\"2025-01-17T11:37:29+00:00\" \/>\n<meta property=\"og:image\" content=\"https:\/\/universnews224.com\/wp-content\/uploads\/2024\/11\/SOULEYMANE-SOUZA-KONATE20241107_191136.jpg\" \/>\n\t<meta property=\"og:image:width\" content=\"750\" \/>\n\t<meta property=\"og:image:height\" content=\"375\" \/>\n\t<meta property=\"og:image:type\" content=\"image\/jpeg\" \/>\n<meta name=\"author\" content=\"La R\u00e9daction\" \/>\n<meta name=\"twitter:label1\" content=\"\u00c9crit par\" \/>\n\t<meta name=\"twitter:data1\" content=\"La R\u00e9daction\" \/>\n\t<meta name=\"twitter:label2\" content=\"Dur\u00e9e de lecture estim\u00e9e\" \/>\n\t<meta name=\"twitter:data2\" content=\"2 minutes\" \/>\n<script type=\"application\/ld+json\" class=\"yoast-schema-graph\">{\"@context\":\"https:\/\/schema.org\",\"@graph\":[{\"@type\":\"Article\",\"@id\":\"https:\/\/universnews224.com\/index.php\/souleymane-souza-konate-nous-ne-pouvons-pas-la-paix-lorsque-vous-continuez-a-institutionnaliser-linjustice\/#article\",\"isPartOf\":{\"@id\":\"https:\/\/universnews224.com\/index.php\/souleymane-souza-konate-nous-ne-pouvons-pas-la-paix-lorsque-vous-continuez-a-institutionnaliser-linjustice\/\"},\"author\":{\"name\":\"La R\u00e9daction\",\"@id\":\"https:\/\/universnews224.com\/#\/schema\/person\/a4b7d4f94a4716df60456a491260485e\"},\"headline\":\"Souleymane Souza Konat\u00e9: \u201cNous ne pouvons construire pas\u00a0 la paix , lorsque vous continuez \u00e0 institutionnaliser l&rsquo;injustice\u00a0\u00bb.\u00a0\",\"datePublished\":\"2025-01-16T22:28:16+00:00\",\"dateModified\":\"2025-01-17T11:37:29+00:00\",\"mainEntityOfPage\":{\"@id\":\"https:\/\/universnews224.com\/index.php\/souleymane-souza-konate-nous-ne-pouvons-pas-la-paix-lorsque-vous-continuez-a-institutionnaliser-linjustice\/\"},\"wordCount\":363,\"publisher\":{\"@id\":\"https:\/\/universnews224.com\/#organization\"},\"keywords\":[\"A la une\"],\"articleSection\":[\"ACTU\",\"POLITIQUE\"],\"inLanguage\":\"fr-FR\"},{\"@type\":\"WebPage\",\"@id\":\"https:\/\/universnews224.com\/index.php\/souleymane-souza-konate-nous-ne-pouvons-pas-la-paix-lorsque-vous-continuez-a-institutionnaliser-linjustice\/\",\"url\":\"https:\/\/universnews224.com\/index.php\/souleymane-souza-konate-nous-ne-pouvons-pas-la-paix-lorsque-vous-continuez-a-institutionnaliser-linjustice\/\",\"name\":\"Souleymane Souza Konat\u00e9: \u201cNous ne pouvons construire pas\u00a0 la paix , lorsque vous continuez \u00e0 institutionnaliser l'injustice\\\".\u00a0 - UNIVERSNEWS224\",\"isPartOf\":{\"@id\":\"https:\/\/universnews224.com\/#website\"},\"datePublished\":\"2025-01-16T22:28:16+00:00\",\"dateModified\":\"2025-01-17T11:37:29+00:00\",\"inLanguage\":\"fr-FR\",\"potentialAction\":[{\"@type\":\"ReadAction\",\"target\":[\"https:\/\/universnews224.com\/index.php\/souleymane-souza-konate-nous-ne-pouvons-pas-la-paix-lorsque-vous-continuez-a-institutionnaliser-linjustice\/\"]}]},{\"@type\":\"WebSite\",\"@id\":\"https:\/\/universnews224.com\/#website\",\"url\":\"https:\/\/universnews224.com\/\",\"name\":\"UNIVERSNEWS224\",\"description\":\"\",\"publisher\":{\"@id\":\"https:\/\/universnews224.com\/#organization\"},\"potentialAction\":[{\"@type\":\"SearchAction\",\"target\":{\"@type\":\"EntryPoint\",\"urlTemplate\":\"https:\/\/universnews224.com\/?s={search_term_string}\"},\"query-input\":\"required name=search_term_string\"}],\"inLanguage\":\"fr-FR\"},{\"@type\":\"Organization\",\"@id\":\"https:\/\/universnews224.com\/#organization\",\"name\":\"UNIVERSNEWS224\",\"url\":\"https:\/\/universnews224.com\/\",\"logo\":{\"@type\":\"ImageObject\",\"inLanguage\":\"fr-FR\",\"@id\":\"https:\/\/universnews224.com\/#\/schema\/logo\/image\/\",\"url\":\"https:\/\/universnews224.com\/wp-content\/uploads\/2022\/08\/cropped-cropped-logoban.jpg\",\"contentUrl\":\"https:\/\/universnews224.com\/wp-content\/uploads\/2022\/08\/cropped-cropped-logoban.jpg\",\"width\":1080,\"height\":138,\"caption\":\"UNIVERSNEWS224\"},\"image\":{\"@id\":\"https:\/\/universnews224.com\/#\/schema\/logo\/image\/\"}},{\"@type\":\"Person\",\"@id\":\"https:\/\/universnews224.com\/#\/schema\/person\/a4b7d4f94a4716df60456a491260485e\",\"name\":\"La R\u00e9daction\",\"image\":{\"@type\":\"ImageObject\",\"inLanguage\":\"fr-FR\",\"@id\":\"https:\/\/universnews224.com\/#\/schema\/person\/image\/\",\"url\":\"https:\/\/secure.gravatar.com\/avatar\/edb90acc7752b23e1b3307ad36c14f0d?s=96&d=mm&r=g\",\"contentUrl\":\"https:\/\/secure.gravatar.com\/avatar\/edb90acc7752b23e1b3307ad36c14f0d?s=96&d=mm&r=g\",\"caption\":\"La R\u00e9daction\"},\"sameAs\":[\"https:\/\/universnews224.com\"],\"url\":\"https:\/\/universnews224.com\/index.php\/author\/m-camara\/\"}]}<\/script>\n<!-- \/ Yoast SEO plugin. -->","yoast_head_json":{"title":"Souleymane Souza Konat\u00e9: \u201cNous ne pouvons construire pas\u00a0 la paix , lorsque vous continuez \u00e0 institutionnaliser l'injustice\".\u00a0 - UNIVERSNEWS224","robots":{"index":"index","follow":"follow","max-snippet":"max-snippet:-1","max-image-preview":"max-image-preview:large","max-video-preview":"max-video-preview:-1"},"canonical":"https:\/\/universnews224.com\/index.php\/souleymane-souza-konate-nous-ne-pouvons-pas-la-paix-lorsque-vous-continuez-a-institutionnaliser-linjustice\/","og_locale":"fr_FR","og_type":"article","og_title":"Souleymane Souza Konat\u00e9: \u201cNous ne pouvons construire pas\u00a0 la paix , lorsque vous continuez \u00e0 institutionnaliser l'injustice\".\u00a0 - UNIVERSNEWS224","og_description":"Le pr\u00e9sident de la Commission de Communication de l&rsquo;ANAD et Conseiller en communication de Cellou","og_url":"https:\/\/universnews224.com\/index.php\/souleymane-souza-konate-nous-ne-pouvons-pas-la-paix-lorsque-vous-continuez-a-institutionnaliser-linjustice\/","og_site_name":"UNIVERSNEWS224","article_published_time":"2025-01-16T22:28:16+00:00","article_modified_time":"2025-01-17T11:37:29+00:00","og_image":[{"width":750,"height":375,"url":"https:\/\/universnews224.com\/wp-content\/uploads\/2024\/11\/SOULEYMANE-SOUZA-KONATE20241107_191136.jpg","type":"image\/jpeg"}],"author":"La R\u00e9daction","twitter_misc":{"\u00c9crit par":"La R\u00e9daction","Dur\u00e9e de lecture estim\u00e9e":"2 minutes"},"schema":{"@context":"https:\/\/schema.org","@graph":[{"@type":"Article","@id":"https:\/\/universnews224.com\/index.php\/souleymane-souza-konate-nous-ne-pouvons-pas-la-paix-lorsque-vous-continuez-a-institutionnaliser-linjustice\/#article","isPartOf":{"@id":"https:\/\/universnews224.com\/index.php\/souleymane-souza-konate-nous-ne-pouvons-pas-la-paix-lorsque-vous-continuez-a-institutionnaliser-linjustice\/"},"author":{"name":"La R\u00e9daction","@id":"https:\/\/universnews224.com\/#\/schema\/person\/a4b7d4f94a4716df60456a491260485e"},"headline":"Souleymane Souza Konat\u00e9: \u201cNous ne pouvons construire pas\u00a0 la paix , lorsque vous continuez \u00e0 institutionnaliser l&rsquo;injustice\u00a0\u00bb.\u00a0","datePublished":"2025-01-16T22:28:16+00:00","dateModified":"2025-01-17T11:37:29+00:00","mainEntityOfPage":{"@id":"https:\/\/universnews224.com\/index.php\/souleymane-souza-konate-nous-ne-pouvons-pas-la-paix-lorsque-vous-continuez-a-institutionnaliser-linjustice\/"},"wordCount":363,"publisher":{"@id":"https:\/\/universnews224.com\/#organization"},"keywords":["A la une"],"articleSection":["ACTU","POLITIQUE"],"inLanguage":"fr-FR"},{"@type":"WebPage","@id":"https:\/\/universnews224.com\/index.php\/souleymane-souza-konate-nous-ne-pouvons-pas-la-paix-lorsque-vous-continuez-a-institutionnaliser-linjustice\/","url":"https:\/\/universnews224.com\/index.php\/souleymane-souza-konate-nous-ne-pouvons-pas-la-paix-lorsque-vous-continuez-a-institutionnaliser-linjustice\/","name":"Souleymane Souza Konat\u00e9: \u201cNous ne pouvons construire pas\u00a0 la paix , lorsque vous continuez \u00e0 institutionnaliser l'injustice\".\u00a0 - UNIVERSNEWS224","isPartOf":{"@id":"https:\/\/universnews224.com\/#website"},"datePublished":"2025-01-16T22:28:16+00:00","dateModified":"2025-01-17T11:37:29+00:00","inLanguage":"fr-FR","potentialAction":[{"@type":"ReadAction","target":["https:\/\/universnews224.com\/index.php\/souleymane-souza-konate-nous-ne-pouvons-pas-la-paix-lorsque-vous-continuez-a-institutionnaliser-linjustice\/"]}]},{"@type":"WebSite","@id":"https:\/\/universnews224.com\/#website","url":"https:\/\/universnews224.com\/","name":"UNIVERSNEWS224","description":"","publisher":{"@id":"https:\/\/universnews224.com\/#organization"},"potentialAction":[{"@type":"SearchAction","target":{"@type":"EntryPoint","urlTemplate":"https:\/\/universnews224.com\/?s={search_term_string}"},"query-input":"required name=search_term_string"}],"inLanguage":"fr-FR"},{"@type":"Organization","@id":"https:\/\/universnews224.com\/#organization","name":"UNIVERSNEWS224","url":"https:\/\/universnews224.com\/","logo":{"@type":"ImageObject","inLanguage":"fr-FR","@id":"https:\/\/universnews224.com\/#\/schema\/logo\/image\/","url":"https:\/\/universnews224.com\/wp-content\/uploads\/2022\/08\/cropped-cropped-logoban.jpg","contentUrl":"https:\/\/universnews224.com\/wp-content\/uploads\/2022\/08\/cropped-cropped-logoban.jpg","width":1080,"height":138,"caption":"UNIVERSNEWS224"},"image":{"@id":"https:\/\/universnews224.com\/#\/schema\/logo\/image\/"}},{"@type":"Person","@id":"https:\/\/universnews224.com\/#\/schema\/person\/a4b7d4f94a4716df60456a491260485e","name":"La R\u00e9daction","image":{"@type":"ImageObject","inLanguage":"fr-FR","@id":"https:\/\/universnews224.com\/#\/schema\/person\/image\/","url":"https:\/\/secure.gravatar.com\/avatar\/edb90acc7752b23e1b3307ad36c14f0d?s=96&d=mm&r=g","contentUrl":"https:\/\/secure.gravatar.com\/avatar\/edb90acc7752b23e1b3307ad36c14f0d?s=96&d=mm&r=g","caption":"La R\u00e9daction"},"sameAs":["https:\/\/universnews224.com"],"url":"https:\/\/universnews224.com\/index.php\/author\/m-camara\/"}]}},"_links":{"self":[{"href":"https:\/\/universnews224.com\/index.php\/wp-json\/wp\/v2\/posts\/7345"}],"collection":[{"href":"https:\/\/universnews224.com\/index.php\/wp-json\/wp\/v2\/posts"}],"about":[{"href":"https:\/\/universnews224.com\/index.php\/wp-json\/wp\/v2\/types\/post"}],"author":[{"embeddable":true,"href":"https:\/\/universnews224.com\/index.php\/wp-json\/wp\/v2\/users\/2"}],"replies":[{"embeddable":true,"href":"https:\/\/universnews224.com\/index.php\/wp-json\/wp\/v2\/comments?post=7345"}],"version-history":[{"count":3,"href":"https:\/\/universnews224.com\/index.php\/wp-json\/wp\/v2\/posts\/7345\/revisions"}],"predecessor-version":[{"id":7350,"href":"https:\/\/universnews224.com\/index.php\/wp-json\/wp\/v2\/posts\/7345\/revisions\/7350"}],"wp:featuredmedia":[{"embeddable":true,"href":"https:\/\/universnews224.com\/index.php\/wp-json\/wp\/v2\/media\/6937"}],"wp:attachment":[{"href":"https:\/\/universnews224.com\/index.php\/wp-json\/wp\/v2\/media?parent=7345"}],"wp:term":[{"taxonomy":"category","embeddable":true,"href":"https:\/\/universnews224.com\/index.php\/wp-json\/wp\/v2\/categories?post=7345"},{"taxonomy":"post_tag","embeddable":true,"href":"https:\/\/universnews224.com\/index.php\/wp-json\/wp\/v2\/tags?post=7345"}],"curies":[{"name":"wp","href":"https:\/\/api.w.org\/{rel}","templated":true}]}}