{"id":7366,"date":"2025-01-20T15:50:21","date_gmt":"2025-01-20T14:50:21","guid":{"rendered":"https:\/\/universnews224.com\/?p=7366"},"modified":"2025-01-20T15:50:21","modified_gmt":"2025-01-20T14:50:21","slug":"ag-la-coordination-nationale-de-bemakissi-mobilise-la-communaute-et-met-un-bureau-executif-a-conakry","status":"publish","type":"post","link":"https:\/\/universnews224.com\/index.php\/ag-la-coordination-nationale-de-bemakissi-mobilise-la-communaute-et-met-un-bureau-executif-a-conakry\/","title":{"rendered":"AG : la Coordination Nationale de B\u00e8makissi mobilise la communaut\u00e9 et met un bureau ex\u00e9cutif \u00e0 Conakry."},"content":{"rendered":"<p><span style=\"font-weight: 400\">D\u00e9puis la mise en place du nouveau bureau ex\u00e9cutif de la Coordination Nationale de B\u00eamakissi, le 14 octobre 2023 dernier, les nouveaux membres de cette communaut\u00e9 voit le jour \u00e0 travers une assembl\u00e9e extraordinaire organis\u00e9 ce Dimanche 19 janvier 2025, sur le grand\u00a0 terrain de Sanoyah Textile de la m\u00eame commune.\u00a0\u00a0<\/span><\/p>\n<p><a href=\"https:\/\/universnews224.com\/wp-content\/uploads\/2025\/01\/IMG-20250119-WA0007.jpg\"><img loading=\"lazy\" class=\"alignnone size-medium wp-image-7371\" src=\"https:\/\/universnews224.com\/wp-content\/uploads\/2025\/01\/IMG-20250119-WA0007-300x169.jpg\" alt=\"\" width=\"300\" height=\"169\" srcset=\"https:\/\/universnews224.com\/wp-content\/uploads\/2025\/01\/IMG-20250119-WA0007-300x169.jpg 300w, https:\/\/universnews224.com\/wp-content\/uploads\/2025\/01\/IMG-20250119-WA0007-1024x576.jpg 1024w, https:\/\/universnews224.com\/wp-content\/uploads\/2025\/01\/IMG-20250119-WA0007-768x432.jpg 768w, https:\/\/universnews224.com\/wp-content\/uploads\/2025\/01\/IMG-20250119-WA0007-800x450.jpg 800w, https:\/\/universnews224.com\/wp-content\/uploads\/2025\/01\/IMG-20250119-WA0007.jpg 1032w\" sizes=\"(max-width: 300px) 100vw, 300px\" \/><\/a><\/p>\n<p><span style=\"font-weight: 400\">En pr\u00e9sence de Mme la 1\u00e8re vice pr\u00e9sidente du CNT Ma\u00efmouna Yombouno,\u00a0 le ministre Faya Fran\u00e7ois Bourouno, le ministre Beno\u00eet Kamano et Mme la directrice nationale des PME Sia KanioTolno.<a href=\"https:\/\/universnews224.com\/wp-content\/uploads\/2025\/01\/IMG-20250119-WA0008.jpg\"><img loading=\"lazy\" class=\"alignnone size-medium wp-image-7367\" src=\"https:\/\/universnews224.com\/wp-content\/uploads\/2025\/01\/IMG-20250119-WA0008-300x169.jpg\" alt=\"\" width=\"300\" height=\"169\" srcset=\"https:\/\/universnews224.com\/wp-content\/uploads\/2025\/01\/IMG-20250119-WA0008-300x169.jpg 300w, https:\/\/universnews224.com\/wp-content\/uploads\/2025\/01\/IMG-20250119-WA0008-1024x576.jpg 1024w, https:\/\/universnews224.com\/wp-content\/uploads\/2025\/01\/IMG-20250119-WA0008-768x432.jpg 768w, https:\/\/universnews224.com\/wp-content\/uploads\/2025\/01\/IMG-20250119-WA0008-800x450.jpg 800w, https:\/\/universnews224.com\/wp-content\/uploads\/2025\/01\/IMG-20250119-WA0008.jpg 1032w\" sizes=\"(max-width: 300px) 100vw, 300px\" \/><\/a><\/span><\/p>\n<p><span style=\"font-weight: 400\">\u00a0<\/span><span style=\"font-weight: 400\">Devant des militants massivement venus des diff\u00e9rentes f\u00e9d\u00e9rations du pays, notamment de Kindia, Fria, Boffa, Coyah, Kassognah, Dubreka, Lib\u00e9ria, Sierra L\u00e9one et des communes de Conakry, tous derri\u00e8re un slogan\u00a0 \u00a0\u00bb La solidarit\u00e9 communautaire au service de la paix et du d\u00e9veloppement \u00ab\u00a0. Le charg\u00e9 de communication de cette coordination M. Ibrahima Ouendeno tr\u00e8s satisfait de l&rsquo;organisation parle de l&rsquo;objectif. <a href=\"https:\/\/universnews224.com\/wp-content\/uploads\/2025\/01\/IMG-20250119-WA0008.jpg\"><img loading=\"lazy\" class=\"alignnone size-medium wp-image-7367\" src=\"https:\/\/universnews224.com\/wp-content\/uploads\/2025\/01\/IMG-20250119-WA0008-300x169.jpg\" alt=\"\" width=\"300\" height=\"169\" srcset=\"https:\/\/universnews224.com\/wp-content\/uploads\/2025\/01\/IMG-20250119-WA0008-300x169.jpg 300w, https:\/\/universnews224.com\/wp-content\/uploads\/2025\/01\/IMG-20250119-WA0008-1024x576.jpg 1024w, https:\/\/universnews224.com\/wp-content\/uploads\/2025\/01\/IMG-20250119-WA0008-768x432.jpg 768w, https:\/\/universnews224.com\/wp-content\/uploads\/2025\/01\/IMG-20250119-WA0008-800x450.jpg 800w, https:\/\/universnews224.com\/wp-content\/uploads\/2025\/01\/IMG-20250119-WA0008.jpg 1032w\" sizes=\"(max-width: 300px) 100vw, 300px\" \/><\/a><\/span><\/p>\n<p><span style=\"font-weight: 400\">\u00ab La pr\u00e9sente c\u00e9r\u00e9monie, d\u00e9di\u00e9e \u00e0 la pr\u00e9sentation et \u00e0 la validation des organismes int\u00e9gr\u00e9s de B\u00eamakissi, marque le d\u00e9but d&rsquo;une \u00e8re de renouveau de la communaut\u00e9. Ce qui voudrait dire que les filles et fils de B\u00eamakissi ont fait un sursaut de conscience pour c\u00e9l\u00e9brer I&rsquo;union entre eux, gage de tout d\u00e9veloppement \u00e0 la base. Tout en pr\u00e9cisant que cet \u00e9v\u00e9nement est purement social, B\u00eamakissi \u00e0 travers ses fils et filles envisage un d\u00e9sir ardent qui consiste \u00e0 apporter sa contribution significative \u00e0 l&rsquo;\u00e9difice national dans les questions de l&rsquo;\u00e9ducation, de sant\u00e9, de coh\u00e9sion sociale, de s\u00e9curit\u00e9, de promotion de la paix, de transmission et de pr\u00e9servation des valeurs culturelles qui concourent au d\u00e9veloppement de la communaut\u00e9 de B\u00eamakissi \u00bb, a-t-il soulign\u00e9. <a href=\"https:\/\/universnews224.com\/wp-content\/uploads\/2025\/01\/IMG-20250119-WA0009.jpg\"><img loading=\"lazy\" class=\"alignnone size-medium wp-image-7370\" src=\"https:\/\/universnews224.com\/wp-content\/uploads\/2025\/01\/IMG-20250119-WA0009-300x123.jpg\" alt=\"\" width=\"300\" height=\"123\" srcset=\"https:\/\/universnews224.com\/wp-content\/uploads\/2025\/01\/IMG-20250119-WA0009-300x123.jpg 300w, https:\/\/universnews224.com\/wp-content\/uploads\/2025\/01\/IMG-20250119-WA0009-1024x419.jpg 1024w, https:\/\/universnews224.com\/wp-content\/uploads\/2025\/01\/IMG-20250119-WA0009-768x314.jpg 768w, https:\/\/universnews224.com\/wp-content\/uploads\/2025\/01\/IMG-20250119-WA0009.jpg 1032w\" sizes=\"(max-width: 300px) 100vw, 300px\" \/><\/a><\/span><\/p>\n<p>&nbsp;<\/p>\n<p><span style=\"font-weight: 400\">Pour sa part,\u00a0 Mme la Directrice Nationale des PME et du Contenu Local Sia Kanio Tolno, marraine de cette c\u00e9r\u00e9monie, demande \u00e0 ces fr\u00e8res de se donner la main pour cultiver la paix et la solidarit\u00e9 dans la communaut\u00e9. <a href=\"https:\/\/universnews224.com\/wp-content\/uploads\/2025\/01\/IMG-20250119-WA0006.jpg\"><img loading=\"lazy\" class=\"alignnone size-medium wp-image-7368\" src=\"https:\/\/universnews224.com\/wp-content\/uploads\/2025\/01\/IMG-20250119-WA0006-300x200.jpg\" alt=\"\" width=\"300\" height=\"200\" srcset=\"https:\/\/universnews224.com\/wp-content\/uploads\/2025\/01\/IMG-20250119-WA0006-300x200.jpg 300w, https:\/\/universnews224.com\/wp-content\/uploads\/2025\/01\/IMG-20250119-WA0006-1024x682.jpg 1024w, https:\/\/universnews224.com\/wp-content\/uploads\/2025\/01\/IMG-20250119-WA0006-768x511.jpg 768w, https:\/\/universnews224.com\/wp-content\/uploads\/2025\/01\/IMG-20250119-WA0006.jpg 1080w\" sizes=\"(max-width: 300px) 100vw, 300px\" \/><\/a><\/span><\/p>\n<p><span style=\"font-weight: 400\">\u00abB\u00e8maKissi \u00e9tant la structure f\u00eati\u00e8re de notre communaut\u00e9 Kissia qui regroupe en son sein ses filles et fils avec pour id\u00e9al commun la promotion des valeurs communautaires, l&rsquo;\u00e9panouissement de la jeunesse et le d\u00e9veloppement socio-\u00e9conomique de l&rsquo;espace Kissi qui est constitu\u00e9 de la Guin\u00e9e, la Sierra Leone et le Liberia. La communaut\u00e9 Kisia est class\u00e9e comme la troisi\u00e8me force politique en R\u00e9publique de Guin\u00e9e, selon les derni\u00e8res statistiques \u00e9lectorales. Donc c&rsquo;est une fiert\u00e9 pour moi de voir ma communaut\u00e9 s&rsquo;y r\u00e9unir, ma communaut\u00e9 s&rsquo;y rassembler sur un m\u00eame id\u00e9al, \u00e7a me r\u00e9conforte et \u00e7a me donne de la joie au c\u0153ur. Chaque enfant est \u00e0 l&rsquo;image de sa communaut\u00e9. Aujourd&rsquo;hui, je suis fi\u00e8re de ma communaut\u00e9, je viens de le dire. Et le message, c&rsquo;est qu&rsquo;on p\u00e9rennise ces genres d&rsquo;actions qu&rsquo;on se donne la main et parce que aujourd&rsquo;hui on peut pas faire de grands actions si on n&rsquo;est pas unir et\u00a0 donner de belle exemple aux autres je pense qu&rsquo;aujourd&rsquo;hui la communaut\u00e9 Kissia nous sommes un exemple \u00bb, a-t-elle indiqu\u00e9 la directrice des PME. <a href=\"https:\/\/universnews224.com\/wp-content\/uploads\/2025\/01\/IMG-20250119-WA0008-1.jpg\"><img loading=\"lazy\" class=\"alignnone size-medium wp-image-7369\" src=\"https:\/\/universnews224.com\/wp-content\/uploads\/2025\/01\/IMG-20250119-WA0008-1-300x169.jpg\" alt=\"\" width=\"300\" height=\"169\" srcset=\"https:\/\/universnews224.com\/wp-content\/uploads\/2025\/01\/IMG-20250119-WA0008-1-300x169.jpg 300w, https:\/\/universnews224.com\/wp-content\/uploads\/2025\/01\/IMG-20250119-WA0008-1-1024x576.jpg 1024w, https:\/\/universnews224.com\/wp-content\/uploads\/2025\/01\/IMG-20250119-WA0008-1-768x432.jpg 768w, https:\/\/universnews224.com\/wp-content\/uploads\/2025\/01\/IMG-20250119-WA0008-1-800x450.jpg 800w, https:\/\/universnews224.com\/wp-content\/uploads\/2025\/01\/IMG-20250119-WA0008-1.jpg 1032w\" sizes=\"(max-width: 300px) 100vw, 300px\" \/><\/a><\/span><\/p>\n<p><span style=\"font-weight: 400\">Apr\u00e8s les diff\u00e9rentes t\u00e9moignages, les sages de la communaut\u00e9 ont proc\u00e9d\u00e9 \u00e0 la mise en place d&rsquo;un bureau ex\u00e9cutif compos\u00e9 de plusieurs membres r\u00e9partis dans plusieurs communes.\u00a0<\/span><\/p>\n<p>&nbsp;<\/p>\n<p><span style=\"font-weight: 400\">Sana Sylla.<\/span><\/p>\n","protected":false},"excerpt":{"rendered":"<p>D\u00e9puis la mise en place du nouveau bureau ex\u00e9cutif de la Coordination Nationale de B\u00eamakissi,<\/p>\n","protected":false},"author":2,"featured_media":7371,"comment_status":"closed","ping_status":"open","sticky":false,"template":"","format":"standard","meta":[],"categories":[3,5],"tags":[237],"yoast_head":"<!-- This site is optimized with the Yoast SEO plugin v19.13 - https:\/\/yoast.com\/wordpress\/plugins\/seo\/ -->\n<title>AG : la Coordination Nationale de B\u00e8makissi mobilise la communaut\u00e9 et met un bureau ex\u00e9cutif \u00e0 Conakry. - UNIVERSNEWS224<\/title>\n<meta name=\"robots\" content=\"index, follow, max-snippet:-1, max-image-preview:large, max-video-preview:-1\" \/>\n<link rel=\"canonical\" href=\"https:\/\/universnews224.com\/index.php\/ag-la-coordination-nationale-de-bemakissi-mobilise-la-communaute-et-met-un-bureau-executif-a-conakry\/\" \/>\n<meta property=\"og:locale\" content=\"fr_FR\" \/>\n<meta property=\"og:type\" content=\"article\" \/>\n<meta property=\"og:title\" content=\"AG : la Coordination Nationale de B\u00e8makissi mobilise la communaut\u00e9 et met un bureau ex\u00e9cutif \u00e0 Conakry. - UNIVERSNEWS224\" \/>\n<meta property=\"og:description\" content=\"D\u00e9puis la mise en place du nouveau bureau ex\u00e9cutif de la Coordination Nationale de B\u00eamakissi,\" \/>\n<meta property=\"og:url\" content=\"https:\/\/universnews224.com\/index.php\/ag-la-coordination-nationale-de-bemakissi-mobilise-la-communaute-et-met-un-bureau-executif-a-conakry\/\" \/>\n<meta property=\"og:site_name\" content=\"UNIVERSNEWS224\" \/>\n<meta property=\"article:published_time\" content=\"2025-01-20T14:50:21+00:00\" \/>\n<meta property=\"og:image\" content=\"https:\/\/universnews224.com\/wp-content\/uploads\/2025\/01\/IMG-20250119-WA0007.jpg\" \/>\n\t<meta property=\"og:image:width\" content=\"1032\" \/>\n\t<meta property=\"og:image:height\" content=\"581\" \/>\n\t<meta property=\"og:image:type\" content=\"image\/jpeg\" \/>\n<meta name=\"author\" content=\"La R\u00e9daction\" \/>\n<meta name=\"twitter:label1\" content=\"\u00c9crit par\" \/>\n\t<meta name=\"twitter:data1\" content=\"La R\u00e9daction\" \/>\n\t<meta name=\"twitter:label2\" content=\"Dur\u00e9e de lecture estim\u00e9e\" \/>\n\t<meta name=\"twitter:data2\" content=\"4 minutes\" \/>\n<script type=\"application\/ld+json\" class=\"yoast-schema-graph\">{\"@context\":\"https:\/\/schema.org\",\"@graph\":[{\"@type\":\"Article\",\"@id\":\"https:\/\/universnews224.com\/index.php\/ag-la-coordination-nationale-de-bemakissi-mobilise-la-communaute-et-met-un-bureau-executif-a-conakry\/#article\",\"isPartOf\":{\"@id\":\"https:\/\/universnews224.com\/index.php\/ag-la-coordination-nationale-de-bemakissi-mobilise-la-communaute-et-met-un-bureau-executif-a-conakry\/\"},\"author\":{\"name\":\"La R\u00e9daction\",\"@id\":\"https:\/\/universnews224.com\/#\/schema\/person\/a4b7d4f94a4716df60456a491260485e\"},\"headline\":\"AG : la Coordination Nationale de B\u00e8makissi mobilise la communaut\u00e9 et met un bureau ex\u00e9cutif \u00e0 Conakry.\",\"datePublished\":\"2025-01-20T14:50:21+00:00\",\"dateModified\":\"2025-01-20T14:50:21+00:00\",\"mainEntityOfPage\":{\"@id\":\"https:\/\/universnews224.com\/index.php\/ag-la-coordination-nationale-de-bemakissi-mobilise-la-communaute-et-met-un-bureau-executif-a-conakry\/\"},\"wordCount\":579,\"publisher\":{\"@id\":\"https:\/\/universnews224.com\/#organization\"},\"keywords\":[\"A la une\"],\"articleSection\":[\"ACTU\",\"SOCI\u00c9T\u00c9\"],\"inLanguage\":\"fr-FR\"},{\"@type\":\"WebPage\",\"@id\":\"https:\/\/universnews224.com\/index.php\/ag-la-coordination-nationale-de-bemakissi-mobilise-la-communaute-et-met-un-bureau-executif-a-conakry\/\",\"url\":\"https:\/\/universnews224.com\/index.php\/ag-la-coordination-nationale-de-bemakissi-mobilise-la-communaute-et-met-un-bureau-executif-a-conakry\/\",\"name\":\"AG : la Coordination Nationale de B\u00e8makissi mobilise la communaut\u00e9 et met un bureau ex\u00e9cutif \u00e0 Conakry. - UNIVERSNEWS224\",\"isPartOf\":{\"@id\":\"https:\/\/universnews224.com\/#website\"},\"datePublished\":\"2025-01-20T14:50:21+00:00\",\"dateModified\":\"2025-01-20T14:50:21+00:00\",\"inLanguage\":\"fr-FR\",\"potentialAction\":[{\"@type\":\"ReadAction\",\"target\":[\"https:\/\/universnews224.com\/index.php\/ag-la-coordination-nationale-de-bemakissi-mobilise-la-communaute-et-met-un-bureau-executif-a-conakry\/\"]}]},{\"@type\":\"WebSite\",\"@id\":\"https:\/\/universnews224.com\/#website\",\"url\":\"https:\/\/universnews224.com\/\",\"name\":\"UNIVERSNEWS224\",\"description\":\"\",\"publisher\":{\"@id\":\"https:\/\/universnews224.com\/#organization\"},\"potentialAction\":[{\"@type\":\"SearchAction\",\"target\":{\"@type\":\"EntryPoint\",\"urlTemplate\":\"https:\/\/universnews224.com\/?s={search_term_string}\"},\"query-input\":\"required name=search_term_string\"}],\"inLanguage\":\"fr-FR\"},{\"@type\":\"Organization\",\"@id\":\"https:\/\/universnews224.com\/#organization\",\"name\":\"UNIVERSNEWS224\",\"url\":\"https:\/\/universnews224.com\/\",\"logo\":{\"@type\":\"ImageObject\",\"inLanguage\":\"fr-FR\",\"@id\":\"https:\/\/universnews224.com\/#\/schema\/logo\/image\/\",\"url\":\"https:\/\/universnews224.com\/wp-content\/uploads\/2022\/08\/cropped-cropped-logoban.jpg\",\"contentUrl\":\"https:\/\/universnews224.com\/wp-content\/uploads\/2022\/08\/cropped-cropped-logoban.jpg\",\"width\":1080,\"height\":138,\"caption\":\"UNIVERSNEWS224\"},\"image\":{\"@id\":\"https:\/\/universnews224.com\/#\/schema\/logo\/image\/\"}},{\"@type\":\"Person\",\"@id\":\"https:\/\/universnews224.com\/#\/schema\/person\/a4b7d4f94a4716df60456a491260485e\",\"name\":\"La R\u00e9daction\",\"image\":{\"@type\":\"ImageObject\",\"inLanguage\":\"fr-FR\",\"@id\":\"https:\/\/universnews224.com\/#\/schema\/person\/image\/\",\"url\":\"https:\/\/secure.gravatar.com\/avatar\/edb90acc7752b23e1b3307ad36c14f0d?s=96&d=mm&r=g\",\"contentUrl\":\"https:\/\/secure.gravatar.com\/avatar\/edb90acc7752b23e1b3307ad36c14f0d?s=96&d=mm&r=g\",\"caption\":\"La R\u00e9daction\"},\"sameAs\":[\"https:\/\/universnews224.com\"],\"url\":\"https:\/\/universnews224.com\/index.php\/author\/m-camara\/\"}]}<\/script>\n<!-- \/ Yoast SEO plugin. -->","yoast_head_json":{"title":"AG : la Coordination Nationale de B\u00e8makissi mobilise la communaut\u00e9 et met un bureau ex\u00e9cutif \u00e0 Conakry. - UNIVERSNEWS224","robots":{"index":"index","follow":"follow","max-snippet":"max-snippet:-1","max-image-preview":"max-image-preview:large","max-video-preview":"max-video-preview:-1"},"canonical":"https:\/\/universnews224.com\/index.php\/ag-la-coordination-nationale-de-bemakissi-mobilise-la-communaute-et-met-un-bureau-executif-a-conakry\/","og_locale":"fr_FR","og_type":"article","og_title":"AG : la Coordination Nationale de B\u00e8makissi mobilise la communaut\u00e9 et met un bureau ex\u00e9cutif \u00e0 Conakry. - UNIVERSNEWS224","og_description":"D\u00e9puis la mise en place du nouveau bureau ex\u00e9cutif de la Coordination Nationale de B\u00eamakissi,","og_url":"https:\/\/universnews224.com\/index.php\/ag-la-coordination-nationale-de-bemakissi-mobilise-la-communaute-et-met-un-bureau-executif-a-conakry\/","og_site_name":"UNIVERSNEWS224","article_published_time":"2025-01-20T14:50:21+00:00","og_image":[{"width":1032,"height":581,"url":"https:\/\/universnews224.com\/wp-content\/uploads\/2025\/01\/IMG-20250119-WA0007.jpg","type":"image\/jpeg"}],"author":"La R\u00e9daction","twitter_misc":{"\u00c9crit par":"La R\u00e9daction","Dur\u00e9e de lecture estim\u00e9e":"4 minutes"},"schema":{"@context":"https:\/\/schema.org","@graph":[{"@type":"Article","@id":"https:\/\/universnews224.com\/index.php\/ag-la-coordination-nationale-de-bemakissi-mobilise-la-communaute-et-met-un-bureau-executif-a-conakry\/#article","isPartOf":{"@id":"https:\/\/universnews224.com\/index.php\/ag-la-coordination-nationale-de-bemakissi-mobilise-la-communaute-et-met-un-bureau-executif-a-conakry\/"},"author":{"name":"La R\u00e9daction","@id":"https:\/\/universnews224.com\/#\/schema\/person\/a4b7d4f94a4716df60456a491260485e"},"headline":"AG : la Coordination Nationale de B\u00e8makissi mobilise la communaut\u00e9 et met un bureau ex\u00e9cutif \u00e0 Conakry.","datePublished":"2025-01-20T14:50:21+00:00","dateModified":"2025-01-20T14:50:21+00:00","mainEntityOfPage":{"@id":"https:\/\/universnews224.com\/index.php\/ag-la-coordination-nationale-de-bemakissi-mobilise-la-communaute-et-met-un-bureau-executif-a-conakry\/"},"wordCount":579,"publisher":{"@id":"https:\/\/universnews224.com\/#organization"},"keywords":["A la une"],"articleSection":["ACTU","SOCI\u00c9T\u00c9"],"inLanguage":"fr-FR"},{"@type":"WebPage","@id":"https:\/\/universnews224.com\/index.php\/ag-la-coordination-nationale-de-bemakissi-mobilise-la-communaute-et-met-un-bureau-executif-a-conakry\/","url":"https:\/\/universnews224.com\/index.php\/ag-la-coordination-nationale-de-bemakissi-mobilise-la-communaute-et-met-un-bureau-executif-a-conakry\/","name":"AG : la Coordination Nationale de B\u00e8makissi mobilise la communaut\u00e9 et met un bureau ex\u00e9cutif \u00e0 Conakry. - UNIVERSNEWS224","isPartOf":{"@id":"https:\/\/universnews224.com\/#website"},"datePublished":"2025-01-20T14:50:21+00:00","dateModified":"2025-01-20T14:50:21+00:00","inLanguage":"fr-FR","potentialAction":[{"@type":"ReadAction","target":["https:\/\/universnews224.com\/index.php\/ag-la-coordination-nationale-de-bemakissi-mobilise-la-communaute-et-met-un-bureau-executif-a-conakry\/"]}]},{"@type":"WebSite","@id":"https:\/\/universnews224.com\/#website","url":"https:\/\/universnews224.com\/","name":"UNIVERSNEWS224","description":"","publisher":{"@id":"https:\/\/universnews224.com\/#organization"},"potentialAction":[{"@type":"SearchAction","target":{"@type":"EntryPoint","urlTemplate":"https:\/\/universnews224.com\/?s={search_term_string}"},"query-input":"required name=search_term_string"}],"inLanguage":"fr-FR"},{"@type":"Organization","@id":"https:\/\/universnews224.com\/#organization","name":"UNIVERSNEWS224","url":"https:\/\/universnews224.com\/","logo":{"@type":"ImageObject","inLanguage":"fr-FR","@id":"https:\/\/universnews224.com\/#\/schema\/logo\/image\/","url":"https:\/\/universnews224.com\/wp-content\/uploads\/2022\/08\/cropped-cropped-logoban.jpg","contentUrl":"https:\/\/universnews224.com\/wp-content\/uploads\/2022\/08\/cropped-cropped-logoban.jpg","width":1080,"height":138,"caption":"UNIVERSNEWS224"},"image":{"@id":"https:\/\/universnews224.com\/#\/schema\/logo\/image\/"}},{"@type":"Person","@id":"https:\/\/universnews224.com\/#\/schema\/person\/a4b7d4f94a4716df60456a491260485e","name":"La R\u00e9daction","image":{"@type":"ImageObject","inLanguage":"fr-FR","@id":"https:\/\/universnews224.com\/#\/schema\/person\/image\/","url":"https:\/\/secure.gravatar.com\/avatar\/edb90acc7752b23e1b3307ad36c14f0d?s=96&d=mm&r=g","contentUrl":"https:\/\/secure.gravatar.com\/avatar\/edb90acc7752b23e1b3307ad36c14f0d?s=96&d=mm&r=g","caption":"La R\u00e9daction"},"sameAs":["https:\/\/universnews224.com"],"url":"https:\/\/universnews224.com\/index.php\/author\/m-camara\/"}]}},"_links":{"self":[{"href":"https:\/\/universnews224.com\/index.php\/wp-json\/wp\/v2\/posts\/7366"}],"collection":[{"href":"https:\/\/universnews224.com\/index.php\/wp-json\/wp\/v2\/posts"}],"about":[{"href":"https:\/\/universnews224.com\/index.php\/wp-json\/wp\/v2\/types\/post"}],"author":[{"embeddable":true,"href":"https:\/\/universnews224.com\/index.php\/wp-json\/wp\/v2\/users\/2"}],"replies":[{"embeddable":true,"href":"https:\/\/universnews224.com\/index.php\/wp-json\/wp\/v2\/comments?post=7366"}],"version-history":[{"count":1,"href":"https:\/\/universnews224.com\/index.php\/wp-json\/wp\/v2\/posts\/7366\/revisions"}],"predecessor-version":[{"id":7372,"href":"https:\/\/universnews224.com\/index.php\/wp-json\/wp\/v2\/posts\/7366\/revisions\/7372"}],"wp:featuredmedia":[{"embeddable":true,"href":"https:\/\/universnews224.com\/index.php\/wp-json\/wp\/v2\/media\/7371"}],"wp:attachment":[{"href":"https:\/\/universnews224.com\/index.php\/wp-json\/wp\/v2\/media?parent=7366"}],"wp:term":[{"taxonomy":"category","embeddable":true,"href":"https:\/\/universnews224.com\/index.php\/wp-json\/wp\/v2\/categories?post=7366"},{"taxonomy":"post_tag","embeddable":true,"href":"https:\/\/universnews224.com\/index.php\/wp-json\/wp\/v2\/tags?post=7366"}],"curies":[{"name":"wp","href":"https:\/\/api.w.org\/{rel}","templated":true}]}}