{"id":7375,"date":"2025-01-21T16:44:59","date_gmt":"2025-01-21T15:44:59","guid":{"rendered":"https:\/\/universnews224.com\/?p=7375"},"modified":"2025-01-21T16:44:59","modified_gmt":"2025-01-21T15:44:59","slug":"celpac-hassan-hilal-sylla-prend-fonction","status":"publish","type":"post","link":"https:\/\/universnews224.com\/index.php\/celpac-hassan-hilal-sylla-prend-fonction\/","title":{"rendered":"CELPAC :\u00a0 Hassan Hilal Sylla prend fonction."},"content":{"rendered":"<p dir=\"ltr\" style=\"line-height: 1.38;margin-top: 0.0pt;margin-bottom: 0.0pt\"><span style=\"font-size: 11pt;font-family: Arial, sans-serif;color: #000000;background-color: transparent;vertical-align: baseline\">Nomm\u00e9 il y a de cela quelques jours au poste de Directeur G\u00e9n\u00e9ral Adjoint du centre de lecture publique et d\u2019animation culturelle (CELPAC), M. Hassan Hilal Sylla, a pris fonction ce mardi 21 janvier 2025. Une direction relevant du Minist\u00e8re de la Culture, du Tourisme et de l\u2019Artisanat. Il succ\u00e8de\u00a0 ainsi \u00e0 Bernard P\u00e9v\u00e9 B\u00e9avogui admis comme le nouveau directeur g\u00e9n\u00e9ral ladite direction.\u00a0<\/span><\/p>\n<p dir=\"ltr\" style=\"line-height: 1.38;margin-top: 0.0pt;margin-bottom: 0.0pt\"><span style=\"font-size: 11pt;font-family: Arial, sans-serif;color: #000000;background-color: transparent;vertical-align: baseline\">La c\u00e9r\u00e9monie de passation de service a \u00e9t\u00e9 pr\u00e9sid\u00e9e par l\u2019Inspecteur g\u00e9n\u00e9ral\u00a0 du d\u00e9partement de la Culture, du Tourisme et de l\u2019Artisanat et son adjoint M. Mamoudou Thioye et les cadres de ladite direction.\u00a0<\/span><\/p>\n<p>&nbsp;<\/p>\n<p dir=\"ltr\" style=\"line-height: 1.38;margin-top: 0.0pt;margin-bottom: 0.0pt\"><span style=\"font-size: 11pt;font-family: Arial, sans-serif;color: #000000;background-color: transparent;vertical-align: baseline\">A l&rsquo;entame, l&rsquo;inspecteur g\u00e9n\u00e9ral, Vital Goumou a, au nom du Ministre de la culture Moussa Mo\u00efse Sylla, remerci\u00e9 le directeur adjoint sortant pour les services rendus \u00e0 la nation \u00e0 travers des innombrables actions pos\u00e9es.<\/span><\/p>\n<p dir=\"ltr\" style=\"line-height: 1.38;margin-top: 0.0pt;margin-bottom: 0.0pt\"><span style=\"font-size: 11pt;font-family: Arial, sans-serif;color: #000000;background-color: transparent;vertical-align: baseline\">Sur la m\u00eame lanc\u00e9e, Vital Goumou a \u00e9difi\u00e9 le directeur adjoint entrant sur les d\u00e9fis \u00e0 relever dans le cadre d&rsquo;un esprit d\u2019\u00e9quipe et l\u2019engagement de l\u2019ensemble de ses collaborateurs et du monde de la culture.<\/span><\/p>\n<p>&nbsp;<\/p>\n<p dir=\"ltr\" style=\"line-height: 1.38;margin-top: 0.0pt;margin-bottom: 0.0pt\"><span style=\"font-size: 11pt;font-family: Arial, sans-serif;color: #000000;background-color: transparent;vertical-align: baseline\">Rendant\u00a0 gr\u00e2ce \u00e0 Dieu pour sa bienfaisance, \u00e0 ses collaborateurs ainsi qu&rsquo;\u00e0 sa m\u00e8re pour l&rsquo;\u00e9ducation offerte, le Directeur g\u00e9n\u00e9ral adjoint sortant, Bernard P\u00e9v\u00e9 B\u00e9avogui a not\u00e9 ceci:\u00a0<\/span><\/p>\n<p dir=\"ltr\" style=\"line-height: 1.38;margin-top: 0.0pt;margin-bottom: 0.0pt\"><span style=\"font-size: 11pt;font-family: Arial, sans-serif;color: #000000;background-color: transparent;vertical-align: baseline\">\u00ab Aujourd&rsquo;hui,\u00a0 je dirais qu&rsquo;au CELPAC, il y a de la mati\u00e8re et l&rsquo;organisation qui se trouve ici est un peu rare, parce que\u00a0 nous sommes une famille compr\u00e9hensive, je voudrais les remercier pour leur accompagnement, quand j&rsquo;\u00e9tais directeur adjoint. Et nous savons tous que le Directeur g\u00e9n\u00e9ral adjoint est le poumons d&rsquo;une direction, le Directeur g\u00e9n\u00e9ral est la t\u00eate dirigeante et les chefs de d\u00e9partement sont les bras, donc pratiquement c&rsquo;est un fil d&rsquo;administration. Je voudrais dire ici, tr\u00e8s sinc\u00e8rement, que le pr\u00e9sident, en faisant ce d\u00e9cret, on ne prend pas un d\u00e9cret pour cr\u00e9er des probl\u00e8mes\u00bb, a-t-il indiqu\u00e9.\u00a0<\/span><\/p>\n<p>&nbsp;<\/p>\n<p dir=\"ltr\" style=\"line-height: 1.38;margin-top: 0.0pt;margin-bottom: 0.0pt\"><span style=\"font-size: 11pt;font-family: Arial, sans-serif;color: #000000;background-color: transparent;vertical-align: baseline\">Il a \u00e9galement\u00a0 ajout\u00e9 : \u00abOn prend des d\u00e9crets pour cr\u00e9er des solutions. Je pense qu&rsquo;en nous mettant ici comme directeur, il a voulu que nous soyons des chefs. Car c&rsquo;est celui qui n&rsquo;a pas le droit de rester dans son coin, qui n&rsquo;a pas l&rsquo;autorisation d&rsquo;avoir peur. qui est redevable devant sa conscience, devant Dieu et devant les humains. Je mesure l&rsquo;ampleur. Je pense que le secteur des livres et de la lecture publique en R\u00e9publique de Guin\u00e9e, je le dis avec sinc\u00e9rit\u00e9, parce que tout ce que nous sommes en train de faire, le souverain supr\u00eame, Dieu, mais en plus de cela, il y a le peuple que nous servons dans notre travail de fond pour servir la nation \u00bb, a-t-il soulign\u00e9.\u00a0<\/span><\/p>\n<p>&nbsp;<\/p>\n<p dir=\"ltr\" style=\"line-height: 1.38;margin-top: 0.0pt;margin-bottom: 0.0pt\"><span style=\"font-size: 11pt;font-family: Arial, sans-serif;color: #000000;background-color: transparent;vertical-align: baseline\">Pour le DG adjoint entrant, M. Hassan Hilal Sylla,\u00a0 a tout d\u2019abord remerci\u00e9\u00a0 le Pr\u00e9sident de la R\u00e9publique, le G\u00e9n\u00e9ral d&rsquo;arm\u00e9e, Mamadi Doumbouya et le ministre de la culture Moussa Mo\u00efse Sylla pour la confiance plac\u00e9e en sa modeste personne en le nommant Directeur G\u00e9n\u00e9ral Adjoint du CELPAC. Une chance et un privil\u00e8ge qu\u2019on lui offre de se montrer exemplaire et productif pour donner de meilleurs r\u00e9sultats.\u00a0<\/span><\/p>\n<p dir=\"ltr\" style=\"line-height: 1.38;margin-top: 0.0pt;margin-bottom: 0.0pt\"><span style=\"font-size: 11pt;font-family: Arial, sans-serif;color: #000000;background-color: transparent;vertical-align: baseline\">\u00abPermettez-moi de parler de livres et de la lectures en quelques mots. Mais pour emprunter les mots et les paroles d&rsquo;un \u00e9crivain c\u00e9l\u00e8bre. En disant ceci, \u00ab Ma parole ne sera pas aussi fleurie que celle des ma\u00eetres de la parole. Mais elle aura n\u00e9anmoins la puret\u00e9 de la fibre de Kapok, puisque c&rsquo;est le c\u0153ur qui parle \u00bb. Ces mots de notre cher a\u00een\u00e9, Djibril Tamsir Niane, mais surtout ces mots du Tana de Soumangourou nous rappellent encore une fois combien de fois il faut promouvoir la lecture et le livre. Donc cet honneur marque un engagement \u00e0 contribuer activement \u00e0 la promotion du livre, de la lecture publique et de notre riche patrimoine culturel. Je d\u00e9die \u00e9galement cette reconnaissance \u00e0 ma famille, \u00e0 mes ma\u00eetres et formateurs, dont les enseignements et le soutien continuent d\u2019inspirer mon parcours. Je m\u2019engage \u00e0 travailler avec passion et d\u00e9vouement pour servir la culture et notre ch\u00e8re Guin\u00e9e \u00bb, a d\u00e9clar\u00e9 M. Sylla Hassan.\u00a0<\/span><\/p>\n<p>&nbsp;<\/p>\n<p dir=\"ltr\" style=\"line-height: 1.38;margin-top: 0.0pt;margin-bottom: 0.0pt\"><span style=\"font-size: 11pt;font-family: Arial, sans-serif;color: #000000;background-color: transparent;vertical-align: baseline\">Enfin, l\u2019Inspecteur g\u00e9n\u00e9ral de la Culture, du Tourisme et de l\u2019Artisanat, Vital Goumou a prodigu\u00e9 d\u2019utiles conseils au Directeur g\u00e9n\u00e9ral adjoint entrant et \u00e0 l\u2019ensemble des travailleurs de la Direction G\u00e9n\u00e9rale du CELPAC dans le cadre de leurs motivations au service de la nation.\u00a0<\/span><\/p>\n<p>&nbsp;<\/p>\n<p dir=\"ltr\" style=\"line-height: 1.38;margin-top: 0.0pt;margin-bottom: 0.0pt\"><span style=\"font-size: 11pt;font-family: Arial, sans-serif;color: #000000;background-color: transparent;vertical-align: baseline\">Sana Sylla.<\/span><\/p>\n","protected":false},"excerpt":{"rendered":"<p>Nomm\u00e9 il y a de cela quelques jours au poste de Directeur G\u00e9n\u00e9ral Adjoint du<\/p>\n","protected":false},"author":2,"featured_media":7376,"comment_status":"closed","ping_status":"open","sticky":false,"template":"","format":"standard","meta":[],"categories":[3,5],"tags":[237],"yoast_head":"<!-- This site is optimized with the Yoast SEO plugin v19.13 - https:\/\/yoast.com\/wordpress\/plugins\/seo\/ -->\n<title>CELPAC :\u00a0 Hassan Hilal Sylla prend fonction. - UNIVERSNEWS224<\/title>\n<meta name=\"robots\" content=\"index, follow, max-snippet:-1, max-image-preview:large, max-video-preview:-1\" \/>\n<link rel=\"canonical\" href=\"https:\/\/universnews224.com\/index.php\/celpac-hassan-hilal-sylla-prend-fonction\/\" \/>\n<meta property=\"og:locale\" content=\"fr_FR\" \/>\n<meta property=\"og:type\" content=\"article\" \/>\n<meta property=\"og:title\" content=\"CELPAC :\u00a0 Hassan Hilal Sylla prend fonction. - UNIVERSNEWS224\" \/>\n<meta property=\"og:description\" content=\"Nomm\u00e9 il y a de cela quelques jours au poste de Directeur G\u00e9n\u00e9ral Adjoint du\" \/>\n<meta property=\"og:url\" content=\"https:\/\/universnews224.com\/index.php\/celpac-hassan-hilal-sylla-prend-fonction\/\" \/>\n<meta property=\"og:site_name\" content=\"UNIVERSNEWS224\" \/>\n<meta property=\"article:published_time\" content=\"2025-01-21T15:44:59+00:00\" \/>\n<meta property=\"og:image\" content=\"https:\/\/universnews224.com\/wp-content\/uploads\/2025\/01\/IMG-20250121-WA0001.jpg\" \/>\n\t<meta property=\"og:image:width\" content=\"1080\" \/>\n\t<meta property=\"og:image:height\" content=\"729\" \/>\n\t<meta property=\"og:image:type\" content=\"image\/jpeg\" \/>\n<meta name=\"author\" content=\"La R\u00e9daction\" \/>\n<meta name=\"twitter:label1\" content=\"\u00c9crit par\" \/>\n\t<meta name=\"twitter:data1\" content=\"La R\u00e9daction\" \/>\n\t<meta name=\"twitter:label2\" content=\"Dur\u00e9e de lecture estim\u00e9e\" \/>\n\t<meta name=\"twitter:data2\" content=\"4 minutes\" \/>\n<script type=\"application\/ld+json\" class=\"yoast-schema-graph\">{\"@context\":\"https:\/\/schema.org\",\"@graph\":[{\"@type\":\"Article\",\"@id\":\"https:\/\/universnews224.com\/index.php\/celpac-hassan-hilal-sylla-prend-fonction\/#article\",\"isPartOf\":{\"@id\":\"https:\/\/universnews224.com\/index.php\/celpac-hassan-hilal-sylla-prend-fonction\/\"},\"author\":{\"name\":\"La R\u00e9daction\",\"@id\":\"https:\/\/universnews224.com\/#\/schema\/person\/a4b7d4f94a4716df60456a491260485e\"},\"headline\":\"CELPAC :\u00a0 Hassan Hilal Sylla prend fonction.\",\"datePublished\":\"2025-01-21T15:44:59+00:00\",\"dateModified\":\"2025-01-21T15:44:59+00:00\",\"mainEntityOfPage\":{\"@id\":\"https:\/\/universnews224.com\/index.php\/celpac-hassan-hilal-sylla-prend-fonction\/\"},\"wordCount\":781,\"publisher\":{\"@id\":\"https:\/\/universnews224.com\/#organization\"},\"keywords\":[\"A la une\"],\"articleSection\":[\"ACTU\",\"SOCI\u00c9T\u00c9\"],\"inLanguage\":\"fr-FR\"},{\"@type\":\"WebPage\",\"@id\":\"https:\/\/universnews224.com\/index.php\/celpac-hassan-hilal-sylla-prend-fonction\/\",\"url\":\"https:\/\/universnews224.com\/index.php\/celpac-hassan-hilal-sylla-prend-fonction\/\",\"name\":\"CELPAC :\u00a0 Hassan Hilal Sylla prend fonction. - UNIVERSNEWS224\",\"isPartOf\":{\"@id\":\"https:\/\/universnews224.com\/#website\"},\"datePublished\":\"2025-01-21T15:44:59+00:00\",\"dateModified\":\"2025-01-21T15:44:59+00:00\",\"inLanguage\":\"fr-FR\",\"potentialAction\":[{\"@type\":\"ReadAction\",\"target\":[\"https:\/\/universnews224.com\/index.php\/celpac-hassan-hilal-sylla-prend-fonction\/\"]}]},{\"@type\":\"WebSite\",\"@id\":\"https:\/\/universnews224.com\/#website\",\"url\":\"https:\/\/universnews224.com\/\",\"name\":\"UNIVERSNEWS224\",\"description\":\"\",\"publisher\":{\"@id\":\"https:\/\/universnews224.com\/#organization\"},\"potentialAction\":[{\"@type\":\"SearchAction\",\"target\":{\"@type\":\"EntryPoint\",\"urlTemplate\":\"https:\/\/universnews224.com\/?s={search_term_string}\"},\"query-input\":\"required name=search_term_string\"}],\"inLanguage\":\"fr-FR\"},{\"@type\":\"Organization\",\"@id\":\"https:\/\/universnews224.com\/#organization\",\"name\":\"UNIVERSNEWS224\",\"url\":\"https:\/\/universnews224.com\/\",\"logo\":{\"@type\":\"ImageObject\",\"inLanguage\":\"fr-FR\",\"@id\":\"https:\/\/universnews224.com\/#\/schema\/logo\/image\/\",\"url\":\"https:\/\/universnews224.com\/wp-content\/uploads\/2022\/08\/cropped-cropped-logoban.jpg\",\"contentUrl\":\"https:\/\/universnews224.com\/wp-content\/uploads\/2022\/08\/cropped-cropped-logoban.jpg\",\"width\":1080,\"height\":138,\"caption\":\"UNIVERSNEWS224\"},\"image\":{\"@id\":\"https:\/\/universnews224.com\/#\/schema\/logo\/image\/\"}},{\"@type\":\"Person\",\"@id\":\"https:\/\/universnews224.com\/#\/schema\/person\/a4b7d4f94a4716df60456a491260485e\",\"name\":\"La R\u00e9daction\",\"image\":{\"@type\":\"ImageObject\",\"inLanguage\":\"fr-FR\",\"@id\":\"https:\/\/universnews224.com\/#\/schema\/person\/image\/\",\"url\":\"https:\/\/secure.gravatar.com\/avatar\/edb90acc7752b23e1b3307ad36c14f0d?s=96&d=mm&r=g\",\"contentUrl\":\"https:\/\/secure.gravatar.com\/avatar\/edb90acc7752b23e1b3307ad36c14f0d?s=96&d=mm&r=g\",\"caption\":\"La R\u00e9daction\"},\"sameAs\":[\"https:\/\/universnews224.com\"],\"url\":\"https:\/\/universnews224.com\/index.php\/author\/m-camara\/\"}]}<\/script>\n<!-- \/ Yoast SEO plugin. -->","yoast_head_json":{"title":"CELPAC :\u00a0 Hassan Hilal Sylla prend fonction. - UNIVERSNEWS224","robots":{"index":"index","follow":"follow","max-snippet":"max-snippet:-1","max-image-preview":"max-image-preview:large","max-video-preview":"max-video-preview:-1"},"canonical":"https:\/\/universnews224.com\/index.php\/celpac-hassan-hilal-sylla-prend-fonction\/","og_locale":"fr_FR","og_type":"article","og_title":"CELPAC :\u00a0 Hassan Hilal Sylla prend fonction. - UNIVERSNEWS224","og_description":"Nomm\u00e9 il y a de cela quelques jours au poste de Directeur G\u00e9n\u00e9ral Adjoint du","og_url":"https:\/\/universnews224.com\/index.php\/celpac-hassan-hilal-sylla-prend-fonction\/","og_site_name":"UNIVERSNEWS224","article_published_time":"2025-01-21T15:44:59+00:00","og_image":[{"width":1080,"height":729,"url":"https:\/\/universnews224.com\/wp-content\/uploads\/2025\/01\/IMG-20250121-WA0001.jpg","type":"image\/jpeg"}],"author":"La R\u00e9daction","twitter_misc":{"\u00c9crit par":"La R\u00e9daction","Dur\u00e9e de lecture estim\u00e9e":"4 minutes"},"schema":{"@context":"https:\/\/schema.org","@graph":[{"@type":"Article","@id":"https:\/\/universnews224.com\/index.php\/celpac-hassan-hilal-sylla-prend-fonction\/#article","isPartOf":{"@id":"https:\/\/universnews224.com\/index.php\/celpac-hassan-hilal-sylla-prend-fonction\/"},"author":{"name":"La R\u00e9daction","@id":"https:\/\/universnews224.com\/#\/schema\/person\/a4b7d4f94a4716df60456a491260485e"},"headline":"CELPAC :\u00a0 Hassan Hilal Sylla prend fonction.","datePublished":"2025-01-21T15:44:59+00:00","dateModified":"2025-01-21T15:44:59+00:00","mainEntityOfPage":{"@id":"https:\/\/universnews224.com\/index.php\/celpac-hassan-hilal-sylla-prend-fonction\/"},"wordCount":781,"publisher":{"@id":"https:\/\/universnews224.com\/#organization"},"keywords":["A la une"],"articleSection":["ACTU","SOCI\u00c9T\u00c9"],"inLanguage":"fr-FR"},{"@type":"WebPage","@id":"https:\/\/universnews224.com\/index.php\/celpac-hassan-hilal-sylla-prend-fonction\/","url":"https:\/\/universnews224.com\/index.php\/celpac-hassan-hilal-sylla-prend-fonction\/","name":"CELPAC :\u00a0 Hassan Hilal Sylla prend fonction. - UNIVERSNEWS224","isPartOf":{"@id":"https:\/\/universnews224.com\/#website"},"datePublished":"2025-01-21T15:44:59+00:00","dateModified":"2025-01-21T15:44:59+00:00","inLanguage":"fr-FR","potentialAction":[{"@type":"ReadAction","target":["https:\/\/universnews224.com\/index.php\/celpac-hassan-hilal-sylla-prend-fonction\/"]}]},{"@type":"WebSite","@id":"https:\/\/universnews224.com\/#website","url":"https:\/\/universnews224.com\/","name":"UNIVERSNEWS224","description":"","publisher":{"@id":"https:\/\/universnews224.com\/#organization"},"potentialAction":[{"@type":"SearchAction","target":{"@type":"EntryPoint","urlTemplate":"https:\/\/universnews224.com\/?s={search_term_string}"},"query-input":"required name=search_term_string"}],"inLanguage":"fr-FR"},{"@type":"Organization","@id":"https:\/\/universnews224.com\/#organization","name":"UNIVERSNEWS224","url":"https:\/\/universnews224.com\/","logo":{"@type":"ImageObject","inLanguage":"fr-FR","@id":"https:\/\/universnews224.com\/#\/schema\/logo\/image\/","url":"https:\/\/universnews224.com\/wp-content\/uploads\/2022\/08\/cropped-cropped-logoban.jpg","contentUrl":"https:\/\/universnews224.com\/wp-content\/uploads\/2022\/08\/cropped-cropped-logoban.jpg","width":1080,"height":138,"caption":"UNIVERSNEWS224"},"image":{"@id":"https:\/\/universnews224.com\/#\/schema\/logo\/image\/"}},{"@type":"Person","@id":"https:\/\/universnews224.com\/#\/schema\/person\/a4b7d4f94a4716df60456a491260485e","name":"La R\u00e9daction","image":{"@type":"ImageObject","inLanguage":"fr-FR","@id":"https:\/\/universnews224.com\/#\/schema\/person\/image\/","url":"https:\/\/secure.gravatar.com\/avatar\/edb90acc7752b23e1b3307ad36c14f0d?s=96&d=mm&r=g","contentUrl":"https:\/\/secure.gravatar.com\/avatar\/edb90acc7752b23e1b3307ad36c14f0d?s=96&d=mm&r=g","caption":"La R\u00e9daction"},"sameAs":["https:\/\/universnews224.com"],"url":"https:\/\/universnews224.com\/index.php\/author\/m-camara\/"}]}},"_links":{"self":[{"href":"https:\/\/universnews224.com\/index.php\/wp-json\/wp\/v2\/posts\/7375"}],"collection":[{"href":"https:\/\/universnews224.com\/index.php\/wp-json\/wp\/v2\/posts"}],"about":[{"href":"https:\/\/universnews224.com\/index.php\/wp-json\/wp\/v2\/types\/post"}],"author":[{"embeddable":true,"href":"https:\/\/universnews224.com\/index.php\/wp-json\/wp\/v2\/users\/2"}],"replies":[{"embeddable":true,"href":"https:\/\/universnews224.com\/index.php\/wp-json\/wp\/v2\/comments?post=7375"}],"version-history":[{"count":1,"href":"https:\/\/universnews224.com\/index.php\/wp-json\/wp\/v2\/posts\/7375\/revisions"}],"predecessor-version":[{"id":7377,"href":"https:\/\/universnews224.com\/index.php\/wp-json\/wp\/v2\/posts\/7375\/revisions\/7377"}],"wp:featuredmedia":[{"embeddable":true,"href":"https:\/\/universnews224.com\/index.php\/wp-json\/wp\/v2\/media\/7376"}],"wp:attachment":[{"href":"https:\/\/universnews224.com\/index.php\/wp-json\/wp\/v2\/media?parent=7375"}],"wp:term":[{"taxonomy":"category","embeddable":true,"href":"https:\/\/universnews224.com\/index.php\/wp-json\/wp\/v2\/categories?post=7375"},{"taxonomy":"post_tag","embeddable":true,"href":"https:\/\/universnews224.com\/index.php\/wp-json\/wp\/v2\/tags?post=7375"}],"curies":[{"name":"wp","href":"https:\/\/api.w.org\/{rel}","templated":true}]}}