{"id":7416,"date":"2025-01-29T23:37:06","date_gmt":"2025-01-29T22:37:06","guid":{"rendered":"https:\/\/universnews224.com\/?p=7416"},"modified":"2025-01-29T23:37:06","modified_gmt":"2025-01-29T22:37:06","slug":"ousmane-gaoual-diallo-sur-la-disparition-marouane-camara-meme-si-jetais-au-courant-de-ce-quil-y-a-dans-le-dossier-je-nai-pas-lhabilitation-pour-en-parler","status":"publish","type":"post","link":"https:\/\/universnews224.com\/index.php\/ousmane-gaoual-diallo-sur-la-disparition-marouane-camara-meme-si-jetais-au-courant-de-ce-quil-y-a-dans-le-dossier-je-nai-pas-lhabilitation-pour-en-parler\/","title":{"rendered":"Ousmane Gaoual Diallo sur la disparition Marouane Camara: \u201cM\u00eame si j\u2019\u00e9tais au courant de ce qu\u2019il y a dans le dossier, je n\u2019ai pas l\u2019habilitation pour en parler"},"content":{"rendered":"<p><span style=\"font-weight: 400\">Kidnapp\u00e9 le 3 d\u00e9cembre dernier et conduit vers une destination inconnue, le journaliste Habib Marouane Camara reste toujours introuvable. Interrog\u00e9 ce mercredi, 29 janvier 2025,\u00a0 lors d&rsquo;un d\u00eener de presse, sur le dossier de l&rsquo;administrateur site d&rsquo;informations g\u00e9n\u00e9rales Lerevelateur224.com, Ousmane Gaoual Diallo, ministre porte-parole du gouvernement a laiss\u00e9 entendre qu&rsquo;il sait qu&rsquo;on se trouve Habib Marouane Camara. Il a ensuite ajout\u00e9 m\u00eame s&rsquo;il a des informations concernant cette affaire qu&rsquo;il n&rsquo;est pas mieux plac\u00e9 pour se prononcer.\u00a0<\/span><\/p>\n<p>&nbsp;<\/p>\n<p><span style=\"font-weight: 400\">\u00a0\u201cJe pense que je ne suis pas outill\u00e9 ni habilit\u00e9 \u00e0 aller au-del\u00e0 de dire que la justice est saisie et qu\u2019elle informe la famille. Il faut savoir que m\u00eame quand il y a des situations qui concernent ce dossier, c\u2019est aux plaignants, \u00e0 la famille qu\u2019on porte cette information et pas de fa\u00e7on publique. M\u00eame si j\u2019\u00e9tais au courant de ce qu\u2019il y a dans le dossier, je n\u2019ai pas l\u2019habilitation pour en parler dans un point de presse de cette nature. Je pense qu\u2019il faut se rapprocher de la famille, qu\u2019ils se rapprochent de la justice et ils ont acc\u00e8s au dossier et ils peuvent \u00eatre r\u00e9guli\u00e8rement tenus au courant de l\u2019\u00e9volution de cette enqu\u00eate. C\u2019est tr\u00e8s important de pr\u00e9server cela\u201d, a indiqu\u00e9 le porte-parole du gouvernement.\u00a0<\/span><\/p>\n<p>&nbsp;<\/p>\n<p>&nbsp;<\/p>\n","protected":false},"excerpt":{"rendered":"<p>Kidnapp\u00e9 le 3 d\u00e9cembre dernier et conduit vers une destination inconnue, le journaliste Habib Marouane<\/p>\n","protected":false},"author":2,"featured_media":7418,"comment_status":"closed","ping_status":"open","sticky":false,"template":"","format":"standard","meta":[],"categories":[3,4],"tags":[237],"yoast_head":"<!-- This site is optimized with the Yoast SEO plugin v19.13 - https:\/\/yoast.com\/wordpress\/plugins\/seo\/ -->\n<title>Ousmane Gaoual Diallo sur la disparition Marouane Camara: \u201cM\u00eame si j\u2019\u00e9tais au courant de ce qu\u2019il y a dans le dossier, je n\u2019ai pas l\u2019habilitation pour en parler - UNIVERSNEWS224<\/title>\n<meta name=\"robots\" content=\"index, follow, max-snippet:-1, max-image-preview:large, max-video-preview:-1\" \/>\n<link rel=\"canonical\" href=\"https:\/\/universnews224.com\/index.php\/ousmane-gaoual-diallo-sur-la-disparition-marouane-camara-meme-si-jetais-au-courant-de-ce-quil-y-a-dans-le-dossier-je-nai-pas-lhabilitation-pour-en-parler\/\" \/>\n<meta property=\"og:locale\" content=\"fr_FR\" \/>\n<meta property=\"og:type\" content=\"article\" \/>\n<meta property=\"og:title\" content=\"Ousmane Gaoual Diallo sur la disparition Marouane Camara: \u201cM\u00eame si j\u2019\u00e9tais au courant de ce qu\u2019il y a dans le dossier, je n\u2019ai pas l\u2019habilitation pour en parler - UNIVERSNEWS224\" \/>\n<meta property=\"og:description\" content=\"Kidnapp\u00e9 le 3 d\u00e9cembre dernier et conduit vers une destination inconnue, le journaliste Habib Marouane\" \/>\n<meta property=\"og:url\" content=\"https:\/\/universnews224.com\/index.php\/ousmane-gaoual-diallo-sur-la-disparition-marouane-camara-meme-si-jetais-au-courant-de-ce-quil-y-a-dans-le-dossier-je-nai-pas-lhabilitation-pour-en-parler\/\" \/>\n<meta property=\"og:site_name\" content=\"UNIVERSNEWS224\" \/>\n<meta property=\"article:published_time\" content=\"2025-01-29T22:37:06+00:00\" \/>\n<meta property=\"og:image\" content=\"https:\/\/universnews224.com\/wp-content\/uploads\/2025\/01\/IMG_0209.jpeg\" \/>\n\t<meta property=\"og:image:width\" content=\"1920\" \/>\n\t<meta property=\"og:image:height\" content=\"1280\" \/>\n\t<meta property=\"og:image:type\" content=\"image\/jpeg\" \/>\n<meta name=\"author\" content=\"La R\u00e9daction\" \/>\n<meta name=\"twitter:label1\" content=\"\u00c9crit par\" \/>\n\t<meta name=\"twitter:data1\" content=\"La R\u00e9daction\" \/>\n\t<meta name=\"twitter:label2\" content=\"Dur\u00e9e de lecture estim\u00e9e\" \/>\n\t<meta name=\"twitter:data2\" content=\"2 minutes\" \/>\n<script type=\"application\/ld+json\" class=\"yoast-schema-graph\">{\"@context\":\"https:\/\/schema.org\",\"@graph\":[{\"@type\":\"Article\",\"@id\":\"https:\/\/universnews224.com\/index.php\/ousmane-gaoual-diallo-sur-la-disparition-marouane-camara-meme-si-jetais-au-courant-de-ce-quil-y-a-dans-le-dossier-je-nai-pas-lhabilitation-pour-en-parler\/#article\",\"isPartOf\":{\"@id\":\"https:\/\/universnews224.com\/index.php\/ousmane-gaoual-diallo-sur-la-disparition-marouane-camara-meme-si-jetais-au-courant-de-ce-quil-y-a-dans-le-dossier-je-nai-pas-lhabilitation-pour-en-parler\/\"},\"author\":{\"name\":\"La R\u00e9daction\",\"@id\":\"https:\/\/universnews224.com\/#\/schema\/person\/a4b7d4f94a4716df60456a491260485e\"},\"headline\":\"Ousmane Gaoual Diallo sur la disparition Marouane Camara: \u201cM\u00eame si j\u2019\u00e9tais au courant de ce qu\u2019il y a dans le dossier, je n\u2019ai pas l\u2019habilitation pour en parler\",\"datePublished\":\"2025-01-29T22:37:06+00:00\",\"dateModified\":\"2025-01-29T22:37:06+00:00\",\"mainEntityOfPage\":{\"@id\":\"https:\/\/universnews224.com\/index.php\/ousmane-gaoual-diallo-sur-la-disparition-marouane-camara-meme-si-jetais-au-courant-de-ce-quil-y-a-dans-le-dossier-je-nai-pas-lhabilitation-pour-en-parler\/\"},\"wordCount\":263,\"publisher\":{\"@id\":\"https:\/\/universnews224.com\/#organization\"},\"keywords\":[\"A la une\"],\"articleSection\":[\"ACTU\",\"POLITIQUE\"],\"inLanguage\":\"fr-FR\"},{\"@type\":\"WebPage\",\"@id\":\"https:\/\/universnews224.com\/index.php\/ousmane-gaoual-diallo-sur-la-disparition-marouane-camara-meme-si-jetais-au-courant-de-ce-quil-y-a-dans-le-dossier-je-nai-pas-lhabilitation-pour-en-parler\/\",\"url\":\"https:\/\/universnews224.com\/index.php\/ousmane-gaoual-diallo-sur-la-disparition-marouane-camara-meme-si-jetais-au-courant-de-ce-quil-y-a-dans-le-dossier-je-nai-pas-lhabilitation-pour-en-parler\/\",\"name\":\"Ousmane Gaoual Diallo sur la disparition Marouane Camara: \u201cM\u00eame si j\u2019\u00e9tais au courant de ce qu\u2019il y a dans le dossier, je n\u2019ai pas l\u2019habilitation pour en parler - UNIVERSNEWS224\",\"isPartOf\":{\"@id\":\"https:\/\/universnews224.com\/#website\"},\"datePublished\":\"2025-01-29T22:37:06+00:00\",\"dateModified\":\"2025-01-29T22:37:06+00:00\",\"inLanguage\":\"fr-FR\",\"potentialAction\":[{\"@type\":\"ReadAction\",\"target\":[\"https:\/\/universnews224.com\/index.php\/ousmane-gaoual-diallo-sur-la-disparition-marouane-camara-meme-si-jetais-au-courant-de-ce-quil-y-a-dans-le-dossier-je-nai-pas-lhabilitation-pour-en-parler\/\"]}]},{\"@type\":\"WebSite\",\"@id\":\"https:\/\/universnews224.com\/#website\",\"url\":\"https:\/\/universnews224.com\/\",\"name\":\"UNIVERSNEWS224\",\"description\":\"\",\"publisher\":{\"@id\":\"https:\/\/universnews224.com\/#organization\"},\"potentialAction\":[{\"@type\":\"SearchAction\",\"target\":{\"@type\":\"EntryPoint\",\"urlTemplate\":\"https:\/\/universnews224.com\/?s={search_term_string}\"},\"query-input\":\"required name=search_term_string\"}],\"inLanguage\":\"fr-FR\"},{\"@type\":\"Organization\",\"@id\":\"https:\/\/universnews224.com\/#organization\",\"name\":\"UNIVERSNEWS224\",\"url\":\"https:\/\/universnews224.com\/\",\"logo\":{\"@type\":\"ImageObject\",\"inLanguage\":\"fr-FR\",\"@id\":\"https:\/\/universnews224.com\/#\/schema\/logo\/image\/\",\"url\":\"https:\/\/universnews224.com\/wp-content\/uploads\/2022\/08\/cropped-cropped-logoban.jpg\",\"contentUrl\":\"https:\/\/universnews224.com\/wp-content\/uploads\/2022\/08\/cropped-cropped-logoban.jpg\",\"width\":1080,\"height\":138,\"caption\":\"UNIVERSNEWS224\"},\"image\":{\"@id\":\"https:\/\/universnews224.com\/#\/schema\/logo\/image\/\"}},{\"@type\":\"Person\",\"@id\":\"https:\/\/universnews224.com\/#\/schema\/person\/a4b7d4f94a4716df60456a491260485e\",\"name\":\"La R\u00e9daction\",\"image\":{\"@type\":\"ImageObject\",\"inLanguage\":\"fr-FR\",\"@id\":\"https:\/\/universnews224.com\/#\/schema\/person\/image\/\",\"url\":\"https:\/\/secure.gravatar.com\/avatar\/edb90acc7752b23e1b3307ad36c14f0d?s=96&d=mm&r=g\",\"contentUrl\":\"https:\/\/secure.gravatar.com\/avatar\/edb90acc7752b23e1b3307ad36c14f0d?s=96&d=mm&r=g\",\"caption\":\"La R\u00e9daction\"},\"sameAs\":[\"https:\/\/universnews224.com\"],\"url\":\"https:\/\/universnews224.com\/index.php\/author\/m-camara\/\"}]}<\/script>\n<!-- \/ Yoast SEO plugin. -->","yoast_head_json":{"title":"Ousmane Gaoual Diallo sur la disparition Marouane Camara: \u201cM\u00eame si j\u2019\u00e9tais au courant de ce qu\u2019il y a dans le dossier, je n\u2019ai pas l\u2019habilitation pour en parler - UNIVERSNEWS224","robots":{"index":"index","follow":"follow","max-snippet":"max-snippet:-1","max-image-preview":"max-image-preview:large","max-video-preview":"max-video-preview:-1"},"canonical":"https:\/\/universnews224.com\/index.php\/ousmane-gaoual-diallo-sur-la-disparition-marouane-camara-meme-si-jetais-au-courant-de-ce-quil-y-a-dans-le-dossier-je-nai-pas-lhabilitation-pour-en-parler\/","og_locale":"fr_FR","og_type":"article","og_title":"Ousmane Gaoual Diallo sur la disparition Marouane Camara: \u201cM\u00eame si j\u2019\u00e9tais au courant de ce qu\u2019il y a dans le dossier, je n\u2019ai pas l\u2019habilitation pour en parler - UNIVERSNEWS224","og_description":"Kidnapp\u00e9 le 3 d\u00e9cembre dernier et conduit vers une destination inconnue, le journaliste Habib Marouane","og_url":"https:\/\/universnews224.com\/index.php\/ousmane-gaoual-diallo-sur-la-disparition-marouane-camara-meme-si-jetais-au-courant-de-ce-quil-y-a-dans-le-dossier-je-nai-pas-lhabilitation-pour-en-parler\/","og_site_name":"UNIVERSNEWS224","article_published_time":"2025-01-29T22:37:06+00:00","og_image":[{"width":1920,"height":1280,"url":"https:\/\/universnews224.com\/wp-content\/uploads\/2025\/01\/IMG_0209.jpeg","type":"image\/jpeg"}],"author":"La R\u00e9daction","twitter_misc":{"\u00c9crit par":"La R\u00e9daction","Dur\u00e9e de lecture estim\u00e9e":"2 minutes"},"schema":{"@context":"https:\/\/schema.org","@graph":[{"@type":"Article","@id":"https:\/\/universnews224.com\/index.php\/ousmane-gaoual-diallo-sur-la-disparition-marouane-camara-meme-si-jetais-au-courant-de-ce-quil-y-a-dans-le-dossier-je-nai-pas-lhabilitation-pour-en-parler\/#article","isPartOf":{"@id":"https:\/\/universnews224.com\/index.php\/ousmane-gaoual-diallo-sur-la-disparition-marouane-camara-meme-si-jetais-au-courant-de-ce-quil-y-a-dans-le-dossier-je-nai-pas-lhabilitation-pour-en-parler\/"},"author":{"name":"La R\u00e9daction","@id":"https:\/\/universnews224.com\/#\/schema\/person\/a4b7d4f94a4716df60456a491260485e"},"headline":"Ousmane Gaoual Diallo sur la disparition Marouane Camara: \u201cM\u00eame si j\u2019\u00e9tais au courant de ce qu\u2019il y a dans le dossier, je n\u2019ai pas l\u2019habilitation pour en parler","datePublished":"2025-01-29T22:37:06+00:00","dateModified":"2025-01-29T22:37:06+00:00","mainEntityOfPage":{"@id":"https:\/\/universnews224.com\/index.php\/ousmane-gaoual-diallo-sur-la-disparition-marouane-camara-meme-si-jetais-au-courant-de-ce-quil-y-a-dans-le-dossier-je-nai-pas-lhabilitation-pour-en-parler\/"},"wordCount":263,"publisher":{"@id":"https:\/\/universnews224.com\/#organization"},"keywords":["A la une"],"articleSection":["ACTU","POLITIQUE"],"inLanguage":"fr-FR"},{"@type":"WebPage","@id":"https:\/\/universnews224.com\/index.php\/ousmane-gaoual-diallo-sur-la-disparition-marouane-camara-meme-si-jetais-au-courant-de-ce-quil-y-a-dans-le-dossier-je-nai-pas-lhabilitation-pour-en-parler\/","url":"https:\/\/universnews224.com\/index.php\/ousmane-gaoual-diallo-sur-la-disparition-marouane-camara-meme-si-jetais-au-courant-de-ce-quil-y-a-dans-le-dossier-je-nai-pas-lhabilitation-pour-en-parler\/","name":"Ousmane Gaoual Diallo sur la disparition Marouane Camara: \u201cM\u00eame si j\u2019\u00e9tais au courant de ce qu\u2019il y a dans le dossier, je n\u2019ai pas l\u2019habilitation pour en parler - UNIVERSNEWS224","isPartOf":{"@id":"https:\/\/universnews224.com\/#website"},"datePublished":"2025-01-29T22:37:06+00:00","dateModified":"2025-01-29T22:37:06+00:00","inLanguage":"fr-FR","potentialAction":[{"@type":"ReadAction","target":["https:\/\/universnews224.com\/index.php\/ousmane-gaoual-diallo-sur-la-disparition-marouane-camara-meme-si-jetais-au-courant-de-ce-quil-y-a-dans-le-dossier-je-nai-pas-lhabilitation-pour-en-parler\/"]}]},{"@type":"WebSite","@id":"https:\/\/universnews224.com\/#website","url":"https:\/\/universnews224.com\/","name":"UNIVERSNEWS224","description":"","publisher":{"@id":"https:\/\/universnews224.com\/#organization"},"potentialAction":[{"@type":"SearchAction","target":{"@type":"EntryPoint","urlTemplate":"https:\/\/universnews224.com\/?s={search_term_string}"},"query-input":"required name=search_term_string"}],"inLanguage":"fr-FR"},{"@type":"Organization","@id":"https:\/\/universnews224.com\/#organization","name":"UNIVERSNEWS224","url":"https:\/\/universnews224.com\/","logo":{"@type":"ImageObject","inLanguage":"fr-FR","@id":"https:\/\/universnews224.com\/#\/schema\/logo\/image\/","url":"https:\/\/universnews224.com\/wp-content\/uploads\/2022\/08\/cropped-cropped-logoban.jpg","contentUrl":"https:\/\/universnews224.com\/wp-content\/uploads\/2022\/08\/cropped-cropped-logoban.jpg","width":1080,"height":138,"caption":"UNIVERSNEWS224"},"image":{"@id":"https:\/\/universnews224.com\/#\/schema\/logo\/image\/"}},{"@type":"Person","@id":"https:\/\/universnews224.com\/#\/schema\/person\/a4b7d4f94a4716df60456a491260485e","name":"La R\u00e9daction","image":{"@type":"ImageObject","inLanguage":"fr-FR","@id":"https:\/\/universnews224.com\/#\/schema\/person\/image\/","url":"https:\/\/secure.gravatar.com\/avatar\/edb90acc7752b23e1b3307ad36c14f0d?s=96&d=mm&r=g","contentUrl":"https:\/\/secure.gravatar.com\/avatar\/edb90acc7752b23e1b3307ad36c14f0d?s=96&d=mm&r=g","caption":"La R\u00e9daction"},"sameAs":["https:\/\/universnews224.com"],"url":"https:\/\/universnews224.com\/index.php\/author\/m-camara\/"}]}},"_links":{"self":[{"href":"https:\/\/universnews224.com\/index.php\/wp-json\/wp\/v2\/posts\/7416"}],"collection":[{"href":"https:\/\/universnews224.com\/index.php\/wp-json\/wp\/v2\/posts"}],"about":[{"href":"https:\/\/universnews224.com\/index.php\/wp-json\/wp\/v2\/types\/post"}],"author":[{"embeddable":true,"href":"https:\/\/universnews224.com\/index.php\/wp-json\/wp\/v2\/users\/2"}],"replies":[{"embeddable":true,"href":"https:\/\/universnews224.com\/index.php\/wp-json\/wp\/v2\/comments?post=7416"}],"version-history":[{"count":1,"href":"https:\/\/universnews224.com\/index.php\/wp-json\/wp\/v2\/posts\/7416\/revisions"}],"predecessor-version":[{"id":7419,"href":"https:\/\/universnews224.com\/index.php\/wp-json\/wp\/v2\/posts\/7416\/revisions\/7419"}],"wp:featuredmedia":[{"embeddable":true,"href":"https:\/\/universnews224.com\/index.php\/wp-json\/wp\/v2\/media\/7418"}],"wp:attachment":[{"href":"https:\/\/universnews224.com\/index.php\/wp-json\/wp\/v2\/media?parent=7416"}],"wp:term":[{"taxonomy":"category","embeddable":true,"href":"https:\/\/universnews224.com\/index.php\/wp-json\/wp\/v2\/categories?post=7416"},{"taxonomy":"post_tag","embeddable":true,"href":"https:\/\/universnews224.com\/index.php\/wp-json\/wp\/v2\/tags?post=7416"}],"curies":[{"name":"wp","href":"https:\/\/api.w.org\/{rel}","templated":true}]}}