{"id":7420,"date":"2025-01-29T23:51:36","date_gmt":"2025-01-29T22:51:36","guid":{"rendered":"https:\/\/universnews224.com\/?p=7420"},"modified":"2025-01-29T23:51:36","modified_gmt":"2025-01-29T22:51:36","slug":"ousmane-gaoual-diallo-on-ne-peut-pas-faire-toutes-les-elections-en-2025","status":"publish","type":"post","link":"https:\/\/universnews224.com\/index.php\/ousmane-gaoual-diallo-on-ne-peut-pas-faire-toutes-les-elections-en-2025\/","title":{"rendered":"Ousmane Gaoual Diallo: \u00ab\u00a0on ne peut pas faire toutes les \u00e9lections en 2025\u00a0\u00bb"},"content":{"rendered":"<p><span style=\"color: #222222;font-family: Verdana, Geneva, sans-serif;font-size: 25px\">Dans son adresse \u00e0 la nation le 31 d\u00e9cembre dernier, le pr\u00e9sident de la transition, le G\u00e9n\u00e9ral Mamadi Doumbouya, a affirm\u00e9 que l\u2019ann\u00e9e 2025 serait celle des \u00e9lections, mettant ainsi fin \u00e0 la transition qu\u2019il dirige depuis septembre 2021. Cependant, ce mercredi, 29 janvier, le ministre porte-parole (Pp) du gouvernement a annonc\u00e9 que toutes les \u00e9lections ne pourront pas se tenir durant l\u2019ann\u00e9e en cours.<\/span><\/p>\n<p><span style=\"color: #222222;font-family: Verdana, Geneva, sans-serif;font-size: 25px\">Selon Ousmane Gaoual Diallo, plusieurs facteurs influencent ce calendrier, notamment l\u2019\u00e9tablissement d\u2019un fichier \u00e9lectoral sain, qui d\u00e9coulera du recensement en cours r\u00e9alis\u00e9 par les agents du RAVEC.<\/span><\/p>\n<p><span style=\"color: #222222;font-family: Verdana, Geneva, sans-serif;font-size: 25px\">\u00ab Est-ce que l\u2019ann\u00e9e 2025 sera une ann\u00e9e o\u00f9 toutes les \u00e9lections vont avoir lieu ? Je pense que c\u2019est non, c\u2019est impossible. Ce qui va se faire dans un premier temps et sur instruction du chef de l\u2019\u00c9tat avant la fin du premier semestre, c\u2019est l\u2019\u00e9lection r\u00e9f\u00e9rendaire.\u00a0<\/span><\/p>\n<p><span style=\"color: #222222;font-family: Verdana, Geneva, sans-serif;font-size: 25px\">Pour \u00e7a, il faut un cadre sp\u00e9cifique. Comme vous le savez, pour le r\u00e9f\u00e9rendum, il faut une loi sp\u00e9cifique qui va organiser le r\u00e9f\u00e9rendum. Le fichier qui va \u00eatre utilis\u00e9, c\u2019est le fichier qui est actuellement en cours de construction, qui sera issu du RAVEC.\u00a0<\/span><\/p>\n<p><span style=\"color: #222222;font-family: Verdana, Geneva, sans-serif;font-size: 25px\">Cela ne fait l\u2019objet d\u2019aucun doute. C\u2019est pour \u00e7a que nous invitons nos concitoyens \u00e0 accorder une importance particuli\u00e8re \u00e0 leur enr\u00f4lement, qui est actuellement en cours. Il faut se faire enr\u00f4ler.\u00a0<\/span><\/p>\n<p><span style=\"color: #222222;font-family: Verdana, Geneva, sans-serif;font-size: 25px\">Tout le monde va \u00eatre recens\u00e9 et on va extraire de cette liste g\u00e9n\u00e9rale la liste \u00e9lectorale. C\u2019est ce qui va se passer et donc nous encourageons les organisations de la soci\u00e9t\u00e9 civile, les acteurs politiques, les partis, \u00e0 faire une campagne pour que les Guin\u00e9ens s\u2019int\u00e9ressent \u00e0 cette activit\u00e9\u201d, dit-il.<\/span><\/p>\n<p>&nbsp;<\/p>\n<p><span style=\"color: #222222;font-family: Verdana, Geneva, sans-serif;font-size: 25px\">Les acteurs politiques, qui s\u2019attendaient \u00e0 voir le CNRD quitter le pouvoir d\u2019ici fin 2025, devront encore patienter. D\u2019apr\u00e8s Ousmane Gaoual Diallo, la transition pourrait se prolonger jusqu\u2019en 2026, ann\u00e9e o\u00f9 devait s\u2019achever le troisi\u00e8me mandat de l\u2019ancien pr\u00e9sident Alpha Cond\u00e9.<\/span><\/p>\n<p><span style=\"color: #222222;font-family: Verdana, Geneva, sans-serif;font-size: 25px\">\u00ab Sur le calendrier \u00e9lectoral, dans le meilleur cas si on arrive \u00e0 faire les \u00e9lections au mois de mai, \u00e7a va \u00eatre difficile d\u2019encha\u00eener l\u2019\u00e9lection pr\u00e9sidentielle tout de suite parce qu\u2019il y a au moins un code \u00e9lectoral qu\u2019il faut adopter, il faut compter \u00e0 peu pr\u00e8s trois semaines.<\/span><span style=\"color: #222222;font-family: Verdana, Geneva, sans-serif;font-size: 25px\">On sera au mois de juin, il n\u2019est pas possible d\u2019organiser des \u00e9lections en Guin\u00e9e au mois de juillet, au mois d\u2019ao\u00fbt, peut-\u00eatre m\u00eame septembre. \u00c7a veut dire qu\u2019il faut repartir soit en septembre ou en octobre pour les \u00e9lections suivantes, que ce soit la pr\u00e9sidentielle ou les autres \u00e9lections suivant la d\u00e9clinaison qui sera issue de la constitution et du chronogramme que l\u2019administration du territoire va prononcer. Donc il faut compter peut-\u00eatre deux grandes \u00e9lections majeures cette ann\u00e9e et puis les autres vont suivre l\u2019ann\u00e9e suivante. Mais du point de vue, sauf si on d\u00e9cidait de regrouper toutes les \u00e9lections \u00e0 la m\u00eame date. Apr\u00e8s, \u00e7a c\u2019est un autre choix dont je ne peux pas dire aujourd\u2019hui quelle est<\/span><span style=\"color: #222222;font-family: Verdana, Geneva, sans-serif;font-size: 25px\">l\u2019option qui va \u00eatre retenue. Mais si \u00e7a devait \u00eatre s\u00e9quentiel, \u00e7a veut dire qu\u2019on ne peut pas faire toutes les \u00e9lections en 2025. Il va falloir compter pour certaines \u00e9lections parce qu\u2019il ne faut pas oublier qu\u2019il y en a plusieurs qui nous attendent d\u2019apr\u00e8s l\u2019avant-projet.<\/span><span style=\"color: #222222;font-family: Verdana, Geneva, sans-serif;font-size: 25px\">\u00a0<\/span><span style=\"color: #222222;font-family: Verdana, Geneva, sans-serif;font-size: 25px\">Il y a des s\u00e9natoriales, des \u00e9lections l\u00e9gislatives, des communales, m\u00eame des districts et des quartiers qui nous attendent encore devant. \u00c7a veut dire que ce sont des grandes \u00e9lections qui vont jalonner la suite du calendrier dans notre pays.<\/span><span style=\"color: #222222;font-family: Verdana, Geneva, sans-serif;font-size: 25px\">Donc 2025, clairement, il y aura le r\u00e9f\u00e9rendum et probablement avec une \u00e9lection majeure dans laquelle on verra la d\u00e9clinaison de l\u2019administration du territoire dans l\u2019avenir. \u00bb<\/span><\/p>\n<p>&nbsp;<\/p>\n<p>Mediaguinee<\/p>\n<p>&nbsp;<\/p>\n","protected":false},"excerpt":{"rendered":"<p>Dans son adresse \u00e0 la nation le 31 d\u00e9cembre dernier, le pr\u00e9sident de la transition,<\/p>\n","protected":false},"author":2,"featured_media":7418,"comment_status":"closed","ping_status":"open","sticky":false,"template":"","format":"standard","meta":[],"categories":[1],"tags":[237],"yoast_head":"<!-- This site is optimized with the Yoast SEO plugin v19.13 - https:\/\/yoast.com\/wordpress\/plugins\/seo\/ -->\n<title>Ousmane Gaoual Diallo: &quot;on ne peut pas faire toutes les \u00e9lections en 2025&quot; - UNIVERSNEWS224<\/title>\n<meta name=\"robots\" content=\"index, follow, max-snippet:-1, max-image-preview:large, max-video-preview:-1\" \/>\n<link rel=\"canonical\" href=\"https:\/\/universnews224.com\/index.php\/ousmane-gaoual-diallo-on-ne-peut-pas-faire-toutes-les-elections-en-2025\/\" \/>\n<meta property=\"og:locale\" content=\"fr_FR\" \/>\n<meta property=\"og:type\" content=\"article\" \/>\n<meta property=\"og:title\" content=\"Ousmane Gaoual Diallo: &quot;on ne peut pas faire toutes les \u00e9lections en 2025&quot; - UNIVERSNEWS224\" \/>\n<meta property=\"og:description\" content=\"Dans son adresse \u00e0 la nation le 31 d\u00e9cembre dernier, le pr\u00e9sident de la transition,\" \/>\n<meta property=\"og:url\" content=\"https:\/\/universnews224.com\/index.php\/ousmane-gaoual-diallo-on-ne-peut-pas-faire-toutes-les-elections-en-2025\/\" \/>\n<meta property=\"og:site_name\" content=\"UNIVERSNEWS224\" \/>\n<meta property=\"article:published_time\" content=\"2025-01-29T22:51:36+00:00\" \/>\n<meta property=\"og:image\" content=\"https:\/\/universnews224.com\/wp-content\/uploads\/2025\/01\/IMG_0209.jpeg\" \/>\n\t<meta property=\"og:image:width\" content=\"1920\" \/>\n\t<meta property=\"og:image:height\" content=\"1280\" \/>\n\t<meta property=\"og:image:type\" content=\"image\/jpeg\" \/>\n<meta name=\"author\" content=\"La R\u00e9daction\" \/>\n<meta name=\"twitter:label1\" content=\"\u00c9crit par\" \/>\n\t<meta name=\"twitter:data1\" content=\"La R\u00e9daction\" \/>\n\t<meta name=\"twitter:label2\" content=\"Dur\u00e9e de lecture estim\u00e9e\" \/>\n\t<meta name=\"twitter:data2\" content=\"4 minutes\" \/>\n<script type=\"application\/ld+json\" class=\"yoast-schema-graph\">{\"@context\":\"https:\/\/schema.org\",\"@graph\":[{\"@type\":\"Article\",\"@id\":\"https:\/\/universnews224.com\/index.php\/ousmane-gaoual-diallo-on-ne-peut-pas-faire-toutes-les-elections-en-2025\/#article\",\"isPartOf\":{\"@id\":\"https:\/\/universnews224.com\/index.php\/ousmane-gaoual-diallo-on-ne-peut-pas-faire-toutes-les-elections-en-2025\/\"},\"author\":{\"name\":\"La R\u00e9daction\",\"@id\":\"https:\/\/universnews224.com\/#\/schema\/person\/a4b7d4f94a4716df60456a491260485e\"},\"headline\":\"Ousmane Gaoual Diallo: \u00ab\u00a0on ne peut pas faire toutes les \u00e9lections en 2025\u00a0\u00bb\",\"datePublished\":\"2025-01-29T22:51:36+00:00\",\"dateModified\":\"2025-01-29T22:51:36+00:00\",\"mainEntityOfPage\":{\"@id\":\"https:\/\/universnews224.com\/index.php\/ousmane-gaoual-diallo-on-ne-peut-pas-faire-toutes-les-elections-en-2025\/\"},\"wordCount\":682,\"publisher\":{\"@id\":\"https:\/\/universnews224.com\/#organization\"},\"keywords\":[\"A la une\"],\"inLanguage\":\"fr-FR\"},{\"@type\":\"WebPage\",\"@id\":\"https:\/\/universnews224.com\/index.php\/ousmane-gaoual-diallo-on-ne-peut-pas-faire-toutes-les-elections-en-2025\/\",\"url\":\"https:\/\/universnews224.com\/index.php\/ousmane-gaoual-diallo-on-ne-peut-pas-faire-toutes-les-elections-en-2025\/\",\"name\":\"Ousmane Gaoual Diallo: \\\"on ne peut pas faire toutes les \u00e9lections en 2025\\\" - UNIVERSNEWS224\",\"isPartOf\":{\"@id\":\"https:\/\/universnews224.com\/#website\"},\"datePublished\":\"2025-01-29T22:51:36+00:00\",\"dateModified\":\"2025-01-29T22:51:36+00:00\",\"inLanguage\":\"fr-FR\",\"potentialAction\":[{\"@type\":\"ReadAction\",\"target\":[\"https:\/\/universnews224.com\/index.php\/ousmane-gaoual-diallo-on-ne-peut-pas-faire-toutes-les-elections-en-2025\/\"]}]},{\"@type\":\"WebSite\",\"@id\":\"https:\/\/universnews224.com\/#website\",\"url\":\"https:\/\/universnews224.com\/\",\"name\":\"UNIVERSNEWS224\",\"description\":\"\",\"publisher\":{\"@id\":\"https:\/\/universnews224.com\/#organization\"},\"potentialAction\":[{\"@type\":\"SearchAction\",\"target\":{\"@type\":\"EntryPoint\",\"urlTemplate\":\"https:\/\/universnews224.com\/?s={search_term_string}\"},\"query-input\":\"required name=search_term_string\"}],\"inLanguage\":\"fr-FR\"},{\"@type\":\"Organization\",\"@id\":\"https:\/\/universnews224.com\/#organization\",\"name\":\"UNIVERSNEWS224\",\"url\":\"https:\/\/universnews224.com\/\",\"logo\":{\"@type\":\"ImageObject\",\"inLanguage\":\"fr-FR\",\"@id\":\"https:\/\/universnews224.com\/#\/schema\/logo\/image\/\",\"url\":\"https:\/\/universnews224.com\/wp-content\/uploads\/2022\/08\/cropped-cropped-logoban.jpg\",\"contentUrl\":\"https:\/\/universnews224.com\/wp-content\/uploads\/2022\/08\/cropped-cropped-logoban.jpg\",\"width\":1080,\"height\":138,\"caption\":\"UNIVERSNEWS224\"},\"image\":{\"@id\":\"https:\/\/universnews224.com\/#\/schema\/logo\/image\/\"}},{\"@type\":\"Person\",\"@id\":\"https:\/\/universnews224.com\/#\/schema\/person\/a4b7d4f94a4716df60456a491260485e\",\"name\":\"La R\u00e9daction\",\"image\":{\"@type\":\"ImageObject\",\"inLanguage\":\"fr-FR\",\"@id\":\"https:\/\/universnews224.com\/#\/schema\/person\/image\/\",\"url\":\"https:\/\/secure.gravatar.com\/avatar\/edb90acc7752b23e1b3307ad36c14f0d?s=96&d=mm&r=g\",\"contentUrl\":\"https:\/\/secure.gravatar.com\/avatar\/edb90acc7752b23e1b3307ad36c14f0d?s=96&d=mm&r=g\",\"caption\":\"La R\u00e9daction\"},\"sameAs\":[\"https:\/\/universnews224.com\"],\"url\":\"https:\/\/universnews224.com\/index.php\/author\/m-camara\/\"}]}<\/script>\n<!-- \/ Yoast SEO plugin. -->","yoast_head_json":{"title":"Ousmane Gaoual Diallo: \"on ne peut pas faire toutes les \u00e9lections en 2025\" - UNIVERSNEWS224","robots":{"index":"index","follow":"follow","max-snippet":"max-snippet:-1","max-image-preview":"max-image-preview:large","max-video-preview":"max-video-preview:-1"},"canonical":"https:\/\/universnews224.com\/index.php\/ousmane-gaoual-diallo-on-ne-peut-pas-faire-toutes-les-elections-en-2025\/","og_locale":"fr_FR","og_type":"article","og_title":"Ousmane Gaoual Diallo: \"on ne peut pas faire toutes les \u00e9lections en 2025\" - UNIVERSNEWS224","og_description":"Dans son adresse \u00e0 la nation le 31 d\u00e9cembre dernier, le pr\u00e9sident de la transition,","og_url":"https:\/\/universnews224.com\/index.php\/ousmane-gaoual-diallo-on-ne-peut-pas-faire-toutes-les-elections-en-2025\/","og_site_name":"UNIVERSNEWS224","article_published_time":"2025-01-29T22:51:36+00:00","og_image":[{"width":1920,"height":1280,"url":"https:\/\/universnews224.com\/wp-content\/uploads\/2025\/01\/IMG_0209.jpeg","type":"image\/jpeg"}],"author":"La R\u00e9daction","twitter_misc":{"\u00c9crit par":"La R\u00e9daction","Dur\u00e9e de lecture estim\u00e9e":"4 minutes"},"schema":{"@context":"https:\/\/schema.org","@graph":[{"@type":"Article","@id":"https:\/\/universnews224.com\/index.php\/ousmane-gaoual-diallo-on-ne-peut-pas-faire-toutes-les-elections-en-2025\/#article","isPartOf":{"@id":"https:\/\/universnews224.com\/index.php\/ousmane-gaoual-diallo-on-ne-peut-pas-faire-toutes-les-elections-en-2025\/"},"author":{"name":"La R\u00e9daction","@id":"https:\/\/universnews224.com\/#\/schema\/person\/a4b7d4f94a4716df60456a491260485e"},"headline":"Ousmane Gaoual Diallo: \u00ab\u00a0on ne peut pas faire toutes les \u00e9lections en 2025\u00a0\u00bb","datePublished":"2025-01-29T22:51:36+00:00","dateModified":"2025-01-29T22:51:36+00:00","mainEntityOfPage":{"@id":"https:\/\/universnews224.com\/index.php\/ousmane-gaoual-diallo-on-ne-peut-pas-faire-toutes-les-elections-en-2025\/"},"wordCount":682,"publisher":{"@id":"https:\/\/universnews224.com\/#organization"},"keywords":["A la une"],"inLanguage":"fr-FR"},{"@type":"WebPage","@id":"https:\/\/universnews224.com\/index.php\/ousmane-gaoual-diallo-on-ne-peut-pas-faire-toutes-les-elections-en-2025\/","url":"https:\/\/universnews224.com\/index.php\/ousmane-gaoual-diallo-on-ne-peut-pas-faire-toutes-les-elections-en-2025\/","name":"Ousmane Gaoual Diallo: \"on ne peut pas faire toutes les \u00e9lections en 2025\" - UNIVERSNEWS224","isPartOf":{"@id":"https:\/\/universnews224.com\/#website"},"datePublished":"2025-01-29T22:51:36+00:00","dateModified":"2025-01-29T22:51:36+00:00","inLanguage":"fr-FR","potentialAction":[{"@type":"ReadAction","target":["https:\/\/universnews224.com\/index.php\/ousmane-gaoual-diallo-on-ne-peut-pas-faire-toutes-les-elections-en-2025\/"]}]},{"@type":"WebSite","@id":"https:\/\/universnews224.com\/#website","url":"https:\/\/universnews224.com\/","name":"UNIVERSNEWS224","description":"","publisher":{"@id":"https:\/\/universnews224.com\/#organization"},"potentialAction":[{"@type":"SearchAction","target":{"@type":"EntryPoint","urlTemplate":"https:\/\/universnews224.com\/?s={search_term_string}"},"query-input":"required name=search_term_string"}],"inLanguage":"fr-FR"},{"@type":"Organization","@id":"https:\/\/universnews224.com\/#organization","name":"UNIVERSNEWS224","url":"https:\/\/universnews224.com\/","logo":{"@type":"ImageObject","inLanguage":"fr-FR","@id":"https:\/\/universnews224.com\/#\/schema\/logo\/image\/","url":"https:\/\/universnews224.com\/wp-content\/uploads\/2022\/08\/cropped-cropped-logoban.jpg","contentUrl":"https:\/\/universnews224.com\/wp-content\/uploads\/2022\/08\/cropped-cropped-logoban.jpg","width":1080,"height":138,"caption":"UNIVERSNEWS224"},"image":{"@id":"https:\/\/universnews224.com\/#\/schema\/logo\/image\/"}},{"@type":"Person","@id":"https:\/\/universnews224.com\/#\/schema\/person\/a4b7d4f94a4716df60456a491260485e","name":"La R\u00e9daction","image":{"@type":"ImageObject","inLanguage":"fr-FR","@id":"https:\/\/universnews224.com\/#\/schema\/person\/image\/","url":"https:\/\/secure.gravatar.com\/avatar\/edb90acc7752b23e1b3307ad36c14f0d?s=96&d=mm&r=g","contentUrl":"https:\/\/secure.gravatar.com\/avatar\/edb90acc7752b23e1b3307ad36c14f0d?s=96&d=mm&r=g","caption":"La R\u00e9daction"},"sameAs":["https:\/\/universnews224.com"],"url":"https:\/\/universnews224.com\/index.php\/author\/m-camara\/"}]}},"_links":{"self":[{"href":"https:\/\/universnews224.com\/index.php\/wp-json\/wp\/v2\/posts\/7420"}],"collection":[{"href":"https:\/\/universnews224.com\/index.php\/wp-json\/wp\/v2\/posts"}],"about":[{"href":"https:\/\/universnews224.com\/index.php\/wp-json\/wp\/v2\/types\/post"}],"author":[{"embeddable":true,"href":"https:\/\/universnews224.com\/index.php\/wp-json\/wp\/v2\/users\/2"}],"replies":[{"embeddable":true,"href":"https:\/\/universnews224.com\/index.php\/wp-json\/wp\/v2\/comments?post=7420"}],"version-history":[{"count":1,"href":"https:\/\/universnews224.com\/index.php\/wp-json\/wp\/v2\/posts\/7420\/revisions"}],"predecessor-version":[{"id":7421,"href":"https:\/\/universnews224.com\/index.php\/wp-json\/wp\/v2\/posts\/7420\/revisions\/7421"}],"wp:featuredmedia":[{"embeddable":true,"href":"https:\/\/universnews224.com\/index.php\/wp-json\/wp\/v2\/media\/7418"}],"wp:attachment":[{"href":"https:\/\/universnews224.com\/index.php\/wp-json\/wp\/v2\/media?parent=7420"}],"wp:term":[{"taxonomy":"category","embeddable":true,"href":"https:\/\/universnews224.com\/index.php\/wp-json\/wp\/v2\/categories?post=7420"},{"taxonomy":"post_tag","embeddable":true,"href":"https:\/\/universnews224.com\/index.php\/wp-json\/wp\/v2\/tags?post=7420"}],"curies":[{"name":"wp","href":"https:\/\/api.w.org\/{rel}","templated":true}]}}