{"id":7424,"date":"2025-01-30T10:05:03","date_gmt":"2025-01-30T09:05:03","guid":{"rendered":"https:\/\/universnews224.com\/?p=7424"},"modified":"2025-01-30T10:05:03","modified_gmt":"2025-01-30T09:05:03","slug":"conakry-tenue-dun-atelier-de-capitalisation-des-acquis-du-projet-dappui-a-la-gouvernance-locale-pagl","status":"publish","type":"post","link":"https:\/\/universnews224.com\/index.php\/conakry-tenue-dun-atelier-de-capitalisation-des-acquis-du-projet-dappui-a-la-gouvernance-locale-pagl\/","title":{"rendered":"Conakry : Tenue d&rsquo;un Atelier de capitalisation des acquis du projet d&rsquo;appui \u00e0 la gouvernance locale (PAGL)"},"content":{"rendered":"<p><span style=\"font-weight: 400\">La Direction g\u00e9n\u00e9rale de l\u2019Agence Nationale de Financement des Collectivit\u00e9s Locales (ANAFIC), a\u00a0 organis\u00e9 ce mercredi 29 janvier 2025, \u00e0 Conakry, un atelier de capitalisation des acquis du projet d&rsquo;appui \u00e0 la gouvernance locale. Avec le th\u00e8me \u00a0\u00bb partager les bonnes pratiques\u00a0 de gouvernance \u00a0\u00bb les\u00a0 29 au 30 janvier.<a href=\"https:\/\/universnews224.com\/wp-content\/uploads\/2025\/01\/IMG-20250129-WA0009.jpg\"><img loading=\"lazy\" class=\"alignnone size-medium wp-image-7425\" src=\"https:\/\/universnews224.com\/wp-content\/uploads\/2025\/01\/IMG-20250129-WA0009-300x169.jpg\" alt=\"\" width=\"300\" height=\"169\" srcset=\"https:\/\/universnews224.com\/wp-content\/uploads\/2025\/01\/IMG-20250129-WA0009-300x169.jpg 300w, https:\/\/universnews224.com\/wp-content\/uploads\/2025\/01\/IMG-20250129-WA0009-1024x576.jpg 1024w, https:\/\/universnews224.com\/wp-content\/uploads\/2025\/01\/IMG-20250129-WA0009-768x432.jpg 768w, https:\/\/universnews224.com\/wp-content\/uploads\/2025\/01\/IMG-20250129-WA0009-800x450.jpg 800w, https:\/\/universnews224.com\/wp-content\/uploads\/2025\/01\/IMG-20250129-WA0009.jpg 1032w\" sizes=\"(max-width: 300px) 100vw, 300px\" \/><\/a><\/span><\/p>\n<p><span style=\"font-weight: 400\">Cette rencontre d&rsquo;\u00e9changes et de partage d&rsquo;exp\u00e9riences entre les professionnels des collectivit\u00e9s locales va permettre au participants de faire le point sur les r\u00e9alisations, d&rsquo;identifier les enseignements tir\u00e9s et de pr\u00e9parer l&rsquo;avenir enfin de poursuivre notre engagement pour une gouvernance locale plus transparente, inclusive et participative.\u00a0<\/span><\/p>\n<p>&nbsp;<\/p>\n<p><span style=\"font-weight: 400\">Donc, le financement du projet a \u00e9t\u00e9 r\u00e9alis\u00e9 par la Banque Mondiale \u00e0 hauteur de 40 millions USD, vise encore \u00e0 am\u00e9liorer la gouvernance locale en renfor\u00e7ant la gestion transparente des ressources publiques et la prestation des services locaux.\u00a0<\/span><\/p>\n<p>&nbsp;<\/p>\n<p><span style=\"font-weight: 400\">Dans son discours de circonstance, le Directeur g\u00e9n\u00e9ral de l\u2019ANAFIC M. S\u00e9kou Mawa Tour\u00e9 se r\u00e9jouit vivement de la tenue de cette rencontre de capitalisation des acquis du projet locale en faveur des collectivit\u00e9s. Tout en remerciant le pr\u00e9sident de la transition G\u00e9n\u00e9ral Mamadi Doumbouya pour son leadership et son engagement fort en faveur de la D\u00e9centralisation et de la bonne gouvernance en Guin\u00e9e. <a href=\"https:\/\/universnews224.com\/wp-content\/uploads\/2025\/01\/IMG-20250129-WA0008.jpg\"><img loading=\"lazy\" class=\"alignnone size-medium wp-image-7426\" src=\"https:\/\/universnews224.com\/wp-content\/uploads\/2025\/01\/IMG-20250129-WA0008-300x181.jpg\" alt=\"\" width=\"300\" height=\"181\" srcset=\"https:\/\/universnews224.com\/wp-content\/uploads\/2025\/01\/IMG-20250129-WA0008-300x181.jpg 300w, https:\/\/universnews224.com\/wp-content\/uploads\/2025\/01\/IMG-20250129-WA0008-768x463.jpg 768w, https:\/\/universnews224.com\/wp-content\/uploads\/2025\/01\/IMG-20250129-WA0008.jpg 964w\" sizes=\"(max-width: 300px) 100vw, 300px\" \/><\/a><\/span><\/p>\n<p><span style=\"font-weight: 400\">\u00abA ce jour, plus de 93 000 personnes ont \u00e9t\u00e9 form\u00e9es, dont une large proportion de femmes et de jeunes, et des milliers de citoyens ont \u00e9t\u00e9 impliqu\u00e9s dans des processus de budg\u00e9tisation participative et de suivi \u00e9valuation participatif. Ces initiatives selon les organisateurs vont renforcer la transparence dans la gestion des finances locales, mais aussi contribuer \u00e0 rapprocher les citoyens et les autorit\u00e9s locales, en facilitant leur engagement dans la gestion des collectivit\u00e9s. \u00c9galement \u00e0 la mise en place du syst\u00e8me d&rsquo;alerte pr\u00e9coce et de r\u00e9ponse (SAPR) et de l&rsquo;extension des Outils num\u00e9riques dans les collectivit\u00e9s, un v\u00e9ritable changement d&rsquo;\u00e9chelle dans la gestion des donn\u00e9es, la transparence des investissements et la rapidit\u00e9 de r\u00e9ponse face aux besoins urgents des populations; la pr\u00e9vention et la gestion des conflits \u00bb, a affirm\u00e9 M. Tour\u00e9 S\u00e9kou Mawa. <a href=\"https:\/\/universnews224.com\/wp-content\/uploads\/2025\/01\/IMG-20250129-WA0007.jpg\"><img loading=\"lazy\" class=\"alignnone size-medium wp-image-7427\" src=\"https:\/\/universnews224.com\/wp-content\/uploads\/2025\/01\/IMG-20250129-WA0007-300x191.jpg\" alt=\"\" width=\"300\" height=\"191\" srcset=\"https:\/\/universnews224.com\/wp-content\/uploads\/2025\/01\/IMG-20250129-WA0007-300x191.jpg 300w, https:\/\/universnews224.com\/wp-content\/uploads\/2025\/01\/IMG-20250129-WA0007-768x489.jpg 768w, https:\/\/universnews224.com\/wp-content\/uploads\/2025\/01\/IMG-20250129-WA0007.jpg 913w\" sizes=\"(max-width: 300px) 100vw, 300px\" \/><\/a><\/span><\/p>\n<p>&nbsp;<\/p>\n<p><span style=\"font-weight: 400\">Et de poursuivre: \u00ab Le processus de acquis est donc crucial pour tirer les le\u00e7ons n\u00e9cessaires et d\u00e9finir les priorit\u00e9s de la phase suivante qui est le PAGL 2, qui visera \u00e0 poursuivre et amplifier ces r\u00e9sultats \u00e0 travers I&rsquo;int\u00e9gration dans les PDL de th\u00e9matiques essentielles que sont le climat et l&rsquo;inclusion sociale. \u00c0 travers cet atelier, nous aurons l&rsquo;opportunit\u00e9 de discuter des acquis du PAGL, de mettre en lumi\u00e8re les success stories, mais aussi d&rsquo;identifier les zones d&rsquo;am\u00e9lioration. Ensemble, nous pourrons \u00e9laborer des strat\u00e9gies et des solutions pour renforcer les actions futures et faire en sorte que nos collectivit\u00e9s locales deviennent des mod\u00e8les de gestion responsable, favorisant une participation citoyenne accrue et un d\u00e9veloppement harmonieux \u00bb, a soulign\u00e9 M. Tour\u00e9. <a href=\"https:\/\/universnews224.com\/wp-content\/uploads\/2025\/01\/IMG-20250129-WA0009.jpg\"><img loading=\"lazy\" class=\"alignnone size-medium wp-image-7425\" src=\"https:\/\/universnews224.com\/wp-content\/uploads\/2025\/01\/IMG-20250129-WA0009-300x169.jpg\" alt=\"\" width=\"300\" height=\"169\" srcset=\"https:\/\/universnews224.com\/wp-content\/uploads\/2025\/01\/IMG-20250129-WA0009-300x169.jpg 300w, https:\/\/universnews224.com\/wp-content\/uploads\/2025\/01\/IMG-20250129-WA0009-1024x576.jpg 1024w, https:\/\/universnews224.com\/wp-content\/uploads\/2025\/01\/IMG-20250129-WA0009-768x432.jpg 768w, https:\/\/universnews224.com\/wp-content\/uploads\/2025\/01\/IMG-20250129-WA0009-800x450.jpg 800w, https:\/\/universnews224.com\/wp-content\/uploads\/2025\/01\/IMG-20250129-WA0009.jpg 1032w\" sizes=\"(max-width: 300px) 100vw, 300px\" \/><\/a><\/span><\/p>\n<p>&nbsp;<\/p>\n<p><span style=\"font-weight: 400\">Apr\u00e8s le grand discours du premier responsable de L&rsquo;ANAFIC, M. Tour\u00e9 Mawa S\u00e9kou, les participants ont \u00e9t\u00e9 invit\u00e9s \u00e0 une visite des stades pour une \u00e9ventuelle \u00e9change d&rsquo;id\u00e9es entre eux.\u00a0<\/span><\/p>\n<p>&nbsp;<\/p>\n<p><span style=\"font-weight: 400\">Sana Sylla.<\/span><\/p>\n<p>&nbsp;<\/p>\n","protected":false},"excerpt":{"rendered":"<p>La Direction g\u00e9n\u00e9rale de l\u2019Agence Nationale de Financement des Collectivit\u00e9s Locales (ANAFIC), a\u00a0 organis\u00e9 ce<\/p>\n","protected":false},"author":2,"featured_media":7425,"comment_status":"closed","ping_status":"open","sticky":false,"template":"","format":"standard","meta":[],"categories":[3,5],"tags":[237],"yoast_head":"<!-- This site is optimized with the Yoast SEO plugin v19.13 - https:\/\/yoast.com\/wordpress\/plugins\/seo\/ -->\n<title>Conakry : Tenue d&#039;un Atelier de capitalisation des acquis du projet d&#039;appui \u00e0 la gouvernance locale (PAGL) - UNIVERSNEWS224<\/title>\n<meta name=\"robots\" content=\"index, follow, max-snippet:-1, max-image-preview:large, max-video-preview:-1\" \/>\n<link rel=\"canonical\" href=\"https:\/\/universnews224.com\/index.php\/conakry-tenue-dun-atelier-de-capitalisation-des-acquis-du-projet-dappui-a-la-gouvernance-locale-pagl\/\" \/>\n<meta property=\"og:locale\" content=\"fr_FR\" \/>\n<meta property=\"og:type\" content=\"article\" \/>\n<meta property=\"og:title\" content=\"Conakry : Tenue d&#039;un Atelier de capitalisation des acquis du projet d&#039;appui \u00e0 la gouvernance locale (PAGL) - UNIVERSNEWS224\" \/>\n<meta property=\"og:description\" content=\"La Direction g\u00e9n\u00e9rale de l\u2019Agence Nationale de Financement des Collectivit\u00e9s Locales (ANAFIC), a\u00a0 organis\u00e9 ce\" \/>\n<meta property=\"og:url\" content=\"https:\/\/universnews224.com\/index.php\/conakry-tenue-dun-atelier-de-capitalisation-des-acquis-du-projet-dappui-a-la-gouvernance-locale-pagl\/\" \/>\n<meta property=\"og:site_name\" content=\"UNIVERSNEWS224\" \/>\n<meta property=\"article:published_time\" content=\"2025-01-30T09:05:03+00:00\" \/>\n<meta property=\"og:image\" content=\"https:\/\/universnews224.com\/wp-content\/uploads\/2025\/01\/IMG-20250129-WA0009.jpg\" \/>\n\t<meta property=\"og:image:width\" content=\"1032\" \/>\n\t<meta property=\"og:image:height\" content=\"581\" \/>\n\t<meta property=\"og:image:type\" content=\"image\/jpeg\" \/>\n<meta name=\"author\" content=\"La R\u00e9daction\" \/>\n<meta name=\"twitter:label1\" content=\"\u00c9crit par\" \/>\n\t<meta name=\"twitter:data1\" content=\"La R\u00e9daction\" \/>\n\t<meta name=\"twitter:label2\" content=\"Dur\u00e9e de lecture estim\u00e9e\" \/>\n\t<meta name=\"twitter:data2\" content=\"4 minutes\" \/>\n<script type=\"application\/ld+json\" class=\"yoast-schema-graph\">{\"@context\":\"https:\/\/schema.org\",\"@graph\":[{\"@type\":\"Article\",\"@id\":\"https:\/\/universnews224.com\/index.php\/conakry-tenue-dun-atelier-de-capitalisation-des-acquis-du-projet-dappui-a-la-gouvernance-locale-pagl\/#article\",\"isPartOf\":{\"@id\":\"https:\/\/universnews224.com\/index.php\/conakry-tenue-dun-atelier-de-capitalisation-des-acquis-du-projet-dappui-a-la-gouvernance-locale-pagl\/\"},\"author\":{\"name\":\"La R\u00e9daction\",\"@id\":\"https:\/\/universnews224.com\/#\/schema\/person\/a4b7d4f94a4716df60456a491260485e\"},\"headline\":\"Conakry : Tenue d&rsquo;un Atelier de capitalisation des acquis du projet d&rsquo;appui \u00e0 la gouvernance locale (PAGL)\",\"datePublished\":\"2025-01-30T09:05:03+00:00\",\"dateModified\":\"2025-01-30T09:05:03+00:00\",\"mainEntityOfPage\":{\"@id\":\"https:\/\/universnews224.com\/index.php\/conakry-tenue-dun-atelier-de-capitalisation-des-acquis-du-projet-dappui-a-la-gouvernance-locale-pagl\/\"},\"wordCount\":543,\"publisher\":{\"@id\":\"https:\/\/universnews224.com\/#organization\"},\"keywords\":[\"A la une\"],\"articleSection\":[\"ACTU\",\"SOCI\u00c9T\u00c9\"],\"inLanguage\":\"fr-FR\"},{\"@type\":\"WebPage\",\"@id\":\"https:\/\/universnews224.com\/index.php\/conakry-tenue-dun-atelier-de-capitalisation-des-acquis-du-projet-dappui-a-la-gouvernance-locale-pagl\/\",\"url\":\"https:\/\/universnews224.com\/index.php\/conakry-tenue-dun-atelier-de-capitalisation-des-acquis-du-projet-dappui-a-la-gouvernance-locale-pagl\/\",\"name\":\"Conakry : Tenue d'un Atelier de capitalisation des acquis du projet d'appui \u00e0 la gouvernance locale (PAGL) - UNIVERSNEWS224\",\"isPartOf\":{\"@id\":\"https:\/\/universnews224.com\/#website\"},\"datePublished\":\"2025-01-30T09:05:03+00:00\",\"dateModified\":\"2025-01-30T09:05:03+00:00\",\"inLanguage\":\"fr-FR\",\"potentialAction\":[{\"@type\":\"ReadAction\",\"target\":[\"https:\/\/universnews224.com\/index.php\/conakry-tenue-dun-atelier-de-capitalisation-des-acquis-du-projet-dappui-a-la-gouvernance-locale-pagl\/\"]}]},{\"@type\":\"WebSite\",\"@id\":\"https:\/\/universnews224.com\/#website\",\"url\":\"https:\/\/universnews224.com\/\",\"name\":\"UNIVERSNEWS224\",\"description\":\"\",\"publisher\":{\"@id\":\"https:\/\/universnews224.com\/#organization\"},\"potentialAction\":[{\"@type\":\"SearchAction\",\"target\":{\"@type\":\"EntryPoint\",\"urlTemplate\":\"https:\/\/universnews224.com\/?s={search_term_string}\"},\"query-input\":\"required name=search_term_string\"}],\"inLanguage\":\"fr-FR\"},{\"@type\":\"Organization\",\"@id\":\"https:\/\/universnews224.com\/#organization\",\"name\":\"UNIVERSNEWS224\",\"url\":\"https:\/\/universnews224.com\/\",\"logo\":{\"@type\":\"ImageObject\",\"inLanguage\":\"fr-FR\",\"@id\":\"https:\/\/universnews224.com\/#\/schema\/logo\/image\/\",\"url\":\"https:\/\/universnews224.com\/wp-content\/uploads\/2022\/08\/cropped-cropped-logoban.jpg\",\"contentUrl\":\"https:\/\/universnews224.com\/wp-content\/uploads\/2022\/08\/cropped-cropped-logoban.jpg\",\"width\":1080,\"height\":138,\"caption\":\"UNIVERSNEWS224\"},\"image\":{\"@id\":\"https:\/\/universnews224.com\/#\/schema\/logo\/image\/\"}},{\"@type\":\"Person\",\"@id\":\"https:\/\/universnews224.com\/#\/schema\/person\/a4b7d4f94a4716df60456a491260485e\",\"name\":\"La R\u00e9daction\",\"image\":{\"@type\":\"ImageObject\",\"inLanguage\":\"fr-FR\",\"@id\":\"https:\/\/universnews224.com\/#\/schema\/person\/image\/\",\"url\":\"https:\/\/secure.gravatar.com\/avatar\/edb90acc7752b23e1b3307ad36c14f0d?s=96&d=mm&r=g\",\"contentUrl\":\"https:\/\/secure.gravatar.com\/avatar\/edb90acc7752b23e1b3307ad36c14f0d?s=96&d=mm&r=g\",\"caption\":\"La R\u00e9daction\"},\"sameAs\":[\"https:\/\/universnews224.com\"],\"url\":\"https:\/\/universnews224.com\/index.php\/author\/m-camara\/\"}]}<\/script>\n<!-- \/ Yoast SEO plugin. -->","yoast_head_json":{"title":"Conakry : Tenue d'un Atelier de capitalisation des acquis du projet d'appui \u00e0 la gouvernance locale (PAGL) - UNIVERSNEWS224","robots":{"index":"index","follow":"follow","max-snippet":"max-snippet:-1","max-image-preview":"max-image-preview:large","max-video-preview":"max-video-preview:-1"},"canonical":"https:\/\/universnews224.com\/index.php\/conakry-tenue-dun-atelier-de-capitalisation-des-acquis-du-projet-dappui-a-la-gouvernance-locale-pagl\/","og_locale":"fr_FR","og_type":"article","og_title":"Conakry : Tenue d'un Atelier de capitalisation des acquis du projet d'appui \u00e0 la gouvernance locale (PAGL) - UNIVERSNEWS224","og_description":"La Direction g\u00e9n\u00e9rale de l\u2019Agence Nationale de Financement des Collectivit\u00e9s Locales (ANAFIC), a\u00a0 organis\u00e9 ce","og_url":"https:\/\/universnews224.com\/index.php\/conakry-tenue-dun-atelier-de-capitalisation-des-acquis-du-projet-dappui-a-la-gouvernance-locale-pagl\/","og_site_name":"UNIVERSNEWS224","article_published_time":"2025-01-30T09:05:03+00:00","og_image":[{"width":1032,"height":581,"url":"https:\/\/universnews224.com\/wp-content\/uploads\/2025\/01\/IMG-20250129-WA0009.jpg","type":"image\/jpeg"}],"author":"La R\u00e9daction","twitter_misc":{"\u00c9crit par":"La R\u00e9daction","Dur\u00e9e de lecture estim\u00e9e":"4 minutes"},"schema":{"@context":"https:\/\/schema.org","@graph":[{"@type":"Article","@id":"https:\/\/universnews224.com\/index.php\/conakry-tenue-dun-atelier-de-capitalisation-des-acquis-du-projet-dappui-a-la-gouvernance-locale-pagl\/#article","isPartOf":{"@id":"https:\/\/universnews224.com\/index.php\/conakry-tenue-dun-atelier-de-capitalisation-des-acquis-du-projet-dappui-a-la-gouvernance-locale-pagl\/"},"author":{"name":"La R\u00e9daction","@id":"https:\/\/universnews224.com\/#\/schema\/person\/a4b7d4f94a4716df60456a491260485e"},"headline":"Conakry : Tenue d&rsquo;un Atelier de capitalisation des acquis du projet d&rsquo;appui \u00e0 la gouvernance locale (PAGL)","datePublished":"2025-01-30T09:05:03+00:00","dateModified":"2025-01-30T09:05:03+00:00","mainEntityOfPage":{"@id":"https:\/\/universnews224.com\/index.php\/conakry-tenue-dun-atelier-de-capitalisation-des-acquis-du-projet-dappui-a-la-gouvernance-locale-pagl\/"},"wordCount":543,"publisher":{"@id":"https:\/\/universnews224.com\/#organization"},"keywords":["A la une"],"articleSection":["ACTU","SOCI\u00c9T\u00c9"],"inLanguage":"fr-FR"},{"@type":"WebPage","@id":"https:\/\/universnews224.com\/index.php\/conakry-tenue-dun-atelier-de-capitalisation-des-acquis-du-projet-dappui-a-la-gouvernance-locale-pagl\/","url":"https:\/\/universnews224.com\/index.php\/conakry-tenue-dun-atelier-de-capitalisation-des-acquis-du-projet-dappui-a-la-gouvernance-locale-pagl\/","name":"Conakry : Tenue d'un Atelier de capitalisation des acquis du projet d'appui \u00e0 la gouvernance locale (PAGL) - UNIVERSNEWS224","isPartOf":{"@id":"https:\/\/universnews224.com\/#website"},"datePublished":"2025-01-30T09:05:03+00:00","dateModified":"2025-01-30T09:05:03+00:00","inLanguage":"fr-FR","potentialAction":[{"@type":"ReadAction","target":["https:\/\/universnews224.com\/index.php\/conakry-tenue-dun-atelier-de-capitalisation-des-acquis-du-projet-dappui-a-la-gouvernance-locale-pagl\/"]}]},{"@type":"WebSite","@id":"https:\/\/universnews224.com\/#website","url":"https:\/\/universnews224.com\/","name":"UNIVERSNEWS224","description":"","publisher":{"@id":"https:\/\/universnews224.com\/#organization"},"potentialAction":[{"@type":"SearchAction","target":{"@type":"EntryPoint","urlTemplate":"https:\/\/universnews224.com\/?s={search_term_string}"},"query-input":"required name=search_term_string"}],"inLanguage":"fr-FR"},{"@type":"Organization","@id":"https:\/\/universnews224.com\/#organization","name":"UNIVERSNEWS224","url":"https:\/\/universnews224.com\/","logo":{"@type":"ImageObject","inLanguage":"fr-FR","@id":"https:\/\/universnews224.com\/#\/schema\/logo\/image\/","url":"https:\/\/universnews224.com\/wp-content\/uploads\/2022\/08\/cropped-cropped-logoban.jpg","contentUrl":"https:\/\/universnews224.com\/wp-content\/uploads\/2022\/08\/cropped-cropped-logoban.jpg","width":1080,"height":138,"caption":"UNIVERSNEWS224"},"image":{"@id":"https:\/\/universnews224.com\/#\/schema\/logo\/image\/"}},{"@type":"Person","@id":"https:\/\/universnews224.com\/#\/schema\/person\/a4b7d4f94a4716df60456a491260485e","name":"La R\u00e9daction","image":{"@type":"ImageObject","inLanguage":"fr-FR","@id":"https:\/\/universnews224.com\/#\/schema\/person\/image\/","url":"https:\/\/secure.gravatar.com\/avatar\/edb90acc7752b23e1b3307ad36c14f0d?s=96&d=mm&r=g","contentUrl":"https:\/\/secure.gravatar.com\/avatar\/edb90acc7752b23e1b3307ad36c14f0d?s=96&d=mm&r=g","caption":"La R\u00e9daction"},"sameAs":["https:\/\/universnews224.com"],"url":"https:\/\/universnews224.com\/index.php\/author\/m-camara\/"}]}},"_links":{"self":[{"href":"https:\/\/universnews224.com\/index.php\/wp-json\/wp\/v2\/posts\/7424"}],"collection":[{"href":"https:\/\/universnews224.com\/index.php\/wp-json\/wp\/v2\/posts"}],"about":[{"href":"https:\/\/universnews224.com\/index.php\/wp-json\/wp\/v2\/types\/post"}],"author":[{"embeddable":true,"href":"https:\/\/universnews224.com\/index.php\/wp-json\/wp\/v2\/users\/2"}],"replies":[{"embeddable":true,"href":"https:\/\/universnews224.com\/index.php\/wp-json\/wp\/v2\/comments?post=7424"}],"version-history":[{"count":1,"href":"https:\/\/universnews224.com\/index.php\/wp-json\/wp\/v2\/posts\/7424\/revisions"}],"predecessor-version":[{"id":7428,"href":"https:\/\/universnews224.com\/index.php\/wp-json\/wp\/v2\/posts\/7424\/revisions\/7428"}],"wp:featuredmedia":[{"embeddable":true,"href":"https:\/\/universnews224.com\/index.php\/wp-json\/wp\/v2\/media\/7425"}],"wp:attachment":[{"href":"https:\/\/universnews224.com\/index.php\/wp-json\/wp\/v2\/media?parent=7424"}],"wp:term":[{"taxonomy":"category","embeddable":true,"href":"https:\/\/universnews224.com\/index.php\/wp-json\/wp\/v2\/categories?post=7424"},{"taxonomy":"post_tag","embeddable":true,"href":"https:\/\/universnews224.com\/index.php\/wp-json\/wp\/v2\/tags?post=7424"}],"curies":[{"name":"wp","href":"https:\/\/api.w.org\/{rel}","templated":true}]}}