{"id":7429,"date":"2025-01-31T19:07:29","date_gmt":"2025-01-31T18:07:29","guid":{"rendered":"https:\/\/universnews224.com\/?p=7429"},"modified":"2025-01-31T23:03:17","modified_gmt":"2025-01-31T22:03:17","slug":"kankan-une-ceremonie-de-lecture-du-coran-pour-la-paix-unite-et-la-quietude-sociale","status":"publish","type":"post","link":"https:\/\/universnews224.com\/index.php\/kankan-une-ceremonie-de-lecture-du-coran-pour-la-paix-unite-et-la-quietude-sociale\/","title":{"rendered":"Kankan : une c\u00e9r\u00e9monie de lecture du Coran pour la paix, unit\u00e9 et la qui\u00e9tude sociale\u00a0"},"content":{"rendered":"<p dir=\"ltr\" style=\"line-height: 1.38;margin-top: 0.0pt;margin-bottom: 0.0pt\"><span style=\"font-size: 11pt;font-family: Arial, sans-serif;color: #000000;background-color: transparent;vertical-align: baseline\">En pr\u00e9lude de la marche pacifique\u00a0 pour l&rsquo;unit\u00e9 et la paix en Guin\u00e9e pr\u00e9vue\u00a0 pour demain samedi 01 f\u00e9vrier 2025 \u00e0 Kankan, les ressortissants de Kankan ont organis\u00e9 ce vendredi 31 janvier, une lecture du saint Coran au grand stade de M&rsquo;balou Madou Diakit\u00e9 pour implorer la paix, et l\u2019unit\u00e9 nationale. Enfin de donner la force aux autorit\u00e9s de bien finir la transition et le retour \u00e0 l\u2019ordre constitutionnel au pays.<\/span><\/p>\n<p dir=\"ltr\" style=\"line-height: 1.38;margin-top: 0.0pt;margin-bottom: 0.0pt\"><span style=\"font-size: 11pt;font-family: Arial, sans-serif;color: #000000;background-color: transparent;vertical-align: baseline\"> <a href=\"https:\/\/universnews224.com\/wp-content\/uploads\/2025\/01\/IMG-20250131-WA0006.jpg\"><img loading=\"lazy\" class=\"alignnone size-medium wp-image-7430\" src=\"https:\/\/universnews224.com\/wp-content\/uploads\/2025\/01\/IMG-20250131-WA0006-300x169.jpg\" alt=\"\" width=\"300\" height=\"169\" srcset=\"https:\/\/universnews224.com\/wp-content\/uploads\/2025\/01\/IMG-20250131-WA0006-300x169.jpg 300w, https:\/\/universnews224.com\/wp-content\/uploads\/2025\/01\/IMG-20250131-WA0006-1024x576.jpg 1024w, https:\/\/universnews224.com\/wp-content\/uploads\/2025\/01\/IMG-20250131-WA0006-768x432.jpg 768w, https:\/\/universnews224.com\/wp-content\/uploads\/2025\/01\/IMG-20250131-WA0006-800x450.jpg 800w, https:\/\/universnews224.com\/wp-content\/uploads\/2025\/01\/IMG-20250131-WA0006.jpg 1032w\" sizes=\"(max-width: 300px) 100vw, 300px\" \/><\/a><\/span><\/p>\n<p dir=\"ltr\" style=\"line-height: 1.38;margin-top: 0.0pt;margin-bottom: 0.0pt\"><span style=\"font-size: 11pt;font-family: Arial, sans-serif;color: #000000;background-color: transparent;vertical-align: baseline\">Cette c\u00e9r\u00e9monie religieuse a mobilis\u00e9 des ministres, des cadres de l\u2019administration et des soutiens des autorit\u00e9s de la transition, les sages, imams et les Associations venus des quatres coins de Kankan et Conakry. C\u2019est une initiative des jeunes ressortissants et le s\u00e8r\u00e8 Dandiya num\u00e9ro 4.<\/span><\/p>\n<p dir=\"ltr\" style=\"line-height: 1.38;margin-top: 0.0pt;margin-bottom: 0.0pt\"><span style=\"font-size: 11pt;font-family: Arial, sans-serif;color: #000000;background-color: transparent;vertical-align: baseline\">Dans son discours, le Directeur g\u00e9n\u00e9ral de SONAP et membre de la commission d\u2019organisation M. Lancin\u00e8 Cond\u00e9 indique que la population de Kankan est fi\u00e8re d&rsquo;\u00eatre avec toute la Guin\u00e9e pour parler de la paix et la qui\u00e9tude sociale. <a href=\"https:\/\/universnews224.com\/wp-content\/uploads\/2025\/01\/IMG-20250131-WA0004.jpg\"><img loading=\"lazy\" class=\"alignnone size-medium wp-image-7433\" src=\"https:\/\/universnews224.com\/wp-content\/uploads\/2025\/01\/IMG-20250131-WA0004-300x169.jpg\" alt=\"\" width=\"300\" height=\"169\" srcset=\"https:\/\/universnews224.com\/wp-content\/uploads\/2025\/01\/IMG-20250131-WA0004-300x169.jpg 300w, https:\/\/universnews224.com\/wp-content\/uploads\/2025\/01\/IMG-20250131-WA0004-1024x576.jpg 1024w, https:\/\/universnews224.com\/wp-content\/uploads\/2025\/01\/IMG-20250131-WA0004-768x432.jpg 768w, https:\/\/universnews224.com\/wp-content\/uploads\/2025\/01\/IMG-20250131-WA0004-800x450.jpg 800w, https:\/\/universnews224.com\/wp-content\/uploads\/2025\/01\/IMG-20250131-WA0004.jpg 1032w\" sizes=\"(max-width: 300px) 100vw, 300px\" \/><\/a><\/span><\/p>\n<p dir=\"ltr\" style=\"line-height: 1.38;margin-top: 0.0pt;margin-bottom: 0.0pt\"><span style=\"font-size: 11pt;font-family: Arial, sans-serif;color: #000000;background-color: transparent;vertical-align: baseline\">\u00abUne grande c\u00e9r\u00e9monie de lecture du corps pour la paix pour l&rsquo;unit\u00e9 pour la guin\u00e9e la r\u00e9ussite de la guin\u00e9e. Un seul message, regardez autour de vous. Ce que vous voyez, c&rsquo;est \u00e7a la vision du pr\u00e9sident pour la Guin\u00e9e. Quand vous marchez dans des villes, vous regardez que l\u00e0 o\u00f9 il n&rsquo;y avait pas de goudron, il y a de goudron. Quand vous regardez dans les familles, vous voyez que l\u00e0 o\u00f9 il n&rsquo;y avait pas d&#8217;emploi, les jeunes font du travail. Quand vous regardez dans la for\u00eat, vous voyez que des richesses qui \u00e9taient cristallis\u00e9es sont transform\u00e9es en p\u00f4les de d\u00e9veloppement. C&rsquo;est facile de voir la vision du pr\u00e9sident. Et le seul message que je vous dis, c&rsquo;est que vous dites, vous voyez l\u00e0, si vous voulez que cela soit \u00e0 une \u00e9chelle plus \u00e9lev\u00e9e, encore amplifi\u00e9e, le g\u00e9n\u00e9ral Mamadi Doumbouya est l&rsquo;homme qu&rsquo;il nous faut. Il en a la vision, il en a la posture et que Dieu l&rsquo;assiste \u00bb,\u00a0 a lanc\u00e9 le DG du SONAP. <\/span><\/p>\n<p>&nbsp;<\/p>\n<p dir=\"ltr\" style=\"line-height: 1.38;margin-top: 0.0pt;margin-bottom: 0.0pt\"><span style=\"font-size: 11pt;font-family: Arial, sans-serif;color: #000000;background-color: transparent;vertical-align: baseline\">De son c\u00f4t\u00e9,\u00a0 Mme Sanoh Mariama l&rsquo;une des invit\u00e9 \u00e0 cette c\u00e9r\u00e9monie grandiose \u00e0 aussi donner son point de vue par rapport \u00e0 l&rsquo;organisation des jeunes de Kankan Nabaya.<a href=\"https:\/\/universnews224.com\/wp-content\/uploads\/2025\/01\/IMG-20250131-WA0005.jpg\"><img loading=\"lazy\" class=\"alignnone size-medium wp-image-7438\" src=\"https:\/\/universnews224.com\/wp-content\/uploads\/2025\/01\/IMG-20250131-WA0005-300x169.jpg\" alt=\"\" width=\"300\" height=\"169\" srcset=\"https:\/\/universnews224.com\/wp-content\/uploads\/2025\/01\/IMG-20250131-WA0005-300x169.jpg 300w, https:\/\/universnews224.com\/wp-content\/uploads\/2025\/01\/IMG-20250131-WA0005-1024x576.jpg 1024w, https:\/\/universnews224.com\/wp-content\/uploads\/2025\/01\/IMG-20250131-WA0005-768x432.jpg 768w, https:\/\/universnews224.com\/wp-content\/uploads\/2025\/01\/IMG-20250131-WA0005-800x450.jpg 800w, https:\/\/universnews224.com\/wp-content\/uploads\/2025\/01\/IMG-20250131-WA0005.jpg 1032w\" sizes=\"(max-width: 300px) 100vw, 300px\" \/><\/a> <\/span><\/p>\n<p dir=\"ltr\" style=\"line-height: 1.38;margin-top: 0.0pt;margin-bottom: 0.0pt\"><span style=\"font-size: 11pt;font-family: Arial, sans-serif;color: #000000;background-color: transparent;vertical-align: baseline\">\u00abKankan a fait appel \u00e0 toute la Guin\u00e9e pour prier non seulement pour le pr\u00e9sident g\u00e9n\u00e9ral Mamadi, mais pour toute la Guin\u00e9e, pour que cette transition soit apais\u00e9e. Et comme nous savons tous, avec toutes les actions qui sont en train d&rsquo;\u00eatre entreprises, nous avons vraiment aujourd&rsquo;hui la joie de savoir que tous les Guin\u00e9ens sont en train de se souder les coupes. pour voir comment faire d\u00e9velopper notre pays. C&rsquo;est la coh\u00e9sion sociale \u00bb, a soulign\u00e9\u00a0 Mme Sanoh.<a href=\"https:\/\/universnews224.com\/wp-content\/uploads\/2025\/01\/IMG-20250131-WA0006.jpg\"><img loading=\"lazy\" class=\"alignnone size-medium wp-image-7430\" src=\"https:\/\/universnews224.com\/wp-content\/uploads\/2025\/01\/IMG-20250131-WA0006-300x169.jpg\" alt=\"\" width=\"300\" height=\"169\" srcset=\"https:\/\/universnews224.com\/wp-content\/uploads\/2025\/01\/IMG-20250131-WA0006-300x169.jpg 300w, https:\/\/universnews224.com\/wp-content\/uploads\/2025\/01\/IMG-20250131-WA0006-1024x576.jpg 1024w, https:\/\/universnews224.com\/wp-content\/uploads\/2025\/01\/IMG-20250131-WA0006-768x432.jpg 768w, https:\/\/universnews224.com\/wp-content\/uploads\/2025\/01\/IMG-20250131-WA0006-800x450.jpg 800w, https:\/\/universnews224.com\/wp-content\/uploads\/2025\/01\/IMG-20250131-WA0006.jpg 1032w\" sizes=\"(max-width: 300px) 100vw, 300px\" \/><\/a><\/span><\/p>\n<p>&nbsp;<\/p>\n<p dir=\"ltr\" style=\"line-height: 1.38;margin-top: 0.0pt;margin-bottom: 0.0pt\"><span style=\"font-size: 11pt;font-family: Arial, sans-serif;color: #000000;background-color: transparent;vertical-align: baseline\">Pour finir, elle lance un appel : \u00ab Si vous voyez que nous sommes tous unis ici, c&rsquo;est par rapport \u00e0 la lecture du Coran. Et d\u00e8s que vous participez \u00e0 cette lecture du Coran, c&rsquo;est d&rsquo;abord la paix du c\u0153ur qui vient, mais aussi \u00e7a permet \u00e0 toute la population de comprendre que la Guin\u00e9e, m\u00eame \u00e9tant un pays la\u00efque, a aussi une forte mobilisation musulmane. C&rsquo;est pourquoi aujourd&rsquo;hui je me suis associ\u00e9e \u00e0 cette lecture de courant pour que la communaut\u00e9 puisse vraiment b\u00e9n\u00e9ficier des bienfaits de cette lecture \u00bb,\u00a0 a d\u00e9clar\u00e9.\u00a0<\/span><\/p>\n<p>&nbsp;<\/p>\n<p dir=\"ltr\" style=\"line-height: 1.38;margin-top: 0.0pt;margin-bottom: 0.0pt\"><span style=\"font-size: 11pt;font-family: Arial, sans-serif;color: #000000;background-color: transparent;vertical-align: baseline\">Sana Sylla.<\/span><\/p>\n","protected":false},"excerpt":{"rendered":"<p>En pr\u00e9lude de la marche pacifique\u00a0 pour l&rsquo;unit\u00e9 et la paix en Guin\u00e9e pr\u00e9vue\u00a0 pour<\/p>\n","protected":false},"author":2,"featured_media":7430,"comment_status":"closed","ping_status":"open","sticky":false,"template":"","format":"standard","meta":[],"categories":[3,5],"tags":[237],"yoast_head":"<!-- This site is optimized with the Yoast SEO plugin v19.13 - https:\/\/yoast.com\/wordpress\/plugins\/seo\/ -->\n<title>Kankan : une c\u00e9r\u00e9monie de lecture du Coran pour la paix, unit\u00e9 et la qui\u00e9tude sociale\u00a0 - UNIVERSNEWS224<\/title>\n<meta name=\"robots\" content=\"index, follow, max-snippet:-1, max-image-preview:large, max-video-preview:-1\" \/>\n<link rel=\"canonical\" href=\"https:\/\/universnews224.com\/index.php\/kankan-une-ceremonie-de-lecture-du-coran-pour-la-paix-unite-et-la-quietude-sociale\/\" \/>\n<meta property=\"og:locale\" content=\"fr_FR\" \/>\n<meta property=\"og:type\" content=\"article\" \/>\n<meta property=\"og:title\" content=\"Kankan : une c\u00e9r\u00e9monie de lecture du Coran pour la paix, unit\u00e9 et la qui\u00e9tude sociale\u00a0 - UNIVERSNEWS224\" \/>\n<meta property=\"og:description\" content=\"En pr\u00e9lude de la marche pacifique\u00a0 pour l&rsquo;unit\u00e9 et la paix en Guin\u00e9e pr\u00e9vue\u00a0 pour\" \/>\n<meta property=\"og:url\" content=\"https:\/\/universnews224.com\/index.php\/kankan-une-ceremonie-de-lecture-du-coran-pour-la-paix-unite-et-la-quietude-sociale\/\" \/>\n<meta property=\"og:site_name\" content=\"UNIVERSNEWS224\" \/>\n<meta property=\"article:published_time\" content=\"2025-01-31T18:07:29+00:00\" \/>\n<meta property=\"article:modified_time\" content=\"2025-01-31T22:03:17+00:00\" \/>\n<meta property=\"og:image\" content=\"https:\/\/universnews224.com\/wp-content\/uploads\/2025\/01\/IMG-20250131-WA0006.jpg\" \/>\n\t<meta property=\"og:image:width\" content=\"1032\" \/>\n\t<meta property=\"og:image:height\" content=\"581\" \/>\n\t<meta property=\"og:image:type\" content=\"image\/jpeg\" \/>\n<meta name=\"author\" content=\"La R\u00e9daction\" \/>\n<meta name=\"twitter:label1\" content=\"\u00c9crit par\" \/>\n\t<meta name=\"twitter:data1\" content=\"La R\u00e9daction\" \/>\n\t<meta name=\"twitter:label2\" content=\"Dur\u00e9e de lecture estim\u00e9e\" \/>\n\t<meta name=\"twitter:data2\" content=\"4 minutes\" \/>\n<script type=\"application\/ld+json\" class=\"yoast-schema-graph\">{\"@context\":\"https:\/\/schema.org\",\"@graph\":[{\"@type\":\"Article\",\"@id\":\"https:\/\/universnews224.com\/index.php\/kankan-une-ceremonie-de-lecture-du-coran-pour-la-paix-unite-et-la-quietude-sociale\/#article\",\"isPartOf\":{\"@id\":\"https:\/\/universnews224.com\/index.php\/kankan-une-ceremonie-de-lecture-du-coran-pour-la-paix-unite-et-la-quietude-sociale\/\"},\"author\":{\"name\":\"La R\u00e9daction\",\"@id\":\"https:\/\/universnews224.com\/#\/schema\/person\/a4b7d4f94a4716df60456a491260485e\"},\"headline\":\"Kankan : une c\u00e9r\u00e9monie de lecture du Coran pour la paix, unit\u00e9 et la qui\u00e9tude sociale\u00a0\",\"datePublished\":\"2025-01-31T18:07:29+00:00\",\"dateModified\":\"2025-01-31T22:03:17+00:00\",\"mainEntityOfPage\":{\"@id\":\"https:\/\/universnews224.com\/index.php\/kankan-une-ceremonie-de-lecture-du-coran-pour-la-paix-unite-et-la-quietude-sociale\/\"},\"wordCount\":589,\"publisher\":{\"@id\":\"https:\/\/universnews224.com\/#organization\"},\"keywords\":[\"A la une\"],\"articleSection\":[\"ACTU\",\"SOCI\u00c9T\u00c9\"],\"inLanguage\":\"fr-FR\"},{\"@type\":\"WebPage\",\"@id\":\"https:\/\/universnews224.com\/index.php\/kankan-une-ceremonie-de-lecture-du-coran-pour-la-paix-unite-et-la-quietude-sociale\/\",\"url\":\"https:\/\/universnews224.com\/index.php\/kankan-une-ceremonie-de-lecture-du-coran-pour-la-paix-unite-et-la-quietude-sociale\/\",\"name\":\"Kankan : une c\u00e9r\u00e9monie de lecture du Coran pour la paix, unit\u00e9 et la qui\u00e9tude sociale\u00a0 - UNIVERSNEWS224\",\"isPartOf\":{\"@id\":\"https:\/\/universnews224.com\/#website\"},\"datePublished\":\"2025-01-31T18:07:29+00:00\",\"dateModified\":\"2025-01-31T22:03:17+00:00\",\"inLanguage\":\"fr-FR\",\"potentialAction\":[{\"@type\":\"ReadAction\",\"target\":[\"https:\/\/universnews224.com\/index.php\/kankan-une-ceremonie-de-lecture-du-coran-pour-la-paix-unite-et-la-quietude-sociale\/\"]}]},{\"@type\":\"WebSite\",\"@id\":\"https:\/\/universnews224.com\/#website\",\"url\":\"https:\/\/universnews224.com\/\",\"name\":\"UNIVERSNEWS224\",\"description\":\"\",\"publisher\":{\"@id\":\"https:\/\/universnews224.com\/#organization\"},\"potentialAction\":[{\"@type\":\"SearchAction\",\"target\":{\"@type\":\"EntryPoint\",\"urlTemplate\":\"https:\/\/universnews224.com\/?s={search_term_string}\"},\"query-input\":\"required name=search_term_string\"}],\"inLanguage\":\"fr-FR\"},{\"@type\":\"Organization\",\"@id\":\"https:\/\/universnews224.com\/#organization\",\"name\":\"UNIVERSNEWS224\",\"url\":\"https:\/\/universnews224.com\/\",\"logo\":{\"@type\":\"ImageObject\",\"inLanguage\":\"fr-FR\",\"@id\":\"https:\/\/universnews224.com\/#\/schema\/logo\/image\/\",\"url\":\"https:\/\/universnews224.com\/wp-content\/uploads\/2022\/08\/cropped-cropped-logoban.jpg\",\"contentUrl\":\"https:\/\/universnews224.com\/wp-content\/uploads\/2022\/08\/cropped-cropped-logoban.jpg\",\"width\":1080,\"height\":138,\"caption\":\"UNIVERSNEWS224\"},\"image\":{\"@id\":\"https:\/\/universnews224.com\/#\/schema\/logo\/image\/\"}},{\"@type\":\"Person\",\"@id\":\"https:\/\/universnews224.com\/#\/schema\/person\/a4b7d4f94a4716df60456a491260485e\",\"name\":\"La R\u00e9daction\",\"image\":{\"@type\":\"ImageObject\",\"inLanguage\":\"fr-FR\",\"@id\":\"https:\/\/universnews224.com\/#\/schema\/person\/image\/\",\"url\":\"https:\/\/secure.gravatar.com\/avatar\/edb90acc7752b23e1b3307ad36c14f0d?s=96&d=mm&r=g\",\"contentUrl\":\"https:\/\/secure.gravatar.com\/avatar\/edb90acc7752b23e1b3307ad36c14f0d?s=96&d=mm&r=g\",\"caption\":\"La R\u00e9daction\"},\"sameAs\":[\"https:\/\/universnews224.com\"],\"url\":\"https:\/\/universnews224.com\/index.php\/author\/m-camara\/\"}]}<\/script>\n<!-- \/ Yoast SEO plugin. -->","yoast_head_json":{"title":"Kankan : une c\u00e9r\u00e9monie de lecture du Coran pour la paix, unit\u00e9 et la qui\u00e9tude sociale\u00a0 - UNIVERSNEWS224","robots":{"index":"index","follow":"follow","max-snippet":"max-snippet:-1","max-image-preview":"max-image-preview:large","max-video-preview":"max-video-preview:-1"},"canonical":"https:\/\/universnews224.com\/index.php\/kankan-une-ceremonie-de-lecture-du-coran-pour-la-paix-unite-et-la-quietude-sociale\/","og_locale":"fr_FR","og_type":"article","og_title":"Kankan : une c\u00e9r\u00e9monie de lecture du Coran pour la paix, unit\u00e9 et la qui\u00e9tude sociale\u00a0 - UNIVERSNEWS224","og_description":"En pr\u00e9lude de la marche pacifique\u00a0 pour l&rsquo;unit\u00e9 et la paix en Guin\u00e9e pr\u00e9vue\u00a0 pour","og_url":"https:\/\/universnews224.com\/index.php\/kankan-une-ceremonie-de-lecture-du-coran-pour-la-paix-unite-et-la-quietude-sociale\/","og_site_name":"UNIVERSNEWS224","article_published_time":"2025-01-31T18:07:29+00:00","article_modified_time":"2025-01-31T22:03:17+00:00","og_image":[{"width":1032,"height":581,"url":"https:\/\/universnews224.com\/wp-content\/uploads\/2025\/01\/IMG-20250131-WA0006.jpg","type":"image\/jpeg"}],"author":"La R\u00e9daction","twitter_misc":{"\u00c9crit par":"La R\u00e9daction","Dur\u00e9e de lecture estim\u00e9e":"4 minutes"},"schema":{"@context":"https:\/\/schema.org","@graph":[{"@type":"Article","@id":"https:\/\/universnews224.com\/index.php\/kankan-une-ceremonie-de-lecture-du-coran-pour-la-paix-unite-et-la-quietude-sociale\/#article","isPartOf":{"@id":"https:\/\/universnews224.com\/index.php\/kankan-une-ceremonie-de-lecture-du-coran-pour-la-paix-unite-et-la-quietude-sociale\/"},"author":{"name":"La R\u00e9daction","@id":"https:\/\/universnews224.com\/#\/schema\/person\/a4b7d4f94a4716df60456a491260485e"},"headline":"Kankan : une c\u00e9r\u00e9monie de lecture du Coran pour la paix, unit\u00e9 et la qui\u00e9tude sociale\u00a0","datePublished":"2025-01-31T18:07:29+00:00","dateModified":"2025-01-31T22:03:17+00:00","mainEntityOfPage":{"@id":"https:\/\/universnews224.com\/index.php\/kankan-une-ceremonie-de-lecture-du-coran-pour-la-paix-unite-et-la-quietude-sociale\/"},"wordCount":589,"publisher":{"@id":"https:\/\/universnews224.com\/#organization"},"keywords":["A la une"],"articleSection":["ACTU","SOCI\u00c9T\u00c9"],"inLanguage":"fr-FR"},{"@type":"WebPage","@id":"https:\/\/universnews224.com\/index.php\/kankan-une-ceremonie-de-lecture-du-coran-pour-la-paix-unite-et-la-quietude-sociale\/","url":"https:\/\/universnews224.com\/index.php\/kankan-une-ceremonie-de-lecture-du-coran-pour-la-paix-unite-et-la-quietude-sociale\/","name":"Kankan : une c\u00e9r\u00e9monie de lecture du Coran pour la paix, unit\u00e9 et la qui\u00e9tude sociale\u00a0 - UNIVERSNEWS224","isPartOf":{"@id":"https:\/\/universnews224.com\/#website"},"datePublished":"2025-01-31T18:07:29+00:00","dateModified":"2025-01-31T22:03:17+00:00","inLanguage":"fr-FR","potentialAction":[{"@type":"ReadAction","target":["https:\/\/universnews224.com\/index.php\/kankan-une-ceremonie-de-lecture-du-coran-pour-la-paix-unite-et-la-quietude-sociale\/"]}]},{"@type":"WebSite","@id":"https:\/\/universnews224.com\/#website","url":"https:\/\/universnews224.com\/","name":"UNIVERSNEWS224","description":"","publisher":{"@id":"https:\/\/universnews224.com\/#organization"},"potentialAction":[{"@type":"SearchAction","target":{"@type":"EntryPoint","urlTemplate":"https:\/\/universnews224.com\/?s={search_term_string}"},"query-input":"required name=search_term_string"}],"inLanguage":"fr-FR"},{"@type":"Organization","@id":"https:\/\/universnews224.com\/#organization","name":"UNIVERSNEWS224","url":"https:\/\/universnews224.com\/","logo":{"@type":"ImageObject","inLanguage":"fr-FR","@id":"https:\/\/universnews224.com\/#\/schema\/logo\/image\/","url":"https:\/\/universnews224.com\/wp-content\/uploads\/2022\/08\/cropped-cropped-logoban.jpg","contentUrl":"https:\/\/universnews224.com\/wp-content\/uploads\/2022\/08\/cropped-cropped-logoban.jpg","width":1080,"height":138,"caption":"UNIVERSNEWS224"},"image":{"@id":"https:\/\/universnews224.com\/#\/schema\/logo\/image\/"}},{"@type":"Person","@id":"https:\/\/universnews224.com\/#\/schema\/person\/a4b7d4f94a4716df60456a491260485e","name":"La R\u00e9daction","image":{"@type":"ImageObject","inLanguage":"fr-FR","@id":"https:\/\/universnews224.com\/#\/schema\/person\/image\/","url":"https:\/\/secure.gravatar.com\/avatar\/edb90acc7752b23e1b3307ad36c14f0d?s=96&d=mm&r=g","contentUrl":"https:\/\/secure.gravatar.com\/avatar\/edb90acc7752b23e1b3307ad36c14f0d?s=96&d=mm&r=g","caption":"La R\u00e9daction"},"sameAs":["https:\/\/universnews224.com"],"url":"https:\/\/universnews224.com\/index.php\/author\/m-camara\/"}]}},"_links":{"self":[{"href":"https:\/\/universnews224.com\/index.php\/wp-json\/wp\/v2\/posts\/7429"}],"collection":[{"href":"https:\/\/universnews224.com\/index.php\/wp-json\/wp\/v2\/posts"}],"about":[{"href":"https:\/\/universnews224.com\/index.php\/wp-json\/wp\/v2\/types\/post"}],"author":[{"embeddable":true,"href":"https:\/\/universnews224.com\/index.php\/wp-json\/wp\/v2\/users\/2"}],"replies":[{"embeddable":true,"href":"https:\/\/universnews224.com\/index.php\/wp-json\/wp\/v2\/comments?post=7429"}],"version-history":[{"count":3,"href":"https:\/\/universnews224.com\/index.php\/wp-json\/wp\/v2\/posts\/7429\/revisions"}],"predecessor-version":[{"id":7440,"href":"https:\/\/universnews224.com\/index.php\/wp-json\/wp\/v2\/posts\/7429\/revisions\/7440"}],"wp:featuredmedia":[{"embeddable":true,"href":"https:\/\/universnews224.com\/index.php\/wp-json\/wp\/v2\/media\/7430"}],"wp:attachment":[{"href":"https:\/\/universnews224.com\/index.php\/wp-json\/wp\/v2\/media?parent=7429"}],"wp:term":[{"taxonomy":"category","embeddable":true,"href":"https:\/\/universnews224.com\/index.php\/wp-json\/wp\/v2\/categories?post=7429"},{"taxonomy":"post_tag","embeddable":true,"href":"https:\/\/universnews224.com\/index.php\/wp-json\/wp\/v2\/tags?post=7429"}],"curies":[{"name":"wp","href":"https:\/\/api.w.org\/{rel}","templated":true}]}}