{"id":7441,"date":"2025-01-31T23:11:04","date_gmt":"2025-01-31T22:11:04","guid":{"rendered":"https:\/\/universnews224.com\/?p=7441"},"modified":"2025-01-31T23:11:04","modified_gmt":"2025-01-31T22:11:04","slug":"kankan-inauguration-par-mme-la-ministre-de-lenseignement-technique-de-la-bibliotheque-lansine-williams-blw","status":"publish","type":"post","link":"https:\/\/universnews224.com\/index.php\/kankan-inauguration-par-mme-la-ministre-de-lenseignement-technique-de-la-bibliotheque-lansine-williams-blw\/","title":{"rendered":"Kankan : inauguration par Mme la ministre de l&rsquo;Enseignement Technique\u00a0 de la biblioth\u00e8que Lansin\u00e8 Williams (BLW)"},"content":{"rendered":"<p>La ministre de l\u2019Enseignement Technique et la Formation Professionnelle Mme Aminata Kaba repr\u00e9sentante du ministre de la culture Moussa Mo\u00efse Sylla, accompagn\u00e9 de sa coll\u00e8gue du Commerce Mme Diaka Sidib\u00e9 a proc\u00e9d\u00e9 ce jeudi 30 janvier 2025 \u00e0 la c\u00e9r\u00e9monie inaugurale de la nouvelle Biblioth\u00e8que pr\u00e9fectorale de Kankan \u00a0\u00bb Lansin\u00e8 Williams (BLW) \u00ab\u00a0. Juste \u00e0 c\u00f4t\u00e9 de ladite pr\u00e9fecture. En pr\u00e9sence de plusieurs autorit\u00e9s, filles et fils de Kankan, le directeur de cabinet de la primature, le secr\u00e9taire g\u00e9n\u00e9ral du minist\u00e8re des Sports, la famille du pr\u00e9sident Mamadi Doumbouya et plusieurs autres acteurs de l\u2019industrie du livre. <a href=\"https:\/\/universnews224.com\/wp-content\/uploads\/2025\/01\/IMG-20250130-WA0007.jpg\"><img loading=\"lazy\" class=\"alignnone size-medium wp-image-7442\" src=\"https:\/\/universnews224.com\/wp-content\/uploads\/2025\/01\/IMG-20250130-WA0007-300x169.jpg\" alt=\"\" width=\"300\" height=\"169\" srcset=\"https:\/\/universnews224.com\/wp-content\/uploads\/2025\/01\/IMG-20250130-WA0007-300x169.jpg 300w, https:\/\/universnews224.com\/wp-content\/uploads\/2025\/01\/IMG-20250130-WA0007-1024x576.jpg 1024w, https:\/\/universnews224.com\/wp-content\/uploads\/2025\/01\/IMG-20250130-WA0007-768x432.jpg 768w, https:\/\/universnews224.com\/wp-content\/uploads\/2025\/01\/IMG-20250130-WA0007-800x450.jpg 800w, https:\/\/universnews224.com\/wp-content\/uploads\/2025\/01\/IMG-20250130-WA0007.jpg 1032w\" sizes=\"(max-width: 300px) 100vw, 300px\" \/><\/a><\/p>\n<p>Ce nouvel \u00e9difice, qui porte d\u00e9sormais le nom de deux grandes figures de l\u2019\u00e9ducation guin\u00e9enne, le professeur \u00e9m\u00e9rite Lansin\u00e9 Kaba, historien, et l\u2019\u00e9crivain Williams Sancin\u00e9, servira d\u00e9sormais de centre de lecture et de recherche pour les \u00e9tudiants, enseignants et chercheurs.<\/p>\n<p>L\u2019initiative vise \u00e0 mettre \u00e0 la disposition des religieux un cadre, un phare de connaissance, offrant des ressources et des outils qui permettront \u00e0 chacun d&rsquo;entre nous de s&rsquo;\u00e9panouir. Lancinet Cond\u00e9, Directeur g\u00e9n\u00e9ral du SONAP et aussi membre de la commission d\u2019organisation et propri\u00e9taire de ce biblioth\u00e8que pr\u00e9cise que la biblioth\u00e8que est un complexe polyvalent comprenant plusieurs infrastructures, une biblioth\u00e8que avec une salle de stockage de livres, deux salles de lecture, un espace jeunesse et une m\u00e9diath\u00e8que. <a href=\"https:\/\/universnews224.com\/wp-content\/uploads\/2025\/01\/IMG-20250130-WA0009.jpg\"><img loading=\"lazy\" class=\"alignnone size-medium wp-image-7443\" src=\"https:\/\/universnews224.com\/wp-content\/uploads\/2025\/01\/IMG-20250130-WA0009-300x169.jpg\" alt=\"\" width=\"300\" height=\"169\" srcset=\"https:\/\/universnews224.com\/wp-content\/uploads\/2025\/01\/IMG-20250130-WA0009-300x169.jpg 300w, https:\/\/universnews224.com\/wp-content\/uploads\/2025\/01\/IMG-20250130-WA0009-1024x576.jpg 1024w, https:\/\/universnews224.com\/wp-content\/uploads\/2025\/01\/IMG-20250130-WA0009-768x432.jpg 768w, https:\/\/universnews224.com\/wp-content\/uploads\/2025\/01\/IMG-20250130-WA0009-800x450.jpg 800w, https:\/\/universnews224.com\/wp-content\/uploads\/2025\/01\/IMG-20250130-WA0009.jpg 1032w\" sizes=\"(max-width: 300px) 100vw, 300px\" \/><\/a><\/p>\n<p>\u00abIl s\u2019agit d\u2019un projet n\u00e9 d\u2019une reconnaissance, celle que chacun de nous doit aux livres, \u00e0 ceux qui nous en ont donn\u00e9 pendant nos \u00e9tudes, \u00e0 ceux qui nous ont appris \u00e0 les comprendre, et aux lieux qui nous ont permis d\u2019y acc\u00e9der. Ce centre vise \u00e0 exalter l\u2019\u00e9ducation et \u00e0 saluer ces \u00e9ducateurs de l\u2019ombre, sans solde ni retraite. La biblioth\u00e8que Lansin\u00e8 Williams (BLW) est un complexe polyvalent comprenant plusieurs infrastructures : Une biblioth\u00e8que avec une salle de stockage de livres, deux salles de lecture, un espace jeunesse et une m\u00e9diath\u00e8que. Des bureaux administratifs, 13 salles de classe, ainsi qu\u2019un syst\u00e8me de 52 panneaux solaires assurant une alimentation \u00e9lectrique continue \u00bb, a-t-il soulign\u00e9 le DG du SONAP.<\/p>\n<p>De son c\u00f4t\u00e9, le gouverneur de la r\u00e9gion de Kankan Colonel Moussa Cond\u00e9 salut vraiment l&rsquo;initiative de cette mise en place d&rsquo;un temple du savoir pour les enfants de sa r\u00e9gion. <a href=\"https:\/\/universnews224.com\/wp-content\/uploads\/2025\/01\/IMG-20250130-WA0005.jpg\"><img loading=\"lazy\" class=\"alignnone size-medium wp-image-7444\" src=\"https:\/\/universnews224.com\/wp-content\/uploads\/2025\/01\/IMG-20250130-WA0005-300x169.jpg\" alt=\"\" width=\"300\" height=\"169\" srcset=\"https:\/\/universnews224.com\/wp-content\/uploads\/2025\/01\/IMG-20250130-WA0005-300x169.jpg 300w, https:\/\/universnews224.com\/wp-content\/uploads\/2025\/01\/IMG-20250130-WA0005-1024x576.jpg 1024w, https:\/\/universnews224.com\/wp-content\/uploads\/2025\/01\/IMG-20250130-WA0005-768x432.jpg 768w, https:\/\/universnews224.com\/wp-content\/uploads\/2025\/01\/IMG-20250130-WA0005-800x450.jpg 800w, https:\/\/universnews224.com\/wp-content\/uploads\/2025\/01\/IMG-20250130-WA0005.jpg 1032w\" sizes=\"(max-width: 300px) 100vw, 300px\" \/><\/a><\/p>\n<p>\u00ab Nous nous rassemblons pour c\u00e9l\u00e9brer une \u00e9tape significative dans notre communaut\u00e9, l&rsquo;inauguration de notre nouvelle biblioth\u00e8que. C&rsquo;est l&rsquo;espace, qui est bien plus qu&rsquo;un simple b\u00e2timent, repr\u00e9sente un sanctuaire de savoir, de culture et d&rsquo;\u00e9change. Sachez que la Biblioth\u00e8que est un lieu ou les id\u00e9es prennent vie, o\u00f9 les r\u00eaves s&rsquo;\u00e9veillent et o\u00f9 chaque livre est une porte ouverte vers de nouveaux horizons. Elle est un refuge pour les curieux, un lieu de rencontre pour ceux qui cherchent \u00e0 partager leurs passions et \u00e0 d\u00e9couvrir de nouvelles perspectives \u00bb, a-t-il indiqu\u00e9 le gouverneur de Kankan.<\/p>\n<p>Poursa part, la ministre de l\u2019enseignement technique et la formation professionnelle Mme Aminata Kaba repr\u00e9sentante du ministre de la culture Moussa Mo\u00efse Sylla, f\u00e9licite et encourage les initiateurs pour ce beau travail gigantesques en faveur des jeunes enfants de la r\u00e9gion de Kankan. <a href=\"https:\/\/universnews224.com\/wp-content\/uploads\/2025\/01\/IMG-20250130-WA0006.jpg\"><img loading=\"lazy\" class=\"alignnone size-medium wp-image-7445\" src=\"https:\/\/universnews224.com\/wp-content\/uploads\/2025\/01\/IMG-20250130-WA0006-300x209.jpg\" alt=\"\" width=\"300\" height=\"209\" srcset=\"https:\/\/universnews224.com\/wp-content\/uploads\/2025\/01\/IMG-20250130-WA0006-300x209.jpg 300w, https:\/\/universnews224.com\/wp-content\/uploads\/2025\/01\/IMG-20250130-WA0006-1024x712.jpg 1024w, https:\/\/universnews224.com\/wp-content\/uploads\/2025\/01\/IMG-20250130-WA0006-768x534.jpg 768w, https:\/\/universnews224.com\/wp-content\/uploads\/2025\/01\/IMG-20250130-WA0006.jpg 1080w\" sizes=\"(max-width: 300px) 100vw, 300px\" \/><\/a><\/p>\n<p>\u00abNous nous r\u00e9unissons aujourd&rsquo;hui \u00e0 Kankan pour inaugurer cette biblioth\u00e8que qui portera d\u00e9sormais le nom de feu Lansin\u00e8 Kaba et feu William Sancin\u00e9 qui sont et qui \u00e9taient deux \u00e9minents hommes de sciences et de culture de la r\u00e9gion administrative de Kankan. S&rsquo;exprimer ma profonde gratitude au G\u00e9n\u00e9ral Mamadi Doumbouya, pour sa vision \u00e9clair\u00e9e en faveur du savoir et du d\u00e9veloppement intellectuel de notre pays. Nous posons encore une pierre suppl\u00e9mentaire \u00e0 l&rsquo;\u00e9dification d&rsquo;une Guin\u00e9e plus inscrite et mieux pr\u00e9par\u00e9e aux d\u00e9fis de demain. L&rsquo;inauguration de cette biblioth\u00e8que est bien plus qu&rsquo;un \u00e9v\u00e9nement symbolique. Elle incarne notre engagement collectif pour la promotion de l&rsquo;\u00e9ducation, de la recherche et de la culture\u00bb, a-t-elle affirm\u00e9 la ministre.<\/p>\n<p>Et d&rsquo;ajouter, \u00ab Nous avons la conviction que<a href=\"https:\/\/universnews224.com\/wp-content\/uploads\/2025\/01\/IMG-20250130-WA0008.jpg\"><img loading=\"lazy\" class=\"alignnone size-medium wp-image-7446\" src=\"https:\/\/universnews224.com\/wp-content\/uploads\/2025\/01\/IMG-20250130-WA0008-300x169.jpg\" alt=\"\" width=\"300\" height=\"169\" srcset=\"https:\/\/universnews224.com\/wp-content\/uploads\/2025\/01\/IMG-20250130-WA0008-300x169.jpg 300w, https:\/\/universnews224.com\/wp-content\/uploads\/2025\/01\/IMG-20250130-WA0008-1024x576.jpg 1024w, https:\/\/universnews224.com\/wp-content\/uploads\/2025\/01\/IMG-20250130-WA0008-768x432.jpg 768w, https:\/\/universnews224.com\/wp-content\/uploads\/2025\/01\/IMG-20250130-WA0008-800x450.jpg 800w, https:\/\/universnews224.com\/wp-content\/uploads\/2025\/01\/IMG-20250130-WA0008.jpg 1032w\" sizes=\"(max-width: 300px) 100vw, 300px\" \/><\/a> le savoir est un levier essentiel du progr\u00e8s et un rempart contre l&rsquo;ignorance et l&rsquo;obscurantisme. Nous sommes ici pour honorer le travail acharn\u00e9 de ceux qui ont contribu\u00e9 \u00e0 cette r\u00e9alisation, mais aussi pour souligner l\u2019importance de l\u2019\u00e9ducation et de la culture dans nos vies, dans un monde en constante \u00e9volution. Cette biblioth\u00e8que sera un centre de savoir, offrant des ressources et des opportunit\u00e9s d\u2019apprentissage permettant \u00e0 chacun de s\u2019\u00e9panouir \u00bb, a conclu Mme Kaba.<\/p>\n<p>\u00c0 noter que, cette remise officielle a eu lieu en marge de la c\u00e9l\u00e9bration de la grande marche de unit\u00e9 et de la paix entre les ressortissants de la r\u00e9gion administrative de Kankan pr\u00e9vu le samedi 01 f\u00e9vrier 2025.<\/p>\n<p>Sana Sylla.<\/p>\n","protected":false},"excerpt":{"rendered":"<p>La ministre de l\u2019Enseignement Technique et la Formation Professionnelle Mme Aminata Kaba repr\u00e9sentante du ministre<\/p>\n","protected":false},"author":2,"featured_media":7442,"comment_status":"closed","ping_status":"open","sticky":false,"template":"","format":"standard","meta":[],"categories":[3,5],"tags":[237],"yoast_head":"<!-- This site is optimized with the Yoast SEO plugin v19.13 - https:\/\/yoast.com\/wordpress\/plugins\/seo\/ -->\n<title>Kankan : inauguration par Mme la ministre de l&#039;Enseignement Technique\u00a0 de la biblioth\u00e8que Lansin\u00e8 Williams (BLW) - UNIVERSNEWS224<\/title>\n<meta name=\"robots\" content=\"index, follow, max-snippet:-1, max-image-preview:large, max-video-preview:-1\" \/>\n<link rel=\"canonical\" href=\"https:\/\/universnews224.com\/index.php\/kankan-inauguration-par-mme-la-ministre-de-lenseignement-technique-de-la-bibliotheque-lansine-williams-blw\/\" \/>\n<meta property=\"og:locale\" content=\"fr_FR\" \/>\n<meta property=\"og:type\" content=\"article\" \/>\n<meta property=\"og:title\" content=\"Kankan : inauguration par Mme la ministre de l&#039;Enseignement Technique\u00a0 de la biblioth\u00e8que Lansin\u00e8 Williams (BLW) - UNIVERSNEWS224\" \/>\n<meta property=\"og:description\" content=\"La ministre de l\u2019Enseignement Technique et la Formation Professionnelle Mme Aminata Kaba repr\u00e9sentante du ministre\" \/>\n<meta property=\"og:url\" content=\"https:\/\/universnews224.com\/index.php\/kankan-inauguration-par-mme-la-ministre-de-lenseignement-technique-de-la-bibliotheque-lansine-williams-blw\/\" \/>\n<meta property=\"og:site_name\" content=\"UNIVERSNEWS224\" \/>\n<meta property=\"article:published_time\" content=\"2025-01-31T22:11:04+00:00\" \/>\n<meta property=\"og:image\" content=\"https:\/\/universnews224.com\/wp-content\/uploads\/2025\/01\/IMG-20250130-WA0007.jpg\" \/>\n\t<meta property=\"og:image:width\" content=\"1032\" \/>\n\t<meta property=\"og:image:height\" content=\"581\" \/>\n\t<meta property=\"og:image:type\" content=\"image\/jpeg\" \/>\n<meta name=\"author\" content=\"La R\u00e9daction\" \/>\n<meta name=\"twitter:label1\" content=\"\u00c9crit par\" \/>\n\t<meta name=\"twitter:data1\" content=\"La R\u00e9daction\" \/>\n\t<meta name=\"twitter:label2\" content=\"Dur\u00e9e de lecture estim\u00e9e\" \/>\n\t<meta name=\"twitter:data2\" content=\"5 minutes\" \/>\n<script type=\"application\/ld+json\" class=\"yoast-schema-graph\">{\"@context\":\"https:\/\/schema.org\",\"@graph\":[{\"@type\":\"Article\",\"@id\":\"https:\/\/universnews224.com\/index.php\/kankan-inauguration-par-mme-la-ministre-de-lenseignement-technique-de-la-bibliotheque-lansine-williams-blw\/#article\",\"isPartOf\":{\"@id\":\"https:\/\/universnews224.com\/index.php\/kankan-inauguration-par-mme-la-ministre-de-lenseignement-technique-de-la-bibliotheque-lansine-williams-blw\/\"},\"author\":{\"name\":\"La R\u00e9daction\",\"@id\":\"https:\/\/universnews224.com\/#\/schema\/person\/a4b7d4f94a4716df60456a491260485e\"},\"headline\":\"Kankan : inauguration par Mme la ministre de l&rsquo;Enseignement Technique\u00a0 de la biblioth\u00e8que Lansin\u00e8 Williams (BLW)\",\"datePublished\":\"2025-01-31T22:11:04+00:00\",\"dateModified\":\"2025-01-31T22:11:04+00:00\",\"mainEntityOfPage\":{\"@id\":\"https:\/\/universnews224.com\/index.php\/kankan-inauguration-par-mme-la-ministre-de-lenseignement-technique-de-la-bibliotheque-lansine-williams-blw\/\"},\"wordCount\":824,\"publisher\":{\"@id\":\"https:\/\/universnews224.com\/#organization\"},\"keywords\":[\"A la une\"],\"articleSection\":[\"ACTU\",\"SOCI\u00c9T\u00c9\"],\"inLanguage\":\"fr-FR\"},{\"@type\":\"WebPage\",\"@id\":\"https:\/\/universnews224.com\/index.php\/kankan-inauguration-par-mme-la-ministre-de-lenseignement-technique-de-la-bibliotheque-lansine-williams-blw\/\",\"url\":\"https:\/\/universnews224.com\/index.php\/kankan-inauguration-par-mme-la-ministre-de-lenseignement-technique-de-la-bibliotheque-lansine-williams-blw\/\",\"name\":\"Kankan : inauguration par Mme la ministre de l'Enseignement Technique\u00a0 de la biblioth\u00e8que Lansin\u00e8 Williams (BLW) - UNIVERSNEWS224\",\"isPartOf\":{\"@id\":\"https:\/\/universnews224.com\/#website\"},\"datePublished\":\"2025-01-31T22:11:04+00:00\",\"dateModified\":\"2025-01-31T22:11:04+00:00\",\"inLanguage\":\"fr-FR\",\"potentialAction\":[{\"@type\":\"ReadAction\",\"target\":[\"https:\/\/universnews224.com\/index.php\/kankan-inauguration-par-mme-la-ministre-de-lenseignement-technique-de-la-bibliotheque-lansine-williams-blw\/\"]}]},{\"@type\":\"WebSite\",\"@id\":\"https:\/\/universnews224.com\/#website\",\"url\":\"https:\/\/universnews224.com\/\",\"name\":\"UNIVERSNEWS224\",\"description\":\"\",\"publisher\":{\"@id\":\"https:\/\/universnews224.com\/#organization\"},\"potentialAction\":[{\"@type\":\"SearchAction\",\"target\":{\"@type\":\"EntryPoint\",\"urlTemplate\":\"https:\/\/universnews224.com\/?s={search_term_string}\"},\"query-input\":\"required name=search_term_string\"}],\"inLanguage\":\"fr-FR\"},{\"@type\":\"Organization\",\"@id\":\"https:\/\/universnews224.com\/#organization\",\"name\":\"UNIVERSNEWS224\",\"url\":\"https:\/\/universnews224.com\/\",\"logo\":{\"@type\":\"ImageObject\",\"inLanguage\":\"fr-FR\",\"@id\":\"https:\/\/universnews224.com\/#\/schema\/logo\/image\/\",\"url\":\"https:\/\/universnews224.com\/wp-content\/uploads\/2022\/08\/cropped-cropped-logoban.jpg\",\"contentUrl\":\"https:\/\/universnews224.com\/wp-content\/uploads\/2022\/08\/cropped-cropped-logoban.jpg\",\"width\":1080,\"height\":138,\"caption\":\"UNIVERSNEWS224\"},\"image\":{\"@id\":\"https:\/\/universnews224.com\/#\/schema\/logo\/image\/\"}},{\"@type\":\"Person\",\"@id\":\"https:\/\/universnews224.com\/#\/schema\/person\/a4b7d4f94a4716df60456a491260485e\",\"name\":\"La R\u00e9daction\",\"image\":{\"@type\":\"ImageObject\",\"inLanguage\":\"fr-FR\",\"@id\":\"https:\/\/universnews224.com\/#\/schema\/person\/image\/\",\"url\":\"https:\/\/secure.gravatar.com\/avatar\/edb90acc7752b23e1b3307ad36c14f0d?s=96&d=mm&r=g\",\"contentUrl\":\"https:\/\/secure.gravatar.com\/avatar\/edb90acc7752b23e1b3307ad36c14f0d?s=96&d=mm&r=g\",\"caption\":\"La R\u00e9daction\"},\"sameAs\":[\"https:\/\/universnews224.com\"],\"url\":\"https:\/\/universnews224.com\/index.php\/author\/m-camara\/\"}]}<\/script>\n<!-- \/ Yoast SEO plugin. -->","yoast_head_json":{"title":"Kankan : inauguration par Mme la ministre de l'Enseignement Technique\u00a0 de la biblioth\u00e8que Lansin\u00e8 Williams (BLW) - UNIVERSNEWS224","robots":{"index":"index","follow":"follow","max-snippet":"max-snippet:-1","max-image-preview":"max-image-preview:large","max-video-preview":"max-video-preview:-1"},"canonical":"https:\/\/universnews224.com\/index.php\/kankan-inauguration-par-mme-la-ministre-de-lenseignement-technique-de-la-bibliotheque-lansine-williams-blw\/","og_locale":"fr_FR","og_type":"article","og_title":"Kankan : inauguration par Mme la ministre de l'Enseignement Technique\u00a0 de la biblioth\u00e8que Lansin\u00e8 Williams (BLW) - UNIVERSNEWS224","og_description":"La ministre de l\u2019Enseignement Technique et la Formation Professionnelle Mme Aminata Kaba repr\u00e9sentante du ministre","og_url":"https:\/\/universnews224.com\/index.php\/kankan-inauguration-par-mme-la-ministre-de-lenseignement-technique-de-la-bibliotheque-lansine-williams-blw\/","og_site_name":"UNIVERSNEWS224","article_published_time":"2025-01-31T22:11:04+00:00","og_image":[{"width":1032,"height":581,"url":"https:\/\/universnews224.com\/wp-content\/uploads\/2025\/01\/IMG-20250130-WA0007.jpg","type":"image\/jpeg"}],"author":"La R\u00e9daction","twitter_misc":{"\u00c9crit par":"La R\u00e9daction","Dur\u00e9e de lecture estim\u00e9e":"5 minutes"},"schema":{"@context":"https:\/\/schema.org","@graph":[{"@type":"Article","@id":"https:\/\/universnews224.com\/index.php\/kankan-inauguration-par-mme-la-ministre-de-lenseignement-technique-de-la-bibliotheque-lansine-williams-blw\/#article","isPartOf":{"@id":"https:\/\/universnews224.com\/index.php\/kankan-inauguration-par-mme-la-ministre-de-lenseignement-technique-de-la-bibliotheque-lansine-williams-blw\/"},"author":{"name":"La R\u00e9daction","@id":"https:\/\/universnews224.com\/#\/schema\/person\/a4b7d4f94a4716df60456a491260485e"},"headline":"Kankan : inauguration par Mme la ministre de l&rsquo;Enseignement Technique\u00a0 de la biblioth\u00e8que Lansin\u00e8 Williams (BLW)","datePublished":"2025-01-31T22:11:04+00:00","dateModified":"2025-01-31T22:11:04+00:00","mainEntityOfPage":{"@id":"https:\/\/universnews224.com\/index.php\/kankan-inauguration-par-mme-la-ministre-de-lenseignement-technique-de-la-bibliotheque-lansine-williams-blw\/"},"wordCount":824,"publisher":{"@id":"https:\/\/universnews224.com\/#organization"},"keywords":["A la une"],"articleSection":["ACTU","SOCI\u00c9T\u00c9"],"inLanguage":"fr-FR"},{"@type":"WebPage","@id":"https:\/\/universnews224.com\/index.php\/kankan-inauguration-par-mme-la-ministre-de-lenseignement-technique-de-la-bibliotheque-lansine-williams-blw\/","url":"https:\/\/universnews224.com\/index.php\/kankan-inauguration-par-mme-la-ministre-de-lenseignement-technique-de-la-bibliotheque-lansine-williams-blw\/","name":"Kankan : inauguration par Mme la ministre de l'Enseignement Technique\u00a0 de la biblioth\u00e8que Lansin\u00e8 Williams (BLW) - UNIVERSNEWS224","isPartOf":{"@id":"https:\/\/universnews224.com\/#website"},"datePublished":"2025-01-31T22:11:04+00:00","dateModified":"2025-01-31T22:11:04+00:00","inLanguage":"fr-FR","potentialAction":[{"@type":"ReadAction","target":["https:\/\/universnews224.com\/index.php\/kankan-inauguration-par-mme-la-ministre-de-lenseignement-technique-de-la-bibliotheque-lansine-williams-blw\/"]}]},{"@type":"WebSite","@id":"https:\/\/universnews224.com\/#website","url":"https:\/\/universnews224.com\/","name":"UNIVERSNEWS224","description":"","publisher":{"@id":"https:\/\/universnews224.com\/#organization"},"potentialAction":[{"@type":"SearchAction","target":{"@type":"EntryPoint","urlTemplate":"https:\/\/universnews224.com\/?s={search_term_string}"},"query-input":"required name=search_term_string"}],"inLanguage":"fr-FR"},{"@type":"Organization","@id":"https:\/\/universnews224.com\/#organization","name":"UNIVERSNEWS224","url":"https:\/\/universnews224.com\/","logo":{"@type":"ImageObject","inLanguage":"fr-FR","@id":"https:\/\/universnews224.com\/#\/schema\/logo\/image\/","url":"https:\/\/universnews224.com\/wp-content\/uploads\/2022\/08\/cropped-cropped-logoban.jpg","contentUrl":"https:\/\/universnews224.com\/wp-content\/uploads\/2022\/08\/cropped-cropped-logoban.jpg","width":1080,"height":138,"caption":"UNIVERSNEWS224"},"image":{"@id":"https:\/\/universnews224.com\/#\/schema\/logo\/image\/"}},{"@type":"Person","@id":"https:\/\/universnews224.com\/#\/schema\/person\/a4b7d4f94a4716df60456a491260485e","name":"La R\u00e9daction","image":{"@type":"ImageObject","inLanguage":"fr-FR","@id":"https:\/\/universnews224.com\/#\/schema\/person\/image\/","url":"https:\/\/secure.gravatar.com\/avatar\/edb90acc7752b23e1b3307ad36c14f0d?s=96&d=mm&r=g","contentUrl":"https:\/\/secure.gravatar.com\/avatar\/edb90acc7752b23e1b3307ad36c14f0d?s=96&d=mm&r=g","caption":"La R\u00e9daction"},"sameAs":["https:\/\/universnews224.com"],"url":"https:\/\/universnews224.com\/index.php\/author\/m-camara\/"}]}},"_links":{"self":[{"href":"https:\/\/universnews224.com\/index.php\/wp-json\/wp\/v2\/posts\/7441"}],"collection":[{"href":"https:\/\/universnews224.com\/index.php\/wp-json\/wp\/v2\/posts"}],"about":[{"href":"https:\/\/universnews224.com\/index.php\/wp-json\/wp\/v2\/types\/post"}],"author":[{"embeddable":true,"href":"https:\/\/universnews224.com\/index.php\/wp-json\/wp\/v2\/users\/2"}],"replies":[{"embeddable":true,"href":"https:\/\/universnews224.com\/index.php\/wp-json\/wp\/v2\/comments?post=7441"}],"version-history":[{"count":1,"href":"https:\/\/universnews224.com\/index.php\/wp-json\/wp\/v2\/posts\/7441\/revisions"}],"predecessor-version":[{"id":7447,"href":"https:\/\/universnews224.com\/index.php\/wp-json\/wp\/v2\/posts\/7441\/revisions\/7447"}],"wp:featuredmedia":[{"embeddable":true,"href":"https:\/\/universnews224.com\/index.php\/wp-json\/wp\/v2\/media\/7442"}],"wp:attachment":[{"href":"https:\/\/universnews224.com\/index.php\/wp-json\/wp\/v2\/media?parent=7441"}],"wp:term":[{"taxonomy":"category","embeddable":true,"href":"https:\/\/universnews224.com\/index.php\/wp-json\/wp\/v2\/categories?post=7441"},{"taxonomy":"post_tag","embeddable":true,"href":"https:\/\/universnews224.com\/index.php\/wp-json\/wp\/v2\/tags?post=7441"}],"curies":[{"name":"wp","href":"https:\/\/api.w.org\/{rel}","templated":true}]}}