{"id":7451,"date":"2025-02-01T18:12:25","date_gmt":"2025-02-01T17:12:25","guid":{"rendered":"https:\/\/universnews224.com\/?p=7451"},"modified":"2025-02-01T18:12:25","modified_gmt":"2025-02-01T17:12:25","slug":"urgent-alpha-conde-a-ses-militants-nous-allons-balayer-doumbouya-et-sa-bande-pour-reprendre-notre-pouvoir","status":"publish","type":"post","link":"https:\/\/universnews224.com\/index.php\/urgent-alpha-conde-a-ses-militants-nous-allons-balayer-doumbouya-et-sa-bande-pour-reprendre-notre-pouvoir\/","title":{"rendered":"URGENT\/Alpha Cond\u00e9 \u00e0 ses militants : \u2018\u2019Nous allons balayer Doumbouya et sa bande pour reprendre notre pouvoir\u2019\u2019"},"content":{"rendered":"<p style=\"margin: 0px 0px 1em;padding: 0px;border: 0px;line-height: inherit;font-family: 'Helvetica Neue', Helvetica, Roboto, Arial, sans-serif;vertical-align: baseline;text-align: justify\">Ce samedi 1\u1d49\u02b3 f\u00e9vrier 2025, en marge de l\u2019assembl\u00e9e g\u00e9n\u00e9rale hebdomadaire de son parti, l\u2019ancien pr\u00e9sident, le Pr. Alpha Cond\u00e9 s\u2019est adress\u00e9 \u00e0 ses militants. L\u2019ex dirigeant guin\u00e9en a r\u00e9affirm\u00e9 sa volont\u00e9 de reconqu\u00e9rir le pouvoir perdu apr\u00e8s le coup d\u2019\u00c9tat du 5 septembre 2021.<\/p>\n<p style=\"margin: 0px 0px 1em;padding: 0px;border: 0px;line-height: inherit;font-family: 'Helvetica Neue', Helvetica, Roboto, Arial, sans-serif;vertical-align: baseline;text-align: justify\">S\u2019adressant \u00e0 ses militants, l\u2019ancien pr\u00e9sident a lanc\u00e9 un appel \u00e0 l\u2019unit\u00e9 et \u00e0 la d\u00e9termination, rejetant toute id\u00e9e d\u2019abandon face au r\u00e9gime en place dirig\u00e9 par le G\u00e9n\u00e9ral Mamadi Doumbouya.<\/p>\n<p><span style=\"font-family: 'Helvetica Neue', Helvetica, Roboto, Arial, sans-serif;text-align: justify\">Restez unis et d\u00e9termin\u00e9s, nous sommes d\u00e9cid\u00e9s \u00e0 reprendre le pouvoir. Il faut laisser les opportunistes s\u2019agiter\u2026 Nous allons balayer Doumbouya et sa bande pour reprendre notre pouvoir, inch\u2019Allah, gr\u00e2ce \u00e0 la volont\u00e9 de Dieu. Alors, courage, courage\u2019\u2019, a-t-il lanc\u00e9.<\/span><\/p>\n<p>&nbsp;<\/p>\n","protected":false},"excerpt":{"rendered":"<p>Ce samedi 1\u1d49\u02b3 f\u00e9vrier 2025, en marge de l\u2019assembl\u00e9e g\u00e9n\u00e9rale hebdomadaire de son parti, l\u2019ancien<\/p>\n","protected":false},"author":2,"featured_media":7452,"comment_status":"closed","ping_status":"open","sticky":false,"template":"","format":"standard","meta":[],"categories":[3,4],"tags":[237],"yoast_head":"<!-- This site is optimized with the Yoast SEO plugin v19.13 - https:\/\/yoast.com\/wordpress\/plugins\/seo\/ -->\n<title>URGENT\/Alpha Cond\u00e9 \u00e0 ses militants : \u2018\u2019Nous allons balayer Doumbouya et sa bande pour reprendre notre pouvoir\u2019\u2019 - UNIVERSNEWS224<\/title>\n<meta name=\"robots\" content=\"index, follow, max-snippet:-1, max-image-preview:large, max-video-preview:-1\" \/>\n<link rel=\"canonical\" href=\"https:\/\/universnews224.com\/index.php\/urgent-alpha-conde-a-ses-militants-nous-allons-balayer-doumbouya-et-sa-bande-pour-reprendre-notre-pouvoir\/\" \/>\n<meta property=\"og:locale\" content=\"fr_FR\" \/>\n<meta property=\"og:type\" content=\"article\" \/>\n<meta property=\"og:title\" content=\"URGENT\/Alpha Cond\u00e9 \u00e0 ses militants : \u2018\u2019Nous allons balayer Doumbouya et sa bande pour reprendre notre pouvoir\u2019\u2019 - UNIVERSNEWS224\" \/>\n<meta property=\"og:description\" content=\"Ce samedi 1\u1d49\u02b3 f\u00e9vrier 2025, en marge de l\u2019assembl\u00e9e g\u00e9n\u00e9rale hebdomadaire de son parti, l\u2019ancien\" \/>\n<meta property=\"og:url\" content=\"https:\/\/universnews224.com\/index.php\/urgent-alpha-conde-a-ses-militants-nous-allons-balayer-doumbouya-et-sa-bande-pour-reprendre-notre-pouvoir\/\" \/>\n<meta property=\"og:site_name\" content=\"UNIVERSNEWS224\" \/>\n<meta property=\"article:published_time\" content=\"2025-02-01T17:12:25+00:00\" \/>\n<meta property=\"og:image\" content=\"https:\/\/universnews224.com\/wp-content\/uploads\/2025\/02\/alpha_conde_rpg-528x375-1.jpeg\" \/>\n\t<meta property=\"og:image:width\" content=\"528\" \/>\n\t<meta property=\"og:image:height\" content=\"375\" \/>\n\t<meta property=\"og:image:type\" content=\"image\/jpeg\" \/>\n<meta name=\"author\" content=\"La R\u00e9daction\" \/>\n<meta name=\"twitter:label1\" content=\"\u00c9crit par\" \/>\n\t<meta name=\"twitter:data1\" content=\"La R\u00e9daction\" \/>\n\t<meta name=\"twitter:label2\" content=\"Dur\u00e9e de lecture estim\u00e9e\" \/>\n\t<meta name=\"twitter:data2\" content=\"1 minute\" \/>\n<script type=\"application\/ld+json\" class=\"yoast-schema-graph\">{\"@context\":\"https:\/\/schema.org\",\"@graph\":[{\"@type\":\"Article\",\"@id\":\"https:\/\/universnews224.com\/index.php\/urgent-alpha-conde-a-ses-militants-nous-allons-balayer-doumbouya-et-sa-bande-pour-reprendre-notre-pouvoir\/#article\",\"isPartOf\":{\"@id\":\"https:\/\/universnews224.com\/index.php\/urgent-alpha-conde-a-ses-militants-nous-allons-balayer-doumbouya-et-sa-bande-pour-reprendre-notre-pouvoir\/\"},\"author\":{\"name\":\"La R\u00e9daction\",\"@id\":\"https:\/\/universnews224.com\/#\/schema\/person\/a4b7d4f94a4716df60456a491260485e\"},\"headline\":\"URGENT\/Alpha Cond\u00e9 \u00e0 ses militants : \u2018\u2019Nous allons balayer Doumbouya et sa bande pour reprendre notre pouvoir\u2019\u2019\",\"datePublished\":\"2025-02-01T17:12:25+00:00\",\"dateModified\":\"2025-02-01T17:12:25+00:00\",\"mainEntityOfPage\":{\"@id\":\"https:\/\/universnews224.com\/index.php\/urgent-alpha-conde-a-ses-militants-nous-allons-balayer-doumbouya-et-sa-bande-pour-reprendre-notre-pouvoir\/\"},\"wordCount\":154,\"publisher\":{\"@id\":\"https:\/\/universnews224.com\/#organization\"},\"keywords\":[\"A la une\"],\"articleSection\":[\"ACTU\",\"POLITIQUE\"],\"inLanguage\":\"fr-FR\"},{\"@type\":\"WebPage\",\"@id\":\"https:\/\/universnews224.com\/index.php\/urgent-alpha-conde-a-ses-militants-nous-allons-balayer-doumbouya-et-sa-bande-pour-reprendre-notre-pouvoir\/\",\"url\":\"https:\/\/universnews224.com\/index.php\/urgent-alpha-conde-a-ses-militants-nous-allons-balayer-doumbouya-et-sa-bande-pour-reprendre-notre-pouvoir\/\",\"name\":\"URGENT\/Alpha Cond\u00e9 \u00e0 ses militants : \u2018\u2019Nous allons balayer Doumbouya et sa bande pour reprendre notre pouvoir\u2019\u2019 - UNIVERSNEWS224\",\"isPartOf\":{\"@id\":\"https:\/\/universnews224.com\/#website\"},\"datePublished\":\"2025-02-01T17:12:25+00:00\",\"dateModified\":\"2025-02-01T17:12:25+00:00\",\"inLanguage\":\"fr-FR\",\"potentialAction\":[{\"@type\":\"ReadAction\",\"target\":[\"https:\/\/universnews224.com\/index.php\/urgent-alpha-conde-a-ses-militants-nous-allons-balayer-doumbouya-et-sa-bande-pour-reprendre-notre-pouvoir\/\"]}]},{\"@type\":\"WebSite\",\"@id\":\"https:\/\/universnews224.com\/#website\",\"url\":\"https:\/\/universnews224.com\/\",\"name\":\"UNIVERSNEWS224\",\"description\":\"\",\"publisher\":{\"@id\":\"https:\/\/universnews224.com\/#organization\"},\"potentialAction\":[{\"@type\":\"SearchAction\",\"target\":{\"@type\":\"EntryPoint\",\"urlTemplate\":\"https:\/\/universnews224.com\/?s={search_term_string}\"},\"query-input\":\"required name=search_term_string\"}],\"inLanguage\":\"fr-FR\"},{\"@type\":\"Organization\",\"@id\":\"https:\/\/universnews224.com\/#organization\",\"name\":\"UNIVERSNEWS224\",\"url\":\"https:\/\/universnews224.com\/\",\"logo\":{\"@type\":\"ImageObject\",\"inLanguage\":\"fr-FR\",\"@id\":\"https:\/\/universnews224.com\/#\/schema\/logo\/image\/\",\"url\":\"https:\/\/universnews224.com\/wp-content\/uploads\/2022\/08\/cropped-cropped-logoban.jpg\",\"contentUrl\":\"https:\/\/universnews224.com\/wp-content\/uploads\/2022\/08\/cropped-cropped-logoban.jpg\",\"width\":1080,\"height\":138,\"caption\":\"UNIVERSNEWS224\"},\"image\":{\"@id\":\"https:\/\/universnews224.com\/#\/schema\/logo\/image\/\"}},{\"@type\":\"Person\",\"@id\":\"https:\/\/universnews224.com\/#\/schema\/person\/a4b7d4f94a4716df60456a491260485e\",\"name\":\"La R\u00e9daction\",\"image\":{\"@type\":\"ImageObject\",\"inLanguage\":\"fr-FR\",\"@id\":\"https:\/\/universnews224.com\/#\/schema\/person\/image\/\",\"url\":\"https:\/\/secure.gravatar.com\/avatar\/edb90acc7752b23e1b3307ad36c14f0d?s=96&d=mm&r=g\",\"contentUrl\":\"https:\/\/secure.gravatar.com\/avatar\/edb90acc7752b23e1b3307ad36c14f0d?s=96&d=mm&r=g\",\"caption\":\"La R\u00e9daction\"},\"sameAs\":[\"https:\/\/universnews224.com\"],\"url\":\"https:\/\/universnews224.com\/index.php\/author\/m-camara\/\"}]}<\/script>\n<!-- \/ Yoast SEO plugin. -->","yoast_head_json":{"title":"URGENT\/Alpha Cond\u00e9 \u00e0 ses militants : \u2018\u2019Nous allons balayer Doumbouya et sa bande pour reprendre notre pouvoir\u2019\u2019 - UNIVERSNEWS224","robots":{"index":"index","follow":"follow","max-snippet":"max-snippet:-1","max-image-preview":"max-image-preview:large","max-video-preview":"max-video-preview:-1"},"canonical":"https:\/\/universnews224.com\/index.php\/urgent-alpha-conde-a-ses-militants-nous-allons-balayer-doumbouya-et-sa-bande-pour-reprendre-notre-pouvoir\/","og_locale":"fr_FR","og_type":"article","og_title":"URGENT\/Alpha Cond\u00e9 \u00e0 ses militants : \u2018\u2019Nous allons balayer Doumbouya et sa bande pour reprendre notre pouvoir\u2019\u2019 - UNIVERSNEWS224","og_description":"Ce samedi 1\u1d49\u02b3 f\u00e9vrier 2025, en marge de l\u2019assembl\u00e9e g\u00e9n\u00e9rale hebdomadaire de son parti, l\u2019ancien","og_url":"https:\/\/universnews224.com\/index.php\/urgent-alpha-conde-a-ses-militants-nous-allons-balayer-doumbouya-et-sa-bande-pour-reprendre-notre-pouvoir\/","og_site_name":"UNIVERSNEWS224","article_published_time":"2025-02-01T17:12:25+00:00","og_image":[{"width":528,"height":375,"url":"https:\/\/universnews224.com\/wp-content\/uploads\/2025\/02\/alpha_conde_rpg-528x375-1.jpeg","type":"image\/jpeg"}],"author":"La R\u00e9daction","twitter_misc":{"\u00c9crit par":"La R\u00e9daction","Dur\u00e9e de lecture estim\u00e9e":"1 minute"},"schema":{"@context":"https:\/\/schema.org","@graph":[{"@type":"Article","@id":"https:\/\/universnews224.com\/index.php\/urgent-alpha-conde-a-ses-militants-nous-allons-balayer-doumbouya-et-sa-bande-pour-reprendre-notre-pouvoir\/#article","isPartOf":{"@id":"https:\/\/universnews224.com\/index.php\/urgent-alpha-conde-a-ses-militants-nous-allons-balayer-doumbouya-et-sa-bande-pour-reprendre-notre-pouvoir\/"},"author":{"name":"La R\u00e9daction","@id":"https:\/\/universnews224.com\/#\/schema\/person\/a4b7d4f94a4716df60456a491260485e"},"headline":"URGENT\/Alpha Cond\u00e9 \u00e0 ses militants : \u2018\u2019Nous allons balayer Doumbouya et sa bande pour reprendre notre pouvoir\u2019\u2019","datePublished":"2025-02-01T17:12:25+00:00","dateModified":"2025-02-01T17:12:25+00:00","mainEntityOfPage":{"@id":"https:\/\/universnews224.com\/index.php\/urgent-alpha-conde-a-ses-militants-nous-allons-balayer-doumbouya-et-sa-bande-pour-reprendre-notre-pouvoir\/"},"wordCount":154,"publisher":{"@id":"https:\/\/universnews224.com\/#organization"},"keywords":["A la une"],"articleSection":["ACTU","POLITIQUE"],"inLanguage":"fr-FR"},{"@type":"WebPage","@id":"https:\/\/universnews224.com\/index.php\/urgent-alpha-conde-a-ses-militants-nous-allons-balayer-doumbouya-et-sa-bande-pour-reprendre-notre-pouvoir\/","url":"https:\/\/universnews224.com\/index.php\/urgent-alpha-conde-a-ses-militants-nous-allons-balayer-doumbouya-et-sa-bande-pour-reprendre-notre-pouvoir\/","name":"URGENT\/Alpha Cond\u00e9 \u00e0 ses militants : \u2018\u2019Nous allons balayer Doumbouya et sa bande pour reprendre notre pouvoir\u2019\u2019 - UNIVERSNEWS224","isPartOf":{"@id":"https:\/\/universnews224.com\/#website"},"datePublished":"2025-02-01T17:12:25+00:00","dateModified":"2025-02-01T17:12:25+00:00","inLanguage":"fr-FR","potentialAction":[{"@type":"ReadAction","target":["https:\/\/universnews224.com\/index.php\/urgent-alpha-conde-a-ses-militants-nous-allons-balayer-doumbouya-et-sa-bande-pour-reprendre-notre-pouvoir\/"]}]},{"@type":"WebSite","@id":"https:\/\/universnews224.com\/#website","url":"https:\/\/universnews224.com\/","name":"UNIVERSNEWS224","description":"","publisher":{"@id":"https:\/\/universnews224.com\/#organization"},"potentialAction":[{"@type":"SearchAction","target":{"@type":"EntryPoint","urlTemplate":"https:\/\/universnews224.com\/?s={search_term_string}"},"query-input":"required name=search_term_string"}],"inLanguage":"fr-FR"},{"@type":"Organization","@id":"https:\/\/universnews224.com\/#organization","name":"UNIVERSNEWS224","url":"https:\/\/universnews224.com\/","logo":{"@type":"ImageObject","inLanguage":"fr-FR","@id":"https:\/\/universnews224.com\/#\/schema\/logo\/image\/","url":"https:\/\/universnews224.com\/wp-content\/uploads\/2022\/08\/cropped-cropped-logoban.jpg","contentUrl":"https:\/\/universnews224.com\/wp-content\/uploads\/2022\/08\/cropped-cropped-logoban.jpg","width":1080,"height":138,"caption":"UNIVERSNEWS224"},"image":{"@id":"https:\/\/universnews224.com\/#\/schema\/logo\/image\/"}},{"@type":"Person","@id":"https:\/\/universnews224.com\/#\/schema\/person\/a4b7d4f94a4716df60456a491260485e","name":"La R\u00e9daction","image":{"@type":"ImageObject","inLanguage":"fr-FR","@id":"https:\/\/universnews224.com\/#\/schema\/person\/image\/","url":"https:\/\/secure.gravatar.com\/avatar\/edb90acc7752b23e1b3307ad36c14f0d?s=96&d=mm&r=g","contentUrl":"https:\/\/secure.gravatar.com\/avatar\/edb90acc7752b23e1b3307ad36c14f0d?s=96&d=mm&r=g","caption":"La R\u00e9daction"},"sameAs":["https:\/\/universnews224.com"],"url":"https:\/\/universnews224.com\/index.php\/author\/m-camara\/"}]}},"_links":{"self":[{"href":"https:\/\/universnews224.com\/index.php\/wp-json\/wp\/v2\/posts\/7451"}],"collection":[{"href":"https:\/\/universnews224.com\/index.php\/wp-json\/wp\/v2\/posts"}],"about":[{"href":"https:\/\/universnews224.com\/index.php\/wp-json\/wp\/v2\/types\/post"}],"author":[{"embeddable":true,"href":"https:\/\/universnews224.com\/index.php\/wp-json\/wp\/v2\/users\/2"}],"replies":[{"embeddable":true,"href":"https:\/\/universnews224.com\/index.php\/wp-json\/wp\/v2\/comments?post=7451"}],"version-history":[{"count":1,"href":"https:\/\/universnews224.com\/index.php\/wp-json\/wp\/v2\/posts\/7451\/revisions"}],"predecessor-version":[{"id":7453,"href":"https:\/\/universnews224.com\/index.php\/wp-json\/wp\/v2\/posts\/7451\/revisions\/7453"}],"wp:featuredmedia":[{"embeddable":true,"href":"https:\/\/universnews224.com\/index.php\/wp-json\/wp\/v2\/media\/7452"}],"wp:attachment":[{"href":"https:\/\/universnews224.com\/index.php\/wp-json\/wp\/v2\/media?parent=7451"}],"wp:term":[{"taxonomy":"category","embeddable":true,"href":"https:\/\/universnews224.com\/index.php\/wp-json\/wp\/v2\/categories?post=7451"},{"taxonomy":"post_tag","embeddable":true,"href":"https:\/\/universnews224.com\/index.php\/wp-json\/wp\/v2\/tags?post=7451"}],"curies":[{"name":"wp","href":"https:\/\/api.w.org\/{rel}","templated":true}]}}