{"id":7454,"date":"2025-02-02T00:27:00","date_gmt":"2025-02-01T23:27:00","guid":{"rendered":"https:\/\/universnews224.com\/?p=7454"},"modified":"2025-02-02T00:27:00","modified_gmt":"2025-02-01T23:27:00","slug":"kankan-une-forte-mobilisation-de-la-population-autour-de-la-marche-de-lunite-et-de-la-paix-en-guinee","status":"publish","type":"post","link":"https:\/\/universnews224.com\/index.php\/kankan-une-forte-mobilisation-de-la-population-autour-de-la-marche-de-lunite-et-de-la-paix-en-guinee\/","title":{"rendered":"Kankan : une forte mobilisation de la population autour de la Marche de l\u2019Unit\u00e9 et de la Paix en Guin\u00e9e\u00a0"},"content":{"rendered":"<p>Depuis quatre jours la r\u00e9gion administrative de Kankan vibre au rythme de l&rsquo;\u00e9v\u00e8nement tant attendu. Ce samedi 01 fevrier 2025, \u00e0 la grande \u00ab Marche de l\u2019Unit\u00e9 et de la Paix \u00bb, en pr\u00e9sence de plusieurs membres du gouvernement. En t\u00eate de la d\u00e9l\u00e9gation officielle, le ministre Secr\u00e9taire g\u00e9n\u00e9ral de la pr\u00e9sidence, Amara Camara et les autres hauts responsables de l\u2019\u00c9tat tels que les directeurs des diff\u00e9rentes d\u00e9partements minist\u00e9riels, le Collectif des anciens ministres du CNRD, dont Guillaume HARWING, Alphonse Charles WRIGHT, Moussa Magasouba, et Aly Seydouba Soumah.<a href=\"https:\/\/universnews224.com\/wp-content\/uploads\/2025\/02\/IMG-20250201-WA0000.jpg\"><img loading=\"lazy\" class=\"alignnone size-medium wp-image-7455\" src=\"https:\/\/universnews224.com\/wp-content\/uploads\/2025\/02\/IMG-20250201-WA0000-300x200.jpg\" alt=\"\" width=\"300\" height=\"200\" srcset=\"https:\/\/universnews224.com\/wp-content\/uploads\/2025\/02\/IMG-20250201-WA0000-300x200.jpg 300w, https:\/\/universnews224.com\/wp-content\/uploads\/2025\/02\/IMG-20250201-WA0000-768x512.jpg 768w, https:\/\/universnews224.com\/wp-content\/uploads\/2025\/02\/IMG-20250201-WA0000.jpg 949w\" sizes=\"(max-width: 300px) 100vw, 300px\" \/><\/a><\/p>\n<p>Plac\u00e9 sous le signe du rassemblement entre les filles et fils du pays, il n\u2019en demeure pas moins une mobilisation de soutien au pr\u00e9sident de la transition, Mamadi Doumbouya. Sur une des affiches o\u00f9 se trouvent, ou on peut lire en gros caract\u00e8res \u00ab Kankan s\u2019engage pour la continuit\u00e9, du G\u00e9n\u00e9ral Mamadi \u00bb. Chose r\u00e9alis\u00e9e et prononc\u00e9e par l&rsquo;envoyer du pr\u00e9sident G\u00e9n\u00e9ral Amara Camara devant les citoyens de Kankan.<\/p>\n<p>Devant un parterre kankanaise, Le Directeur G\u00e9n\u00e9ral de l&rsquo;Office National de Contr\u00f4le Qualit\u00e9 Mohamed Kadiatou Sylla a invit\u00e9 le pr\u00e9sident de la R\u00e9publique, le G\u00e9n\u00e9ral Mamady Doumbouya, \u00e0 se pr\u00e9senter aux prochaines \u00e9lections car c&rsquo;est un homme de parole. <a href=\"https:\/\/universnews224.com\/wp-content\/uploads\/2025\/02\/IMG-20250201-WA0002.jpg\"><img loading=\"lazy\" class=\"alignnone size-medium wp-image-7456\" src=\"https:\/\/universnews224.com\/wp-content\/uploads\/2025\/02\/IMG-20250201-WA0002-300x258.jpg\" alt=\"\" width=\"300\" height=\"258\" srcset=\"https:\/\/universnews224.com\/wp-content\/uploads\/2025\/02\/IMG-20250201-WA0002-300x258.jpg 300w, https:\/\/universnews224.com\/wp-content\/uploads\/2025\/02\/IMG-20250201-WA0002-1024x881.jpg 1024w, https:\/\/universnews224.com\/wp-content\/uploads\/2025\/02\/IMG-20250201-WA0002-768x661.jpg 768w, https:\/\/universnews224.com\/wp-content\/uploads\/2025\/02\/IMG-20250201-WA0002.jpg 1080w\" sizes=\"(max-width: 300px) 100vw, 300px\" \/><\/a><\/p>\n<p>\u00ab Aujourd&rsquo;hui on vient de montrer que nous avons besoin de lui. et qu&rsquo;il doit continuer les acquis qu&rsquo;il a pos\u00e9s. Vous venez de voir ici, ce n&rsquo;est pas seulement que la Haute Guin\u00e9e qui est r\u00e9solument engag\u00e9e. Il y a la Basse Guin\u00e9e, il y a la Moyenne Guin\u00e9e et la Guin\u00e9e foresti\u00e8re, il y a la Haute Guin\u00e9e \u00e9galement. C&rsquo;est le souhait du peuple. Car c&rsquo;est homme qui a \u00e9t\u00e9 \u00e9lu par la population d\u00e9j\u00e0 donc nous voulons sa continuit\u00e9 au pouvoir, les citoyens ont besoin de sont soutien et il \u00e0 besoin aussi le soutien de sa population \u00bb, a-t-il indiqu\u00e9 le DG.<\/p>\n<p>Pour la dame de fer, la grande coordinatrice des Gazelles du CNRD Mme Kourouma Mariama, dans une foule de la marche de l&rsquo;unit\u00e9 et de la paix, d\u00e9clare aussi la continuit\u00e9 de Mamadi au pouvoir. <a href=\"https:\/\/universnews224.com\/wp-content\/uploads\/2025\/02\/IMG-20250201-WA0003.jpg\"><img loading=\"lazy\" class=\"alignnone size-medium wp-image-7457\" src=\"https:\/\/universnews224.com\/wp-content\/uploads\/2025\/02\/IMG-20250201-WA0003-300x169.jpg\" alt=\"\" width=\"300\" height=\"169\" srcset=\"https:\/\/universnews224.com\/wp-content\/uploads\/2025\/02\/IMG-20250201-WA0003-300x169.jpg 300w, https:\/\/universnews224.com\/wp-content\/uploads\/2025\/02\/IMG-20250201-WA0003-1024x576.jpg 1024w, https:\/\/universnews224.com\/wp-content\/uploads\/2025\/02\/IMG-20250201-WA0003-768x432.jpg 768w, https:\/\/universnews224.com\/wp-content\/uploads\/2025\/02\/IMG-20250201-WA0003-800x450.jpg 800w, https:\/\/universnews224.com\/wp-content\/uploads\/2025\/02\/IMG-20250201-WA0003.jpg 1032w\" sizes=\"(max-width: 300px) 100vw, 300px\" \/><\/a><\/p>\n<p>\u00ab Tous les guin\u00e9ens valident le g\u00e9n\u00e9ral Mamadou Doumbouya. Et nous les gazelles, on s&rsquo;est lanc\u00e9 un d\u00e9fi, c&rsquo;est de r\u00e9unir un million de femmes autour du g\u00e9n\u00e9ral Mamadi Doumbouya. Et Kankan en ait la preuve.Toute la Guin\u00e9e est repr\u00e9sent\u00e9e ici, les gazelles aussi. Donc, en un mot, on ne peut dire que merci au G\u00e9n\u00e9ral pour toutes les actions qu&rsquo;il est en train de poser par rapport au d\u00e9veloppement de ce beau pays. Par rapport au discours de M. Amara Camara en disant que la candidature de M. le Pr\u00e9sident Mamadi Doumbouya n&rsquo;y a pas match, le g\u00e9n\u00e9ral Amara a tout dit. Car c&rsquo;est objectif phares de notre venue ici et on voulait entendre ce mot depuis longtemps. Mamadi doit rester pour continuer sa refondation pr\u00f4n\u00e9e au peuple de Guin\u00e9e\u00bb, a-t-elle affirm\u00e9 la coordonnatrice.<\/p>\n<p>Par sa part, le directeur g\u00e9n\u00e9ral du SONAP M. Lancin\u00e8 Cond\u00e9 dit aussi les m\u00eames mots au peuple kankanaise.<a href=\"https:\/\/universnews224.com\/wp-content\/uploads\/2025\/01\/IMG-20250130-WA0009.jpg\"><img loading=\"lazy\" class=\"alignnone size-medium wp-image-7443\" src=\"https:\/\/universnews224.com\/wp-content\/uploads\/2025\/01\/IMG-20250130-WA0009-300x169.jpg\" alt=\"\" width=\"300\" height=\"169\" srcset=\"https:\/\/universnews224.com\/wp-content\/uploads\/2025\/01\/IMG-20250130-WA0009-300x169.jpg 300w, https:\/\/universnews224.com\/wp-content\/uploads\/2025\/01\/IMG-20250130-WA0009-1024x576.jpg 1024w, https:\/\/universnews224.com\/wp-content\/uploads\/2025\/01\/IMG-20250130-WA0009-768x432.jpg 768w, https:\/\/universnews224.com\/wp-content\/uploads\/2025\/01\/IMG-20250130-WA0009-800x450.jpg 800w, https:\/\/universnews224.com\/wp-content\/uploads\/2025\/01\/IMG-20250130-WA0009.jpg 1032w\" sizes=\"(max-width: 300px) 100vw, 300px\" \/><\/a><\/p>\n<p>\u00ab Aujourd&rsquo;hui je suis vraiment content et convaincue de la situation que nous vivons ici Kankan, les citoyens venus des quatres r\u00e9gions naturelles sur la terre de Nabaya vraiment c&rsquo;est une fiert\u00e9 et une immense succ\u00e8s que nous r\u00e9coltons avec mes jeunes fr\u00e8res organisateurs. Hier je vous disait le m\u00eame mot que c&rsquo;est facile de voir la vision du pr\u00e9sident. Et le seul message vous voyez l\u00e0, si vous voulez que cela soit \u00e0 une \u00e9chelle plus \u00e9lev\u00e9e encore amplifi\u00e9e, le g\u00e9n\u00e9ral Mamadi Doumbouya est l&rsquo;homme qu&rsquo;il nous faut. Donc il doit continuer son combat pour la refondation de notre cher pays notre paradis terre de richesse et d&rsquo;innovation \u00bb, a-t-il soulign\u00e9 le DG.<\/p>\n<p>Pour clore la liste, le chef de file gouvernemental, le G\u00e9n\u00e9ral Amara Camara qui prend enfin la parole pour annoncer son soutien au chef de l\u2019\u00c9tat devant la population Nabaya.<a href=\"https:\/\/universnews224.com\/wp-content\/uploads\/2025\/02\/FB_IMG_1738425395369-750x375-2.jpg\"><img loading=\"lazy\" class=\"alignnone size-medium wp-image-7458\" src=\"https:\/\/universnews224.com\/wp-content\/uploads\/2025\/02\/FB_IMG_1738425395369-750x375-2-300x150.jpg\" alt=\"\" width=\"300\" height=\"150\" srcset=\"https:\/\/universnews224.com\/wp-content\/uploads\/2025\/02\/FB_IMG_1738425395369-750x375-2-300x150.jpg 300w, https:\/\/universnews224.com\/wp-content\/uploads\/2025\/02\/FB_IMG_1738425395369-750x375-2.jpg 750w\" sizes=\"(max-width: 300px) 100vw, 300px\" \/><\/a><\/p>\n<p>\u00ab La population de Kankan souhaite que Mamadi Doumbouya continue son \u0153uvre. Si vous souhaitez que le pr\u00e9sident se pr\u00e9sente aux \u00e9lections, il vous \u00e9coutera, la candidature prochaine du pr\u00e9sident est la seule alternative pour garantir le rassemblement des Guin\u00e9ens et l\u2019\u00e9lan du d\u00e9veloppement \u00bb, a-t-il annonc\u00e9.<\/p>\n<p>Sana Sylla.<\/p>\n","protected":false},"excerpt":{"rendered":"<p>Depuis quatre jours la r\u00e9gion administrative de Kankan vibre au rythme de l&rsquo;\u00e9v\u00e8nement tant attendu.<\/p>\n","protected":false},"author":2,"featured_media":7455,"comment_status":"closed","ping_status":"open","sticky":false,"template":"","format":"standard","meta":[],"categories":[3,5],"tags":[237],"yoast_head":"<!-- This site is optimized with the Yoast SEO plugin v19.13 - https:\/\/yoast.com\/wordpress\/plugins\/seo\/ -->\n<title>Kankan : une forte mobilisation de la population autour de la Marche de l\u2019Unit\u00e9 et de la Paix en Guin\u00e9e\u00a0 - UNIVERSNEWS224<\/title>\n<meta name=\"robots\" content=\"index, follow, max-snippet:-1, max-image-preview:large, max-video-preview:-1\" \/>\n<link rel=\"canonical\" href=\"https:\/\/universnews224.com\/index.php\/kankan-une-forte-mobilisation-de-la-population-autour-de-la-marche-de-lunite-et-de-la-paix-en-guinee\/\" \/>\n<meta property=\"og:locale\" content=\"fr_FR\" \/>\n<meta property=\"og:type\" content=\"article\" \/>\n<meta property=\"og:title\" content=\"Kankan : une forte mobilisation de la population autour de la Marche de l\u2019Unit\u00e9 et de la Paix en Guin\u00e9e\u00a0 - UNIVERSNEWS224\" \/>\n<meta property=\"og:description\" content=\"Depuis quatre jours la r\u00e9gion administrative de Kankan vibre au rythme de l&rsquo;\u00e9v\u00e8nement tant attendu.\" \/>\n<meta property=\"og:url\" content=\"https:\/\/universnews224.com\/index.php\/kankan-une-forte-mobilisation-de-la-population-autour-de-la-marche-de-lunite-et-de-la-paix-en-guinee\/\" \/>\n<meta property=\"og:site_name\" content=\"UNIVERSNEWS224\" \/>\n<meta property=\"article:published_time\" content=\"2025-02-01T23:27:00+00:00\" \/>\n<meta property=\"og:image\" content=\"https:\/\/universnews224.com\/wp-content\/uploads\/2025\/02\/IMG-20250201-WA0000.jpg\" \/>\n\t<meta property=\"og:image:width\" content=\"949\" \/>\n\t<meta property=\"og:image:height\" content=\"633\" \/>\n\t<meta property=\"og:image:type\" content=\"image\/jpeg\" \/>\n<meta name=\"author\" content=\"La R\u00e9daction\" \/>\n<meta name=\"twitter:label1\" content=\"\u00c9crit par\" \/>\n\t<meta name=\"twitter:data1\" content=\"La R\u00e9daction\" \/>\n\t<meta name=\"twitter:label2\" content=\"Dur\u00e9e de lecture estim\u00e9e\" \/>\n\t<meta name=\"twitter:data2\" content=\"5 minutes\" \/>\n<script type=\"application\/ld+json\" class=\"yoast-schema-graph\">{\"@context\":\"https:\/\/schema.org\",\"@graph\":[{\"@type\":\"Article\",\"@id\":\"https:\/\/universnews224.com\/index.php\/kankan-une-forte-mobilisation-de-la-population-autour-de-la-marche-de-lunite-et-de-la-paix-en-guinee\/#article\",\"isPartOf\":{\"@id\":\"https:\/\/universnews224.com\/index.php\/kankan-une-forte-mobilisation-de-la-population-autour-de-la-marche-de-lunite-et-de-la-paix-en-guinee\/\"},\"author\":{\"name\":\"La R\u00e9daction\",\"@id\":\"https:\/\/universnews224.com\/#\/schema\/person\/a4b7d4f94a4716df60456a491260485e\"},\"headline\":\"Kankan : une forte mobilisation de la population autour de la Marche de l\u2019Unit\u00e9 et de la Paix en Guin\u00e9e\u00a0\",\"datePublished\":\"2025-02-01T23:27:00+00:00\",\"dateModified\":\"2025-02-01T23:27:00+00:00\",\"mainEntityOfPage\":{\"@id\":\"https:\/\/universnews224.com\/index.php\/kankan-une-forte-mobilisation-de-la-population-autour-de-la-marche-de-lunite-et-de-la-paix-en-guinee\/\"},\"wordCount\":777,\"publisher\":{\"@id\":\"https:\/\/universnews224.com\/#organization\"},\"keywords\":[\"A la une\"],\"articleSection\":[\"ACTU\",\"SOCI\u00c9T\u00c9\"],\"inLanguage\":\"fr-FR\"},{\"@type\":\"WebPage\",\"@id\":\"https:\/\/universnews224.com\/index.php\/kankan-une-forte-mobilisation-de-la-population-autour-de-la-marche-de-lunite-et-de-la-paix-en-guinee\/\",\"url\":\"https:\/\/universnews224.com\/index.php\/kankan-une-forte-mobilisation-de-la-population-autour-de-la-marche-de-lunite-et-de-la-paix-en-guinee\/\",\"name\":\"Kankan : une forte mobilisation de la population autour de la Marche de l\u2019Unit\u00e9 et de la Paix en Guin\u00e9e\u00a0 - UNIVERSNEWS224\",\"isPartOf\":{\"@id\":\"https:\/\/universnews224.com\/#website\"},\"datePublished\":\"2025-02-01T23:27:00+00:00\",\"dateModified\":\"2025-02-01T23:27:00+00:00\",\"inLanguage\":\"fr-FR\",\"potentialAction\":[{\"@type\":\"ReadAction\",\"target\":[\"https:\/\/universnews224.com\/index.php\/kankan-une-forte-mobilisation-de-la-population-autour-de-la-marche-de-lunite-et-de-la-paix-en-guinee\/\"]}]},{\"@type\":\"WebSite\",\"@id\":\"https:\/\/universnews224.com\/#website\",\"url\":\"https:\/\/universnews224.com\/\",\"name\":\"UNIVERSNEWS224\",\"description\":\"\",\"publisher\":{\"@id\":\"https:\/\/universnews224.com\/#organization\"},\"potentialAction\":[{\"@type\":\"SearchAction\",\"target\":{\"@type\":\"EntryPoint\",\"urlTemplate\":\"https:\/\/universnews224.com\/?s={search_term_string}\"},\"query-input\":\"required name=search_term_string\"}],\"inLanguage\":\"fr-FR\"},{\"@type\":\"Organization\",\"@id\":\"https:\/\/universnews224.com\/#organization\",\"name\":\"UNIVERSNEWS224\",\"url\":\"https:\/\/universnews224.com\/\",\"logo\":{\"@type\":\"ImageObject\",\"inLanguage\":\"fr-FR\",\"@id\":\"https:\/\/universnews224.com\/#\/schema\/logo\/image\/\",\"url\":\"https:\/\/universnews224.com\/wp-content\/uploads\/2022\/08\/cropped-cropped-logoban.jpg\",\"contentUrl\":\"https:\/\/universnews224.com\/wp-content\/uploads\/2022\/08\/cropped-cropped-logoban.jpg\",\"width\":1080,\"height\":138,\"caption\":\"UNIVERSNEWS224\"},\"image\":{\"@id\":\"https:\/\/universnews224.com\/#\/schema\/logo\/image\/\"}},{\"@type\":\"Person\",\"@id\":\"https:\/\/universnews224.com\/#\/schema\/person\/a4b7d4f94a4716df60456a491260485e\",\"name\":\"La R\u00e9daction\",\"image\":{\"@type\":\"ImageObject\",\"inLanguage\":\"fr-FR\",\"@id\":\"https:\/\/universnews224.com\/#\/schema\/person\/image\/\",\"url\":\"https:\/\/secure.gravatar.com\/avatar\/edb90acc7752b23e1b3307ad36c14f0d?s=96&d=mm&r=g\",\"contentUrl\":\"https:\/\/secure.gravatar.com\/avatar\/edb90acc7752b23e1b3307ad36c14f0d?s=96&d=mm&r=g\",\"caption\":\"La R\u00e9daction\"},\"sameAs\":[\"https:\/\/universnews224.com\"],\"url\":\"https:\/\/universnews224.com\/index.php\/author\/m-camara\/\"}]}<\/script>\n<!-- \/ Yoast SEO plugin. -->","yoast_head_json":{"title":"Kankan : une forte mobilisation de la population autour de la Marche de l\u2019Unit\u00e9 et de la Paix en Guin\u00e9e\u00a0 - UNIVERSNEWS224","robots":{"index":"index","follow":"follow","max-snippet":"max-snippet:-1","max-image-preview":"max-image-preview:large","max-video-preview":"max-video-preview:-1"},"canonical":"https:\/\/universnews224.com\/index.php\/kankan-une-forte-mobilisation-de-la-population-autour-de-la-marche-de-lunite-et-de-la-paix-en-guinee\/","og_locale":"fr_FR","og_type":"article","og_title":"Kankan : une forte mobilisation de la population autour de la Marche de l\u2019Unit\u00e9 et de la Paix en Guin\u00e9e\u00a0 - UNIVERSNEWS224","og_description":"Depuis quatre jours la r\u00e9gion administrative de Kankan vibre au rythme de l&rsquo;\u00e9v\u00e8nement tant attendu.","og_url":"https:\/\/universnews224.com\/index.php\/kankan-une-forte-mobilisation-de-la-population-autour-de-la-marche-de-lunite-et-de-la-paix-en-guinee\/","og_site_name":"UNIVERSNEWS224","article_published_time":"2025-02-01T23:27:00+00:00","og_image":[{"width":949,"height":633,"url":"https:\/\/universnews224.com\/wp-content\/uploads\/2025\/02\/IMG-20250201-WA0000.jpg","type":"image\/jpeg"}],"author":"La R\u00e9daction","twitter_misc":{"\u00c9crit par":"La R\u00e9daction","Dur\u00e9e de lecture estim\u00e9e":"5 minutes"},"schema":{"@context":"https:\/\/schema.org","@graph":[{"@type":"Article","@id":"https:\/\/universnews224.com\/index.php\/kankan-une-forte-mobilisation-de-la-population-autour-de-la-marche-de-lunite-et-de-la-paix-en-guinee\/#article","isPartOf":{"@id":"https:\/\/universnews224.com\/index.php\/kankan-une-forte-mobilisation-de-la-population-autour-de-la-marche-de-lunite-et-de-la-paix-en-guinee\/"},"author":{"name":"La R\u00e9daction","@id":"https:\/\/universnews224.com\/#\/schema\/person\/a4b7d4f94a4716df60456a491260485e"},"headline":"Kankan : une forte mobilisation de la population autour de la Marche de l\u2019Unit\u00e9 et de la Paix en Guin\u00e9e\u00a0","datePublished":"2025-02-01T23:27:00+00:00","dateModified":"2025-02-01T23:27:00+00:00","mainEntityOfPage":{"@id":"https:\/\/universnews224.com\/index.php\/kankan-une-forte-mobilisation-de-la-population-autour-de-la-marche-de-lunite-et-de-la-paix-en-guinee\/"},"wordCount":777,"publisher":{"@id":"https:\/\/universnews224.com\/#organization"},"keywords":["A la une"],"articleSection":["ACTU","SOCI\u00c9T\u00c9"],"inLanguage":"fr-FR"},{"@type":"WebPage","@id":"https:\/\/universnews224.com\/index.php\/kankan-une-forte-mobilisation-de-la-population-autour-de-la-marche-de-lunite-et-de-la-paix-en-guinee\/","url":"https:\/\/universnews224.com\/index.php\/kankan-une-forte-mobilisation-de-la-population-autour-de-la-marche-de-lunite-et-de-la-paix-en-guinee\/","name":"Kankan : une forte mobilisation de la population autour de la Marche de l\u2019Unit\u00e9 et de la Paix en Guin\u00e9e\u00a0 - UNIVERSNEWS224","isPartOf":{"@id":"https:\/\/universnews224.com\/#website"},"datePublished":"2025-02-01T23:27:00+00:00","dateModified":"2025-02-01T23:27:00+00:00","inLanguage":"fr-FR","potentialAction":[{"@type":"ReadAction","target":["https:\/\/universnews224.com\/index.php\/kankan-une-forte-mobilisation-de-la-population-autour-de-la-marche-de-lunite-et-de-la-paix-en-guinee\/"]}]},{"@type":"WebSite","@id":"https:\/\/universnews224.com\/#website","url":"https:\/\/universnews224.com\/","name":"UNIVERSNEWS224","description":"","publisher":{"@id":"https:\/\/universnews224.com\/#organization"},"potentialAction":[{"@type":"SearchAction","target":{"@type":"EntryPoint","urlTemplate":"https:\/\/universnews224.com\/?s={search_term_string}"},"query-input":"required name=search_term_string"}],"inLanguage":"fr-FR"},{"@type":"Organization","@id":"https:\/\/universnews224.com\/#organization","name":"UNIVERSNEWS224","url":"https:\/\/universnews224.com\/","logo":{"@type":"ImageObject","inLanguage":"fr-FR","@id":"https:\/\/universnews224.com\/#\/schema\/logo\/image\/","url":"https:\/\/universnews224.com\/wp-content\/uploads\/2022\/08\/cropped-cropped-logoban.jpg","contentUrl":"https:\/\/universnews224.com\/wp-content\/uploads\/2022\/08\/cropped-cropped-logoban.jpg","width":1080,"height":138,"caption":"UNIVERSNEWS224"},"image":{"@id":"https:\/\/universnews224.com\/#\/schema\/logo\/image\/"}},{"@type":"Person","@id":"https:\/\/universnews224.com\/#\/schema\/person\/a4b7d4f94a4716df60456a491260485e","name":"La R\u00e9daction","image":{"@type":"ImageObject","inLanguage":"fr-FR","@id":"https:\/\/universnews224.com\/#\/schema\/person\/image\/","url":"https:\/\/secure.gravatar.com\/avatar\/edb90acc7752b23e1b3307ad36c14f0d?s=96&d=mm&r=g","contentUrl":"https:\/\/secure.gravatar.com\/avatar\/edb90acc7752b23e1b3307ad36c14f0d?s=96&d=mm&r=g","caption":"La R\u00e9daction"},"sameAs":["https:\/\/universnews224.com"],"url":"https:\/\/universnews224.com\/index.php\/author\/m-camara\/"}]}},"_links":{"self":[{"href":"https:\/\/universnews224.com\/index.php\/wp-json\/wp\/v2\/posts\/7454"}],"collection":[{"href":"https:\/\/universnews224.com\/index.php\/wp-json\/wp\/v2\/posts"}],"about":[{"href":"https:\/\/universnews224.com\/index.php\/wp-json\/wp\/v2\/types\/post"}],"author":[{"embeddable":true,"href":"https:\/\/universnews224.com\/index.php\/wp-json\/wp\/v2\/users\/2"}],"replies":[{"embeddable":true,"href":"https:\/\/universnews224.com\/index.php\/wp-json\/wp\/v2\/comments?post=7454"}],"version-history":[{"count":1,"href":"https:\/\/universnews224.com\/index.php\/wp-json\/wp\/v2\/posts\/7454\/revisions"}],"predecessor-version":[{"id":7459,"href":"https:\/\/universnews224.com\/index.php\/wp-json\/wp\/v2\/posts\/7454\/revisions\/7459"}],"wp:featuredmedia":[{"embeddable":true,"href":"https:\/\/universnews224.com\/index.php\/wp-json\/wp\/v2\/media\/7455"}],"wp:attachment":[{"href":"https:\/\/universnews224.com\/index.php\/wp-json\/wp\/v2\/media?parent=7454"}],"wp:term":[{"taxonomy":"category","embeddable":true,"href":"https:\/\/universnews224.com\/index.php\/wp-json\/wp\/v2\/categories?post=7454"},{"taxonomy":"post_tag","embeddable":true,"href":"https:\/\/universnews224.com\/index.php\/wp-json\/wp\/v2\/tags?post=7454"}],"curies":[{"name":"wp","href":"https:\/\/api.w.org\/{rel}","templated":true}]}}